{"id":16884,"date":"2023-10-08T00:47:39","date_gmt":"2023-10-07T22:47:39","guid":{"rendered":"https:\/\/www.ladiagonale.net\/?p=16884"},"modified":"2023-10-08T00:47:43","modified_gmt":"2023-10-07T22:47:43","slug":"fofana-un-declic-a-la-mi-temps","status":"publish","type":"post","link":"https:\/\/www.ladiagonale.net\/index.php\/2023\/10\/08\/fofana-un-declic-a-la-mi-temps\/","title":{"rendered":"Fofana : \u00ab&nbsp;Un d\u00e9clic \u00e0 la mi-temps&nbsp;\u00bb"},"content":{"rendered":"\n<p>L\u2019AS Monaco s\u2019est impos\u00e9 sur la pelouse de Reims (3-1) ce samedi et a m\u00eame men\u00e9 de trois buts peu apr\u00e8s le retour des vestiaires. Youssouf Fofana a expliqu\u00e9 au micro de <em>Canal+<\/em> le visage diff\u00e9rent de l\u2019ASM en seconde p\u00e9riode, qui a suivi un premier acte moins \u00e9vident : \u00ab\u00a0<em>On a eu un d\u00e9clic. La mi-temps \u00e7a sert \u00e0 \u00e7a, de se recentrer sur nous. On avait une stat en t\u00eate, ce qui nous a un peu d\u00e9stabilis\u00e9s. \u00bb<\/em> <em> <\/em><\/p>\n\n\n\n<p>Cette statistique avait d\u00e9j\u00e0 \u00e9t\u00e9 \u00e9voqu\u00e9e par Adi H\u00fctter lors du point presse d&rsquo;avant-match, sur l&rsquo;efficacit\u00e9 r\u00e9moise dans les premi\u00e8res minutes, ce qui pouvait faire peur \u00e0 l&rsquo;ASM tant elle se montre friable sur ses entames : \u00ab <em>On savait que Reims marquait beaucoup dans les 30 premi\u00e8res minutes. On s\u2019est beaucoup focalis\u00e9 sur l\u2019aspect d\u00e9fensif et on n\u2019a pas su attaquer et jouer les coups \u00e0 fond. Mais au retour de la mi-temps on s\u2019est compl\u00e8tement lib\u00e9r\u00e9s. On a jou\u00e9 notre jeu et on a r\u00e9ussi \u00e0 faire le break.<\/em>\u00a0\u00bb<\/p>\n\n\n\n<p>Le milieu de terrain de l\u2019ASM, qui retrouvera l\u2019\u00e9quipe de France \u00e0 l\u2019occasion de la tr\u00eave, a rappel\u00e9 que le club de la Principaut\u00e9 ambitionnait de retrouver la ligue des champions, avant de penser \u00e0 mieux : \u00ab\u00a0<em>C\u2019est toujours les trois premi\u00e8res places. On ne se prend pas la t\u00eate, on voit match apr\u00e8s match. Pour l\u2019instant, c\u2019est trop t\u00f4t pour parler de quoi que ce soit mais on sait qu\u2019on joue les trois premi\u00e8res places. On ne s\u2019en est jamais cach\u00e9 et on va continuer \u00e0 le faire.<\/em>\u00a0\u00bb<\/p>\n\n\n","protected":false},"excerpt":{"rendered":"<p>L\u2019AS Monaco s\u2019est impos\u00e9 sur la pelouse de Reims (3-1) ce samedi et a m\u00eame men\u00e9 de trois buts peu apr\u00e8s le retour des vestiaires. Youssouf Fofana a expliqu\u00e9 au micro de Canal+ le visage diff\u00e9rent de l\u2019ASM en seconde p\u00e9riode, qui a suivi un premier acte moins \u00e9vident : \u00ab\u00a0On a eu un d\u00e9clic. [&#8230;]\n","protected":false},"author":2,"featured_media":0,"comment_status":"open","ping_status":"open","sticky":false,"template":"","format":"standard","meta":[],"categories":[6],"tags":[86,94,696,176],"yoast_head":"<!-- This site is optimized with the Yoast SEO plugin v19.8 - https:\/\/yoast.com\/wordpress\/plugins\/seo\/ -->\n<title>Fofana : \u00ab&nbsp;Un d\u00e9clic \u00e0 la mi-temps&nbsp;\u00bb - La Diagonale<\/title>\n<meta name=\"robots\" content=\"index, follow, max-snippet:-1, max-image-preview:large, max-video-preview:-1\" \/>\n<link rel=\"canonical\" href=\"https:\/\/www.ladiagonale.net\/index.php\/2023\/10\/08\/fofana-un-declic-a-la-mi-temps\/\" \/>\n<meta property=\"og:locale\" content=\"fr_FR\" \/>\n<meta property=\"og:type\" content=\"article\" \/>\n<meta property=\"og:title\" content=\"Fofana : \u00ab&nbsp;Un d\u00e9clic \u00e0 la mi-temps&nbsp;\u00bb - La Diagonale\" \/>\n<meta property=\"og:description\" content=\"L\u2019AS Monaco s\u2019est impos\u00e9 sur la pelouse de Reims (3-1) ce samedi et a m\u00eame men\u00e9 de trois buts peu apr\u00e8s le retour des vestiaires. Youssouf Fofana a expliqu\u00e9 au micro de Canal+ le visage diff\u00e9rent de l\u2019ASM en seconde p\u00e9riode, qui a suivi un premier acte moins \u00e9vident : \u00ab\u00a0On a eu un d\u00e9clic. [...]\" \/>\n<meta property=\"og:url\" content=\"https:\/\/www.ladiagonale.net\/index.php\/2023\/10\/08\/fofana-un-declic-a-la-mi-temps\/\" \/>\n<meta property=\"og:site_name\" content=\"La Diagonale\" \/>\n<meta property=\"article:published_time\" content=\"2023-10-07T22:47:39+00:00\" \/>\n<meta property=\"article:modified_time\" content=\"2023-10-07T22:47:43+00:00\" \/>\n<meta property=\"og:image\" content=\"https:\/\/www.ladiagonale.net\/wp-content\/uploads\/2023\/08\/fofana.png\" \/>\n\t<meta property=\"og:image:width\" content=\"1160\" \/>\n\t<meta property=\"og:image:height\" content=\"650\" \/>\n\t<meta property=\"og:image:type\" content=\"image\/png\" \/>\n<meta name=\"author\" content=\"Damien Dellerba\" \/>\n<meta name=\"twitter:card\" content=\"summary_large_image\" \/>\n<meta name=\"twitter:image\" content=\"https:\/\/www.ladiagonale.net\/wp-content\/uploads\/2023\/08\/fofana.png\" \/>\n<meta name=\"twitter:label1\" content=\"\u00c9crit par\" \/>\n\t<meta name=\"twitter:data1\" content=\"Damien Dellerba\" \/>\n\t<meta name=\"twitter:label2\" content=\"Dur\u00e9e de lecture estim\u00e9e\" \/>\n\t<meta name=\"twitter:data2\" content=\"2 minutes\" \/>\n<script type=\"application\/ld+json\" class=\"yoast-schema-graph\">{\"@context\":\"https:\/\/schema.org\",\"@graph\":[{\"@type\":\"WebPage\",\"@id\":\"https:\/\/www.ladiagonale.net\/index.php\/2023\/10\/08\/fofana-un-declic-a-la-mi-temps\/\",\"url\":\"https:\/\/www.ladiagonale.net\/index.php\/2023\/10\/08\/fofana-un-declic-a-la-mi-temps\/\",\"name\":\"Fofana : \u00ab&nbsp;Un d\u00e9clic \u00e0 la mi-temps&nbsp;\u00bb - La Diagonale\",\"isPartOf\":{\"@id\":\"https:\/\/www.ladiagonale.net\/#website\"},\"datePublished\":\"2023-10-07T22:47:39+00:00\",\"dateModified\":\"2023-10-07T22:47:43+00:00\",\"author\":{\"@id\":\"https:\/\/www.ladiagonale.net\/#\/schema\/person\/79ff1e7b0853ed01b2aa26e64ad300bf\"},\"breadcrumb\":{\"@id\":\"https:\/\/www.ladiagonale.net\/index.php\/2023\/10\/08\/fofana-un-declic-a-la-mi-temps\/#breadcrumb\"},\"inLanguage\":\"fr-FR\",\"potentialAction\":[{\"@type\":\"ReadAction\",\"target\":[\"https:\/\/www.ladiagonale.net\/index.php\/2023\/10\/08\/fofana-un-declic-a-la-mi-temps\/\"]}]},{\"@type\":\"BreadcrumbList\",\"@id\":\"https:\/\/www.ladiagonale.net\/index.php\/2023\/10\/08\/fofana-un-declic-a-la-mi-temps\/#breadcrumb\",\"itemListElement\":[{\"@type\":\"ListItem\",\"position\":1,\"name\":\"Accueil\",\"item\":\"https:\/\/www.ladiagonale.net\/\"},{\"@type\":\"ListItem\",\"position\":2,\"name\":\"Fofana : \u00ab&nbsp;Un d\u00e9clic \u00e0 la mi-temps&nbsp;\u00bb\"}]},{\"@type\":\"WebSite\",\"@id\":\"https:\/\/www.ladiagonale.net\/#website\",\"url\":\"https:\/\/www.ladiagonale.net\/\",\"name\":\"La Diagonale\",\"description\":\"Le site des supporters de l&#039;AS Monaco FC\",\"potentialAction\":[{\"@type\":\"SearchAction\",\"target\":{\"@type\":\"EntryPoint\",\"urlTemplate\":\"https:\/\/www.ladiagonale.net\/?s={search_term_string}\"},\"query-input\":\"required name=search_term_string\"}],\"inLanguage\":\"fr-FR\"},{\"@type\":\"Person\",\"@id\":\"https:\/\/www.ladiagonale.net\/#\/schema\/person\/79ff1e7b0853ed01b2aa26e64ad300bf\",\"name\":\"Damien Dellerba\",\"image\":{\"@type\":\"ImageObject\",\"inLanguage\":\"fr-FR\",\"@id\":\"https:\/\/www.ladiagonale.net\/#\/schema\/person\/image\/\",\"url\":\"https:\/\/secure.gravatar.com\/avatar\/c7850e06d3ff63cdbaee88b7fc16e2f0?s=96&d=mm&r=g\",\"contentUrl\":\"https:\/\/secure.gravatar.com\/avatar\/c7850e06d3ff63cdbaee88b7fc16e2f0?s=96&d=mm&r=g\",\"caption\":\"Damien Dellerba\"},\"url\":\"https:\/\/www.ladiagonale.net\/index.php\/author\/damien\/\"}]}<\/script>\n<!-- \/ Yoast SEO plugin. -->","yoast_head_json":{"title":"Fofana : \u00ab&nbsp;Un d\u00e9clic \u00e0 la mi-temps&nbsp;\u00bb - La Diagonale","robots":{"index":"index","follow":"follow","max-snippet":"max-snippet:-1","max-image-preview":"max-image-preview:large","max-video-preview":"max-video-preview:-1"},"canonical":"https:\/\/www.ladiagonale.net\/index.php\/2023\/10\/08\/fofana-un-declic-a-la-mi-temps\/","og_locale":"fr_FR","og_type":"article","og_title":"Fofana : \u00ab&nbsp;Un d\u00e9clic \u00e0 la mi-temps&nbsp;\u00bb - La Diagonale","og_description":"L\u2019AS Monaco s\u2019est impos\u00e9 sur la pelouse de Reims (3-1) ce samedi et a m\u00eame men\u00e9 de trois buts peu apr\u00e8s le retour des vestiaires. Youssouf Fofana a expliqu\u00e9 au micro de Canal+ le visage diff\u00e9rent de l\u2019ASM en seconde p\u00e9riode, qui a suivi un premier acte moins \u00e9vident : \u00ab\u00a0On a eu un d\u00e9clic. [...]","og_url":"https:\/\/www.ladiagonale.net\/index.php\/2023\/10\/08\/fofana-un-declic-a-la-mi-temps\/","og_site_name":"La Diagonale","article_published_time":"2023-10-07T22:47:39+00:00","article_modified_time":"2023-10-07T22:47:43+00:00","og_image":[{"width":1160,"height":650,"url":"https:\/\/www.ladiagonale.net\/wp-content\/uploads\/2023\/08\/fofana.png","type":"image\/png"}],"author":"Damien Dellerba","twitter_card":"summary_large_image","twitter_image":"https:\/\/www.ladiagonale.net\/wp-content\/uploads\/2023\/08\/fofana.png","twitter_misc":{"\u00c9crit par":"Damien Dellerba","Dur\u00e9e de lecture estim\u00e9e":"2 minutes"},"schema":{"@context":"https:\/\/schema.org","@graph":[{"@type":"WebPage","@id":"https:\/\/www.ladiagonale.net\/index.php\/2023\/10\/08\/fofana-un-declic-a-la-mi-temps\/","url":"https:\/\/www.ladiagonale.net\/index.php\/2023\/10\/08\/fofana-un-declic-a-la-mi-temps\/","name":"Fofana : \u00ab&nbsp;Un d\u00e9clic \u00e0 la mi-temps&nbsp;\u00bb - La Diagonale","isPartOf":{"@id":"https:\/\/www.ladiagonale.net\/#website"},"datePublished":"2023-10-07T22:47:39+00:00","dateModified":"2023-10-07T22:47:43+00:00","author":{"@id":"https:\/\/www.ladiagonale.net\/#\/schema\/person\/79ff1e7b0853ed01b2aa26e64ad300bf"},"breadcrumb":{"@id":"https:\/\/www.ladiagonale.net\/index.php\/2023\/10\/08\/fofana-un-declic-a-la-mi-temps\/#breadcrumb"},"inLanguage":"fr-FR","potentialAction":[{"@type":"ReadAction","target":["https:\/\/www.ladiagonale.net\/index.php\/2023\/10\/08\/fofana-un-declic-a-la-mi-temps\/"]}]},{"@type":"BreadcrumbList","@id":"https:\/\/www.ladiagonale.net\/index.php\/2023\/10\/08\/fofana-un-declic-a-la-mi-temps\/#breadcrumb","itemListElement":[{"@type":"ListItem","position":1,"name":"Accueil","item":"https:\/\/www.ladiagonale.net\/"},{"@type":"ListItem","position":2,"name":"Fofana : \u00ab&nbsp;Un d\u00e9clic \u00e0 la mi-temps&nbsp;\u00bb"}]},{"@type":"WebSite","@id":"https:\/\/www.ladiagonale.net\/#website","url":"https:\/\/www.ladiagonale.net\/","name":"La Diagonale","description":"Le site des supporters de l&#039;AS Monaco FC","potentialAction":[{"@type":"SearchAction","target":{"@type":"EntryPoint","urlTemplate":"https:\/\/www.ladiagonale.net\/?s={search_term_string}"},"query-input":"required name=search_term_string"}],"inLanguage":"fr-FR"},{"@type":"Person","@id":"https:\/\/www.ladiagonale.net\/#\/schema\/person\/79ff1e7b0853ed01b2aa26e64ad300bf","name":"Damien Dellerba","image":{"@type":"ImageObject","inLanguage":"fr-FR","@id":"https:\/\/www.ladiagonale.net\/#\/schema\/person\/image\/","url":"https:\/\/secure.gravatar.com\/avatar\/c7850e06d3ff63cdbaee88b7fc16e2f0?s=96&d=mm&r=g","contentUrl":"https:\/\/secure.gravatar.com\/avatar\/c7850e06d3ff63cdbaee88b7fc16e2f0?s=96&d=mm&r=g","caption":"Damien Dellerba"},"url":"https:\/\/www.ladiagonale.net\/index.php\/author\/damien\/"}]}},"_links":{"self":[{"href":"https:\/\/www.ladiagonale.net\/index.php\/wp-json\/wp\/v2\/posts\/16884"}],"collection":[{"href":"https:\/\/www.ladiagonale.net\/index.php\/wp-json\/wp\/v2\/posts"}],"about":[{"href":"https:\/\/www.ladiagonale.net\/index.php\/wp-json\/wp\/v2\/types\/post"}],"author":[{"embeddable":true,"href":"https:\/\/www.ladiagonale.net\/index.php\/wp-json\/wp\/v2\/users\/2"}],"replies":[{"embeddable":true,"href":"https:\/\/www.ladiagonale.net\/index.php\/wp-json\/wp\/v2\/comments?post=16884"}],"version-history":[{"count":1,"href":"https:\/\/www.ladiagonale.net\/index.php\/wp-json\/wp\/v2\/posts\/16884\/revisions"}],"predecessor-version":[{"id":16885,"href":"https:\/\/www.ladiagonale.net\/index.php\/wp-json\/wp\/v2\/posts\/16884\/revisions\/16885"}],"wp:attachment":[{"href":"https:\/\/www.ladiagonale.net\/index.php\/wp-json\/wp\/v2\/media?parent=16884"}],"wp:term":[{"taxonomy":"category","embeddable":true,"href":"https:\/\/www.ladiagonale.net\/index.php\/wp-json\/wp\/v2\/categories?post=16884"},{"taxonomy":"post_tag","embeddable":true,"href":"https:\/\/www.ladiagonale.net\/index.php\/wp-json\/wp\/v2\/tags?post=16884"}],"curies":[{"name":"wp","href":"https:\/\/api.w.org\/{rel}","templated":true}]}}