{"id":16934,"date":"2023-10-10T22:36:11","date_gmt":"2023-10-10T20:36:11","guid":{"rendered":"https:\/\/www.ladiagonale.net\/?p=16934"},"modified":"2023-10-18T13:49:42","modified_gmt":"2023-10-18T11:49:42","slug":"la-treve-doctobre-des-internationaux","status":"publish","type":"post","link":"https:\/\/www.ladiagonale.net\/index.php\/2023\/10\/10\/la-treve-doctobre-des-internationaux\/","title":{"rendered":"La tr\u00eave d&rsquo;octobre des internationaux mon\u00e9gasques"},"content":{"rendered":"\n\n\n<p>Lors de la tr\u00eave internationale du mois de septembre, 20 joueurs de l\u2019AS Monaco avaient d\u00e9sert\u00e9 La Turbie. Ce nombre va augmenter pour passer \u00e0 22 joueurs, entre les professionnels et les jeunes, et ce malgr\u00e9 les absences avec le Br\u00e9sil de Caio Henrique, <a href=\"https:\/\/www.ladiagonale.net\/index.php\/2023\/10\/02\/caio-henrique-a-ete-opere\/\">op\u00e9r\u00e9 du ligament crois\u00e9 ant\u00e9rieur gauche<\/a>, et de Vanderson, <a href=\"https:\/\/www.ladiagonale.net\/index.php\/2023\/10\/07\/vanderson-nira-pas-en-selection\/\">touch\u00e9 \u00e0 un genou<\/a>.<\/p>\n\n\n\n<p>Eliesse Ben Seghir et Mayssam Benama ouvriront le bal avec un premier match amical opposant la France U19 \u00e0 l&rsquo;Australie U19 tandis que Folarin Balogun sera le dernier Mon\u00e9gasque employ\u00e9 avec une rencontre amicale contre le Ghana dans la nuit du 17 au 18 octobre.<\/p>\n\n\n\n<p>En raison de la situation g\u00e9opolitique qui concerne Isra\u00ebl, la rencontre des \u00e9liminatoires de l\u2019Euro 2024 face \u00e0 la Suisse de Denis Zakaria est report\u00e9e. C\u2019est \u00e9galement le cas du 1<sup>er<\/sup> tour qualificatif pour l\u2019Euro U17 qui concernait Samuel Nibombe et la Belgique. Pape Cabral est quant \u00e0 lui en stage avec l&rsquo;\u00c9quipe de France U17 mais aucun match n&rsquo;a \u00e9t\u00e9 programm\u00e9.<\/p>\n\n\n\n<h3 class=\"has-white-color has-text-color has-background\" style=\"background-color:#9b1111\">Les r\u00e9sultats complets<\/h3>\n\n\n\n<p>\ud83c\uddeb\ud83c\uddf7 France U20 : <strong>Edan Diop, Malamine Efekele<\/strong><br>Amical : France 1-1 Paris FC<\/p>\n\n\n\n<p>\ud83c\uddeb\ud83c\uddf7 France U19 : <strong>Eliesse Ben Seghir, Mayssam Benama<\/strong><br>Amical : France 1-1 (1-4 aux t.a.b.) Australie<\/p>\n\n\n\n<p>Eliesse Ben Seghir et Mayssam Benama sont rest\u00e9s sur le banc.<\/p>\n\n\n\n<p>\ud83c\uddf7\ud83c\uddfa Russie : <strong>Aleksandr Golovin<\/strong><br>Amical : Russie 1-0 Cameroun<\/p>\n\n\n\n<p>Golovin, <a href=\"https:\/\/www.ladiagonale.net\/index.php\/2023\/10\/13\/golovin-touche-au-mollet-est-forfait-avec-la-russie\/\">bless\u00e9 \u00e0 un mollet<\/a>, n&rsquo;a pas jou\u00e9 et est forfait pour la suite du rassemblement.<\/p>\n\n\n\n<p>\ud83c\udde8\ud83c\uddf1 Chili : <strong>Guillermo Maripan<\/strong><br>\u00c9liminatoires de la Coupe du monde 2026 : Chili 2-0 P\u00e9rou<\/p>\n\n\n\n<p>Maripan a jou\u00e9 la premi\u00e8re p\u00e9riode avant de sortir \u00e0 la mi-temps en raison d&rsquo;une <a href=\"https:\/\/www.ladiagonale.net\/index.php\/2023\/10\/13\/maripan-victime-dune-entorse-de-la-cheville-contre-le-perou-actualise\/\">entorse \u00e0 la cheville gauche.<\/a><\/p>\n\n\n\n<p>\ud83c\uddef\ud83c\uddf5 Japon : <strong>Takumi Minamino<\/strong><br>Amical : <a href=\"https:\/\/www.ladiagonale.net\/index.php\/2023\/10\/13\/minamino-titulaire-et-victorieux-contre-le-canada\/\">Japon 4-1 Canada<\/a><\/p>\n\n\n\n<p>Minamino a \u00e9t\u00e9 titularis\u00e9 et a jou\u00e9 83 minutes. Il a \u00e9t\u00e9 avant-dernier passeur sur le dernier but de son \u00e9quipe.<\/p>\n\n\n\n<p>\ud83c\udde7\ud83c\uddea Belgique Espoirs : <strong>Eliot Matazo<\/strong><br>\u00c9liminatoires de l&rsquo;Euro Espoirs 2025 : <a href=\"https:\/\/www.ladiagonale.net\/index.php\/2023\/10\/14\/magassa-fait-ses-debuts-avec-les-espoirs-akliouche-confirme\/\">Malte 0-2 Belgique<\/a><\/p>\n\n\n\n<p>Titulaire, Eliot Matazo a jou\u00e9 78 minutes.<\/p>\n\n\n\n<p>\ud83c\uddeb\ud83c\uddf7 France Espoirs : <strong>Maghnes Akliouche, Soungoutou Magassa, Chrislain Matsima<\/strong><br>\u00c9liminatoires de l&rsquo;Euro Espoirs 2025 : <a href=\"https:\/\/www.ladiagonale.net\/index.php\/2023\/10\/14\/magassa-fait-ses-debuts-avec-les-espoirs-akliouche-confirme\/\">Bosnie-Herz\u00e9govine 1-2 France<\/a><\/p>\n\n\n\n<p>Magassa \u00e9tait titulaire et a re\u00e7u un carton jaune en fin de match. Akliouche est entr\u00e9 \u00e0 la 67e et est \u00e0 l&rsquo;origine du second but. Masima est rest\u00e9 sur le banc.<\/p>\n\n\n\n<p>\ud83c\uddeb\ud83c\uddf7 France U18 : <strong>Aladji Bamba, Sa\u00efmon Bouabr\u00e9, Joan Tincres<\/strong><br>Amical : Suisse 0-3 France<\/p>\n\n\n\n<p>Bouabr\u00e9 a jou\u00e9 82 minutes et Bamba est entr\u00e9 \u00e0 la 74<sup>e<\/sup>. Tincres est rest\u00e9 sur le banc.<\/p>\n\n\n\n<p>\ud83c\uddeb\ud83c\uddf7 France : <strong>Youssouf Fofana<\/strong><br>\u00c9liminatoires de l&rsquo;Euro 2024 : <a href=\"https:\/\/www.ladiagonale.net\/index.php\/2023\/10\/14\/fofana-et-la-france-qualifies-pour-leuro-2024\/\">Pays-Bas 1-2 France<\/a><\/p>\n\n\n\n<p>Fofana est entr\u00e9 \u00e0 la 87e minute en remplacement d&rsquo;Antoine Griezmann.<\/p>\n\n\n\n<p>\ud83c\uddf2\ud83c\uddf1 Mali : <strong>Mohamed Camara<\/strong><br>Amical : <a href=\"https:\/\/www.ladiagonale.net\/index.php\/2023\/10\/14\/le-mali-de-camara-vient-a-bout-de-louganda\/\">Mali 1-0 Ouganda<\/a><\/p>\n\n\n\n<p>Camara a \u00e9t\u00e9 titularis\u00e9 et a disput\u00e9 90 minutes.<\/p>\n\n\n\n<p>\ud83c\uddeb\ud83c\uddf7 France U19 : <strong>Eliesse Ben Seghir, Mayssam Benama<\/strong><br>Amical : <a href=\"https:\/\/www.ladiagonale.net\/index.php\/2023\/10\/14\/ben-seghir-buteur-en-selection-2\/\">France 2-0 Belgique<\/a><\/p>\n\n\n\n<p>Ben Seghir et Benama ont \u00e9t\u00e9 titularis\u00e9s et le premier a ouvert le score.<\/p>\n\n\n\n<p>\ud83c\udde8\ud83c\uddee C\u00f4te d\u2019Ivoire : <strong>Wilfried Singo<\/strong><br>Amical : <a href=\"https:\/\/www.ladiagonale.net\/index.php\/2023\/10\/15\/balogun-battu-par-lallemagne-singo-tenu-en-echec-par-le-maroc\/\">C\u00f4te d\u2019Ivoire 1-1 Maroc<\/a><\/p>\n\n\n\n<p>Singo a jou\u00e9 90 minutes au poste de lat\u00e9ral droit.<\/p>\n\n\n\n<p>\ud83c\uddfa\ud83c\uddf8 \u00c9tats-Unis : <strong>Folarin Balogun<\/strong><br>Amical : <a href=\"https:\/\/www.ladiagonale.net\/index.php\/2023\/10\/15\/balogun-battu-par-lallemagne-singo-tenu-en-echec-par-le-maroc\/\">\u00c9tats-Unis 1-3 Allemagne<\/a><\/p>\n\n\n\n<p>Titulaire, Balogun a pass\u00e9 66 minutes sur le terrain sans se mettre en \u00e9vidence.<\/p>\n\n\n\n<p>\ud83c\udde8\ud83c\udded Suisse : <strong>Denis Zakaria<\/strong><br>\u00c9liminatoires de l&rsquo;Euro 2024 : <a href=\"https:\/\/www.ladiagonale.net\/index.php\/2023\/10\/15\/zakaria-sur-le-banc-avec-la-suisse\/\">Suisse 3-3 Bi\u00e9lorussie<\/a><\/p>\n\n\n\n<p>Zakaria est rest\u00e9 sur le banc.<\/p>\n\n\n\n<p>\ud83c\uddeb\ud83c\uddf7 France U18 : <strong>Aladji Bamba, Sa\u00efmon Bouabr\u00e9, Joan Tincres<\/strong><br>Amical : <a href=\"https:\/\/www.ladiagonale.net\/index.php\/2023\/10\/17\/bouabre-bamba-et-tincres-titulaires-et-victorieux-contre-la-suisse\/\">Suisse 0-1 France<\/a><\/p>\n\n\n\n<p>Les trois Mon\u00e9gasques ont jou\u00e9 les 90 minutes de la rencontre.<\/p>\n\n\n\n<p>\ud83c\uddf8\ud83c\uddf3 S\u00e9n\u00e9gal : <strong>Kr\u00e9pin Diatta, Ismail Jakobs<\/strong><br>Amical : <a href=\"https:\/\/www.ladiagonale.net\/index.php\/2023\/10\/16\/diatta-et-jakobs-ont-joue-en-defense-avec-le-senegal\/\">S\u00e9n\u00e9gal 1-0 Cameroun<\/a><\/p>\n\n\n\n<p>Jakobs et Diatta ont \u00e9t\u00e9 titularis\u00e9s aux deux postes de lat\u00e9raux et ont jou\u00e9 tout le match.<\/p>\n\n\n\n<p>\ud83c\uddeb\ud83c\uddf7 France U19 : <strong>Eliesse Ben Seghir, Mayssam Benama<\/strong><br>Amical : France 3-3 Suisse<\/p>\n\n\n\n<p>\ud83c\uddeb\ud83c\uddf7 France Espoirs : <strong>Maghnes Akliouche, Soungoutou Magassa, Chrislain Matsima<\/strong><br>\u00c9liminatoires de l&rsquo;Euro Espoirs 2025 : <a href=\"https:\/\/www.ladiagonale.net\/index.php\/2023\/10\/17\/akliouche-et-matsima-participent-au-festival-des-bleuets\/\">France 9-0 Chypre<\/a><\/p>\n\n\n\n<p>Akliouche et Matsima ont jou\u00e9 les 90 minutes et ont marqu\u00e9. Magassa est rest\u00e9 sur le banc des rempla\u00e7ants.<\/p>\n\n\n\n<p>\ud83c\uddef\ud83c\uddf5 Japon : <strong>Takumi Minamino<\/strong><br>Amical : Japon 2-0 Tunisie (Kirin Cup)<\/p>\n\n\n\n<p>Rempla\u00e7ant, Minamino est entr\u00e9 \u00e0 la 72e minute.<\/p>\n\n\n\n<p>\ud83c\uddf2\ud83c\uddf1 Mali : <strong>Mohamed Camara<\/strong><br>Amical : Arabie saoudite 1-3 Mali<\/p>\n\n\n\n<p>Camara \u00e9tait titulaire et a jou\u00e9 80 minutes.<\/p>\n\n\n\n<p>\ud83c\udde7\ud83c\uddea Belgique Espoirs : <strong>Eliot Matazo<\/strong><br>\u00c9liminatoires de l&rsquo;Euro Espoirs 2025 : <a href=\"https:\/\/www.ladiagonale.net\/index.php\/2023\/10\/17\/une-mi-temps-en-milieu-offensif-pour-matazo-avec-les-espoirs\/\">Hongrie 0-1 Belgique<\/a><\/p>\n\n\n\n<p>Eliot Matazo a jou\u00e9 la premi\u00e8re p\u00e9riode en tant que meneur de jeu avant de laisser sa place.<\/p>\n\n\n\n<p>\ud83c\udde8\ud83c\uddee C\u00f4te d\u2019Ivoire : <strong>Wilfried Singo<\/strong><br>Amical : <a href=\"https:\/\/www.ladiagonale.net\/index.php\/2023\/10\/18\/deuxieme-titularisation-daffilee-pour-singo-13e-cape-pour-fofana\/\">C\u00f4te d\u2019Ivoire 1-1 Afrique du Sud<\/a><\/p>\n\n\n\n<p>Singo a jou\u00e9 les 90 minutes au poste de lat\u00e9ral droit.<\/p>\n\n\n\n<p>\ud83c\uddeb\ud83c\uddf7 France : <strong>Youssouf Fofana<\/strong><br>Amical : <a href=\"https:\/\/www.ladiagonale.net\/index.php\/2023\/10\/18\/deuxieme-titularisation-daffilee-pour-singo-13e-cape-pour-fofana\/\">France 4-1 \u00c9cosse<\/a><\/p>\n\n\n\n<p>Fofana est entr\u00e9 en jeu \u00e0 la 74e minute.<\/p>\n\n\n\n<p>\ud83c\uddfa\ud83c\uddf8 \u00c9tats-Unis : <strong>Folarin Balogun<\/strong><br>Amical : <a href=\"https:\/\/www.ladiagonale.net\/index.php\/2023\/10\/18\/balogun-buteur-face-au-ghana\/\">\u00c9tats-Unis 4-0 Ghana<\/a><\/p>\n\n\n\n<p>Balogun a marqu\u00e9 un but et est impliqu\u00e9 sur le premier but.<\/p>\n","protected":false},"excerpt":{"rendered":"<p>Lors de la tr\u00eave internationale du mois de septembre, 20 joueurs de l\u2019AS Monaco avaient d\u00e9sert\u00e9 La Turbie. Ce nombre va augmenter pour passer \u00e0 22 joueurs, entre les professionnels et les jeunes, et ce malgr\u00e9 les absences avec le Br\u00e9sil de Caio Henrique, op\u00e9r\u00e9 du ligament crois\u00e9 ant\u00e9rieur gauche, et de Vanderson, touch\u00e9 \u00e0 [&#8230;]\n","protected":false},"author":2,"featured_media":15724,"comment_status":"open","ping_status":"open","sticky":false,"template":"","format":"standard","meta":[],"categories":[5,6],"tags":[86,116],"yoast_head":"<!-- This site is optimized with the Yoast SEO plugin v19.8 - https:\/\/yoast.com\/wordpress\/plugins\/seo\/ -->\n<title>La tr\u00eave d&#039;octobre des internationaux mon\u00e9gasques - La Diagonale<\/title>\n<meta name=\"robots\" content=\"index, follow, max-snippet:-1, max-image-preview:large, max-video-preview:-1\" \/>\n<link rel=\"canonical\" href=\"https:\/\/www.ladiagonale.net\/index.php\/2023\/10\/10\/la-treve-doctobre-des-internationaux\/\" \/>\n<meta property=\"og:locale\" content=\"fr_FR\" \/>\n<meta property=\"og:type\" content=\"article\" \/>\n<meta property=\"og:title\" content=\"La tr\u00eave d&#039;octobre des internationaux mon\u00e9gasques - La Diagonale\" \/>\n<meta property=\"og:description\" content=\"Lors de la tr\u00eave internationale du mois de septembre, 20 joueurs de l\u2019AS Monaco avaient d\u00e9sert\u00e9 La Turbie. Ce nombre va augmenter pour passer \u00e0 22 joueurs, entre les professionnels et les jeunes, et ce malgr\u00e9 les absences avec le Br\u00e9sil de Caio Henrique, op\u00e9r\u00e9 du ligament crois\u00e9 ant\u00e9rieur gauche, et de Vanderson, touch\u00e9 \u00e0 [...]\" \/>\n<meta property=\"og:url\" content=\"https:\/\/www.ladiagonale.net\/index.php\/2023\/10\/10\/la-treve-doctobre-des-internationaux\/\" \/>\n<meta property=\"og:site_name\" content=\"La Diagonale\" \/>\n<meta property=\"article:published_time\" content=\"2023-10-10T20:36:11+00:00\" \/>\n<meta property=\"article:modified_time\" content=\"2023-10-18T11:49:42+00:00\" \/>\n<meta property=\"og:image\" content=\"https:\/\/www.ladiagonale.net\/wp-content\/uploads\/2023\/08\/zakaria-1.png\" \/>\n\t<meta property=\"og:image:width\" content=\"1160\" \/>\n\t<meta property=\"og:image:height\" content=\"650\" \/>\n\t<meta property=\"og:image:type\" content=\"image\/png\" \/>\n<meta name=\"author\" content=\"Damien Dellerba\" \/>\n<meta name=\"twitter:card\" content=\"summary_large_image\" \/>\n<meta name=\"twitter:image\" content=\"https:\/\/www.ladiagonale.net\/wp-content\/uploads\/2023\/08\/zakaria-1.png\" \/>\n<meta name=\"twitter:label1\" content=\"\u00c9crit par\" \/>\n\t<meta name=\"twitter:data1\" content=\"Damien Dellerba\" \/>\n\t<meta name=\"twitter:label2\" content=\"Dur\u00e9e de lecture estim\u00e9e\" \/>\n\t<meta name=\"twitter:data2\" content=\"4 minutes\" \/>\n<script type=\"application\/ld+json\" class=\"yoast-schema-graph\">{\"@context\":\"https:\/\/schema.org\",\"@graph\":[{\"@type\":\"WebPage\",\"@id\":\"https:\/\/www.ladiagonale.net\/index.php\/2023\/10\/10\/la-treve-doctobre-des-internationaux\/\",\"url\":\"https:\/\/www.ladiagonale.net\/index.php\/2023\/10\/10\/la-treve-doctobre-des-internationaux\/\",\"name\":\"La tr\u00eave d'octobre des internationaux mon\u00e9gasques - La Diagonale\",\"isPartOf\":{\"@id\":\"https:\/\/www.ladiagonale.net\/#website\"},\"datePublished\":\"2023-10-10T20:36:11+00:00\",\"dateModified\":\"2023-10-18T11:49:42+00:00\",\"author\":{\"@id\":\"https:\/\/www.ladiagonale.net\/#\/schema\/person\/79ff1e7b0853ed01b2aa26e64ad300bf\"},\"breadcrumb\":{\"@id\":\"https:\/\/www.ladiagonale.net\/index.php\/2023\/10\/10\/la-treve-doctobre-des-internationaux\/#breadcrumb\"},\"inLanguage\":\"fr-FR\",\"potentialAction\":[{\"@type\":\"ReadAction\",\"target\":[\"https:\/\/www.ladiagonale.net\/index.php\/2023\/10\/10\/la-treve-doctobre-des-internationaux\/\"]}]},{\"@type\":\"BreadcrumbList\",\"@id\":\"https:\/\/www.ladiagonale.net\/index.php\/2023\/10\/10\/la-treve-doctobre-des-internationaux\/#breadcrumb\",\"itemListElement\":[{\"@type\":\"ListItem\",\"position\":1,\"name\":\"Accueil\",\"item\":\"https:\/\/www.ladiagonale.net\/\"},{\"@type\":\"ListItem\",\"position\":2,\"name\":\"La tr\u00eave d&rsquo;octobre des internationaux mon\u00e9gasques\"}]},{\"@type\":\"WebSite\",\"@id\":\"https:\/\/www.ladiagonale.net\/#website\",\"url\":\"https:\/\/www.ladiagonale.net\/\",\"name\":\"La Diagonale\",\"description\":\"Le site des supporters de l&#039;AS Monaco FC\",\"potentialAction\":[{\"@type\":\"SearchAction\",\"target\":{\"@type\":\"EntryPoint\",\"urlTemplate\":\"https:\/\/www.ladiagonale.net\/?s={search_term_string}\"},\"query-input\":\"required name=search_term_string\"}],\"inLanguage\":\"fr-FR\"},{\"@type\":\"Person\",\"@id\":\"https:\/\/www.ladiagonale.net\/#\/schema\/person\/79ff1e7b0853ed01b2aa26e64ad300bf\",\"name\":\"Damien Dellerba\",\"image\":{\"@type\":\"ImageObject\",\"inLanguage\":\"fr-FR\",\"@id\":\"https:\/\/www.ladiagonale.net\/#\/schema\/person\/image\/\",\"url\":\"https:\/\/secure.gravatar.com\/avatar\/c7850e06d3ff63cdbaee88b7fc16e2f0?s=96&d=mm&r=g\",\"contentUrl\":\"https:\/\/secure.gravatar.com\/avatar\/c7850e06d3ff63cdbaee88b7fc16e2f0?s=96&d=mm&r=g\",\"caption\":\"Damien Dellerba\"},\"url\":\"https:\/\/www.ladiagonale.net\/index.php\/author\/damien\/\"}]}<\/script>\n<!-- \/ Yoast SEO plugin. -->","yoast_head_json":{"title":"La tr\u00eave d'octobre des internationaux mon\u00e9gasques - La Diagonale","robots":{"index":"index","follow":"follow","max-snippet":"max-snippet:-1","max-image-preview":"max-image-preview:large","max-video-preview":"max-video-preview:-1"},"canonical":"https:\/\/www.ladiagonale.net\/index.php\/2023\/10\/10\/la-treve-doctobre-des-internationaux\/","og_locale":"fr_FR","og_type":"article","og_title":"La tr\u00eave d'octobre des internationaux mon\u00e9gasques - La Diagonale","og_description":"Lors de la tr\u00eave internationale du mois de septembre, 20 joueurs de l\u2019AS Monaco avaient d\u00e9sert\u00e9 La Turbie. Ce nombre va augmenter pour passer \u00e0 22 joueurs, entre les professionnels et les jeunes, et ce malgr\u00e9 les absences avec le Br\u00e9sil de Caio Henrique, op\u00e9r\u00e9 du ligament crois\u00e9 ant\u00e9rieur gauche, et de Vanderson, touch\u00e9 \u00e0 [...]","og_url":"https:\/\/www.ladiagonale.net\/index.php\/2023\/10\/10\/la-treve-doctobre-des-internationaux\/","og_site_name":"La Diagonale","article_published_time":"2023-10-10T20:36:11+00:00","article_modified_time":"2023-10-18T11:49:42+00:00","og_image":[{"width":1160,"height":650,"url":"https:\/\/www.ladiagonale.net\/wp-content\/uploads\/2023\/08\/zakaria-1.png","type":"image\/png"}],"author":"Damien Dellerba","twitter_card":"summary_large_image","twitter_image":"https:\/\/www.ladiagonale.net\/wp-content\/uploads\/2023\/08\/zakaria-1.png","twitter_misc":{"\u00c9crit par":"Damien Dellerba","Dur\u00e9e de lecture estim\u00e9e":"4 minutes"},"schema":{"@context":"https:\/\/schema.org","@graph":[{"@type":"WebPage","@id":"https:\/\/www.ladiagonale.net\/index.php\/2023\/10\/10\/la-treve-doctobre-des-internationaux\/","url":"https:\/\/www.ladiagonale.net\/index.php\/2023\/10\/10\/la-treve-doctobre-des-internationaux\/","name":"La tr\u00eave d'octobre des internationaux mon\u00e9gasques - La Diagonale","isPartOf":{"@id":"https:\/\/www.ladiagonale.net\/#website"},"datePublished":"2023-10-10T20:36:11+00:00","dateModified":"2023-10-18T11:49:42+00:00","author":{"@id":"https:\/\/www.ladiagonale.net\/#\/schema\/person\/79ff1e7b0853ed01b2aa26e64ad300bf"},"breadcrumb":{"@id":"https:\/\/www.ladiagonale.net\/index.php\/2023\/10\/10\/la-treve-doctobre-des-internationaux\/#breadcrumb"},"inLanguage":"fr-FR","potentialAction":[{"@type":"ReadAction","target":["https:\/\/www.ladiagonale.net\/index.php\/2023\/10\/10\/la-treve-doctobre-des-internationaux\/"]}]},{"@type":"BreadcrumbList","@id":"https:\/\/www.ladiagonale.net\/index.php\/2023\/10\/10\/la-treve-doctobre-des-internationaux\/#breadcrumb","itemListElement":[{"@type":"ListItem","position":1,"name":"Accueil","item":"https:\/\/www.ladiagonale.net\/"},{"@type":"ListItem","position":2,"name":"La tr\u00eave d&rsquo;octobre des internationaux mon\u00e9gasques"}]},{"@type":"WebSite","@id":"https:\/\/www.ladiagonale.net\/#website","url":"https:\/\/www.ladiagonale.net\/","name":"La Diagonale","description":"Le site des supporters de l&#039;AS Monaco FC","potentialAction":[{"@type":"SearchAction","target":{"@type":"EntryPoint","urlTemplate":"https:\/\/www.ladiagonale.net\/?s={search_term_string}"},"query-input":"required name=search_term_string"}],"inLanguage":"fr-FR"},{"@type":"Person","@id":"https:\/\/www.ladiagonale.net\/#\/schema\/person\/79ff1e7b0853ed01b2aa26e64ad300bf","name":"Damien Dellerba","image":{"@type":"ImageObject","inLanguage":"fr-FR","@id":"https:\/\/www.ladiagonale.net\/#\/schema\/person\/image\/","url":"https:\/\/secure.gravatar.com\/avatar\/c7850e06d3ff63cdbaee88b7fc16e2f0?s=96&d=mm&r=g","contentUrl":"https:\/\/secure.gravatar.com\/avatar\/c7850e06d3ff63cdbaee88b7fc16e2f0?s=96&d=mm&r=g","caption":"Damien Dellerba"},"url":"https:\/\/www.ladiagonale.net\/index.php\/author\/damien\/"}]}},"_links":{"self":[{"href":"https:\/\/www.ladiagonale.net\/index.php\/wp-json\/wp\/v2\/posts\/16934"}],"collection":[{"href":"https:\/\/www.ladiagonale.net\/index.php\/wp-json\/wp\/v2\/posts"}],"about":[{"href":"https:\/\/www.ladiagonale.net\/index.php\/wp-json\/wp\/v2\/types\/post"}],"author":[{"embeddable":true,"href":"https:\/\/www.ladiagonale.net\/index.php\/wp-json\/wp\/v2\/users\/2"}],"replies":[{"embeddable":true,"href":"https:\/\/www.ladiagonale.net\/index.php\/wp-json\/wp\/v2\/comments?post=16934"}],"version-history":[{"count":29,"href":"https:\/\/www.ladiagonale.net\/index.php\/wp-json\/wp\/v2\/posts\/16934\/revisions"}],"predecessor-version":[{"id":17087,"href":"https:\/\/www.ladiagonale.net\/index.php\/wp-json\/wp\/v2\/posts\/16934\/revisions\/17087"}],"wp:featuredmedia":[{"embeddable":true,"href":"https:\/\/www.ladiagonale.net\/index.php\/wp-json\/wp\/v2\/media\/15724"}],"wp:attachment":[{"href":"https:\/\/www.ladiagonale.net\/index.php\/wp-json\/wp\/v2\/media?parent=16934"}],"wp:term":[{"taxonomy":"category","embeddable":true,"href":"https:\/\/www.ladiagonale.net\/index.php\/wp-json\/wp\/v2\/categories?post=16934"},{"taxonomy":"post_tag","embeddable":true,"href":"https:\/\/www.ladiagonale.net\/index.php\/wp-json\/wp\/v2\/tags?post=16934"}],"curies":[{"name":"wp","href":"https:\/\/api.w.org\/{rel}","templated":true}]}}