{"id":16951,"date":"2023-10-12T16:09:46","date_gmt":"2023-10-12T14:09:46","guid":{"rendered":"https:\/\/www.ladiagonale.net\/?p=16951"},"modified":"2023-10-12T16:15:42","modified_gmt":"2023-10-12T14:15:42","slug":"akliouche-veut-marquer-les-esprits","status":"publish","type":"post","link":"https:\/\/www.ladiagonale.net\/index.php\/2023\/10\/12\/akliouche-veut-marquer-les-esprits\/","title":{"rendered":"Akliouche veut \u00ab&nbsp;marquer les esprits&nbsp;\u00bb"},"content":{"rendered":"\n<p>En marge du rassemblement avec l\u2019\u00e9quipe de France Espoirs, Maghnes Akliouche a accord\u00e9 un entretien \u00e0 <em>L\u2019\u00c9quipe<\/em>. Le milieu de terrain offensif est revenu sur son d\u00e9but de saison et les opportunit\u00e9s qu\u2019il a su saisir : \u00ab\u00a0<em>L\u2019important c\u2019est de montrer de bonnes choses sur le temps de jeu que le coach m\u2019accorde et c\u2019est ce que j\u2019essaie de faire. Pour pouvoir encha\u00eener les minutes et les bonnes performances et qu\u2019on continue en tant qu\u2019\u00e9quipe sur notre bonne dynamique. Au niveau individuel, c\u2019est important d\u2019\u00eatre d\u00e9cisif sur chaque occasion et c\u2019est aussi ce que j\u2019essaie de faire.<\/em>\u00a0\u00bb<\/p>\n\n\n\n<p>D\u00e9cisif, Akliouche l\u2019a \u00e9t\u00e9 contre Marseille, lors de la 7<sup>e<\/sup> journ\u00e9e <em>(3-2, le 30 octobre)<\/em> et il a forc\u00e9ment attir\u00e9 la lumi\u00e8re sur lui apr\u00e8s cette performance : \u00ab\u00a0<em>Il y a beaucoup de concurrence \u00e0 l\u2019AS Monaco donc quand il y a quelques absents, il faut pouvoir marquer les esprits quand tu as la chance de pouvoir jouer. Le coach m\u2019a pr\u00e9venu \u00e0 l\u2019avance que j\u2019allais commencer et c\u2019\u00e9tait important d\u2019\u00eatre performant et d\u00e9cisif. C\u2019est un moment qui va rester grav\u00e9 dans ma m\u00e9moire.<\/em>\u00a0\u00bb L\u2019international espoirs confie tout de m\u00eame revenir \u00ab\u00a0<em>de loin<\/em>\u00a0\u00bb et avoir travers\u00e9 des \u00ab\u00a0<em>moments assez longs<\/em>\u00a0\u00bb la saison derni\u00e8re.<\/p>\n\n\n\n<blockquote class=\"wp-block-quote\"><p>\u00ab\u00a0<em>On est premiers et on doit se battre pour gagner chaque match pour entrevoir l\u2019Europe la saison prochaine.<\/em>\u00a0\u00bb<\/p><\/blockquote>\n\n\n\n<p>Cette ann\u00e9e, beaucoup de choses ont chang\u00e9 avec notamment l\u2019arriv\u00e9e d\u2019Adi H\u00fctter et cela semble convenir \u00e0 Akliouche : \u00ab\u00a0<em>On pratique un football tr\u00e8s offensif et c\u2019est ce qui permet de marquer \u00e9norm\u00e9ment de buts et d\u2019apporter du plaisir aux supporters. C\u2019est tr\u00e8s important pour nous. Le coach apporte beaucoup aux joueurs, il communique beaucoup avec nous tactiquement. Aujourd\u2019hui \u00e7a se passe bien et il faut qu\u2019on maintienne \u00e7a.<\/em>\u00a0\u00bb<\/p>\n\n\n\n<p>Interrog\u00e9 sur les ambitions de l\u2019AS Monaco et notamment sur le titre, alors que le club de la Principaut\u00e9 est en t\u00eate de la Ligue 1, Akliouche s\u2019est montr\u00e9 pos\u00e9 : \u00ab\u00a0<em>On proc\u00e8de \u00e9tape par \u00e9tape. Chaque semaine on se dit qu\u2019il faut gagner, mais c\u2019est vrai qu\u2019il faut \u00eatre ambitieux. On est premiers et on doit se battre pour gagner chaque match pour entrevoir l\u2019Europe la saison prochaine.<\/em>\u00a0\u00bb Et lorsqu\u2019il lui est demand\u00e9 si l\u2019objectif de l\u2019ASM est la Ligue des Champions, le jeune joueur de 21 ans a insist\u00e9 : \u00ab\u00a0<em>L\u2019objectif, c\u2019est l\u2019Europe<\/em>\u00a0\u00bb.<\/p>\n\n\n","protected":false},"excerpt":{"rendered":"<p>En marge du rassemblement avec l\u2019\u00e9quipe de France Espoirs, Maghnes Akliouche a accord\u00e9 un entretien \u00e0 L\u2019\u00c9quipe. Le milieu de terrain offensif est revenu sur son d\u00e9but de saison et les opportunit\u00e9s qu\u2019il a su saisir : \u00ab\u00a0L\u2019important c\u2019est de montrer de bonnes choses sur le temps de jeu que le coach m\u2019accorde et c\u2019est [&#8230;]\n","protected":false},"author":2,"featured_media":0,"comment_status":"open","ping_status":"open","sticky":false,"template":"","format":"standard","meta":[],"categories":[6],"tags":[86,190],"yoast_head":"<!-- This site is optimized with the Yoast SEO plugin v19.8 - https:\/\/yoast.com\/wordpress\/plugins\/seo\/ -->\n<title>Akliouche veut \u00ab&nbsp;marquer les esprits&nbsp;\u00bb - La Diagonale<\/title>\n<meta name=\"robots\" content=\"index, follow, max-snippet:-1, max-image-preview:large, max-video-preview:-1\" \/>\n<link rel=\"canonical\" href=\"https:\/\/www.ladiagonale.net\/index.php\/2023\/10\/12\/akliouche-veut-marquer-les-esprits\/\" \/>\n<meta property=\"og:locale\" content=\"fr_FR\" \/>\n<meta property=\"og:type\" content=\"article\" \/>\n<meta property=\"og:title\" content=\"Akliouche veut \u00ab&nbsp;marquer les esprits&nbsp;\u00bb - La Diagonale\" \/>\n<meta property=\"og:description\" content=\"En marge du rassemblement avec l\u2019\u00e9quipe de France Espoirs, Maghnes Akliouche a accord\u00e9 un entretien \u00e0 L\u2019\u00c9quipe. Le milieu de terrain offensif est revenu sur son d\u00e9but de saison et les opportunit\u00e9s qu\u2019il a su saisir : \u00ab\u00a0L\u2019important c\u2019est de montrer de bonnes choses sur le temps de jeu que le coach m\u2019accorde et c\u2019est [...]\" \/>\n<meta property=\"og:url\" content=\"https:\/\/www.ladiagonale.net\/index.php\/2023\/10\/12\/akliouche-veut-marquer-les-esprits\/\" \/>\n<meta property=\"og:site_name\" content=\"La Diagonale\" \/>\n<meta property=\"article:published_time\" content=\"2023-10-12T14:09:46+00:00\" \/>\n<meta property=\"article:modified_time\" content=\"2023-10-12T14:15:42+00:00\" \/>\n<meta property=\"og:image\" content=\"https:\/\/www.ladiagonale.net\/wp-content\/uploads\/2023\/08\/akliouche.png\" \/>\n\t<meta property=\"og:image:width\" content=\"1160\" \/>\n\t<meta property=\"og:image:height\" content=\"650\" \/>\n\t<meta property=\"og:image:type\" content=\"image\/png\" \/>\n<meta name=\"author\" content=\"Damien Dellerba\" \/>\n<meta name=\"twitter:card\" content=\"summary_large_image\" \/>\n<meta name=\"twitter:image\" content=\"https:\/\/www.ladiagonale.net\/wp-content\/uploads\/2023\/08\/akliouche.png\" \/>\n<meta name=\"twitter:label1\" content=\"\u00c9crit par\" \/>\n\t<meta name=\"twitter:data1\" content=\"Damien Dellerba\" \/>\n\t<meta name=\"twitter:label2\" content=\"Dur\u00e9e de lecture estim\u00e9e\" \/>\n\t<meta name=\"twitter:data2\" content=\"2 minutes\" \/>\n<script type=\"application\/ld+json\" class=\"yoast-schema-graph\">{\"@context\":\"https:\/\/schema.org\",\"@graph\":[{\"@type\":\"WebPage\",\"@id\":\"https:\/\/www.ladiagonale.net\/index.php\/2023\/10\/12\/akliouche-veut-marquer-les-esprits\/\",\"url\":\"https:\/\/www.ladiagonale.net\/index.php\/2023\/10\/12\/akliouche-veut-marquer-les-esprits\/\",\"name\":\"Akliouche veut \u00ab&nbsp;marquer les esprits&nbsp;\u00bb - La Diagonale\",\"isPartOf\":{\"@id\":\"https:\/\/www.ladiagonale.net\/#website\"},\"datePublished\":\"2023-10-12T14:09:46+00:00\",\"dateModified\":\"2023-10-12T14:15:42+00:00\",\"author\":{\"@id\":\"https:\/\/www.ladiagonale.net\/#\/schema\/person\/79ff1e7b0853ed01b2aa26e64ad300bf\"},\"breadcrumb\":{\"@id\":\"https:\/\/www.ladiagonale.net\/index.php\/2023\/10\/12\/akliouche-veut-marquer-les-esprits\/#breadcrumb\"},\"inLanguage\":\"fr-FR\",\"potentialAction\":[{\"@type\":\"ReadAction\",\"target\":[\"https:\/\/www.ladiagonale.net\/index.php\/2023\/10\/12\/akliouche-veut-marquer-les-esprits\/\"]}]},{\"@type\":\"BreadcrumbList\",\"@id\":\"https:\/\/www.ladiagonale.net\/index.php\/2023\/10\/12\/akliouche-veut-marquer-les-esprits\/#breadcrumb\",\"itemListElement\":[{\"@type\":\"ListItem\",\"position\":1,\"name\":\"Accueil\",\"item\":\"https:\/\/www.ladiagonale.net\/\"},{\"@type\":\"ListItem\",\"position\":2,\"name\":\"Akliouche veut \u00ab&nbsp;marquer les esprits&nbsp;\u00bb\"}]},{\"@type\":\"WebSite\",\"@id\":\"https:\/\/www.ladiagonale.net\/#website\",\"url\":\"https:\/\/www.ladiagonale.net\/\",\"name\":\"La Diagonale\",\"description\":\"Le site des supporters de l&#039;AS Monaco FC\",\"potentialAction\":[{\"@type\":\"SearchAction\",\"target\":{\"@type\":\"EntryPoint\",\"urlTemplate\":\"https:\/\/www.ladiagonale.net\/?s={search_term_string}\"},\"query-input\":\"required name=search_term_string\"}],\"inLanguage\":\"fr-FR\"},{\"@type\":\"Person\",\"@id\":\"https:\/\/www.ladiagonale.net\/#\/schema\/person\/79ff1e7b0853ed01b2aa26e64ad300bf\",\"name\":\"Damien Dellerba\",\"image\":{\"@type\":\"ImageObject\",\"inLanguage\":\"fr-FR\",\"@id\":\"https:\/\/www.ladiagonale.net\/#\/schema\/person\/image\/\",\"url\":\"https:\/\/secure.gravatar.com\/avatar\/c7850e06d3ff63cdbaee88b7fc16e2f0?s=96&d=mm&r=g\",\"contentUrl\":\"https:\/\/secure.gravatar.com\/avatar\/c7850e06d3ff63cdbaee88b7fc16e2f0?s=96&d=mm&r=g\",\"caption\":\"Damien Dellerba\"},\"url\":\"https:\/\/www.ladiagonale.net\/index.php\/author\/damien\/\"}]}<\/script>\n<!-- \/ Yoast SEO plugin. -->","yoast_head_json":{"title":"Akliouche veut \u00ab&nbsp;marquer les esprits&nbsp;\u00bb - La Diagonale","robots":{"index":"index","follow":"follow","max-snippet":"max-snippet:-1","max-image-preview":"max-image-preview:large","max-video-preview":"max-video-preview:-1"},"canonical":"https:\/\/www.ladiagonale.net\/index.php\/2023\/10\/12\/akliouche-veut-marquer-les-esprits\/","og_locale":"fr_FR","og_type":"article","og_title":"Akliouche veut \u00ab&nbsp;marquer les esprits&nbsp;\u00bb - La Diagonale","og_description":"En marge du rassemblement avec l\u2019\u00e9quipe de France Espoirs, Maghnes Akliouche a accord\u00e9 un entretien \u00e0 L\u2019\u00c9quipe. Le milieu de terrain offensif est revenu sur son d\u00e9but de saison et les opportunit\u00e9s qu\u2019il a su saisir : \u00ab\u00a0L\u2019important c\u2019est de montrer de bonnes choses sur le temps de jeu que le coach m\u2019accorde et c\u2019est [...]","og_url":"https:\/\/www.ladiagonale.net\/index.php\/2023\/10\/12\/akliouche-veut-marquer-les-esprits\/","og_site_name":"La Diagonale","article_published_time":"2023-10-12T14:09:46+00:00","article_modified_time":"2023-10-12T14:15:42+00:00","og_image":[{"width":1160,"height":650,"url":"https:\/\/www.ladiagonale.net\/wp-content\/uploads\/2023\/08\/akliouche.png","type":"image\/png"}],"author":"Damien Dellerba","twitter_card":"summary_large_image","twitter_image":"https:\/\/www.ladiagonale.net\/wp-content\/uploads\/2023\/08\/akliouche.png","twitter_misc":{"\u00c9crit par":"Damien Dellerba","Dur\u00e9e de lecture estim\u00e9e":"2 minutes"},"schema":{"@context":"https:\/\/schema.org","@graph":[{"@type":"WebPage","@id":"https:\/\/www.ladiagonale.net\/index.php\/2023\/10\/12\/akliouche-veut-marquer-les-esprits\/","url":"https:\/\/www.ladiagonale.net\/index.php\/2023\/10\/12\/akliouche-veut-marquer-les-esprits\/","name":"Akliouche veut \u00ab&nbsp;marquer les esprits&nbsp;\u00bb - La Diagonale","isPartOf":{"@id":"https:\/\/www.ladiagonale.net\/#website"},"datePublished":"2023-10-12T14:09:46+00:00","dateModified":"2023-10-12T14:15:42+00:00","author":{"@id":"https:\/\/www.ladiagonale.net\/#\/schema\/person\/79ff1e7b0853ed01b2aa26e64ad300bf"},"breadcrumb":{"@id":"https:\/\/www.ladiagonale.net\/index.php\/2023\/10\/12\/akliouche-veut-marquer-les-esprits\/#breadcrumb"},"inLanguage":"fr-FR","potentialAction":[{"@type":"ReadAction","target":["https:\/\/www.ladiagonale.net\/index.php\/2023\/10\/12\/akliouche-veut-marquer-les-esprits\/"]}]},{"@type":"BreadcrumbList","@id":"https:\/\/www.ladiagonale.net\/index.php\/2023\/10\/12\/akliouche-veut-marquer-les-esprits\/#breadcrumb","itemListElement":[{"@type":"ListItem","position":1,"name":"Accueil","item":"https:\/\/www.ladiagonale.net\/"},{"@type":"ListItem","position":2,"name":"Akliouche veut \u00ab&nbsp;marquer les esprits&nbsp;\u00bb"}]},{"@type":"WebSite","@id":"https:\/\/www.ladiagonale.net\/#website","url":"https:\/\/www.ladiagonale.net\/","name":"La Diagonale","description":"Le site des supporters de l&#039;AS Monaco FC","potentialAction":[{"@type":"SearchAction","target":{"@type":"EntryPoint","urlTemplate":"https:\/\/www.ladiagonale.net\/?s={search_term_string}"},"query-input":"required name=search_term_string"}],"inLanguage":"fr-FR"},{"@type":"Person","@id":"https:\/\/www.ladiagonale.net\/#\/schema\/person\/79ff1e7b0853ed01b2aa26e64ad300bf","name":"Damien Dellerba","image":{"@type":"ImageObject","inLanguage":"fr-FR","@id":"https:\/\/www.ladiagonale.net\/#\/schema\/person\/image\/","url":"https:\/\/secure.gravatar.com\/avatar\/c7850e06d3ff63cdbaee88b7fc16e2f0?s=96&d=mm&r=g","contentUrl":"https:\/\/secure.gravatar.com\/avatar\/c7850e06d3ff63cdbaee88b7fc16e2f0?s=96&d=mm&r=g","caption":"Damien Dellerba"},"url":"https:\/\/www.ladiagonale.net\/index.php\/author\/damien\/"}]}},"_links":{"self":[{"href":"https:\/\/www.ladiagonale.net\/index.php\/wp-json\/wp\/v2\/posts\/16951"}],"collection":[{"href":"https:\/\/www.ladiagonale.net\/index.php\/wp-json\/wp\/v2\/posts"}],"about":[{"href":"https:\/\/www.ladiagonale.net\/index.php\/wp-json\/wp\/v2\/types\/post"}],"author":[{"embeddable":true,"href":"https:\/\/www.ladiagonale.net\/index.php\/wp-json\/wp\/v2\/users\/2"}],"replies":[{"embeddable":true,"href":"https:\/\/www.ladiagonale.net\/index.php\/wp-json\/wp\/v2\/comments?post=16951"}],"version-history":[{"count":3,"href":"https:\/\/www.ladiagonale.net\/index.php\/wp-json\/wp\/v2\/posts\/16951\/revisions"}],"predecessor-version":[{"id":16954,"href":"https:\/\/www.ladiagonale.net\/index.php\/wp-json\/wp\/v2\/posts\/16951\/revisions\/16954"}],"wp:attachment":[{"href":"https:\/\/www.ladiagonale.net\/index.php\/wp-json\/wp\/v2\/media?parent=16951"}],"wp:term":[{"taxonomy":"category","embeddable":true,"href":"https:\/\/www.ladiagonale.net\/index.php\/wp-json\/wp\/v2\/categories?post=16951"},{"taxonomy":"post_tag","embeddable":true,"href":"https:\/\/www.ladiagonale.net\/index.php\/wp-json\/wp\/v2\/tags?post=16951"}],"curies":[{"name":"wp","href":"https:\/\/api.w.org\/{rel}","templated":true}]}}