{"id":16988,"date":"2023-10-14T02:20:28","date_gmt":"2023-10-14T00:20:28","guid":{"rendered":"https:\/\/www.ladiagonale.net\/?p=16988"},"modified":"2023-10-14T02:20:33","modified_gmt":"2023-10-14T00:20:33","slug":"magassa-fait-ses-debuts-avec-les-espoirs-akliouche-confirme","status":"publish","type":"post","link":"https:\/\/www.ladiagonale.net\/index.php\/2023\/10\/14\/magassa-fait-ses-debuts-avec-les-espoirs-akliouche-confirme\/","title":{"rendered":"Magassa fait ses d\u00e9buts avec les Espoirs, Akliouche confirme"},"content":{"rendered":"\n\n\n<p>Convoqu\u00e9 pour la premi\u00e8re fois avec l&rsquo;\u00e9quipe de France Espoirs, Soungoutou Magassa a honor\u00e9 sa premi\u00e8re s\u00e9lection lors du succ\u00e8s face \u00e0 la Bosnie-Herz\u00e9govine (2-1), comptant pour le deuxi\u00e8me match des \u00e9liminatoires de l&rsquo;Euro Espoirs 2025. Le d\u00e9fenseur de l&rsquo;AS Monaco \u00e9tait dans le onze de d\u00e9part concoct\u00e9 par Thierry Henry comme axial gauche dans une d\u00e9fense \u00e0 quatre, contrairement \u00e0 ce \u00e0 quoi il est habitu\u00e9 en club. Il a jou\u00e9 l&rsquo;int\u00e9gralit\u00e9 de la partie et a r\u00e9alis\u00e9 une prestation correcte. Il a toutefois \u00e9t\u00e9 averti en fin de match.<\/p>\n\n\n\n<p>Maghnes Akliouche a \u00e9t\u00e9 en revanche bien plus en vue que son comp\u00e8re, avec une entr\u00e9e apr\u00e8s l&rsquo;heure de jeu (67<sup>e<\/sup>) o\u00f9 il a fait des diff\u00e9rences et s&rsquo;est montr\u00e9 par des gestes de classe. Il est notamment \u00e0 l&rsquo;origine du deuxi\u00e8me but &#8211; lib\u00e9rateur &#8211; des jeunes tricolores, en lan\u00e7ant parfaitement Mathys Tel dans la profondeur par une passe lumineuse. Chrislain Matsima, titulaire lors des deux derniers matches de Bleuets, est rest\u00e9 quant \u00e0 lui sur le banc. Les hommes de Thierry Henry reprennent la t\u00eate de leur groupe avant d&rsquo;affronter Chypre le 17 octobre (18h30).<\/p>\n\n\n\n<p>Eliot Matazo \u00e9tait lui aussi occup\u00e9 par ces \u00e9liminatoires de l&rsquo;Euro Espoirs avec la Belgique. Le jeune milieu de terrain de l&rsquo;AS Monaco a \u00e9t\u00e9 titularis\u00e9 par Gill Swerts pour affronter Malte et a disput\u00e9 78 minutes. Il est sorti deux minutes apr\u00e8s l&rsquo;ouverture du score de son \u00e9quipe, qui s&rsquo;est impos\u00e9e (2-0) et il a r\u00e9alis\u00e9 une performance de bonne facture, en particulier lors de la premi\u00e8re p\u00e9riode. Les Diablotins sont troisi\u00e8mes de leur groupe avec six points, \u00e0 \u00e9galit\u00e9 avec l&rsquo;Espagne et la Hongrie, qu&rsquo;ils affronteront mardi (17h45).<\/p>\n","protected":false},"excerpt":{"rendered":"<p>Convoqu\u00e9 pour la premi\u00e8re fois avec l&rsquo;\u00e9quipe de France Espoirs, Soungoutou Magassa a honor\u00e9 sa premi\u00e8re s\u00e9lection lors du succ\u00e8s face \u00e0 la Bosnie-Herz\u00e9govine (2-1), comptant pour le deuxi\u00e8me match des \u00e9liminatoires de l&rsquo;Euro Espoirs 2025. Le d\u00e9fenseur de l&rsquo;AS Monaco \u00e9tait dans le onze de d\u00e9part concoct\u00e9 par Thierry Henry comme axial gauche dans [&#8230;]\n","protected":false},"author":2,"featured_media":0,"comment_status":"open","ping_status":"open","sticky":false,"template":"","format":"standard","meta":[],"categories":[6],"tags":[86,150,392,145,311,190,116,147],"yoast_head":"<!-- This site is optimized with the Yoast SEO plugin v19.8 - https:\/\/yoast.com\/wordpress\/plugins\/seo\/ -->\n<title>Magassa fait ses d\u00e9buts avec les Espoirs, Akliouche confirme - La Diagonale<\/title>\n<meta name=\"robots\" content=\"index, follow, max-snippet:-1, max-image-preview:large, max-video-preview:-1\" \/>\n<link rel=\"canonical\" href=\"https:\/\/www.ladiagonale.net\/index.php\/2023\/10\/14\/magassa-fait-ses-debuts-avec-les-espoirs-akliouche-confirme\/\" \/>\n<meta property=\"og:locale\" content=\"fr_FR\" \/>\n<meta property=\"og:type\" content=\"article\" \/>\n<meta property=\"og:title\" content=\"Magassa fait ses d\u00e9buts avec les Espoirs, Akliouche confirme - La Diagonale\" \/>\n<meta property=\"og:description\" content=\"Convoqu\u00e9 pour la premi\u00e8re fois avec l&rsquo;\u00e9quipe de France Espoirs, Soungoutou Magassa a honor\u00e9 sa premi\u00e8re s\u00e9lection lors du succ\u00e8s face \u00e0 la Bosnie-Herz\u00e9govine (2-1), comptant pour le deuxi\u00e8me match des \u00e9liminatoires de l&rsquo;Euro Espoirs 2025. Le d\u00e9fenseur de l&rsquo;AS Monaco \u00e9tait dans le onze de d\u00e9part concoct\u00e9 par Thierry Henry comme axial gauche dans [...]\" \/>\n<meta property=\"og:url\" content=\"https:\/\/www.ladiagonale.net\/index.php\/2023\/10\/14\/magassa-fait-ses-debuts-avec-les-espoirs-akliouche-confirme\/\" \/>\n<meta property=\"og:site_name\" content=\"La Diagonale\" \/>\n<meta property=\"article:published_time\" content=\"2023-10-14T00:20:28+00:00\" \/>\n<meta property=\"article:modified_time\" content=\"2023-10-14T00:20:33+00:00\" \/>\n<meta property=\"og:image\" content=\"https:\/\/www.ladiagonale.net\/wp-content\/uploads\/2023\/09\/magassa.png\" \/>\n\t<meta property=\"og:image:width\" content=\"1160\" \/>\n\t<meta property=\"og:image:height\" content=\"650\" \/>\n\t<meta property=\"og:image:type\" content=\"image\/png\" \/>\n<meta name=\"author\" content=\"Damien Dellerba\" \/>\n<meta name=\"twitter:card\" content=\"summary_large_image\" \/>\n<meta name=\"twitter:image\" content=\"https:\/\/www.ladiagonale.net\/wp-content\/uploads\/2023\/09\/magassa.png\" \/>\n<meta name=\"twitter:label1\" content=\"\u00c9crit par\" \/>\n\t<meta name=\"twitter:data1\" content=\"Damien Dellerba\" \/>\n\t<meta name=\"twitter:label2\" content=\"Dur\u00e9e de lecture estim\u00e9e\" \/>\n\t<meta name=\"twitter:data2\" content=\"2 minutes\" \/>\n<script type=\"application\/ld+json\" class=\"yoast-schema-graph\">{\"@context\":\"https:\/\/schema.org\",\"@graph\":[{\"@type\":\"WebPage\",\"@id\":\"https:\/\/www.ladiagonale.net\/index.php\/2023\/10\/14\/magassa-fait-ses-debuts-avec-les-espoirs-akliouche-confirme\/\",\"url\":\"https:\/\/www.ladiagonale.net\/index.php\/2023\/10\/14\/magassa-fait-ses-debuts-avec-les-espoirs-akliouche-confirme\/\",\"name\":\"Magassa fait ses d\u00e9buts avec les Espoirs, Akliouche confirme - La Diagonale\",\"isPartOf\":{\"@id\":\"https:\/\/www.ladiagonale.net\/#website\"},\"datePublished\":\"2023-10-14T00:20:28+00:00\",\"dateModified\":\"2023-10-14T00:20:33+00:00\",\"author\":{\"@id\":\"https:\/\/www.ladiagonale.net\/#\/schema\/person\/79ff1e7b0853ed01b2aa26e64ad300bf\"},\"breadcrumb\":{\"@id\":\"https:\/\/www.ladiagonale.net\/index.php\/2023\/10\/14\/magassa-fait-ses-debuts-avec-les-espoirs-akliouche-confirme\/#breadcrumb\"},\"inLanguage\":\"fr-FR\",\"potentialAction\":[{\"@type\":\"ReadAction\",\"target\":[\"https:\/\/www.ladiagonale.net\/index.php\/2023\/10\/14\/magassa-fait-ses-debuts-avec-les-espoirs-akliouche-confirme\/\"]}]},{\"@type\":\"BreadcrumbList\",\"@id\":\"https:\/\/www.ladiagonale.net\/index.php\/2023\/10\/14\/magassa-fait-ses-debuts-avec-les-espoirs-akliouche-confirme\/#breadcrumb\",\"itemListElement\":[{\"@type\":\"ListItem\",\"position\":1,\"name\":\"Accueil\",\"item\":\"https:\/\/www.ladiagonale.net\/\"},{\"@type\":\"ListItem\",\"position\":2,\"name\":\"Magassa fait ses d\u00e9buts avec les Espoirs, Akliouche confirme\"}]},{\"@type\":\"WebSite\",\"@id\":\"https:\/\/www.ladiagonale.net\/#website\",\"url\":\"https:\/\/www.ladiagonale.net\/\",\"name\":\"La Diagonale\",\"description\":\"Le site des supporters de l&#039;AS Monaco FC\",\"potentialAction\":[{\"@type\":\"SearchAction\",\"target\":{\"@type\":\"EntryPoint\",\"urlTemplate\":\"https:\/\/www.ladiagonale.net\/?s={search_term_string}\"},\"query-input\":\"required name=search_term_string\"}],\"inLanguage\":\"fr-FR\"},{\"@type\":\"Person\",\"@id\":\"https:\/\/www.ladiagonale.net\/#\/schema\/person\/79ff1e7b0853ed01b2aa26e64ad300bf\",\"name\":\"Damien Dellerba\",\"image\":{\"@type\":\"ImageObject\",\"inLanguage\":\"fr-FR\",\"@id\":\"https:\/\/www.ladiagonale.net\/#\/schema\/person\/image\/\",\"url\":\"https:\/\/secure.gravatar.com\/avatar\/c7850e06d3ff63cdbaee88b7fc16e2f0?s=96&d=mm&r=g\",\"contentUrl\":\"https:\/\/secure.gravatar.com\/avatar\/c7850e06d3ff63cdbaee88b7fc16e2f0?s=96&d=mm&r=g\",\"caption\":\"Damien Dellerba\"},\"url\":\"https:\/\/www.ladiagonale.net\/index.php\/author\/damien\/\"}]}<\/script>\n<!-- \/ Yoast SEO plugin. -->","yoast_head_json":{"title":"Magassa fait ses d\u00e9buts avec les Espoirs, Akliouche confirme - La Diagonale","robots":{"index":"index","follow":"follow","max-snippet":"max-snippet:-1","max-image-preview":"max-image-preview:large","max-video-preview":"max-video-preview:-1"},"canonical":"https:\/\/www.ladiagonale.net\/index.php\/2023\/10\/14\/magassa-fait-ses-debuts-avec-les-espoirs-akliouche-confirme\/","og_locale":"fr_FR","og_type":"article","og_title":"Magassa fait ses d\u00e9buts avec les Espoirs, Akliouche confirme - La Diagonale","og_description":"Convoqu\u00e9 pour la premi\u00e8re fois avec l&rsquo;\u00e9quipe de France Espoirs, Soungoutou Magassa a honor\u00e9 sa premi\u00e8re s\u00e9lection lors du succ\u00e8s face \u00e0 la Bosnie-Herz\u00e9govine (2-1), comptant pour le deuxi\u00e8me match des \u00e9liminatoires de l&rsquo;Euro Espoirs 2025. Le d\u00e9fenseur de l&rsquo;AS Monaco \u00e9tait dans le onze de d\u00e9part concoct\u00e9 par Thierry Henry comme axial gauche dans [...]","og_url":"https:\/\/www.ladiagonale.net\/index.php\/2023\/10\/14\/magassa-fait-ses-debuts-avec-les-espoirs-akliouche-confirme\/","og_site_name":"La Diagonale","article_published_time":"2023-10-14T00:20:28+00:00","article_modified_time":"2023-10-14T00:20:33+00:00","og_image":[{"width":1160,"height":650,"url":"https:\/\/www.ladiagonale.net\/wp-content\/uploads\/2023\/09\/magassa.png","type":"image\/png"}],"author":"Damien Dellerba","twitter_card":"summary_large_image","twitter_image":"https:\/\/www.ladiagonale.net\/wp-content\/uploads\/2023\/09\/magassa.png","twitter_misc":{"\u00c9crit par":"Damien Dellerba","Dur\u00e9e de lecture estim\u00e9e":"2 minutes"},"schema":{"@context":"https:\/\/schema.org","@graph":[{"@type":"WebPage","@id":"https:\/\/www.ladiagonale.net\/index.php\/2023\/10\/14\/magassa-fait-ses-debuts-avec-les-espoirs-akliouche-confirme\/","url":"https:\/\/www.ladiagonale.net\/index.php\/2023\/10\/14\/magassa-fait-ses-debuts-avec-les-espoirs-akliouche-confirme\/","name":"Magassa fait ses d\u00e9buts avec les Espoirs, Akliouche confirme - La Diagonale","isPartOf":{"@id":"https:\/\/www.ladiagonale.net\/#website"},"datePublished":"2023-10-14T00:20:28+00:00","dateModified":"2023-10-14T00:20:33+00:00","author":{"@id":"https:\/\/www.ladiagonale.net\/#\/schema\/person\/79ff1e7b0853ed01b2aa26e64ad300bf"},"breadcrumb":{"@id":"https:\/\/www.ladiagonale.net\/index.php\/2023\/10\/14\/magassa-fait-ses-debuts-avec-les-espoirs-akliouche-confirme\/#breadcrumb"},"inLanguage":"fr-FR","potentialAction":[{"@type":"ReadAction","target":["https:\/\/www.ladiagonale.net\/index.php\/2023\/10\/14\/magassa-fait-ses-debuts-avec-les-espoirs-akliouche-confirme\/"]}]},{"@type":"BreadcrumbList","@id":"https:\/\/www.ladiagonale.net\/index.php\/2023\/10\/14\/magassa-fait-ses-debuts-avec-les-espoirs-akliouche-confirme\/#breadcrumb","itemListElement":[{"@type":"ListItem","position":1,"name":"Accueil","item":"https:\/\/www.ladiagonale.net\/"},{"@type":"ListItem","position":2,"name":"Magassa fait ses d\u00e9buts avec les Espoirs, Akliouche confirme"}]},{"@type":"WebSite","@id":"https:\/\/www.ladiagonale.net\/#website","url":"https:\/\/www.ladiagonale.net\/","name":"La Diagonale","description":"Le site des supporters de l&#039;AS Monaco FC","potentialAction":[{"@type":"SearchAction","target":{"@type":"EntryPoint","urlTemplate":"https:\/\/www.ladiagonale.net\/?s={search_term_string}"},"query-input":"required name=search_term_string"}],"inLanguage":"fr-FR"},{"@type":"Person","@id":"https:\/\/www.ladiagonale.net\/#\/schema\/person\/79ff1e7b0853ed01b2aa26e64ad300bf","name":"Damien Dellerba","image":{"@type":"ImageObject","inLanguage":"fr-FR","@id":"https:\/\/www.ladiagonale.net\/#\/schema\/person\/image\/","url":"https:\/\/secure.gravatar.com\/avatar\/c7850e06d3ff63cdbaee88b7fc16e2f0?s=96&d=mm&r=g","contentUrl":"https:\/\/secure.gravatar.com\/avatar\/c7850e06d3ff63cdbaee88b7fc16e2f0?s=96&d=mm&r=g","caption":"Damien Dellerba"},"url":"https:\/\/www.ladiagonale.net\/index.php\/author\/damien\/"}]}},"_links":{"self":[{"href":"https:\/\/www.ladiagonale.net\/index.php\/wp-json\/wp\/v2\/posts\/16988"}],"collection":[{"href":"https:\/\/www.ladiagonale.net\/index.php\/wp-json\/wp\/v2\/posts"}],"about":[{"href":"https:\/\/www.ladiagonale.net\/index.php\/wp-json\/wp\/v2\/types\/post"}],"author":[{"embeddable":true,"href":"https:\/\/www.ladiagonale.net\/index.php\/wp-json\/wp\/v2\/users\/2"}],"replies":[{"embeddable":true,"href":"https:\/\/www.ladiagonale.net\/index.php\/wp-json\/wp\/v2\/comments?post=16988"}],"version-history":[{"count":1,"href":"https:\/\/www.ladiagonale.net\/index.php\/wp-json\/wp\/v2\/posts\/16988\/revisions"}],"predecessor-version":[{"id":16991,"href":"https:\/\/www.ladiagonale.net\/index.php\/wp-json\/wp\/v2\/posts\/16988\/revisions\/16991"}],"wp:attachment":[{"href":"https:\/\/www.ladiagonale.net\/index.php\/wp-json\/wp\/v2\/media?parent=16988"}],"wp:term":[{"taxonomy":"category","embeddable":true,"href":"https:\/\/www.ladiagonale.net\/index.php\/wp-json\/wp\/v2\/categories?post=16988"},{"taxonomy":"post_tag","embeddable":true,"href":"https:\/\/www.ladiagonale.net\/index.php\/wp-json\/wp\/v2\/tags?post=16988"}],"curies":[{"name":"wp","href":"https:\/\/api.w.org\/{rel}","templated":true}]}}