{"id":17050,"date":"2023-10-17T12:53:55","date_gmt":"2023-10-17T10:53:55","guid":{"rendered":"https:\/\/www.ladiagonale.net\/?p=17050"},"modified":"2023-10-17T17:47:31","modified_gmt":"2023-10-17T15:47:31","slug":"okou-pourrait-signer-a-bastia","status":"publish","type":"post","link":"https:\/\/www.ladiagonale.net\/index.php\/2023\/10\/17\/okou-pourrait-signer-a-bastia\/","title":{"rendered":"Okou pourrait signer \u00e0 Bastia"},"content":{"rendered":"\n\n\n<p>Le march\u00e9 des transferts est actuellement ferm\u00e9 mais les clubs fran\u00e7ais peuvent recruter un joueur en tant que joker et c&rsquo;est ce que pourrait faire le SC Bastia avec Yllan Okou. Selon <em>Corse-Matin<\/em>, le d\u00e9fenseur central de l&rsquo;AS Monaco aurait fait l&rsquo;objet d&rsquo;une offre de transfert de la part du club corse. Le quotidien r\u00e9gional pr\u00e9cise que le pensionnaire de Ligue 2 avait d\u00e9j\u00e0 fait quelques avances en d\u00e9but de saison pour le joueur form\u00e9 au club, mais Monaco n&rsquo;avait pas donn\u00e9 son feu vert.<\/p>\n\n\n\n<p>\u00c2g\u00e9 de 20 ans, Yllan Okou est sous contrat avec l&rsquo;AS Monaco jusqu&rsquo;en juin 2025. Vu lors des matches amicaux pendant la pr\u00e9saison, il n&rsquo;est plus jamais apparu avec l&rsquo;\u00e9quipe premi\u00e8re depuis janvier 2022 et le match de Coupe de France contre QRM, sa seule apparition \u00e0 ce jour chez les professionnels. Cette saison, il a disput\u00e9 trois matches avec le Groupe \u00c9lite, dont deux au poste de lat\u00e9ral gauche.<\/p>\n","protected":false},"excerpt":{"rendered":"<p>Le march\u00e9 des transferts est actuellement ferm\u00e9 mais les clubs fran\u00e7ais peuvent recruter un joueur en tant que joker et c&rsquo;est ce que pourrait faire le SC Bastia avec Yllan Okou. Selon Corse-Matin, le d\u00e9fenseur central de l&rsquo;AS Monaco aurait fait l&rsquo;objet d&rsquo;une offre de transfert de la part du club corse. Le quotidien r\u00e9gional [&#8230;]\n","protected":false},"author":2,"featured_media":0,"comment_status":"open","ping_status":"open","sticky":false,"template":"","format":"standard","meta":[],"categories":[6],"tags":[76,86,714,110,656],"yoast_head":"<!-- This site is optimized with the Yoast SEO plugin v19.8 - https:\/\/yoast.com\/wordpress\/plugins\/seo\/ -->\n<title>Okou pourrait signer \u00e0 Bastia - La Diagonale<\/title>\n<meta name=\"robots\" content=\"index, follow, max-snippet:-1, max-image-preview:large, max-video-preview:-1\" \/>\n<link rel=\"canonical\" href=\"https:\/\/www.ladiagonale.net\/index.php\/2023\/10\/17\/okou-pourrait-signer-a-bastia\/\" \/>\n<meta property=\"og:locale\" content=\"fr_FR\" \/>\n<meta property=\"og:type\" content=\"article\" \/>\n<meta property=\"og:title\" content=\"Okou pourrait signer \u00e0 Bastia - La Diagonale\" \/>\n<meta property=\"og:description\" content=\"Le march\u00e9 des transferts est actuellement ferm\u00e9 mais les clubs fran\u00e7ais peuvent recruter un joueur en tant que joker et c&rsquo;est ce que pourrait faire le SC Bastia avec Yllan Okou. Selon Corse-Matin, le d\u00e9fenseur central de l&rsquo;AS Monaco aurait fait l&rsquo;objet d&rsquo;une offre de transfert de la part du club corse. Le quotidien r\u00e9gional [...]\" \/>\n<meta property=\"og:url\" content=\"https:\/\/www.ladiagonale.net\/index.php\/2023\/10\/17\/okou-pourrait-signer-a-bastia\/\" \/>\n<meta property=\"og:site_name\" content=\"La Diagonale\" \/>\n<meta property=\"article:published_time\" content=\"2023-10-17T10:53:55+00:00\" \/>\n<meta property=\"article:modified_time\" content=\"2023-10-17T15:47:31+00:00\" \/>\n<meta property=\"og:image\" content=\"https:\/\/www.ladiagonale.net\/wp-content\/uploads\/2023\/10\/okou.png\" \/>\n\t<meta property=\"og:image:width\" content=\"1160\" \/>\n\t<meta property=\"og:image:height\" content=\"650\" \/>\n\t<meta property=\"og:image:type\" content=\"image\/png\" \/>\n<meta name=\"author\" content=\"Damien Dellerba\" \/>\n<meta name=\"twitter:card\" content=\"summary_large_image\" \/>\n<meta name=\"twitter:image\" content=\"https:\/\/www.ladiagonale.net\/wp-content\/uploads\/2023\/10\/okou.png\" \/>\n<meta name=\"twitter:label1\" content=\"\u00c9crit par\" \/>\n\t<meta name=\"twitter:data1\" content=\"Damien Dellerba\" \/>\n\t<meta name=\"twitter:label2\" content=\"Dur\u00e9e de lecture estim\u00e9e\" \/>\n\t<meta name=\"twitter:data2\" content=\"1 minute\" \/>\n<script type=\"application\/ld+json\" class=\"yoast-schema-graph\">{\"@context\":\"https:\/\/schema.org\",\"@graph\":[{\"@type\":\"WebPage\",\"@id\":\"https:\/\/www.ladiagonale.net\/index.php\/2023\/10\/17\/okou-pourrait-signer-a-bastia\/\",\"url\":\"https:\/\/www.ladiagonale.net\/index.php\/2023\/10\/17\/okou-pourrait-signer-a-bastia\/\",\"name\":\"Okou pourrait signer \u00e0 Bastia - La Diagonale\",\"isPartOf\":{\"@id\":\"https:\/\/www.ladiagonale.net\/#website\"},\"datePublished\":\"2023-10-17T10:53:55+00:00\",\"dateModified\":\"2023-10-17T15:47:31+00:00\",\"author\":{\"@id\":\"https:\/\/www.ladiagonale.net\/#\/schema\/person\/79ff1e7b0853ed01b2aa26e64ad300bf\"},\"breadcrumb\":{\"@id\":\"https:\/\/www.ladiagonale.net\/index.php\/2023\/10\/17\/okou-pourrait-signer-a-bastia\/#breadcrumb\"},\"inLanguage\":\"fr-FR\",\"potentialAction\":[{\"@type\":\"ReadAction\",\"target\":[\"https:\/\/www.ladiagonale.net\/index.php\/2023\/10\/17\/okou-pourrait-signer-a-bastia\/\"]}]},{\"@type\":\"BreadcrumbList\",\"@id\":\"https:\/\/www.ladiagonale.net\/index.php\/2023\/10\/17\/okou-pourrait-signer-a-bastia\/#breadcrumb\",\"itemListElement\":[{\"@type\":\"ListItem\",\"position\":1,\"name\":\"Accueil\",\"item\":\"https:\/\/www.ladiagonale.net\/\"},{\"@type\":\"ListItem\",\"position\":2,\"name\":\"Okou pourrait signer \u00e0 Bastia\"}]},{\"@type\":\"WebSite\",\"@id\":\"https:\/\/www.ladiagonale.net\/#website\",\"url\":\"https:\/\/www.ladiagonale.net\/\",\"name\":\"La Diagonale\",\"description\":\"Le site des supporters de l&#039;AS Monaco FC\",\"potentialAction\":[{\"@type\":\"SearchAction\",\"target\":{\"@type\":\"EntryPoint\",\"urlTemplate\":\"https:\/\/www.ladiagonale.net\/?s={search_term_string}\"},\"query-input\":\"required name=search_term_string\"}],\"inLanguage\":\"fr-FR\"},{\"@type\":\"Person\",\"@id\":\"https:\/\/www.ladiagonale.net\/#\/schema\/person\/79ff1e7b0853ed01b2aa26e64ad300bf\",\"name\":\"Damien Dellerba\",\"image\":{\"@type\":\"ImageObject\",\"inLanguage\":\"fr-FR\",\"@id\":\"https:\/\/www.ladiagonale.net\/#\/schema\/person\/image\/\",\"url\":\"https:\/\/secure.gravatar.com\/avatar\/c7850e06d3ff63cdbaee88b7fc16e2f0?s=96&d=mm&r=g\",\"contentUrl\":\"https:\/\/secure.gravatar.com\/avatar\/c7850e06d3ff63cdbaee88b7fc16e2f0?s=96&d=mm&r=g\",\"caption\":\"Damien Dellerba\"},\"url\":\"https:\/\/www.ladiagonale.net\/index.php\/author\/damien\/\"}]}<\/script>\n<!-- \/ Yoast SEO plugin. -->","yoast_head_json":{"title":"Okou pourrait signer \u00e0 Bastia - La Diagonale","robots":{"index":"index","follow":"follow","max-snippet":"max-snippet:-1","max-image-preview":"max-image-preview:large","max-video-preview":"max-video-preview:-1"},"canonical":"https:\/\/www.ladiagonale.net\/index.php\/2023\/10\/17\/okou-pourrait-signer-a-bastia\/","og_locale":"fr_FR","og_type":"article","og_title":"Okou pourrait signer \u00e0 Bastia - La Diagonale","og_description":"Le march\u00e9 des transferts est actuellement ferm\u00e9 mais les clubs fran\u00e7ais peuvent recruter un joueur en tant que joker et c&rsquo;est ce que pourrait faire le SC Bastia avec Yllan Okou. Selon Corse-Matin, le d\u00e9fenseur central de l&rsquo;AS Monaco aurait fait l&rsquo;objet d&rsquo;une offre de transfert de la part du club corse. Le quotidien r\u00e9gional [...]","og_url":"https:\/\/www.ladiagonale.net\/index.php\/2023\/10\/17\/okou-pourrait-signer-a-bastia\/","og_site_name":"La Diagonale","article_published_time":"2023-10-17T10:53:55+00:00","article_modified_time":"2023-10-17T15:47:31+00:00","og_image":[{"width":1160,"height":650,"url":"https:\/\/www.ladiagonale.net\/wp-content\/uploads\/2023\/10\/okou.png","type":"image\/png"}],"author":"Damien Dellerba","twitter_card":"summary_large_image","twitter_image":"https:\/\/www.ladiagonale.net\/wp-content\/uploads\/2023\/10\/okou.png","twitter_misc":{"\u00c9crit par":"Damien Dellerba","Dur\u00e9e de lecture estim\u00e9e":"1 minute"},"schema":{"@context":"https:\/\/schema.org","@graph":[{"@type":"WebPage","@id":"https:\/\/www.ladiagonale.net\/index.php\/2023\/10\/17\/okou-pourrait-signer-a-bastia\/","url":"https:\/\/www.ladiagonale.net\/index.php\/2023\/10\/17\/okou-pourrait-signer-a-bastia\/","name":"Okou pourrait signer \u00e0 Bastia - La Diagonale","isPartOf":{"@id":"https:\/\/www.ladiagonale.net\/#website"},"datePublished":"2023-10-17T10:53:55+00:00","dateModified":"2023-10-17T15:47:31+00:00","author":{"@id":"https:\/\/www.ladiagonale.net\/#\/schema\/person\/79ff1e7b0853ed01b2aa26e64ad300bf"},"breadcrumb":{"@id":"https:\/\/www.ladiagonale.net\/index.php\/2023\/10\/17\/okou-pourrait-signer-a-bastia\/#breadcrumb"},"inLanguage":"fr-FR","potentialAction":[{"@type":"ReadAction","target":["https:\/\/www.ladiagonale.net\/index.php\/2023\/10\/17\/okou-pourrait-signer-a-bastia\/"]}]},{"@type":"BreadcrumbList","@id":"https:\/\/www.ladiagonale.net\/index.php\/2023\/10\/17\/okou-pourrait-signer-a-bastia\/#breadcrumb","itemListElement":[{"@type":"ListItem","position":1,"name":"Accueil","item":"https:\/\/www.ladiagonale.net\/"},{"@type":"ListItem","position":2,"name":"Okou pourrait signer \u00e0 Bastia"}]},{"@type":"WebSite","@id":"https:\/\/www.ladiagonale.net\/#website","url":"https:\/\/www.ladiagonale.net\/","name":"La Diagonale","description":"Le site des supporters de l&#039;AS Monaco FC","potentialAction":[{"@type":"SearchAction","target":{"@type":"EntryPoint","urlTemplate":"https:\/\/www.ladiagonale.net\/?s={search_term_string}"},"query-input":"required name=search_term_string"}],"inLanguage":"fr-FR"},{"@type":"Person","@id":"https:\/\/www.ladiagonale.net\/#\/schema\/person\/79ff1e7b0853ed01b2aa26e64ad300bf","name":"Damien Dellerba","image":{"@type":"ImageObject","inLanguage":"fr-FR","@id":"https:\/\/www.ladiagonale.net\/#\/schema\/person\/image\/","url":"https:\/\/secure.gravatar.com\/avatar\/c7850e06d3ff63cdbaee88b7fc16e2f0?s=96&d=mm&r=g","contentUrl":"https:\/\/secure.gravatar.com\/avatar\/c7850e06d3ff63cdbaee88b7fc16e2f0?s=96&d=mm&r=g","caption":"Damien Dellerba"},"url":"https:\/\/www.ladiagonale.net\/index.php\/author\/damien\/"}]}},"_links":{"self":[{"href":"https:\/\/www.ladiagonale.net\/index.php\/wp-json\/wp\/v2\/posts\/17050"}],"collection":[{"href":"https:\/\/www.ladiagonale.net\/index.php\/wp-json\/wp\/v2\/posts"}],"about":[{"href":"https:\/\/www.ladiagonale.net\/index.php\/wp-json\/wp\/v2\/types\/post"}],"author":[{"embeddable":true,"href":"https:\/\/www.ladiagonale.net\/index.php\/wp-json\/wp\/v2\/users\/2"}],"replies":[{"embeddable":true,"href":"https:\/\/www.ladiagonale.net\/index.php\/wp-json\/wp\/v2\/comments?post=17050"}],"version-history":[{"count":4,"href":"https:\/\/www.ladiagonale.net\/index.php\/wp-json\/wp\/v2\/posts\/17050\/revisions"}],"predecessor-version":[{"id":17065,"href":"https:\/\/www.ladiagonale.net\/index.php\/wp-json\/wp\/v2\/posts\/17050\/revisions\/17065"}],"wp:attachment":[{"href":"https:\/\/www.ladiagonale.net\/index.php\/wp-json\/wp\/v2\/media?parent=17050"}],"wp:term":[{"taxonomy":"category","embeddable":true,"href":"https:\/\/www.ladiagonale.net\/index.php\/wp-json\/wp\/v2\/categories?post=17050"},{"taxonomy":"post_tag","embeddable":true,"href":"https:\/\/www.ladiagonale.net\/index.php\/wp-json\/wp\/v2\/tags?post=17050"}],"curies":[{"name":"wp","href":"https:\/\/api.w.org\/{rel}","templated":true}]}}