{"id":17066,"date":"2023-10-17T20:38:34","date_gmt":"2023-10-17T18:38:34","guid":{"rendered":"https:\/\/www.ladiagonale.net\/?p=17066"},"modified":"2023-10-17T20:49:17","modified_gmt":"2023-10-17T18:49:17","slug":"akliouche-et-matsima-participent-au-festival-des-bleuets","status":"publish","type":"post","link":"https:\/\/www.ladiagonale.net\/index.php\/2023\/10\/17\/akliouche-et-matsima-participent-au-festival-des-bleuets\/","title":{"rendered":"Akliouche et Matsima participent au festival des Bleuets"},"content":{"rendered":"\n\n\n<p>L&rsquo;\u00e9quipe de France Espoirs n&rsquo;a pas fait dans la dentelle face \u00e0 Chypre. Les hommes de Thierry Henry ont \u00e9trill\u00e9 leur adversaire (9-0) \u00e0 l&rsquo;occasion de leur troisi\u00e8me match des \u00e9liminatoires de l&rsquo;Euro Espoirs 2025 et Maghnes Akliouche et Chrislain Matsima ont contribu\u00e9 \u00e0 ce succ\u00e8s. Les deux Mon\u00e9gasques ont \u00e9t\u00e9 titularis\u00e9s dans cette rencontre qu&rsquo;ils ont disput\u00e9e en int\u00e9gralit\u00e9 et ont tous deux marqu\u00e9 un but.<\/p>\n\n\n\n<blockquote class=\"twitter-tweet\"><p lang=\"fr\" dir=\"ltr\">Ca d\u00e9roule pour la France, avec une r\u00e9cup\u00e9ration rapide et un but d&#39;Akliouche, son premier chez les Bleuets <br><br>Suivez le match des Espoirs en direct sur @lachainlequipe &gt; <a href=\"https:\/\/t.co\/HVE6rPoeAb\">https:\/\/t.co\/HVE6rPoeAb<\/a> <a href=\"https:\/\/twitter.com\/hashtag\/FRACHY?src=hash&amp;ref_src=twsrc%5Etfw\">#FRACHY<\/a> <a href=\"https:\/\/twitter.com\/hashtag\/lequipeFOOT?src=hash&amp;ref_src=twsrc%5Etfw\">#lequipeFOOT<\/a> <a href=\"https:\/\/t.co\/6SbD6sXI7f\">pic.twitter.com\/6SbD6sXI7f<\/a><\/p>&mdash; la chaine L&#39;\u00c9quipe (@lachainelequipe) <a href=\"https:\/\/twitter.com\/lachainelequipe\/status\/1714329091002732901?ref_src=twsrc%5Etfw\">October 17, 2023<\/a><\/blockquote> <script async src=\"https:\/\/platform.twitter.com\/widgets.js\" charset=\"utf-8\"><\/script> \n\n\n\n<p>Positionn\u00e9 comme milieu relayeur gauche dans un 4-3-3, Akliouche a inscrit le troisi\u00e8me but tricolore, peu avant la pause, bien servi par le Lyonnais Rayan Cherki. Chrislain Matsima a quant \u00e0 lui inscrit le cinqui\u00e8me but fran\u00e7ais, en poussant le ballon au fond des filets apr\u00e8s un cafouillage dans la surface sur un corner. Sougoutou Magassa, titulaire lors de la pr\u00e9c\u00e9dente rencontre face \u00e0 la Bosnie-Her\u00e9govine, est cette fois rest\u00e9 sur le banc des rempla\u00e7ants.<\/p>\n\n\n\n<p>Les Espoirs r\u00e9alisent pour l&rsquo;heure un sans-faute dans leur groupe des \u00e9liminatoires, avec trois succ\u00e8s en autant de matches et sont en t\u00eate \u00e0 \u00e9galit\u00e9 de points avec la Slov\u00e9nie, mais avec une bien meilleure diff\u00e9rence de buts (+14 contre +1) et surtout un match en moins.<\/p>\n","protected":false},"excerpt":{"rendered":"<p>L&rsquo;\u00e9quipe de France Espoirs n&rsquo;a pas fait dans la dentelle face \u00e0 Chypre. Les hommes de Thierry Henry ont \u00e9trill\u00e9 leur adversaire (9-0) \u00e0 l&rsquo;occasion de leur troisi\u00e8me match des \u00e9liminatoires de l&rsquo;Euro Espoirs 2025 et Maghnes Akliouche et Chrislain Matsima ont contribu\u00e9 \u00e0 ce succ\u00e8s. Les deux Mon\u00e9gasques ont \u00e9t\u00e9 titularis\u00e9s dans cette rencontre [&#8230;]\n","protected":false},"author":2,"featured_media":0,"comment_status":"open","ping_status":"open","sticky":false,"template":"","format":"standard","meta":[],"categories":[6],"tags":[86,392,311,190,116],"yoast_head":"<!-- This site is optimized with the Yoast SEO plugin v19.8 - https:\/\/yoast.com\/wordpress\/plugins\/seo\/ -->\n<title>Akliouche et Matsima participent au festival des Bleuets - La Diagonale<\/title>\n<meta name=\"robots\" content=\"index, follow, max-snippet:-1, max-image-preview:large, max-video-preview:-1\" \/>\n<link rel=\"canonical\" href=\"https:\/\/www.ladiagonale.net\/index.php\/2023\/10\/17\/akliouche-et-matsima-participent-au-festival-des-bleuets\/\" \/>\n<meta property=\"og:locale\" content=\"fr_FR\" \/>\n<meta property=\"og:type\" content=\"article\" \/>\n<meta property=\"og:title\" content=\"Akliouche et Matsima participent au festival des Bleuets - La Diagonale\" \/>\n<meta property=\"og:description\" content=\"L&rsquo;\u00e9quipe de France Espoirs n&rsquo;a pas fait dans la dentelle face \u00e0 Chypre. Les hommes de Thierry Henry ont \u00e9trill\u00e9 leur adversaire (9-0) \u00e0 l&rsquo;occasion de leur troisi\u00e8me match des \u00e9liminatoires de l&rsquo;Euro Espoirs 2025 et Maghnes Akliouche et Chrislain Matsima ont contribu\u00e9 \u00e0 ce succ\u00e8s. Les deux Mon\u00e9gasques ont \u00e9t\u00e9 titularis\u00e9s dans cette rencontre [...]\" \/>\n<meta property=\"og:url\" content=\"https:\/\/www.ladiagonale.net\/index.php\/2023\/10\/17\/akliouche-et-matsima-participent-au-festival-des-bleuets\/\" \/>\n<meta property=\"og:site_name\" content=\"La Diagonale\" \/>\n<meta property=\"article:published_time\" content=\"2023-10-17T18:38:34+00:00\" \/>\n<meta property=\"article:modified_time\" content=\"2023-10-17T18:49:17+00:00\" \/>\n<meta property=\"og:image\" content=\"https:\/\/www.ladiagonale.net\/wp-content\/uploads\/2023\/08\/akliouche-1.png\" \/>\n\t<meta property=\"og:image:width\" content=\"1160\" \/>\n\t<meta property=\"og:image:height\" content=\"650\" \/>\n\t<meta property=\"og:image:type\" content=\"image\/png\" \/>\n<meta name=\"author\" content=\"Damien Dellerba\" \/>\n<meta name=\"twitter:card\" content=\"summary_large_image\" \/>\n<meta name=\"twitter:image\" content=\"https:\/\/www.ladiagonale.net\/wp-content\/uploads\/2023\/08\/akliouche-1.png\" \/>\n<meta name=\"twitter:label1\" content=\"\u00c9crit par\" \/>\n\t<meta name=\"twitter:data1\" content=\"Damien Dellerba\" \/>\n\t<meta name=\"twitter:label2\" content=\"Dur\u00e9e de lecture estim\u00e9e\" \/>\n\t<meta name=\"twitter:data2\" content=\"2 minutes\" \/>\n<script type=\"application\/ld+json\" class=\"yoast-schema-graph\">{\"@context\":\"https:\/\/schema.org\",\"@graph\":[{\"@type\":\"WebPage\",\"@id\":\"https:\/\/www.ladiagonale.net\/index.php\/2023\/10\/17\/akliouche-et-matsima-participent-au-festival-des-bleuets\/\",\"url\":\"https:\/\/www.ladiagonale.net\/index.php\/2023\/10\/17\/akliouche-et-matsima-participent-au-festival-des-bleuets\/\",\"name\":\"Akliouche et Matsima participent au festival des Bleuets - La Diagonale\",\"isPartOf\":{\"@id\":\"https:\/\/www.ladiagonale.net\/#website\"},\"datePublished\":\"2023-10-17T18:38:34+00:00\",\"dateModified\":\"2023-10-17T18:49:17+00:00\",\"author\":{\"@id\":\"https:\/\/www.ladiagonale.net\/#\/schema\/person\/79ff1e7b0853ed01b2aa26e64ad300bf\"},\"breadcrumb\":{\"@id\":\"https:\/\/www.ladiagonale.net\/index.php\/2023\/10\/17\/akliouche-et-matsima-participent-au-festival-des-bleuets\/#breadcrumb\"},\"inLanguage\":\"fr-FR\",\"potentialAction\":[{\"@type\":\"ReadAction\",\"target\":[\"https:\/\/www.ladiagonale.net\/index.php\/2023\/10\/17\/akliouche-et-matsima-participent-au-festival-des-bleuets\/\"]}]},{\"@type\":\"BreadcrumbList\",\"@id\":\"https:\/\/www.ladiagonale.net\/index.php\/2023\/10\/17\/akliouche-et-matsima-participent-au-festival-des-bleuets\/#breadcrumb\",\"itemListElement\":[{\"@type\":\"ListItem\",\"position\":1,\"name\":\"Accueil\",\"item\":\"https:\/\/www.ladiagonale.net\/\"},{\"@type\":\"ListItem\",\"position\":2,\"name\":\"Akliouche et Matsima participent au festival des Bleuets\"}]},{\"@type\":\"WebSite\",\"@id\":\"https:\/\/www.ladiagonale.net\/#website\",\"url\":\"https:\/\/www.ladiagonale.net\/\",\"name\":\"La Diagonale\",\"description\":\"Le site des supporters de l&#039;AS Monaco FC\",\"potentialAction\":[{\"@type\":\"SearchAction\",\"target\":{\"@type\":\"EntryPoint\",\"urlTemplate\":\"https:\/\/www.ladiagonale.net\/?s={search_term_string}\"},\"query-input\":\"required name=search_term_string\"}],\"inLanguage\":\"fr-FR\"},{\"@type\":\"Person\",\"@id\":\"https:\/\/www.ladiagonale.net\/#\/schema\/person\/79ff1e7b0853ed01b2aa26e64ad300bf\",\"name\":\"Damien Dellerba\",\"image\":{\"@type\":\"ImageObject\",\"inLanguage\":\"fr-FR\",\"@id\":\"https:\/\/www.ladiagonale.net\/#\/schema\/person\/image\/\",\"url\":\"https:\/\/secure.gravatar.com\/avatar\/c7850e06d3ff63cdbaee88b7fc16e2f0?s=96&d=mm&r=g\",\"contentUrl\":\"https:\/\/secure.gravatar.com\/avatar\/c7850e06d3ff63cdbaee88b7fc16e2f0?s=96&d=mm&r=g\",\"caption\":\"Damien Dellerba\"},\"url\":\"https:\/\/www.ladiagonale.net\/index.php\/author\/damien\/\"}]}<\/script>\n<!-- \/ Yoast SEO plugin. -->","yoast_head_json":{"title":"Akliouche et Matsima participent au festival des Bleuets - La Diagonale","robots":{"index":"index","follow":"follow","max-snippet":"max-snippet:-1","max-image-preview":"max-image-preview:large","max-video-preview":"max-video-preview:-1"},"canonical":"https:\/\/www.ladiagonale.net\/index.php\/2023\/10\/17\/akliouche-et-matsima-participent-au-festival-des-bleuets\/","og_locale":"fr_FR","og_type":"article","og_title":"Akliouche et Matsima participent au festival des Bleuets - La Diagonale","og_description":"L&rsquo;\u00e9quipe de France Espoirs n&rsquo;a pas fait dans la dentelle face \u00e0 Chypre. Les hommes de Thierry Henry ont \u00e9trill\u00e9 leur adversaire (9-0) \u00e0 l&rsquo;occasion de leur troisi\u00e8me match des \u00e9liminatoires de l&rsquo;Euro Espoirs 2025 et Maghnes Akliouche et Chrislain Matsima ont contribu\u00e9 \u00e0 ce succ\u00e8s. Les deux Mon\u00e9gasques ont \u00e9t\u00e9 titularis\u00e9s dans cette rencontre [...]","og_url":"https:\/\/www.ladiagonale.net\/index.php\/2023\/10\/17\/akliouche-et-matsima-participent-au-festival-des-bleuets\/","og_site_name":"La Diagonale","article_published_time":"2023-10-17T18:38:34+00:00","article_modified_time":"2023-10-17T18:49:17+00:00","og_image":[{"width":1160,"height":650,"url":"https:\/\/www.ladiagonale.net\/wp-content\/uploads\/2023\/08\/akliouche-1.png","type":"image\/png"}],"author":"Damien Dellerba","twitter_card":"summary_large_image","twitter_image":"https:\/\/www.ladiagonale.net\/wp-content\/uploads\/2023\/08\/akliouche-1.png","twitter_misc":{"\u00c9crit par":"Damien Dellerba","Dur\u00e9e de lecture estim\u00e9e":"2 minutes"},"schema":{"@context":"https:\/\/schema.org","@graph":[{"@type":"WebPage","@id":"https:\/\/www.ladiagonale.net\/index.php\/2023\/10\/17\/akliouche-et-matsima-participent-au-festival-des-bleuets\/","url":"https:\/\/www.ladiagonale.net\/index.php\/2023\/10\/17\/akliouche-et-matsima-participent-au-festival-des-bleuets\/","name":"Akliouche et Matsima participent au festival des Bleuets - La Diagonale","isPartOf":{"@id":"https:\/\/www.ladiagonale.net\/#website"},"datePublished":"2023-10-17T18:38:34+00:00","dateModified":"2023-10-17T18:49:17+00:00","author":{"@id":"https:\/\/www.ladiagonale.net\/#\/schema\/person\/79ff1e7b0853ed01b2aa26e64ad300bf"},"breadcrumb":{"@id":"https:\/\/www.ladiagonale.net\/index.php\/2023\/10\/17\/akliouche-et-matsima-participent-au-festival-des-bleuets\/#breadcrumb"},"inLanguage":"fr-FR","potentialAction":[{"@type":"ReadAction","target":["https:\/\/www.ladiagonale.net\/index.php\/2023\/10\/17\/akliouche-et-matsima-participent-au-festival-des-bleuets\/"]}]},{"@type":"BreadcrumbList","@id":"https:\/\/www.ladiagonale.net\/index.php\/2023\/10\/17\/akliouche-et-matsima-participent-au-festival-des-bleuets\/#breadcrumb","itemListElement":[{"@type":"ListItem","position":1,"name":"Accueil","item":"https:\/\/www.ladiagonale.net\/"},{"@type":"ListItem","position":2,"name":"Akliouche et Matsima participent au festival des Bleuets"}]},{"@type":"WebSite","@id":"https:\/\/www.ladiagonale.net\/#website","url":"https:\/\/www.ladiagonale.net\/","name":"La Diagonale","description":"Le site des supporters de l&#039;AS Monaco FC","potentialAction":[{"@type":"SearchAction","target":{"@type":"EntryPoint","urlTemplate":"https:\/\/www.ladiagonale.net\/?s={search_term_string}"},"query-input":"required name=search_term_string"}],"inLanguage":"fr-FR"},{"@type":"Person","@id":"https:\/\/www.ladiagonale.net\/#\/schema\/person\/79ff1e7b0853ed01b2aa26e64ad300bf","name":"Damien Dellerba","image":{"@type":"ImageObject","inLanguage":"fr-FR","@id":"https:\/\/www.ladiagonale.net\/#\/schema\/person\/image\/","url":"https:\/\/secure.gravatar.com\/avatar\/c7850e06d3ff63cdbaee88b7fc16e2f0?s=96&d=mm&r=g","contentUrl":"https:\/\/secure.gravatar.com\/avatar\/c7850e06d3ff63cdbaee88b7fc16e2f0?s=96&d=mm&r=g","caption":"Damien Dellerba"},"url":"https:\/\/www.ladiagonale.net\/index.php\/author\/damien\/"}]}},"_links":{"self":[{"href":"https:\/\/www.ladiagonale.net\/index.php\/wp-json\/wp\/v2\/posts\/17066"}],"collection":[{"href":"https:\/\/www.ladiagonale.net\/index.php\/wp-json\/wp\/v2\/posts"}],"about":[{"href":"https:\/\/www.ladiagonale.net\/index.php\/wp-json\/wp\/v2\/types\/post"}],"author":[{"embeddable":true,"href":"https:\/\/www.ladiagonale.net\/index.php\/wp-json\/wp\/v2\/users\/2"}],"replies":[{"embeddable":true,"href":"https:\/\/www.ladiagonale.net\/index.php\/wp-json\/wp\/v2\/comments?post=17066"}],"version-history":[{"count":2,"href":"https:\/\/www.ladiagonale.net\/index.php\/wp-json\/wp\/v2\/posts\/17066\/revisions"}],"predecessor-version":[{"id":17071,"href":"https:\/\/www.ladiagonale.net\/index.php\/wp-json\/wp\/v2\/posts\/17066\/revisions\/17071"}],"wp:attachment":[{"href":"https:\/\/www.ladiagonale.net\/index.php\/wp-json\/wp\/v2\/media?parent=17066"}],"wp:term":[{"taxonomy":"category","embeddable":true,"href":"https:\/\/www.ladiagonale.net\/index.php\/wp-json\/wp\/v2\/categories?post=17066"},{"taxonomy":"post_tag","embeddable":true,"href":"https:\/\/www.ladiagonale.net\/index.php\/wp-json\/wp\/v2\/tags?post=17066"}],"curies":[{"name":"wp","href":"https:\/\/api.w.org\/{rel}","templated":true}]}}