{"id":17076,"date":"2023-10-17T22:15:36","date_gmt":"2023-10-17T20:15:36","guid":{"rendered":"https:\/\/www.ladiagonale.net\/?p=17076"},"modified":"2023-10-17T22:18:46","modified_gmt":"2023-10-17T20:18:46","slug":"une-mi-temps-comme-milieu-offensif-pour-matazo-avec-les-espoirs","status":"publish","type":"post","link":"https:\/\/www.ladiagonale.net\/index.php\/2023\/10\/17\/une-mi-temps-comme-milieu-offensif-pour-matazo-avec-les-espoirs\/","title":{"rendered":"Une mi-temps comme milieu offensif pour Matazo avec les Espoirs"},"content":{"rendered":"\n\n\n<p>Face \u00e0 la Hongrie <em>(victoire 1-0)<\/em>, Eliot Matazo a encha\u00een\u00e9 avec une seconde titularisation pendant cette tr\u00eave internationale. Le milieu de terrain mon\u00e9gasque a \u00e9volu\u00e9 un peu plus haut qu&rsquo;\u00e0 l&rsquo;accoutum\u00e9e, puisqu&rsquo;il a \u00e9t\u00e9 align\u00e9 comme meneur dans le 3-4-2-1 concoct\u00e9 par le s\u00e9lectionneur des Espoirs Gill Swerts. Matazo n&rsquo;a toutefois pass\u00e9 que 45 minutes sur la pelouse, remplac\u00e9 \u00e0 la pause alors que le score \u00e9tait encore nul et vierge, pour un remaniement tactique.<\/p>\n\n\n\n<p><a href=\"https:\/\/www.ladiagonale.net\/index.php\/2023\/10\/17\/akliouche-et-matsima-participent-au-festival-des-bleuets\/\">\u00c0 l&rsquo;instar des Espoirs de l&rsquo;\u00e9quipe de France<\/a>, les Diablotins r\u00e9alisent un sans-faute pour l&rsquo;instant dans ces \u00e9liminatoires de l&rsquo;Euro Espoirs 2025, avec trois victoires en trois matches. Ils sont actuellement deuxi\u00e8mes de leur poule, \u00e0 \u00e9galit\u00e9 de points avec l&rsquo;Espagne, qui n&rsquo;a rien laiss\u00e9 en cours de route et qui pr\u00e9sente une meilleure diff\u00e9rence de buts.<\/p>\n","protected":false},"excerpt":{"rendered":"<p>Face \u00e0 la Hongrie (victoire 1-0), Eliot Matazo a encha\u00een\u00e9 avec une seconde titularisation pendant cette tr\u00eave internationale. Le milieu de terrain mon\u00e9gasque a \u00e9volu\u00e9 un peu plus haut qu&rsquo;\u00e0 l&rsquo;accoutum\u00e9e, puisqu&rsquo;il a \u00e9t\u00e9 align\u00e9 comme meneur dans le 3-4-2-1 concoct\u00e9 par le s\u00e9lectionneur des Espoirs Gill Swerts. Matazo n&rsquo;a toutefois pass\u00e9 que 45 minutes [&#8230;]\n","protected":false},"author":2,"featured_media":0,"comment_status":"open","ping_status":"open","sticky":false,"template":"","format":"standard","meta":[],"categories":[6],"tags":[86,150,145,311,116],"yoast_head":"<!-- This site is optimized with the Yoast SEO plugin v19.8 - https:\/\/yoast.com\/wordpress\/plugins\/seo\/ -->\n<title>Une mi-temps comme milieu offensif pour Matazo avec les Espoirs - La Diagonale<\/title>\n<meta name=\"robots\" content=\"index, follow, max-snippet:-1, max-image-preview:large, max-video-preview:-1\" \/>\n<link rel=\"canonical\" href=\"https:\/\/www.ladiagonale.net\/index.php\/2023\/10\/17\/une-mi-temps-comme-milieu-offensif-pour-matazo-avec-les-espoirs\/\" \/>\n<meta property=\"og:locale\" content=\"fr_FR\" \/>\n<meta property=\"og:type\" content=\"article\" \/>\n<meta property=\"og:title\" content=\"Une mi-temps comme milieu offensif pour Matazo avec les Espoirs - La Diagonale\" \/>\n<meta property=\"og:description\" content=\"Face \u00e0 la Hongrie (victoire 1-0), Eliot Matazo a encha\u00een\u00e9 avec une seconde titularisation pendant cette tr\u00eave internationale. Le milieu de terrain mon\u00e9gasque a \u00e9volu\u00e9 un peu plus haut qu&rsquo;\u00e0 l&rsquo;accoutum\u00e9e, puisqu&rsquo;il a \u00e9t\u00e9 align\u00e9 comme meneur dans le 3-4-2-1 concoct\u00e9 par le s\u00e9lectionneur des Espoirs Gill Swerts. Matazo n&rsquo;a toutefois pass\u00e9 que 45 minutes [...]\" \/>\n<meta property=\"og:url\" content=\"https:\/\/www.ladiagonale.net\/index.php\/2023\/10\/17\/une-mi-temps-comme-milieu-offensif-pour-matazo-avec-les-espoirs\/\" \/>\n<meta property=\"og:site_name\" content=\"La Diagonale\" \/>\n<meta property=\"article:published_time\" content=\"2023-10-17T20:15:36+00:00\" \/>\n<meta property=\"article:modified_time\" content=\"2023-10-17T20:18:46+00:00\" \/>\n<meta property=\"og:image\" content=\"https:\/\/www.ladiagonale.net\/wp-content\/uploads\/2023\/03\/matazo-belgique.png\" \/>\n\t<meta property=\"og:image:width\" content=\"1160\" \/>\n\t<meta property=\"og:image:height\" content=\"650\" \/>\n\t<meta property=\"og:image:type\" content=\"image\/png\" \/>\n<meta name=\"author\" content=\"Damien Dellerba\" \/>\n<meta name=\"twitter:card\" content=\"summary_large_image\" \/>\n<meta name=\"twitter:image\" content=\"https:\/\/www.ladiagonale.net\/wp-content\/uploads\/2023\/03\/matazo-belgique.png\" \/>\n<meta name=\"twitter:label1\" content=\"\u00c9crit par\" \/>\n\t<meta name=\"twitter:data1\" content=\"Damien Dellerba\" \/>\n\t<meta name=\"twitter:label2\" content=\"Dur\u00e9e de lecture estim\u00e9e\" \/>\n\t<meta name=\"twitter:data2\" content=\"1 minute\" \/>\n<script type=\"application\/ld+json\" class=\"yoast-schema-graph\">{\"@context\":\"https:\/\/schema.org\",\"@graph\":[{\"@type\":\"WebPage\",\"@id\":\"https:\/\/www.ladiagonale.net\/index.php\/2023\/10\/17\/une-mi-temps-comme-milieu-offensif-pour-matazo-avec-les-espoirs\/\",\"url\":\"https:\/\/www.ladiagonale.net\/index.php\/2023\/10\/17\/une-mi-temps-comme-milieu-offensif-pour-matazo-avec-les-espoirs\/\",\"name\":\"Une mi-temps comme milieu offensif pour Matazo avec les Espoirs - La Diagonale\",\"isPartOf\":{\"@id\":\"https:\/\/www.ladiagonale.net\/#website\"},\"datePublished\":\"2023-10-17T20:15:36+00:00\",\"dateModified\":\"2023-10-17T20:18:46+00:00\",\"author\":{\"@id\":\"https:\/\/www.ladiagonale.net\/#\/schema\/person\/79ff1e7b0853ed01b2aa26e64ad300bf\"},\"breadcrumb\":{\"@id\":\"https:\/\/www.ladiagonale.net\/index.php\/2023\/10\/17\/une-mi-temps-comme-milieu-offensif-pour-matazo-avec-les-espoirs\/#breadcrumb\"},\"inLanguage\":\"fr-FR\",\"potentialAction\":[{\"@type\":\"ReadAction\",\"target\":[\"https:\/\/www.ladiagonale.net\/index.php\/2023\/10\/17\/une-mi-temps-comme-milieu-offensif-pour-matazo-avec-les-espoirs\/\"]}]},{\"@type\":\"BreadcrumbList\",\"@id\":\"https:\/\/www.ladiagonale.net\/index.php\/2023\/10\/17\/une-mi-temps-comme-milieu-offensif-pour-matazo-avec-les-espoirs\/#breadcrumb\",\"itemListElement\":[{\"@type\":\"ListItem\",\"position\":1,\"name\":\"Accueil\",\"item\":\"https:\/\/www.ladiagonale.net\/\"},{\"@type\":\"ListItem\",\"position\":2,\"name\":\"Une mi-temps comme milieu offensif pour Matazo avec les Espoirs\"}]},{\"@type\":\"WebSite\",\"@id\":\"https:\/\/www.ladiagonale.net\/#website\",\"url\":\"https:\/\/www.ladiagonale.net\/\",\"name\":\"La Diagonale\",\"description\":\"Le site des supporters de l&#039;AS Monaco FC\",\"potentialAction\":[{\"@type\":\"SearchAction\",\"target\":{\"@type\":\"EntryPoint\",\"urlTemplate\":\"https:\/\/www.ladiagonale.net\/?s={search_term_string}\"},\"query-input\":\"required name=search_term_string\"}],\"inLanguage\":\"fr-FR\"},{\"@type\":\"Person\",\"@id\":\"https:\/\/www.ladiagonale.net\/#\/schema\/person\/79ff1e7b0853ed01b2aa26e64ad300bf\",\"name\":\"Damien Dellerba\",\"image\":{\"@type\":\"ImageObject\",\"inLanguage\":\"fr-FR\",\"@id\":\"https:\/\/www.ladiagonale.net\/#\/schema\/person\/image\/\",\"url\":\"https:\/\/secure.gravatar.com\/avatar\/c7850e06d3ff63cdbaee88b7fc16e2f0?s=96&d=mm&r=g\",\"contentUrl\":\"https:\/\/secure.gravatar.com\/avatar\/c7850e06d3ff63cdbaee88b7fc16e2f0?s=96&d=mm&r=g\",\"caption\":\"Damien Dellerba\"},\"url\":\"https:\/\/www.ladiagonale.net\/index.php\/author\/damien\/\"}]}<\/script>\n<!-- \/ Yoast SEO plugin. -->","yoast_head_json":{"title":"Une mi-temps comme milieu offensif pour Matazo avec les Espoirs - La Diagonale","robots":{"index":"index","follow":"follow","max-snippet":"max-snippet:-1","max-image-preview":"max-image-preview:large","max-video-preview":"max-video-preview:-1"},"canonical":"https:\/\/www.ladiagonale.net\/index.php\/2023\/10\/17\/une-mi-temps-comme-milieu-offensif-pour-matazo-avec-les-espoirs\/","og_locale":"fr_FR","og_type":"article","og_title":"Une mi-temps comme milieu offensif pour Matazo avec les Espoirs - La Diagonale","og_description":"Face \u00e0 la Hongrie (victoire 1-0), Eliot Matazo a encha\u00een\u00e9 avec une seconde titularisation pendant cette tr\u00eave internationale. Le milieu de terrain mon\u00e9gasque a \u00e9volu\u00e9 un peu plus haut qu&rsquo;\u00e0 l&rsquo;accoutum\u00e9e, puisqu&rsquo;il a \u00e9t\u00e9 align\u00e9 comme meneur dans le 3-4-2-1 concoct\u00e9 par le s\u00e9lectionneur des Espoirs Gill Swerts. Matazo n&rsquo;a toutefois pass\u00e9 que 45 minutes [...]","og_url":"https:\/\/www.ladiagonale.net\/index.php\/2023\/10\/17\/une-mi-temps-comme-milieu-offensif-pour-matazo-avec-les-espoirs\/","og_site_name":"La Diagonale","article_published_time":"2023-10-17T20:15:36+00:00","article_modified_time":"2023-10-17T20:18:46+00:00","og_image":[{"width":1160,"height":650,"url":"https:\/\/www.ladiagonale.net\/wp-content\/uploads\/2023\/03\/matazo-belgique.png","type":"image\/png"}],"author":"Damien Dellerba","twitter_card":"summary_large_image","twitter_image":"https:\/\/www.ladiagonale.net\/wp-content\/uploads\/2023\/03\/matazo-belgique.png","twitter_misc":{"\u00c9crit par":"Damien Dellerba","Dur\u00e9e de lecture estim\u00e9e":"1 minute"},"schema":{"@context":"https:\/\/schema.org","@graph":[{"@type":"WebPage","@id":"https:\/\/www.ladiagonale.net\/index.php\/2023\/10\/17\/une-mi-temps-comme-milieu-offensif-pour-matazo-avec-les-espoirs\/","url":"https:\/\/www.ladiagonale.net\/index.php\/2023\/10\/17\/une-mi-temps-comme-milieu-offensif-pour-matazo-avec-les-espoirs\/","name":"Une mi-temps comme milieu offensif pour Matazo avec les Espoirs - La Diagonale","isPartOf":{"@id":"https:\/\/www.ladiagonale.net\/#website"},"datePublished":"2023-10-17T20:15:36+00:00","dateModified":"2023-10-17T20:18:46+00:00","author":{"@id":"https:\/\/www.ladiagonale.net\/#\/schema\/person\/79ff1e7b0853ed01b2aa26e64ad300bf"},"breadcrumb":{"@id":"https:\/\/www.ladiagonale.net\/index.php\/2023\/10\/17\/une-mi-temps-comme-milieu-offensif-pour-matazo-avec-les-espoirs\/#breadcrumb"},"inLanguage":"fr-FR","potentialAction":[{"@type":"ReadAction","target":["https:\/\/www.ladiagonale.net\/index.php\/2023\/10\/17\/une-mi-temps-comme-milieu-offensif-pour-matazo-avec-les-espoirs\/"]}]},{"@type":"BreadcrumbList","@id":"https:\/\/www.ladiagonale.net\/index.php\/2023\/10\/17\/une-mi-temps-comme-milieu-offensif-pour-matazo-avec-les-espoirs\/#breadcrumb","itemListElement":[{"@type":"ListItem","position":1,"name":"Accueil","item":"https:\/\/www.ladiagonale.net\/"},{"@type":"ListItem","position":2,"name":"Une mi-temps comme milieu offensif pour Matazo avec les Espoirs"}]},{"@type":"WebSite","@id":"https:\/\/www.ladiagonale.net\/#website","url":"https:\/\/www.ladiagonale.net\/","name":"La Diagonale","description":"Le site des supporters de l&#039;AS Monaco FC","potentialAction":[{"@type":"SearchAction","target":{"@type":"EntryPoint","urlTemplate":"https:\/\/www.ladiagonale.net\/?s={search_term_string}"},"query-input":"required name=search_term_string"}],"inLanguage":"fr-FR"},{"@type":"Person","@id":"https:\/\/www.ladiagonale.net\/#\/schema\/person\/79ff1e7b0853ed01b2aa26e64ad300bf","name":"Damien Dellerba","image":{"@type":"ImageObject","inLanguage":"fr-FR","@id":"https:\/\/www.ladiagonale.net\/#\/schema\/person\/image\/","url":"https:\/\/secure.gravatar.com\/avatar\/c7850e06d3ff63cdbaee88b7fc16e2f0?s=96&d=mm&r=g","contentUrl":"https:\/\/secure.gravatar.com\/avatar\/c7850e06d3ff63cdbaee88b7fc16e2f0?s=96&d=mm&r=g","caption":"Damien Dellerba"},"url":"https:\/\/www.ladiagonale.net\/index.php\/author\/damien\/"}]}},"_links":{"self":[{"href":"https:\/\/www.ladiagonale.net\/index.php\/wp-json\/wp\/v2\/posts\/17076"}],"collection":[{"href":"https:\/\/www.ladiagonale.net\/index.php\/wp-json\/wp\/v2\/posts"}],"about":[{"href":"https:\/\/www.ladiagonale.net\/index.php\/wp-json\/wp\/v2\/types\/post"}],"author":[{"embeddable":true,"href":"https:\/\/www.ladiagonale.net\/index.php\/wp-json\/wp\/v2\/users\/2"}],"replies":[{"embeddable":true,"href":"https:\/\/www.ladiagonale.net\/index.php\/wp-json\/wp\/v2\/comments?post=17076"}],"version-history":[{"count":2,"href":"https:\/\/www.ladiagonale.net\/index.php\/wp-json\/wp\/v2\/posts\/17076\/revisions"}],"predecessor-version":[{"id":17080,"href":"https:\/\/www.ladiagonale.net\/index.php\/wp-json\/wp\/v2\/posts\/17076\/revisions\/17080"}],"wp:attachment":[{"href":"https:\/\/www.ladiagonale.net\/index.php\/wp-json\/wp\/v2\/media?parent=17076"}],"wp:term":[{"taxonomy":"category","embeddable":true,"href":"https:\/\/www.ladiagonale.net\/index.php\/wp-json\/wp\/v2\/categories?post=17076"},{"taxonomy":"post_tag","embeddable":true,"href":"https:\/\/www.ladiagonale.net\/index.php\/wp-json\/wp\/v2\/tags?post=17076"}],"curies":[{"name":"wp","href":"https:\/\/api.w.org\/{rel}","templated":true}]}}