{"id":17241,"date":"2023-10-20T00:50:39","date_gmt":"2023-10-19T22:50:39","guid":{"rendered":"https:\/\/www.ladiagonale.net\/?p=17241"},"modified":"2023-10-20T02:24:04","modified_gmt":"2023-10-20T00:24:04","slug":"des-auditions-et-des-confrontations-a-venir-pour-ben-yedder","status":"publish","type":"post","link":"https:\/\/www.ladiagonale.net\/index.php\/2023\/10\/20\/des-auditions-et-des-confrontations-a-venir-pour-ben-yedder\/","title":{"rendered":"Des auditions et des confrontations \u00e0 venir pour Ben Yedder"},"content":{"rendered":"\n<p>L\u2019<a href=\"https:\/\/www.ladiagonale.net\/index.php\/2023\/08\/11\/ben-yedder-mis-en-examen-pour-viol-tentative-de-viol-et-agression-sexuelle\/\">instruction judiciaire qui concerne Wissam Ben Yedder<\/a> et son fr\u00e8re, tous deux mis en examen depuis le 11 ao\u00fbt pour \u00ab&nbsp;viol, tentative de viol et agression sexuelle&nbsp;\u00bb, suit son cours. Une enqu\u00eate du quotidien <em>L\u2019\u00c9quipe<\/em> a donn\u00e9 <a href=\"https:\/\/www.lequipe.fr\/Football\/Article\/Une-soiree-deux-versions-le-recit-des-faits-qui-ont-conduit-a-la-mise-en-examen-de-wissam-ben-yedder-pour-viol\/1426319\">de nombreux d\u00e9tails sur la soir\u00e9e du 10 juillet<\/a> que Ben Yedder et son fr\u00e8re ont pass\u00e9 en compagnie de deux jeunes femmes et qui les accusent aujourd\u2019hui. La lumi\u00e8re doit \u00eatre encore faite sur cette affaire par la justice, mais deux versions s\u2019affrontent avec notamment le capitaine mon\u00e9gasque <a href=\"https:\/\/www.ladiagonale.net\/index.php\/2023\/08\/23\/ben-yedder-conteste-fermement-les-accusations-dont-il-fait-lobjet\/\">qui nie les faits qui lui sont reproch\u00e9s<\/a>, et le journal sportif indique que des auditions et des confrontations devraient avoir lieu prochainement avec les victimes pr\u00e9sum\u00e9es.<\/p>\n\n\n\n<p>On apprend \u00e9galement que l\u2019international tricolore traverserait la p\u00e9riode actuelle avec un certain \u00ab\u00a0<em>mal-\u00eatre<\/em>\u00a0\u00bb, tant sur le plan personnel que professionnel, et serait suivi sur le plan psychologique. Sa mise en examen lui aurait impos\u00e9 de pointer au commissariat de fa\u00e7on r\u00e9guli\u00e8re et l\u2019emp\u00eacherait de pouvoir communiquer avec les deux jeunes femmes mais aussi son fr\u00e8re. Enfin, Ben Yedder aurait \u00e9t\u00e9 oblig\u00e9 de vivre au Centre de Performance de La Turbie avec interdiction d\u2019en sortir entre minuit et 7 heures du matin, \u00e0 l\u2019exception des jours de match. Le club et l\u2019entourage du joueur ont toutefois indiqu\u00e9 que cela aurait \u00e9t\u00e9 uniquement temporaire, dans l\u2019attente de trouver un logement.<\/p>\n\n\n","protected":false},"excerpt":{"rendered":"<p>L\u2019instruction judiciaire qui concerne Wissam Ben Yedder et son fr\u00e8re, tous deux mis en examen depuis le 11 ao\u00fbt pour \u00ab&nbsp;viol, tentative de viol et agression sexuelle&nbsp;\u00bb, suit son cours. Une enqu\u00eate du quotidien L\u2019\u00c9quipe a donn\u00e9 de nombreux d\u00e9tails sur la soir\u00e9e du 10 juillet que Ben Yedder et son fr\u00e8re ont pass\u00e9 en [&#8230;]\n","protected":false},"author":2,"featured_media":0,"comment_status":"open","ping_status":"open","sticky":false,"template":"","format":"standard","meta":[],"categories":[6],"tags":[401,175],"yoast_head":"<!-- This site is optimized with the Yoast SEO plugin v19.8 - https:\/\/yoast.com\/wordpress\/plugins\/seo\/ -->\n<title>Des auditions et des confrontations \u00e0 venir pour Ben Yedder - La Diagonale<\/title>\n<meta name=\"robots\" content=\"index, follow, max-snippet:-1, max-image-preview:large, max-video-preview:-1\" \/>\n<link rel=\"canonical\" href=\"https:\/\/www.ladiagonale.net\/index.php\/2023\/10\/20\/des-auditions-et-des-confrontations-a-venir-pour-ben-yedder\/\" \/>\n<meta property=\"og:locale\" content=\"fr_FR\" \/>\n<meta property=\"og:type\" content=\"article\" \/>\n<meta property=\"og:title\" content=\"Des auditions et des confrontations \u00e0 venir pour Ben Yedder - La Diagonale\" \/>\n<meta property=\"og:description\" content=\"L\u2019instruction judiciaire qui concerne Wissam Ben Yedder et son fr\u00e8re, tous deux mis en examen depuis le 11 ao\u00fbt pour \u00ab&nbsp;viol, tentative de viol et agression sexuelle&nbsp;\u00bb, suit son cours. Une enqu\u00eate du quotidien L\u2019\u00c9quipe a donn\u00e9 de nombreux d\u00e9tails sur la soir\u00e9e du 10 juillet que Ben Yedder et son fr\u00e8re ont pass\u00e9 en [...]\" \/>\n<meta property=\"og:url\" content=\"https:\/\/www.ladiagonale.net\/index.php\/2023\/10\/20\/des-auditions-et-des-confrontations-a-venir-pour-ben-yedder\/\" \/>\n<meta property=\"og:site_name\" content=\"La Diagonale\" \/>\n<meta property=\"article:published_time\" content=\"2023-10-19T22:50:39+00:00\" \/>\n<meta property=\"article:modified_time\" content=\"2023-10-20T00:24:04+00:00\" \/>\n<meta property=\"og:image\" content=\"https:\/\/www.ladiagonale.net\/wp-content\/uploads\/2023\/04\/ben-yedder5.png\" \/>\n\t<meta property=\"og:image:width\" content=\"1160\" \/>\n\t<meta property=\"og:image:height\" content=\"650\" \/>\n\t<meta property=\"og:image:type\" content=\"image\/png\" \/>\n<meta name=\"author\" content=\"Damien Dellerba\" \/>\n<meta name=\"twitter:card\" content=\"summary_large_image\" \/>\n<meta name=\"twitter:image\" content=\"https:\/\/www.ladiagonale.net\/wp-content\/uploads\/2023\/04\/ben-yedder5.png\" \/>\n<meta name=\"twitter:label1\" content=\"\u00c9crit par\" \/>\n\t<meta name=\"twitter:data1\" content=\"Damien Dellerba\" \/>\n\t<meta name=\"twitter:label2\" content=\"Dur\u00e9e de lecture estim\u00e9e\" \/>\n\t<meta name=\"twitter:data2\" content=\"2 minutes\" \/>\n<script type=\"application\/ld+json\" class=\"yoast-schema-graph\">{\"@context\":\"https:\/\/schema.org\",\"@graph\":[{\"@type\":\"WebPage\",\"@id\":\"https:\/\/www.ladiagonale.net\/index.php\/2023\/10\/20\/des-auditions-et-des-confrontations-a-venir-pour-ben-yedder\/\",\"url\":\"https:\/\/www.ladiagonale.net\/index.php\/2023\/10\/20\/des-auditions-et-des-confrontations-a-venir-pour-ben-yedder\/\",\"name\":\"Des auditions et des confrontations \u00e0 venir pour Ben Yedder - La Diagonale\",\"isPartOf\":{\"@id\":\"https:\/\/www.ladiagonale.net\/#website\"},\"datePublished\":\"2023-10-19T22:50:39+00:00\",\"dateModified\":\"2023-10-20T00:24:04+00:00\",\"author\":{\"@id\":\"https:\/\/www.ladiagonale.net\/#\/schema\/person\/79ff1e7b0853ed01b2aa26e64ad300bf\"},\"breadcrumb\":{\"@id\":\"https:\/\/www.ladiagonale.net\/index.php\/2023\/10\/20\/des-auditions-et-des-confrontations-a-venir-pour-ben-yedder\/#breadcrumb\"},\"inLanguage\":\"fr-FR\",\"potentialAction\":[{\"@type\":\"ReadAction\",\"target\":[\"https:\/\/www.ladiagonale.net\/index.php\/2023\/10\/20\/des-auditions-et-des-confrontations-a-venir-pour-ben-yedder\/\"]}]},{\"@type\":\"BreadcrumbList\",\"@id\":\"https:\/\/www.ladiagonale.net\/index.php\/2023\/10\/20\/des-auditions-et-des-confrontations-a-venir-pour-ben-yedder\/#breadcrumb\",\"itemListElement\":[{\"@type\":\"ListItem\",\"position\":1,\"name\":\"Accueil\",\"item\":\"https:\/\/www.ladiagonale.net\/\"},{\"@type\":\"ListItem\",\"position\":2,\"name\":\"Des auditions et des confrontations \u00e0 venir pour Ben Yedder\"}]},{\"@type\":\"WebSite\",\"@id\":\"https:\/\/www.ladiagonale.net\/#website\",\"url\":\"https:\/\/www.ladiagonale.net\/\",\"name\":\"La Diagonale\",\"description\":\"Le site des supporters de l&#039;AS Monaco FC\",\"potentialAction\":[{\"@type\":\"SearchAction\",\"target\":{\"@type\":\"EntryPoint\",\"urlTemplate\":\"https:\/\/www.ladiagonale.net\/?s={search_term_string}\"},\"query-input\":\"required name=search_term_string\"}],\"inLanguage\":\"fr-FR\"},{\"@type\":\"Person\",\"@id\":\"https:\/\/www.ladiagonale.net\/#\/schema\/person\/79ff1e7b0853ed01b2aa26e64ad300bf\",\"name\":\"Damien Dellerba\",\"image\":{\"@type\":\"ImageObject\",\"inLanguage\":\"fr-FR\",\"@id\":\"https:\/\/www.ladiagonale.net\/#\/schema\/person\/image\/\",\"url\":\"https:\/\/secure.gravatar.com\/avatar\/c7850e06d3ff63cdbaee88b7fc16e2f0?s=96&d=mm&r=g\",\"contentUrl\":\"https:\/\/secure.gravatar.com\/avatar\/c7850e06d3ff63cdbaee88b7fc16e2f0?s=96&d=mm&r=g\",\"caption\":\"Damien Dellerba\"},\"url\":\"https:\/\/www.ladiagonale.net\/index.php\/author\/damien\/\"}]}<\/script>\n<!-- \/ Yoast SEO plugin. -->","yoast_head_json":{"title":"Des auditions et des confrontations \u00e0 venir pour Ben Yedder - La Diagonale","robots":{"index":"index","follow":"follow","max-snippet":"max-snippet:-1","max-image-preview":"max-image-preview:large","max-video-preview":"max-video-preview:-1"},"canonical":"https:\/\/www.ladiagonale.net\/index.php\/2023\/10\/20\/des-auditions-et-des-confrontations-a-venir-pour-ben-yedder\/","og_locale":"fr_FR","og_type":"article","og_title":"Des auditions et des confrontations \u00e0 venir pour Ben Yedder - La Diagonale","og_description":"L\u2019instruction judiciaire qui concerne Wissam Ben Yedder et son fr\u00e8re, tous deux mis en examen depuis le 11 ao\u00fbt pour \u00ab&nbsp;viol, tentative de viol et agression sexuelle&nbsp;\u00bb, suit son cours. Une enqu\u00eate du quotidien L\u2019\u00c9quipe a donn\u00e9 de nombreux d\u00e9tails sur la soir\u00e9e du 10 juillet que Ben Yedder et son fr\u00e8re ont pass\u00e9 en [...]","og_url":"https:\/\/www.ladiagonale.net\/index.php\/2023\/10\/20\/des-auditions-et-des-confrontations-a-venir-pour-ben-yedder\/","og_site_name":"La Diagonale","article_published_time":"2023-10-19T22:50:39+00:00","article_modified_time":"2023-10-20T00:24:04+00:00","og_image":[{"width":1160,"height":650,"url":"https:\/\/www.ladiagonale.net\/wp-content\/uploads\/2023\/04\/ben-yedder5.png","type":"image\/png"}],"author":"Damien Dellerba","twitter_card":"summary_large_image","twitter_image":"https:\/\/www.ladiagonale.net\/wp-content\/uploads\/2023\/04\/ben-yedder5.png","twitter_misc":{"\u00c9crit par":"Damien Dellerba","Dur\u00e9e de lecture estim\u00e9e":"2 minutes"},"schema":{"@context":"https:\/\/schema.org","@graph":[{"@type":"WebPage","@id":"https:\/\/www.ladiagonale.net\/index.php\/2023\/10\/20\/des-auditions-et-des-confrontations-a-venir-pour-ben-yedder\/","url":"https:\/\/www.ladiagonale.net\/index.php\/2023\/10\/20\/des-auditions-et-des-confrontations-a-venir-pour-ben-yedder\/","name":"Des auditions et des confrontations \u00e0 venir pour Ben Yedder - La Diagonale","isPartOf":{"@id":"https:\/\/www.ladiagonale.net\/#website"},"datePublished":"2023-10-19T22:50:39+00:00","dateModified":"2023-10-20T00:24:04+00:00","author":{"@id":"https:\/\/www.ladiagonale.net\/#\/schema\/person\/79ff1e7b0853ed01b2aa26e64ad300bf"},"breadcrumb":{"@id":"https:\/\/www.ladiagonale.net\/index.php\/2023\/10\/20\/des-auditions-et-des-confrontations-a-venir-pour-ben-yedder\/#breadcrumb"},"inLanguage":"fr-FR","potentialAction":[{"@type":"ReadAction","target":["https:\/\/www.ladiagonale.net\/index.php\/2023\/10\/20\/des-auditions-et-des-confrontations-a-venir-pour-ben-yedder\/"]}]},{"@type":"BreadcrumbList","@id":"https:\/\/www.ladiagonale.net\/index.php\/2023\/10\/20\/des-auditions-et-des-confrontations-a-venir-pour-ben-yedder\/#breadcrumb","itemListElement":[{"@type":"ListItem","position":1,"name":"Accueil","item":"https:\/\/www.ladiagonale.net\/"},{"@type":"ListItem","position":2,"name":"Des auditions et des confrontations \u00e0 venir pour Ben Yedder"}]},{"@type":"WebSite","@id":"https:\/\/www.ladiagonale.net\/#website","url":"https:\/\/www.ladiagonale.net\/","name":"La Diagonale","description":"Le site des supporters de l&#039;AS Monaco FC","potentialAction":[{"@type":"SearchAction","target":{"@type":"EntryPoint","urlTemplate":"https:\/\/www.ladiagonale.net\/?s={search_term_string}"},"query-input":"required name=search_term_string"}],"inLanguage":"fr-FR"},{"@type":"Person","@id":"https:\/\/www.ladiagonale.net\/#\/schema\/person\/79ff1e7b0853ed01b2aa26e64ad300bf","name":"Damien Dellerba","image":{"@type":"ImageObject","inLanguage":"fr-FR","@id":"https:\/\/www.ladiagonale.net\/#\/schema\/person\/image\/","url":"https:\/\/secure.gravatar.com\/avatar\/c7850e06d3ff63cdbaee88b7fc16e2f0?s=96&d=mm&r=g","contentUrl":"https:\/\/secure.gravatar.com\/avatar\/c7850e06d3ff63cdbaee88b7fc16e2f0?s=96&d=mm&r=g","caption":"Damien Dellerba"},"url":"https:\/\/www.ladiagonale.net\/index.php\/author\/damien\/"}]}},"_links":{"self":[{"href":"https:\/\/www.ladiagonale.net\/index.php\/wp-json\/wp\/v2\/posts\/17241"}],"collection":[{"href":"https:\/\/www.ladiagonale.net\/index.php\/wp-json\/wp\/v2\/posts"}],"about":[{"href":"https:\/\/www.ladiagonale.net\/index.php\/wp-json\/wp\/v2\/types\/post"}],"author":[{"embeddable":true,"href":"https:\/\/www.ladiagonale.net\/index.php\/wp-json\/wp\/v2\/users\/2"}],"replies":[{"embeddable":true,"href":"https:\/\/www.ladiagonale.net\/index.php\/wp-json\/wp\/v2\/comments?post=17241"}],"version-history":[{"count":2,"href":"https:\/\/www.ladiagonale.net\/index.php\/wp-json\/wp\/v2\/posts\/17241\/revisions"}],"predecessor-version":[{"id":17243,"href":"https:\/\/www.ladiagonale.net\/index.php\/wp-json\/wp\/v2\/posts\/17241\/revisions\/17243"}],"wp:attachment":[{"href":"https:\/\/www.ladiagonale.net\/index.php\/wp-json\/wp\/v2\/media?parent=17241"}],"wp:term":[{"taxonomy":"category","embeddable":true,"href":"https:\/\/www.ladiagonale.net\/index.php\/wp-json\/wp\/v2\/categories?post=17241"},{"taxonomy":"post_tag","embeddable":true,"href":"https:\/\/www.ladiagonale.net\/index.php\/wp-json\/wp\/v2\/tags?post=17241"}],"curies":[{"name":"wp","href":"https:\/\/api.w.org\/{rel}","templated":true}]}}