{"id":17275,"date":"2023-10-20T16:06:12","date_gmt":"2023-10-20T14:06:12","guid":{"rendered":"https:\/\/www.ladiagonale.net\/?p=17275"},"modified":"2023-10-20T17:06:45","modified_gmt":"2023-10-20T15:06:45","slug":"hutter-sur-le-potentiel-depart-dokou-le-mieux-pour-lui-comme-pour-nous","status":"publish","type":"post","link":"https:\/\/www.ladiagonale.net\/index.php\/2023\/10\/20\/hutter-sur-le-potentiel-depart-dokou-le-mieux-pour-lui-comme-pour-nous\/","title":{"rendered":"H\u00fctter sur le potentiel d\u00e9part d\u2019Okou : \u00abLe mieux pour lui comme pour nous\u00bb"},"content":{"rendered":"\n\n\n<p>Il y a quelques jours, <em>Corse-Matin<\/em> avait r\u00e9v\u00e9l\u00e9 que le d\u00e9fenseur central de l&rsquo;AS Monaco Yllan Okou <a href=\"https:\/\/www.ladiagonale.net\/index.php\/2023\/10\/17\/okou-pourrait-signer-a-bastia\/\">\u00e9tait en partance pour le SC Bastia<\/a>. Le club corse, pensionnaire de Ligue 2, cherche \u00e0 recruter un joker et son choix s&rsquo;est port\u00e9 sur le jeune d\u00e9fenseur mon\u00e9gasque (20 ans). <em>L&rsquo;\u00c9quipe<\/em> avait \u00e9galement confirm\u00e9 l&rsquo;information, indiquant que le club de la Principaut\u00e9 pourrait recevoir \u00ab <em>une petite indemnit\u00e9 ainsi qu&rsquo;un pourcentage sur une potentielle revente.<\/em> \u00bb En conf\u00e9rence de presse, H\u00fctter s&rsquo;est exprim\u00e9 sur le sujet.<\/p>\n\n\n\n<p>\u00ab&nbsp;<em>Nous avons un effectif fourni et comme je l\u2019avais dit au d\u00e9but, je ne veux pas m\u2019entra\u00eener avec 27-28 joueurs alors que nous ne jouons que les comp\u00e9titions nationales. Pour l\u2019Europe, vous avez besoin d\u2019un plus gros effectif mais l\u00e0 c\u2019est trop. J\u2019esp\u00e8re que l\u2019on trouvera un bon accord avec Yllan car c\u2019est un bon joueur. Quand ce sera fait, je serai heureux pour les deux parties. Le club r\u00e9cup\u00e9rera un bon joueur et Yllan pourra avoir du temps de jeu. Ce sera le mieux pour lui comme pour nous.<\/em>&nbsp;\u00bb<\/p>\n","protected":false},"excerpt":{"rendered":"<p>Il y a quelques jours, Corse-Matin avait r\u00e9v\u00e9l\u00e9 que le d\u00e9fenseur central de l&rsquo;AS Monaco Yllan Okou \u00e9tait en partance pour le SC Bastia. Le club corse, pensionnaire de Ligue 2, cherche \u00e0 recruter un joker et son choix s&rsquo;est port\u00e9 sur le jeune d\u00e9fenseur mon\u00e9gasque (20 ans). L&rsquo;\u00c9quipe avait \u00e9galement confirm\u00e9 l&rsquo;information, indiquant que [&#8230;]\n","protected":false},"author":2,"featured_media":0,"comment_status":"open","ping_status":"open","sticky":false,"template":"","format":"standard","meta":[],"categories":[6],"tags":[576,86,714,716,110,656],"yoast_head":"<!-- This site is optimized with the Yoast SEO plugin v19.8 - https:\/\/yoast.com\/wordpress\/plugins\/seo\/ -->\n<title>H\u00fctter sur le potentiel d\u00e9part d\u2019Okou : \u00abLe mieux pour lui comme pour nous\u00bb - La Diagonale<\/title>\n<meta name=\"robots\" content=\"index, follow, max-snippet:-1, max-image-preview:large, max-video-preview:-1\" \/>\n<link rel=\"canonical\" href=\"https:\/\/www.ladiagonale.net\/index.php\/2023\/10\/20\/hutter-sur-le-potentiel-depart-dokou-le-mieux-pour-lui-comme-pour-nous\/\" \/>\n<meta property=\"og:locale\" content=\"fr_FR\" \/>\n<meta property=\"og:type\" content=\"article\" \/>\n<meta property=\"og:title\" content=\"H\u00fctter sur le potentiel d\u00e9part d\u2019Okou : \u00abLe mieux pour lui comme pour nous\u00bb - La Diagonale\" \/>\n<meta property=\"og:description\" content=\"Il y a quelques jours, Corse-Matin avait r\u00e9v\u00e9l\u00e9 que le d\u00e9fenseur central de l&rsquo;AS Monaco Yllan Okou \u00e9tait en partance pour le SC Bastia. Le club corse, pensionnaire de Ligue 2, cherche \u00e0 recruter un joker et son choix s&rsquo;est port\u00e9 sur le jeune d\u00e9fenseur mon\u00e9gasque (20 ans). L&rsquo;\u00c9quipe avait \u00e9galement confirm\u00e9 l&rsquo;information, indiquant que [...]\" \/>\n<meta property=\"og:url\" content=\"https:\/\/www.ladiagonale.net\/index.php\/2023\/10\/20\/hutter-sur-le-potentiel-depart-dokou-le-mieux-pour-lui-comme-pour-nous\/\" \/>\n<meta property=\"og:site_name\" content=\"La Diagonale\" \/>\n<meta property=\"article:published_time\" content=\"2023-10-20T14:06:12+00:00\" \/>\n<meta property=\"article:modified_time\" content=\"2023-10-20T15:06:45+00:00\" \/>\n<meta property=\"og:image\" content=\"https:\/\/www.ladiagonale.net\/wp-content\/uploads\/2023\/10\/okou.png\" \/>\n\t<meta property=\"og:image:width\" content=\"1160\" \/>\n\t<meta property=\"og:image:height\" content=\"650\" \/>\n\t<meta property=\"og:image:type\" content=\"image\/png\" \/>\n<meta name=\"author\" content=\"Damien Dellerba\" \/>\n<meta name=\"twitter:card\" content=\"summary_large_image\" \/>\n<meta name=\"twitter:image\" content=\"https:\/\/www.ladiagonale.net\/wp-content\/uploads\/2023\/10\/okou.png\" \/>\n<meta name=\"twitter:label1\" content=\"\u00c9crit par\" \/>\n\t<meta name=\"twitter:data1\" content=\"Damien Dellerba\" \/>\n<script type=\"application\/ld+json\" class=\"yoast-schema-graph\">{\"@context\":\"https:\/\/schema.org\",\"@graph\":[{\"@type\":\"WebPage\",\"@id\":\"https:\/\/www.ladiagonale.net\/index.php\/2023\/10\/20\/hutter-sur-le-potentiel-depart-dokou-le-mieux-pour-lui-comme-pour-nous\/\",\"url\":\"https:\/\/www.ladiagonale.net\/index.php\/2023\/10\/20\/hutter-sur-le-potentiel-depart-dokou-le-mieux-pour-lui-comme-pour-nous\/\",\"name\":\"H\u00fctter sur le potentiel d\u00e9part d\u2019Okou : \u00abLe mieux pour lui comme pour nous\u00bb - La Diagonale\",\"isPartOf\":{\"@id\":\"https:\/\/www.ladiagonale.net\/#website\"},\"datePublished\":\"2023-10-20T14:06:12+00:00\",\"dateModified\":\"2023-10-20T15:06:45+00:00\",\"author\":{\"@id\":\"https:\/\/www.ladiagonale.net\/#\/schema\/person\/79ff1e7b0853ed01b2aa26e64ad300bf\"},\"breadcrumb\":{\"@id\":\"https:\/\/www.ladiagonale.net\/index.php\/2023\/10\/20\/hutter-sur-le-potentiel-depart-dokou-le-mieux-pour-lui-comme-pour-nous\/#breadcrumb\"},\"inLanguage\":\"fr-FR\",\"potentialAction\":[{\"@type\":\"ReadAction\",\"target\":[\"https:\/\/www.ladiagonale.net\/index.php\/2023\/10\/20\/hutter-sur-le-potentiel-depart-dokou-le-mieux-pour-lui-comme-pour-nous\/\"]}]},{\"@type\":\"BreadcrumbList\",\"@id\":\"https:\/\/www.ladiagonale.net\/index.php\/2023\/10\/20\/hutter-sur-le-potentiel-depart-dokou-le-mieux-pour-lui-comme-pour-nous\/#breadcrumb\",\"itemListElement\":[{\"@type\":\"ListItem\",\"position\":1,\"name\":\"Accueil\",\"item\":\"https:\/\/www.ladiagonale.net\/\"},{\"@type\":\"ListItem\",\"position\":2,\"name\":\"H\u00fctter sur le potentiel d\u00e9part d\u2019Okou : \u00abLe mieux pour lui comme pour nous\u00bb\"}]},{\"@type\":\"WebSite\",\"@id\":\"https:\/\/www.ladiagonale.net\/#website\",\"url\":\"https:\/\/www.ladiagonale.net\/\",\"name\":\"La Diagonale\",\"description\":\"Le site des supporters de l&#039;AS Monaco FC\",\"potentialAction\":[{\"@type\":\"SearchAction\",\"target\":{\"@type\":\"EntryPoint\",\"urlTemplate\":\"https:\/\/www.ladiagonale.net\/?s={search_term_string}\"},\"query-input\":\"required name=search_term_string\"}],\"inLanguage\":\"fr-FR\"},{\"@type\":\"Person\",\"@id\":\"https:\/\/www.ladiagonale.net\/#\/schema\/person\/79ff1e7b0853ed01b2aa26e64ad300bf\",\"name\":\"Damien Dellerba\",\"image\":{\"@type\":\"ImageObject\",\"inLanguage\":\"fr-FR\",\"@id\":\"https:\/\/www.ladiagonale.net\/#\/schema\/person\/image\/\",\"url\":\"https:\/\/secure.gravatar.com\/avatar\/c7850e06d3ff63cdbaee88b7fc16e2f0?s=96&d=mm&r=g\",\"contentUrl\":\"https:\/\/secure.gravatar.com\/avatar\/c7850e06d3ff63cdbaee88b7fc16e2f0?s=96&d=mm&r=g\",\"caption\":\"Damien Dellerba\"},\"url\":\"https:\/\/www.ladiagonale.net\/index.php\/author\/damien\/\"}]}<\/script>\n<!-- \/ Yoast SEO plugin. -->","yoast_head_json":{"title":"H\u00fctter sur le potentiel d\u00e9part d\u2019Okou : \u00abLe mieux pour lui comme pour nous\u00bb - La Diagonale","robots":{"index":"index","follow":"follow","max-snippet":"max-snippet:-1","max-image-preview":"max-image-preview:large","max-video-preview":"max-video-preview:-1"},"canonical":"https:\/\/www.ladiagonale.net\/index.php\/2023\/10\/20\/hutter-sur-le-potentiel-depart-dokou-le-mieux-pour-lui-comme-pour-nous\/","og_locale":"fr_FR","og_type":"article","og_title":"H\u00fctter sur le potentiel d\u00e9part d\u2019Okou : \u00abLe mieux pour lui comme pour nous\u00bb - La Diagonale","og_description":"Il y a quelques jours, Corse-Matin avait r\u00e9v\u00e9l\u00e9 que le d\u00e9fenseur central de l&rsquo;AS Monaco Yllan Okou \u00e9tait en partance pour le SC Bastia. Le club corse, pensionnaire de Ligue 2, cherche \u00e0 recruter un joker et son choix s&rsquo;est port\u00e9 sur le jeune d\u00e9fenseur mon\u00e9gasque (20 ans). L&rsquo;\u00c9quipe avait \u00e9galement confirm\u00e9 l&rsquo;information, indiquant que [...]","og_url":"https:\/\/www.ladiagonale.net\/index.php\/2023\/10\/20\/hutter-sur-le-potentiel-depart-dokou-le-mieux-pour-lui-comme-pour-nous\/","og_site_name":"La Diagonale","article_published_time":"2023-10-20T14:06:12+00:00","article_modified_time":"2023-10-20T15:06:45+00:00","og_image":[{"width":1160,"height":650,"url":"https:\/\/www.ladiagonale.net\/wp-content\/uploads\/2023\/10\/okou.png","type":"image\/png"}],"author":"Damien Dellerba","twitter_card":"summary_large_image","twitter_image":"https:\/\/www.ladiagonale.net\/wp-content\/uploads\/2023\/10\/okou.png","twitter_misc":{"\u00c9crit par":"Damien Dellerba"},"schema":{"@context":"https:\/\/schema.org","@graph":[{"@type":"WebPage","@id":"https:\/\/www.ladiagonale.net\/index.php\/2023\/10\/20\/hutter-sur-le-potentiel-depart-dokou-le-mieux-pour-lui-comme-pour-nous\/","url":"https:\/\/www.ladiagonale.net\/index.php\/2023\/10\/20\/hutter-sur-le-potentiel-depart-dokou-le-mieux-pour-lui-comme-pour-nous\/","name":"H\u00fctter sur le potentiel d\u00e9part d\u2019Okou : \u00abLe mieux pour lui comme pour nous\u00bb - La Diagonale","isPartOf":{"@id":"https:\/\/www.ladiagonale.net\/#website"},"datePublished":"2023-10-20T14:06:12+00:00","dateModified":"2023-10-20T15:06:45+00:00","author":{"@id":"https:\/\/www.ladiagonale.net\/#\/schema\/person\/79ff1e7b0853ed01b2aa26e64ad300bf"},"breadcrumb":{"@id":"https:\/\/www.ladiagonale.net\/index.php\/2023\/10\/20\/hutter-sur-le-potentiel-depart-dokou-le-mieux-pour-lui-comme-pour-nous\/#breadcrumb"},"inLanguage":"fr-FR","potentialAction":[{"@type":"ReadAction","target":["https:\/\/www.ladiagonale.net\/index.php\/2023\/10\/20\/hutter-sur-le-potentiel-depart-dokou-le-mieux-pour-lui-comme-pour-nous\/"]}]},{"@type":"BreadcrumbList","@id":"https:\/\/www.ladiagonale.net\/index.php\/2023\/10\/20\/hutter-sur-le-potentiel-depart-dokou-le-mieux-pour-lui-comme-pour-nous\/#breadcrumb","itemListElement":[{"@type":"ListItem","position":1,"name":"Accueil","item":"https:\/\/www.ladiagonale.net\/"},{"@type":"ListItem","position":2,"name":"H\u00fctter sur le potentiel d\u00e9part d\u2019Okou : \u00abLe mieux pour lui comme pour nous\u00bb"}]},{"@type":"WebSite","@id":"https:\/\/www.ladiagonale.net\/#website","url":"https:\/\/www.ladiagonale.net\/","name":"La Diagonale","description":"Le site des supporters de l&#039;AS Monaco FC","potentialAction":[{"@type":"SearchAction","target":{"@type":"EntryPoint","urlTemplate":"https:\/\/www.ladiagonale.net\/?s={search_term_string}"},"query-input":"required name=search_term_string"}],"inLanguage":"fr-FR"},{"@type":"Person","@id":"https:\/\/www.ladiagonale.net\/#\/schema\/person\/79ff1e7b0853ed01b2aa26e64ad300bf","name":"Damien Dellerba","image":{"@type":"ImageObject","inLanguage":"fr-FR","@id":"https:\/\/www.ladiagonale.net\/#\/schema\/person\/image\/","url":"https:\/\/secure.gravatar.com\/avatar\/c7850e06d3ff63cdbaee88b7fc16e2f0?s=96&d=mm&r=g","contentUrl":"https:\/\/secure.gravatar.com\/avatar\/c7850e06d3ff63cdbaee88b7fc16e2f0?s=96&d=mm&r=g","caption":"Damien Dellerba"},"url":"https:\/\/www.ladiagonale.net\/index.php\/author\/damien\/"}]}},"_links":{"self":[{"href":"https:\/\/www.ladiagonale.net\/index.php\/wp-json\/wp\/v2\/posts\/17275"}],"collection":[{"href":"https:\/\/www.ladiagonale.net\/index.php\/wp-json\/wp\/v2\/posts"}],"about":[{"href":"https:\/\/www.ladiagonale.net\/index.php\/wp-json\/wp\/v2\/types\/post"}],"author":[{"embeddable":true,"href":"https:\/\/www.ladiagonale.net\/index.php\/wp-json\/wp\/v2\/users\/2"}],"replies":[{"embeddable":true,"href":"https:\/\/www.ladiagonale.net\/index.php\/wp-json\/wp\/v2\/comments?post=17275"}],"version-history":[{"count":2,"href":"https:\/\/www.ladiagonale.net\/index.php\/wp-json\/wp\/v2\/posts\/17275\/revisions"}],"predecessor-version":[{"id":17288,"href":"https:\/\/www.ladiagonale.net\/index.php\/wp-json\/wp\/v2\/posts\/17275\/revisions\/17288"}],"wp:attachment":[{"href":"https:\/\/www.ladiagonale.net\/index.php\/wp-json\/wp\/v2\/media?parent=17275"}],"wp:term":[{"taxonomy":"category","embeddable":true,"href":"https:\/\/www.ladiagonale.net\/index.php\/wp-json\/wp\/v2\/categories?post=17275"},{"taxonomy":"post_tag","embeddable":true,"href":"https:\/\/www.ladiagonale.net\/index.php\/wp-json\/wp\/v2\/tags?post=17275"}],"curies":[{"name":"wp","href":"https:\/\/api.w.org\/{rel}","templated":true}]}}