{"id":17295,"date":"2023-10-20T21:27:14","date_gmt":"2023-10-20T19:27:14","guid":{"rendered":"https:\/\/www.ladiagonale.net\/?p=17295"},"modified":"2023-10-20T23:03:27","modified_gmt":"2023-10-20T21:03:27","slug":"bunce-va-etre-remplace-par-le-meur-a-la-direction-de-la-performance","status":"publish","type":"post","link":"https:\/\/www.ladiagonale.net\/index.php\/2023\/10\/20\/bunce-va-etre-remplace-par-le-meur-a-la-direction-de-la-performance\/","title":{"rendered":"Bunce va \u00eatre remplac\u00e9 par Le Meur \u00e0 la direction de la performance"},"content":{"rendered":"\n<p>L\u2019arriv\u00e9e de Paul Mitchell \u00e0 l\u2019\u00e9t\u00e9 2020 avait \u00e9t\u00e9 suivie en octobre par celle de James Bunce en tant que directeur de la performance. Il en sera de m\u00eame pour le d\u00e9part. Le 2 octobre, Paul Mitchell a officiellement quitt\u00e9 ses fonctions au sein de l\u2019AS Monaco, qui a donc annonc\u00e9 dans un communiqu\u00e9 le d\u00e9part \u00e0 la fin du mois de James Bunce apr\u00e8s trois ans d\u2019exercice en Principaut\u00e9. Son rempla\u00e7ant est d\u00e9j\u00e0 dans l\u2019organigramme : il s\u2019agit de Yann Le Meur, qui prendra ses fonction le 1er novembre.<\/p>\n\n\n\n<p>Pour le natif de Paris, 42 ans, titulaire d\u2019un doctorat en physiologie de l\u2019exercice \u00e0 l\u2019Universit\u00e9 de Nice, il s\u2019agit donc d\u2019une promotion puisque Le Meur occupe depuis 2022 le poste de responsable du d\u00e9veloppement athl\u00e9tique. Entre 2016 et 2019, il avait \u00e9t\u00e9 responsable des sciences du sport au sein du club, apr\u00e8s avoir \u00e9t\u00e9 au service de l&rsquo;\u00e9quipe de France olympique pour la pr\u00e9paration des athl\u00e8tes (P\u00e9kin 2008, Londres 2012, Rio 2016).<\/p>\n","protected":false},"excerpt":{"rendered":"<p>L\u2019arriv\u00e9e de Paul Mitchell \u00e0 l\u2019\u00e9t\u00e9 2020 avait \u00e9t\u00e9 suivie en octobre par celle de James Bunce en tant que directeur de la performance. Il en sera de m\u00eame pour le d\u00e9part. Le 2 octobre, Paul Mitchell a officiellement quitt\u00e9 ses fonctions au sein de l\u2019AS Monaco, qui a donc annonc\u00e9 dans un communiqu\u00e9 le [&#8230;]\n","protected":false},"author":2,"featured_media":0,"comment_status":"open","ping_status":"open","sticky":false,"template":"","format":"standard","meta":[],"categories":[4,6],"tags":[139,138,717],"yoast_head":"<!-- This site is optimized with the Yoast SEO plugin v19.8 - https:\/\/yoast.com\/wordpress\/plugins\/seo\/ -->\n<title>Bunce va \u00eatre remplac\u00e9 par Le Meur \u00e0 la direction de la performance - La Diagonale<\/title>\n<meta name=\"robots\" content=\"index, follow, max-snippet:-1, max-image-preview:large, max-video-preview:-1\" \/>\n<link rel=\"canonical\" href=\"https:\/\/www.ladiagonale.net\/index.php\/2023\/10\/20\/bunce-va-etre-remplace-par-le-meur-a-la-direction-de-la-performance\/\" \/>\n<meta property=\"og:locale\" content=\"fr_FR\" \/>\n<meta property=\"og:type\" content=\"article\" \/>\n<meta property=\"og:title\" content=\"Bunce va \u00eatre remplac\u00e9 par Le Meur \u00e0 la direction de la performance - La Diagonale\" \/>\n<meta property=\"og:description\" content=\"L\u2019arriv\u00e9e de Paul Mitchell \u00e0 l\u2019\u00e9t\u00e9 2020 avait \u00e9t\u00e9 suivie en octobre par celle de James Bunce en tant que directeur de la performance. Il en sera de m\u00eame pour le d\u00e9part. Le 2 octobre, Paul Mitchell a officiellement quitt\u00e9 ses fonctions au sein de l\u2019AS Monaco, qui a donc annonc\u00e9 dans un communiqu\u00e9 le [...]\" \/>\n<meta property=\"og:url\" content=\"https:\/\/www.ladiagonale.net\/index.php\/2023\/10\/20\/bunce-va-etre-remplace-par-le-meur-a-la-direction-de-la-performance\/\" \/>\n<meta property=\"og:site_name\" content=\"La Diagonale\" \/>\n<meta property=\"article:published_time\" content=\"2023-10-20T19:27:14+00:00\" \/>\n<meta property=\"article:modified_time\" content=\"2023-10-20T21:03:27+00:00\" \/>\n<meta property=\"og:image\" content=\"https:\/\/www.ladiagonale.net\/wp-content\/uploads\/2022\/11\/bunce.png\" \/>\n\t<meta property=\"og:image:width\" content=\"1160\" \/>\n\t<meta property=\"og:image:height\" content=\"650\" \/>\n\t<meta property=\"og:image:type\" content=\"image\/png\" \/>\n<meta name=\"author\" content=\"Damien Dellerba\" \/>\n<meta name=\"twitter:card\" content=\"summary_large_image\" \/>\n<meta name=\"twitter:image\" content=\"https:\/\/www.ladiagonale.net\/wp-content\/uploads\/2022\/11\/bunce.png\" \/>\n<meta name=\"twitter:label1\" content=\"\u00c9crit par\" \/>\n\t<meta name=\"twitter:data1\" content=\"Damien Dellerba\" \/>\n\t<meta name=\"twitter:label2\" content=\"Dur\u00e9e de lecture estim\u00e9e\" \/>\n\t<meta name=\"twitter:data2\" content=\"1 minute\" \/>\n<script type=\"application\/ld+json\" class=\"yoast-schema-graph\">{\"@context\":\"https:\/\/schema.org\",\"@graph\":[{\"@type\":\"WebPage\",\"@id\":\"https:\/\/www.ladiagonale.net\/index.php\/2023\/10\/20\/bunce-va-etre-remplace-par-le-meur-a-la-direction-de-la-performance\/\",\"url\":\"https:\/\/www.ladiagonale.net\/index.php\/2023\/10\/20\/bunce-va-etre-remplace-par-le-meur-a-la-direction-de-la-performance\/\",\"name\":\"Bunce va \u00eatre remplac\u00e9 par Le Meur \u00e0 la direction de la performance - La Diagonale\",\"isPartOf\":{\"@id\":\"https:\/\/www.ladiagonale.net\/#website\"},\"datePublished\":\"2023-10-20T19:27:14+00:00\",\"dateModified\":\"2023-10-20T21:03:27+00:00\",\"author\":{\"@id\":\"https:\/\/www.ladiagonale.net\/#\/schema\/person\/79ff1e7b0853ed01b2aa26e64ad300bf\"},\"breadcrumb\":{\"@id\":\"https:\/\/www.ladiagonale.net\/index.php\/2023\/10\/20\/bunce-va-etre-remplace-par-le-meur-a-la-direction-de-la-performance\/#breadcrumb\"},\"inLanguage\":\"fr-FR\",\"potentialAction\":[{\"@type\":\"ReadAction\",\"target\":[\"https:\/\/www.ladiagonale.net\/index.php\/2023\/10\/20\/bunce-va-etre-remplace-par-le-meur-a-la-direction-de-la-performance\/\"]}]},{\"@type\":\"BreadcrumbList\",\"@id\":\"https:\/\/www.ladiagonale.net\/index.php\/2023\/10\/20\/bunce-va-etre-remplace-par-le-meur-a-la-direction-de-la-performance\/#breadcrumb\",\"itemListElement\":[{\"@type\":\"ListItem\",\"position\":1,\"name\":\"Accueil\",\"item\":\"https:\/\/www.ladiagonale.net\/\"},{\"@type\":\"ListItem\",\"position\":2,\"name\":\"Bunce va \u00eatre remplac\u00e9 par Le Meur \u00e0 la direction de la performance\"}]},{\"@type\":\"WebSite\",\"@id\":\"https:\/\/www.ladiagonale.net\/#website\",\"url\":\"https:\/\/www.ladiagonale.net\/\",\"name\":\"La Diagonale\",\"description\":\"Le site des supporters de l&#039;AS Monaco FC\",\"potentialAction\":[{\"@type\":\"SearchAction\",\"target\":{\"@type\":\"EntryPoint\",\"urlTemplate\":\"https:\/\/www.ladiagonale.net\/?s={search_term_string}\"},\"query-input\":\"required name=search_term_string\"}],\"inLanguage\":\"fr-FR\"},{\"@type\":\"Person\",\"@id\":\"https:\/\/www.ladiagonale.net\/#\/schema\/person\/79ff1e7b0853ed01b2aa26e64ad300bf\",\"name\":\"Damien Dellerba\",\"image\":{\"@type\":\"ImageObject\",\"inLanguage\":\"fr-FR\",\"@id\":\"https:\/\/www.ladiagonale.net\/#\/schema\/person\/image\/\",\"url\":\"https:\/\/secure.gravatar.com\/avatar\/c7850e06d3ff63cdbaee88b7fc16e2f0?s=96&d=mm&r=g\",\"contentUrl\":\"https:\/\/secure.gravatar.com\/avatar\/c7850e06d3ff63cdbaee88b7fc16e2f0?s=96&d=mm&r=g\",\"caption\":\"Damien Dellerba\"},\"url\":\"https:\/\/www.ladiagonale.net\/index.php\/author\/damien\/\"}]}<\/script>\n<!-- \/ Yoast SEO plugin. -->","yoast_head_json":{"title":"Bunce va \u00eatre remplac\u00e9 par Le Meur \u00e0 la direction de la performance - La Diagonale","robots":{"index":"index","follow":"follow","max-snippet":"max-snippet:-1","max-image-preview":"max-image-preview:large","max-video-preview":"max-video-preview:-1"},"canonical":"https:\/\/www.ladiagonale.net\/index.php\/2023\/10\/20\/bunce-va-etre-remplace-par-le-meur-a-la-direction-de-la-performance\/","og_locale":"fr_FR","og_type":"article","og_title":"Bunce va \u00eatre remplac\u00e9 par Le Meur \u00e0 la direction de la performance - La Diagonale","og_description":"L\u2019arriv\u00e9e de Paul Mitchell \u00e0 l\u2019\u00e9t\u00e9 2020 avait \u00e9t\u00e9 suivie en octobre par celle de James Bunce en tant que directeur de la performance. Il en sera de m\u00eame pour le d\u00e9part. Le 2 octobre, Paul Mitchell a officiellement quitt\u00e9 ses fonctions au sein de l\u2019AS Monaco, qui a donc annonc\u00e9 dans un communiqu\u00e9 le [...]","og_url":"https:\/\/www.ladiagonale.net\/index.php\/2023\/10\/20\/bunce-va-etre-remplace-par-le-meur-a-la-direction-de-la-performance\/","og_site_name":"La Diagonale","article_published_time":"2023-10-20T19:27:14+00:00","article_modified_time":"2023-10-20T21:03:27+00:00","og_image":[{"width":1160,"height":650,"url":"https:\/\/www.ladiagonale.net\/wp-content\/uploads\/2022\/11\/bunce.png","type":"image\/png"}],"author":"Damien Dellerba","twitter_card":"summary_large_image","twitter_image":"https:\/\/www.ladiagonale.net\/wp-content\/uploads\/2022\/11\/bunce.png","twitter_misc":{"\u00c9crit par":"Damien Dellerba","Dur\u00e9e de lecture estim\u00e9e":"1 minute"},"schema":{"@context":"https:\/\/schema.org","@graph":[{"@type":"WebPage","@id":"https:\/\/www.ladiagonale.net\/index.php\/2023\/10\/20\/bunce-va-etre-remplace-par-le-meur-a-la-direction-de-la-performance\/","url":"https:\/\/www.ladiagonale.net\/index.php\/2023\/10\/20\/bunce-va-etre-remplace-par-le-meur-a-la-direction-de-la-performance\/","name":"Bunce va \u00eatre remplac\u00e9 par Le Meur \u00e0 la direction de la performance - La Diagonale","isPartOf":{"@id":"https:\/\/www.ladiagonale.net\/#website"},"datePublished":"2023-10-20T19:27:14+00:00","dateModified":"2023-10-20T21:03:27+00:00","author":{"@id":"https:\/\/www.ladiagonale.net\/#\/schema\/person\/79ff1e7b0853ed01b2aa26e64ad300bf"},"breadcrumb":{"@id":"https:\/\/www.ladiagonale.net\/index.php\/2023\/10\/20\/bunce-va-etre-remplace-par-le-meur-a-la-direction-de-la-performance\/#breadcrumb"},"inLanguage":"fr-FR","potentialAction":[{"@type":"ReadAction","target":["https:\/\/www.ladiagonale.net\/index.php\/2023\/10\/20\/bunce-va-etre-remplace-par-le-meur-a-la-direction-de-la-performance\/"]}]},{"@type":"BreadcrumbList","@id":"https:\/\/www.ladiagonale.net\/index.php\/2023\/10\/20\/bunce-va-etre-remplace-par-le-meur-a-la-direction-de-la-performance\/#breadcrumb","itemListElement":[{"@type":"ListItem","position":1,"name":"Accueil","item":"https:\/\/www.ladiagonale.net\/"},{"@type":"ListItem","position":2,"name":"Bunce va \u00eatre remplac\u00e9 par Le Meur \u00e0 la direction de la performance"}]},{"@type":"WebSite","@id":"https:\/\/www.ladiagonale.net\/#website","url":"https:\/\/www.ladiagonale.net\/","name":"La Diagonale","description":"Le site des supporters de l&#039;AS Monaco FC","potentialAction":[{"@type":"SearchAction","target":{"@type":"EntryPoint","urlTemplate":"https:\/\/www.ladiagonale.net\/?s={search_term_string}"},"query-input":"required name=search_term_string"}],"inLanguage":"fr-FR"},{"@type":"Person","@id":"https:\/\/www.ladiagonale.net\/#\/schema\/person\/79ff1e7b0853ed01b2aa26e64ad300bf","name":"Damien Dellerba","image":{"@type":"ImageObject","inLanguage":"fr-FR","@id":"https:\/\/www.ladiagonale.net\/#\/schema\/person\/image\/","url":"https:\/\/secure.gravatar.com\/avatar\/c7850e06d3ff63cdbaee88b7fc16e2f0?s=96&d=mm&r=g","contentUrl":"https:\/\/secure.gravatar.com\/avatar\/c7850e06d3ff63cdbaee88b7fc16e2f0?s=96&d=mm&r=g","caption":"Damien Dellerba"},"url":"https:\/\/www.ladiagonale.net\/index.php\/author\/damien\/"}]}},"_links":{"self":[{"href":"https:\/\/www.ladiagonale.net\/index.php\/wp-json\/wp\/v2\/posts\/17295"}],"collection":[{"href":"https:\/\/www.ladiagonale.net\/index.php\/wp-json\/wp\/v2\/posts"}],"about":[{"href":"https:\/\/www.ladiagonale.net\/index.php\/wp-json\/wp\/v2\/types\/post"}],"author":[{"embeddable":true,"href":"https:\/\/www.ladiagonale.net\/index.php\/wp-json\/wp\/v2\/users\/2"}],"replies":[{"embeddable":true,"href":"https:\/\/www.ladiagonale.net\/index.php\/wp-json\/wp\/v2\/comments?post=17295"}],"version-history":[{"count":4,"href":"https:\/\/www.ladiagonale.net\/index.php\/wp-json\/wp\/v2\/posts\/17295\/revisions"}],"predecessor-version":[{"id":17299,"href":"https:\/\/www.ladiagonale.net\/index.php\/wp-json\/wp\/v2\/posts\/17295\/revisions\/17299"}],"wp:attachment":[{"href":"https:\/\/www.ladiagonale.net\/index.php\/wp-json\/wp\/v2\/media?parent=17295"}],"wp:term":[{"taxonomy":"category","embeddable":true,"href":"https:\/\/www.ladiagonale.net\/index.php\/wp-json\/wp\/v2\/categories?post=17295"},{"taxonomy":"post_tag","embeddable":true,"href":"https:\/\/www.ladiagonale.net\/index.php\/wp-json\/wp\/v2\/tags?post=17295"}],"curies":[{"name":"wp","href":"https:\/\/api.w.org\/{rel}","templated":true}]}}