{"id":17372,"date":"2023-10-23T13:25:57","date_gmt":"2023-10-23T11:25:57","guid":{"rendered":"https:\/\/www.ladiagonale.net\/?p=17372"},"modified":"2023-10-23T13:26:00","modified_gmt":"2023-10-23T11:26:00","slug":"officiel-okou-transfere-a-bastia","status":"publish","type":"post","link":"https:\/\/www.ladiagonale.net\/index.php\/2023\/10\/23\/officiel-okou-transfere-a-bastia\/","title":{"rendered":"Officiel : Okou transf\u00e9r\u00e9 \u00e0 Bastia"},"content":{"rendered":"\n\n\n<p>Comme c&rsquo;\u00e9tait attendu depuis quelques jours, Yllan Okou quitte l&rsquo;AS Monaco pour rejoindre le SC Bastia, pensionnaire de Ligue 2, en qualit\u00e9 de joker. Le club de la Principaut\u00e9 a officialis\u00e9 le d\u00e9part de son d\u00e9fenseur central de 20 ans ce lundi. Si aucun montant n&rsquo;a \u00e9t\u00e9 communiqu\u00e9 par Monaco, le quotidien <em>L\u2019\u00c9quipe<\/em> avait indiqu\u00e9 que le club de la Principaut\u00e9 pourrait recevoir \u00ab <em>une petite indemnit\u00e9 ainsi qu\u2019un pourcentage sur une potentielle revente.<\/em> \u00bb<\/p>\n\n\n\n<p>Form\u00e9 au club, o\u00f9 il est arriv\u00e9 en 2017 pour faire ses classes, Yllan Okou \u00e9tait pass\u00e9 professionnel en f\u00e9vrier 2022 et il a disput\u00e9 une rencontre de Coupe de France, contre QRM en janvier 2022, sous les ordres de l&rsquo;int\u00e9rimaire St\u00e9phane Nado. Son contrat courrait jusqu&rsquo;en juin 2025. <\/p>\n","protected":false},"excerpt":{"rendered":"<p>Comme c&rsquo;\u00e9tait attendu depuis quelques jours, Yllan Okou quitte l&rsquo;AS Monaco pour rejoindre le SC Bastia, pensionnaire de Ligue 2, en qualit\u00e9 de joker. Le club de la Principaut\u00e9 a officialis\u00e9 le d\u00e9part de son d\u00e9fenseur central de 20 ans ce lundi. Si aucun montant n&rsquo;a \u00e9t\u00e9 communiqu\u00e9 par Monaco, le quotidien L\u2019\u00c9quipe avait indiqu\u00e9 [&#8230;]\n","protected":false},"author":2,"featured_media":0,"comment_status":"open","ping_status":"open","sticky":false,"template":"","format":"standard","meta":[],"categories":[4,6],"tags":[86,714,716,110,656],"yoast_head":"<!-- This site is optimized with the Yoast SEO plugin v19.8 - https:\/\/yoast.com\/wordpress\/plugins\/seo\/ -->\n<title>Officiel : Okou transf\u00e9r\u00e9 \u00e0 Bastia - La Diagonale<\/title>\n<meta name=\"robots\" content=\"index, follow, max-snippet:-1, max-image-preview:large, max-video-preview:-1\" \/>\n<link rel=\"canonical\" href=\"https:\/\/www.ladiagonale.net\/index.php\/2023\/10\/23\/officiel-okou-transfere-a-bastia\/\" \/>\n<meta property=\"og:locale\" content=\"fr_FR\" \/>\n<meta property=\"og:type\" content=\"article\" \/>\n<meta property=\"og:title\" content=\"Officiel : Okou transf\u00e9r\u00e9 \u00e0 Bastia - La Diagonale\" \/>\n<meta property=\"og:description\" content=\"Comme c&rsquo;\u00e9tait attendu depuis quelques jours, Yllan Okou quitte l&rsquo;AS Monaco pour rejoindre le SC Bastia, pensionnaire de Ligue 2, en qualit\u00e9 de joker. Le club de la Principaut\u00e9 a officialis\u00e9 le d\u00e9part de son d\u00e9fenseur central de 20 ans ce lundi. Si aucun montant n&rsquo;a \u00e9t\u00e9 communiqu\u00e9 par Monaco, le quotidien L\u2019\u00c9quipe avait indiqu\u00e9 [...]\" \/>\n<meta property=\"og:url\" content=\"https:\/\/www.ladiagonale.net\/index.php\/2023\/10\/23\/officiel-okou-transfere-a-bastia\/\" \/>\n<meta property=\"og:site_name\" content=\"La Diagonale\" \/>\n<meta property=\"article:published_time\" content=\"2023-10-23T11:25:57+00:00\" \/>\n<meta property=\"article:modified_time\" content=\"2023-10-23T11:26:00+00:00\" \/>\n<meta property=\"og:image\" content=\"https:\/\/www.ladiagonale.net\/wp-content\/uploads\/2023\/10\/okou.png\" \/>\n\t<meta property=\"og:image:width\" content=\"1160\" \/>\n\t<meta property=\"og:image:height\" content=\"650\" \/>\n\t<meta property=\"og:image:type\" content=\"image\/png\" \/>\n<meta name=\"author\" content=\"Damien Dellerba\" \/>\n<meta name=\"twitter:card\" content=\"summary_large_image\" \/>\n<meta name=\"twitter:image\" content=\"https:\/\/www.ladiagonale.net\/wp-content\/uploads\/2023\/10\/okou.png\" \/>\n<meta name=\"twitter:label1\" content=\"\u00c9crit par\" \/>\n\t<meta name=\"twitter:data1\" content=\"Damien Dellerba\" \/>\n\t<meta name=\"twitter:label2\" content=\"Dur\u00e9e de lecture estim\u00e9e\" \/>\n\t<meta name=\"twitter:data2\" content=\"1 minute\" \/>\n<script type=\"application\/ld+json\" class=\"yoast-schema-graph\">{\"@context\":\"https:\/\/schema.org\",\"@graph\":[{\"@type\":\"WebPage\",\"@id\":\"https:\/\/www.ladiagonale.net\/index.php\/2023\/10\/23\/officiel-okou-transfere-a-bastia\/\",\"url\":\"https:\/\/www.ladiagonale.net\/index.php\/2023\/10\/23\/officiel-okou-transfere-a-bastia\/\",\"name\":\"Officiel : Okou transf\u00e9r\u00e9 \u00e0 Bastia - La Diagonale\",\"isPartOf\":{\"@id\":\"https:\/\/www.ladiagonale.net\/#website\"},\"datePublished\":\"2023-10-23T11:25:57+00:00\",\"dateModified\":\"2023-10-23T11:26:00+00:00\",\"author\":{\"@id\":\"https:\/\/www.ladiagonale.net\/#\/schema\/person\/79ff1e7b0853ed01b2aa26e64ad300bf\"},\"breadcrumb\":{\"@id\":\"https:\/\/www.ladiagonale.net\/index.php\/2023\/10\/23\/officiel-okou-transfere-a-bastia\/#breadcrumb\"},\"inLanguage\":\"fr-FR\",\"potentialAction\":[{\"@type\":\"ReadAction\",\"target\":[\"https:\/\/www.ladiagonale.net\/index.php\/2023\/10\/23\/officiel-okou-transfere-a-bastia\/\"]}]},{\"@type\":\"BreadcrumbList\",\"@id\":\"https:\/\/www.ladiagonale.net\/index.php\/2023\/10\/23\/officiel-okou-transfere-a-bastia\/#breadcrumb\",\"itemListElement\":[{\"@type\":\"ListItem\",\"position\":1,\"name\":\"Accueil\",\"item\":\"https:\/\/www.ladiagonale.net\/\"},{\"@type\":\"ListItem\",\"position\":2,\"name\":\"Officiel : Okou transf\u00e9r\u00e9 \u00e0 Bastia\"}]},{\"@type\":\"WebSite\",\"@id\":\"https:\/\/www.ladiagonale.net\/#website\",\"url\":\"https:\/\/www.ladiagonale.net\/\",\"name\":\"La Diagonale\",\"description\":\"Le site des supporters de l&#039;AS Monaco FC\",\"potentialAction\":[{\"@type\":\"SearchAction\",\"target\":{\"@type\":\"EntryPoint\",\"urlTemplate\":\"https:\/\/www.ladiagonale.net\/?s={search_term_string}\"},\"query-input\":\"required name=search_term_string\"}],\"inLanguage\":\"fr-FR\"},{\"@type\":\"Person\",\"@id\":\"https:\/\/www.ladiagonale.net\/#\/schema\/person\/79ff1e7b0853ed01b2aa26e64ad300bf\",\"name\":\"Damien Dellerba\",\"image\":{\"@type\":\"ImageObject\",\"inLanguage\":\"fr-FR\",\"@id\":\"https:\/\/www.ladiagonale.net\/#\/schema\/person\/image\/\",\"url\":\"https:\/\/secure.gravatar.com\/avatar\/c7850e06d3ff63cdbaee88b7fc16e2f0?s=96&d=mm&r=g\",\"contentUrl\":\"https:\/\/secure.gravatar.com\/avatar\/c7850e06d3ff63cdbaee88b7fc16e2f0?s=96&d=mm&r=g\",\"caption\":\"Damien Dellerba\"},\"url\":\"https:\/\/www.ladiagonale.net\/index.php\/author\/damien\/\"}]}<\/script>\n<!-- \/ Yoast SEO plugin. -->","yoast_head_json":{"title":"Officiel : Okou transf\u00e9r\u00e9 \u00e0 Bastia - La Diagonale","robots":{"index":"index","follow":"follow","max-snippet":"max-snippet:-1","max-image-preview":"max-image-preview:large","max-video-preview":"max-video-preview:-1"},"canonical":"https:\/\/www.ladiagonale.net\/index.php\/2023\/10\/23\/officiel-okou-transfere-a-bastia\/","og_locale":"fr_FR","og_type":"article","og_title":"Officiel : Okou transf\u00e9r\u00e9 \u00e0 Bastia - La Diagonale","og_description":"Comme c&rsquo;\u00e9tait attendu depuis quelques jours, Yllan Okou quitte l&rsquo;AS Monaco pour rejoindre le SC Bastia, pensionnaire de Ligue 2, en qualit\u00e9 de joker. Le club de la Principaut\u00e9 a officialis\u00e9 le d\u00e9part de son d\u00e9fenseur central de 20 ans ce lundi. Si aucun montant n&rsquo;a \u00e9t\u00e9 communiqu\u00e9 par Monaco, le quotidien L\u2019\u00c9quipe avait indiqu\u00e9 [...]","og_url":"https:\/\/www.ladiagonale.net\/index.php\/2023\/10\/23\/officiel-okou-transfere-a-bastia\/","og_site_name":"La Diagonale","article_published_time":"2023-10-23T11:25:57+00:00","article_modified_time":"2023-10-23T11:26:00+00:00","og_image":[{"width":1160,"height":650,"url":"https:\/\/www.ladiagonale.net\/wp-content\/uploads\/2023\/10\/okou.png","type":"image\/png"}],"author":"Damien Dellerba","twitter_card":"summary_large_image","twitter_image":"https:\/\/www.ladiagonale.net\/wp-content\/uploads\/2023\/10\/okou.png","twitter_misc":{"\u00c9crit par":"Damien Dellerba","Dur\u00e9e de lecture estim\u00e9e":"1 minute"},"schema":{"@context":"https:\/\/schema.org","@graph":[{"@type":"WebPage","@id":"https:\/\/www.ladiagonale.net\/index.php\/2023\/10\/23\/officiel-okou-transfere-a-bastia\/","url":"https:\/\/www.ladiagonale.net\/index.php\/2023\/10\/23\/officiel-okou-transfere-a-bastia\/","name":"Officiel : Okou transf\u00e9r\u00e9 \u00e0 Bastia - La Diagonale","isPartOf":{"@id":"https:\/\/www.ladiagonale.net\/#website"},"datePublished":"2023-10-23T11:25:57+00:00","dateModified":"2023-10-23T11:26:00+00:00","author":{"@id":"https:\/\/www.ladiagonale.net\/#\/schema\/person\/79ff1e7b0853ed01b2aa26e64ad300bf"},"breadcrumb":{"@id":"https:\/\/www.ladiagonale.net\/index.php\/2023\/10\/23\/officiel-okou-transfere-a-bastia\/#breadcrumb"},"inLanguage":"fr-FR","potentialAction":[{"@type":"ReadAction","target":["https:\/\/www.ladiagonale.net\/index.php\/2023\/10\/23\/officiel-okou-transfere-a-bastia\/"]}]},{"@type":"BreadcrumbList","@id":"https:\/\/www.ladiagonale.net\/index.php\/2023\/10\/23\/officiel-okou-transfere-a-bastia\/#breadcrumb","itemListElement":[{"@type":"ListItem","position":1,"name":"Accueil","item":"https:\/\/www.ladiagonale.net\/"},{"@type":"ListItem","position":2,"name":"Officiel : Okou transf\u00e9r\u00e9 \u00e0 Bastia"}]},{"@type":"WebSite","@id":"https:\/\/www.ladiagonale.net\/#website","url":"https:\/\/www.ladiagonale.net\/","name":"La Diagonale","description":"Le site des supporters de l&#039;AS Monaco FC","potentialAction":[{"@type":"SearchAction","target":{"@type":"EntryPoint","urlTemplate":"https:\/\/www.ladiagonale.net\/?s={search_term_string}"},"query-input":"required name=search_term_string"}],"inLanguage":"fr-FR"},{"@type":"Person","@id":"https:\/\/www.ladiagonale.net\/#\/schema\/person\/79ff1e7b0853ed01b2aa26e64ad300bf","name":"Damien Dellerba","image":{"@type":"ImageObject","inLanguage":"fr-FR","@id":"https:\/\/www.ladiagonale.net\/#\/schema\/person\/image\/","url":"https:\/\/secure.gravatar.com\/avatar\/c7850e06d3ff63cdbaee88b7fc16e2f0?s=96&d=mm&r=g","contentUrl":"https:\/\/secure.gravatar.com\/avatar\/c7850e06d3ff63cdbaee88b7fc16e2f0?s=96&d=mm&r=g","caption":"Damien Dellerba"},"url":"https:\/\/www.ladiagonale.net\/index.php\/author\/damien\/"}]}},"_links":{"self":[{"href":"https:\/\/www.ladiagonale.net\/index.php\/wp-json\/wp\/v2\/posts\/17372"}],"collection":[{"href":"https:\/\/www.ladiagonale.net\/index.php\/wp-json\/wp\/v2\/posts"}],"about":[{"href":"https:\/\/www.ladiagonale.net\/index.php\/wp-json\/wp\/v2\/types\/post"}],"author":[{"embeddable":true,"href":"https:\/\/www.ladiagonale.net\/index.php\/wp-json\/wp\/v2\/users\/2"}],"replies":[{"embeddable":true,"href":"https:\/\/www.ladiagonale.net\/index.php\/wp-json\/wp\/v2\/comments?post=17372"}],"version-history":[{"count":2,"href":"https:\/\/www.ladiagonale.net\/index.php\/wp-json\/wp\/v2\/posts\/17372\/revisions"}],"predecessor-version":[{"id":17388,"href":"https:\/\/www.ladiagonale.net\/index.php\/wp-json\/wp\/v2\/posts\/17372\/revisions\/17388"}],"wp:attachment":[{"href":"https:\/\/www.ladiagonale.net\/index.php\/wp-json\/wp\/v2\/media?parent=17372"}],"wp:term":[{"taxonomy":"category","embeddable":true,"href":"https:\/\/www.ladiagonale.net\/index.php\/wp-json\/wp\/v2\/categories?post=17372"},{"taxonomy":"post_tag","embeddable":true,"href":"https:\/\/www.ladiagonale.net\/index.php\/wp-json\/wp\/v2\/tags?post=17372"}],"curies":[{"name":"wp","href":"https:\/\/api.w.org\/{rel}","templated":true}]}}