{"id":17374,"date":"2023-10-23T08:43:00","date_gmt":"2023-10-23T06:43:00","guid":{"rendered":"https:\/\/www.ladiagonale.net\/?p=17374"},"modified":"2023-10-23T14:03:21","modified_gmt":"2023-10-23T12:03:21","slug":"les-notes-golovin-passe-la-seconde","status":"publish","type":"post","link":"https:\/\/www.ladiagonale.net\/index.php\/2023\/10\/23\/les-notes-golovin-passe-la-seconde\/","title":{"rendered":"Les notes : Golovin passe la seconde"},"content":{"rendered":"\n\n\n<p><strong>Face \u00e0 une formation messine venue en Principaut\u00e9 en voulant \u00e0 tout prix \u00e9viter de prendre la foudre, ce sont deux \u00e9clairs de g\u00e9nie d&rsquo;Aleksandr Golovin qui ont tir\u00e9 Monaco du bourbier.<\/strong><\/p>\n\n\n\n<h4 class=\"wp-block-heading has-white-color has-text-color has-background\" style=\"background-color:#4cae47\">TOPS<\/h4>\n\n\n\n<div class=\"wp-block-media-text alignwide is-stacked-on-mobile\" style=\"grid-template-columns:30% auto\"><figure class=\"wp-block-media-text__media\"><img loading=\"lazy\" width=\"400\" height=\"400\" src=\"https:\/\/www.ladiagonale.net\/wp-content\/uploads\/2023\/10\/Golovin8.png\" alt=\"\" class=\"wp-image-17375 size-full\" srcset=\"https:\/\/www.ladiagonale.net\/wp-content\/uploads\/2023\/10\/Golovin8.png 400w, https:\/\/www.ladiagonale.net\/wp-content\/uploads\/2023\/10\/Golovin8-300x300.png 300w, https:\/\/www.ladiagonale.net\/wp-content\/uploads\/2023\/10\/Golovin8-150x150.png 150w, https:\/\/www.ladiagonale.net\/wp-content\/uploads\/2023\/10\/Golovin8-128x128.png 128w, https:\/\/www.ladiagonale.net\/wp-content\/uploads\/2023\/10\/Golovin8-32x32.png 32w\" sizes=\"(max-width: 400px) 100vw, 400px\" \/><\/figure><div class=\"wp-block-media-text__content\">\n<p style=\"font-size:16px\"><strong>Aleksandr Golovin<\/strong><\/p>\n\n\n\n<p style=\"font-size:15px\">Monaco lui doit ce succ\u00e8s. Il a certes travers\u00e9 la premi\u00e8re p\u00e9riode en ayant beaucoup de mal \u00e0 se mouvoir entre les lignes messines bien plus resserr\u00e9es et efficaces que la ligne Maginot, mais il a obtenu la premi\u00e8re grosse situation mon\u00e9gasque et mis \u00e0 contribution Oukidja (16<sup>e<\/sup>). Au bijou de Camara, il a r\u00e9pondu de la plus belle des mani\u00e8res (42<sup>e<\/sup>) avant d\u2019inscrire un second but sur un coup franc direct (55<sup>e<\/sup>), m\u00eame s\u2019il a peut-\u00eatre \u00e9t\u00e9 un peu plus en r\u00e9ussite face \u00e0 un portier adverse qui a sembl\u00e9 apeur\u00e9 au moment de plonger. Quelques bons d\u00e9calages ou bonnes passes.<\/p>\n<\/div><\/div>\n\n\n\n<div style=\"height:50px\" aria-hidden=\"true\" class=\"wp-block-spacer\"><\/div>\n\n\n\n<div class=\"wp-block-media-text alignwide is-stacked-on-mobile\" style=\"grid-template-columns:30% auto\"><figure class=\"wp-block-media-text__media\"><img loading=\"lazy\" width=\"400\" height=\"400\" src=\"https:\/\/www.ladiagonale.net\/wp-content\/uploads\/2023\/09\/Fofana7.png\" alt=\"\" class=\"wp-image-16342 size-full\" srcset=\"https:\/\/www.ladiagonale.net\/wp-content\/uploads\/2023\/09\/Fofana7.png 400w, https:\/\/www.ladiagonale.net\/wp-content\/uploads\/2023\/09\/Fofana7-300x300.png 300w, https:\/\/www.ladiagonale.net\/wp-content\/uploads\/2023\/09\/Fofana7-150x150.png 150w, https:\/\/www.ladiagonale.net\/wp-content\/uploads\/2023\/09\/Fofana7-128x128.png 128w, https:\/\/www.ladiagonale.net\/wp-content\/uploads\/2023\/09\/Fofana7-32x32.png 32w\" sizes=\"(max-width: 400px) 100vw, 400px\" \/><\/figure><div class=\"wp-block-media-text__content\">\n<p style=\"font-size:16px\"><strong>Youssouf Fofana<\/strong><\/p>\n\n\n\n<p style=\"font-size:15px\">L\u2019international fran\u00e7ais a \u00e9t\u00e9 au four et au moulin lors de cette rencontre et il est d\u2019ailleurs celui qui a touch\u00e9 le plus de ballons (126). En premi\u00e8re p\u00e9riode, il s\u2019est partag\u00e9 le travail d\u00e9fensif avec Camara, notamment lorsqu\u2019il fallait redescendre en tant que troisi\u00e8me d\u00e9fenseur axial. Cela ne l\u2019a pas emp\u00each\u00e9 de peser dans l\u2019orientation du jeu et de d\u00e9livrer quelques caviars pour Balogun, hors jeu (22<sup>e<\/sup>), ou pour Camara (25<sup>e<\/sup>). Pr\u00e9cieux aussi d\u00e9fensivement, surtout pour couper quelques trajectoires. Une belle performance m\u00eame s\u2019il y a toujours chez lui ce petit d\u00e9chet, dans la passe ou dans les frappes, qui vient g\u00e2cher un peu l\u2019ensemble.<\/p>\n<\/div><\/div>\n\n\n\n<div style=\"height:50px\" aria-hidden=\"true\" class=\"wp-block-spacer\"><\/div>\n\n\n\n<div class=\"wp-block-media-text alignwide is-stacked-on-mobile\" style=\"grid-template-columns:30% auto\"><figure class=\"wp-block-media-text__media\"><img loading=\"lazy\" width=\"400\" height=\"400\" src=\"https:\/\/www.ladiagonale.net\/wp-content\/uploads\/2023\/10\/Diatta7.png\" alt=\"\" class=\"wp-image-17376 size-full\" srcset=\"https:\/\/www.ladiagonale.net\/wp-content\/uploads\/2023\/10\/Diatta7.png 400w, https:\/\/www.ladiagonale.net\/wp-content\/uploads\/2023\/10\/Diatta7-300x300.png 300w, https:\/\/www.ladiagonale.net\/wp-content\/uploads\/2023\/10\/Diatta7-150x150.png 150w, https:\/\/www.ladiagonale.net\/wp-content\/uploads\/2023\/10\/Diatta7-128x128.png 128w, https:\/\/www.ladiagonale.net\/wp-content\/uploads\/2023\/10\/Diatta7-32x32.png 32w\" sizes=\"(max-width: 400px) 100vw, 400px\" \/><\/figure><div class=\"wp-block-media-text__content\">\n<p style=\"font-size:16px\"><strong>Kr\u00e9pin Diatta<\/strong><\/p>\n\n\n\n<p style=\"font-size:15px\">Sur le papier, Diatta a \u00e9volu\u00e9 comme lat\u00e9ral droit mais en r\u00e9alit\u00e9, l\u2019animation offensive mon\u00e9gasque, combin\u00e9e \u00e0 un bloc messin extr\u00eamement bas, l\u2019ont port\u00e9 tr\u00e8s haut sur le terrain. Il semble en tout cas s\u2019\u00e9panouir davantage dans ce r\u00f4le et a r\u00e9alis\u00e9 une solide prestation. De bons centres, de bons dribbles (4\/5 r\u00e9ussis) et de bonnes feintes pour se jouer d\u2019Udol ou Sabaly dans son couloir. Il ne lui a manqu\u00e9 que d&rsquo;\u00eatre d\u00e9cisif.<\/p>\n<\/div><\/div>\n\n\n\n<div style=\"height:50px\" aria-hidden=\"true\" class=\"wp-block-spacer\"><\/div>\n\n\n\n<div class=\"wp-block-media-text alignwide is-stacked-on-mobile\" style=\"grid-template-columns:30% auto\"><figure class=\"wp-block-media-text__media\"><img loading=\"lazy\" width=\"400\" height=\"400\" src=\"https:\/\/www.ladiagonale.net\/wp-content\/uploads\/2023\/10\/Akliouche7.png\" alt=\"\" class=\"wp-image-17377 size-full\" srcset=\"https:\/\/www.ladiagonale.net\/wp-content\/uploads\/2023\/10\/Akliouche7.png 400w, https:\/\/www.ladiagonale.net\/wp-content\/uploads\/2023\/10\/Akliouche7-300x300.png 300w, https:\/\/www.ladiagonale.net\/wp-content\/uploads\/2023\/10\/Akliouche7-150x150.png 150w, https:\/\/www.ladiagonale.net\/wp-content\/uploads\/2023\/10\/Akliouche7-128x128.png 128w, https:\/\/www.ladiagonale.net\/wp-content\/uploads\/2023\/10\/Akliouche7-32x32.png 32w\" sizes=\"(max-width: 400px) 100vw, 400px\" \/><\/figure><div class=\"wp-block-media-text__content\">\n<p style=\"font-size:16px\"><strong>Maghnes Akliouche<\/strong><\/p>\n\n\n\n<p style=\"font-size:15px\">Son entr\u00e9e dans le c\u0153ur du jeu a donn\u00e9 beaucoup plus de peps \u00e0 Monaco, qui n\u2019\u00e9tait pas tr\u00e8s emballant en premi\u00e8re p\u00e9riode. Elle n\u2019\u00e9tait d&rsquo;ailleurs pas illogique puisque son habilet\u00e9 technique s&rsquo;est av\u00e9r\u00e9e bien plus utile dans cette configuration que celle plus limit\u00e9e de Camara. La diff\u00e9rence a \u00e9t\u00e9 tr\u00e8s nette et a co\u00efncid\u00e9 avec la meilleure p\u00e9riode mon\u00e9gasque en termes d\u2019occasions dans le jeu. Impliqu\u00e9 sur trois frappes, dont une (63<sup>e<\/sup>) qui a mis le gardien messin en difficult\u00e9. Il s\u2019\u00e9toffe et prend de plus en plus d&rsquo;initiatives, ce qui n&rsquo;est pas une mauvaise chose, bien au contraire.<\/p>\n<\/div><\/div>\n\n\n\n<div style=\"height:50px\" aria-hidden=\"true\" class=\"wp-block-spacer\"><\/div>\n\n\n\n<h4 class=\"wp-block-heading has-white-color has-vivid-red-background-color has-text-color has-background\">FLOPS<\/h4>\n\n\n\n<div class=\"wp-block-media-text alignwide is-stacked-on-mobile\" style=\"grid-template-columns:30% auto\"><figure class=\"wp-block-media-text__media\"><img loading=\"lazy\" width=\"400\" height=\"400\" src=\"https:\/\/www.ladiagonale.net\/wp-content\/uploads\/2023\/10\/BenYedder3.png\" alt=\"\" class=\"wp-image-17378 size-full\" srcset=\"https:\/\/www.ladiagonale.net\/wp-content\/uploads\/2023\/10\/BenYedder3.png 400w, https:\/\/www.ladiagonale.net\/wp-content\/uploads\/2023\/10\/BenYedder3-300x300.png 300w, https:\/\/www.ladiagonale.net\/wp-content\/uploads\/2023\/10\/BenYedder3-150x150.png 150w, https:\/\/www.ladiagonale.net\/wp-content\/uploads\/2023\/10\/BenYedder3-128x128.png 128w, https:\/\/www.ladiagonale.net\/wp-content\/uploads\/2023\/10\/BenYedder3-32x32.png 32w\" sizes=\"(max-width: 400px) 100vw, 400px\" \/><\/figure><div class=\"wp-block-media-text__content\">\n<p style=\"font-size:16px\"><strong>Wissam Ben Yedder<\/strong><\/p>\n\n\n\n<p style=\"font-size:15px\">De sa premi\u00e8re p\u00e9riode, o\u00f9 il a err\u00e9 tel un fant\u00f4me au sein la d\u00e9fense messine en esp\u00e9rant un d\u00e9calage qui n\u2019est jamais venu, il n\u2019y a rien de bon \u00e0 en retenir. Ce n\u2019est pas pour autant qu\u2019il a abdiqu\u00e9 et l\u2019entr\u00e9e d\u2019Akliouche et le desserrement du bloc adverse lui ont donn\u00e9 un peu plus de latitude, qu\u2019il a tent\u00e9 d\u2019exploiter par quelques d\u00e9viations pour ses partenaires ou par une frappe puissante mais peu dangereuse pour Oukidja (84<sup>e<\/sup>). C\u2019\u00e9tait un peu mieux mais \u00e7a reste une prestation largement insuffisante.<\/p>\n<\/div><\/div>\n\n\n\n<div style=\"height:50px\" aria-hidden=\"true\" class=\"wp-block-spacer\"><\/div>\n\n\n\n<div class=\"wp-block-media-text alignwide is-stacked-on-mobile\" style=\"grid-template-columns:30% auto\"><figure class=\"wp-block-media-text__media\"><img loading=\"lazy\" width=\"400\" height=\"400\" src=\"https:\/\/www.ladiagonale.net\/wp-content\/uploads\/2023\/10\/Balogun4.png\" alt=\"\" class=\"wp-image-17379 size-full\" srcset=\"https:\/\/www.ladiagonale.net\/wp-content\/uploads\/2023\/10\/Balogun4.png 400w, https:\/\/www.ladiagonale.net\/wp-content\/uploads\/2023\/10\/Balogun4-300x300.png 300w, https:\/\/www.ladiagonale.net\/wp-content\/uploads\/2023\/10\/Balogun4-150x150.png 150w, https:\/\/www.ladiagonale.net\/wp-content\/uploads\/2023\/10\/Balogun4-128x128.png 128w, https:\/\/www.ladiagonale.net\/wp-content\/uploads\/2023\/10\/Balogun4-32x32.png 32w\" sizes=\"(max-width: 400px) 100vw, 400px\" \/><\/figure><div class=\"wp-block-media-text__content\">\n<p style=\"font-size:16px\"><strong>Folarin Balogun<\/strong><\/p>\n\n\n\n<p style=\"font-size:15px\">Comme Ben Yedder, il n&rsquo;a pas \u00e9t\u00e9 \u00e0 la f\u00eate dans cette rencontre et il a d\u00fb attendre la 68<sup>e<\/sup> minute pour pouvoir frapper au but, m\u00eame s&rsquo;il se d\u00e9chire sur un face-\u00e0-face en premi\u00e8re p\u00e9riode avant d&rsquo;\u00eatre signal\u00e9 en position de hors-jeu (22<sup>e<\/sup>). Contrairement \u00e0 son comp\u00e8re en attaque, il a pu davantage peser sur la d\u00e9fense adverse gr\u00e2ce \u00e0 son jeu dos au but et on a pu le voir par intermittence dans cette rencontre. En revanche, impossible pour lui ou presque de pouvoir prendre la profondeur pour faire parler sa vitesse de pointe tant Metz d\u00e9fendait bas. Il \u00e9choue \u00e0 quelques centim\u00e8tres de reprendre le centre-tir de Minamino (75<sup>e<\/sup>) mais difficile de lui reprocher quoi que ce soit tant le ballon a fus\u00e9.<\/p>\n<\/div><\/div>\n\n\n\n<div style=\"height:50px\" aria-hidden=\"true\" class=\"wp-block-spacer\"><\/div>\n\n\n\n<div class=\"wp-block-media-text alignwide is-stacked-on-mobile\" style=\"grid-template-columns:30% auto\"><figure class=\"wp-block-media-text__media\"><img loading=\"lazy\" width=\"400\" height=\"400\" src=\"https:\/\/www.ladiagonale.net\/wp-content\/uploads\/2023\/10\/Camara4.png\" alt=\"\" class=\"wp-image-17382 size-full\" srcset=\"https:\/\/www.ladiagonale.net\/wp-content\/uploads\/2023\/10\/Camara4.png 400w, https:\/\/www.ladiagonale.net\/wp-content\/uploads\/2023\/10\/Camara4-300x300.png 300w, https:\/\/www.ladiagonale.net\/wp-content\/uploads\/2023\/10\/Camara4-150x150.png 150w, https:\/\/www.ladiagonale.net\/wp-content\/uploads\/2023\/10\/Camara4-128x128.png 128w, https:\/\/www.ladiagonale.net\/wp-content\/uploads\/2023\/10\/Camara4-32x32.png 32w\" sizes=\"(max-width: 400px) 100vw, 400px\" \/><\/figure><div class=\"wp-block-media-text__content\">\n<p style=\"font-size:16px\"><strong>Mohamed Camara<\/strong><\/p>\n\n\n\n<p style=\"font-size:15px\">Volontaire et g\u00e9n\u00e9reux dans ses efforts, le Malien n\u2019a pas toujours \u00e9t\u00e9 en r\u00e9ussite. Il a quelques fois aid\u00e9 la d\u00e9fense en redescendant bas et en coupant quelques trajectoires, mais on l&rsquo;a vu jouer tr\u00e8s haut et se projeter r\u00e9guli\u00e8rement vers l&rsquo;avant, ce que fait habituellement Fofana. Il s&rsquo;est notamment retrouv\u00e9 en excellente position de un contre un face \u00e0 Oukidja mais a tergivers\u00e9 (25<sup>e<\/sup>). De bons jaillissements par moments mais des pertes de balles dont une qui a r\u00e9veill\u00e9 quelques hu\u00e9es dans les trav\u00e9es du Louis-II.<\/p>\n<\/div><\/div>\n\n\n\n<div style=\"height:50px\" aria-hidden=\"true\" class=\"wp-block-spacer\"><\/div>\n\n\n\n<h4 class=\"wp-block-heading has-white-color has-text-color has-background\" style=\"background-color:#303030\">Les autres notes<\/h4>\n\n\n<div class=\"wp-block-image\">\n<figure class=\"aligncenter size-large is-resized\"><img loading=\"lazy\" src=\"https:\/\/www.ladiagonale.net\/wp-content\/uploads\/2023\/10\/terrain-metz-1-741x1024.png\" alt=\"\" class=\"wp-image-17394\" width=\"556\" height=\"768\" srcset=\"https:\/\/www.ladiagonale.net\/wp-content\/uploads\/2023\/10\/terrain-metz-1-741x1024.png 741w, https:\/\/www.ladiagonale.net\/wp-content\/uploads\/2023\/10\/terrain-metz-1-217x300.png 217w, https:\/\/www.ladiagonale.net\/wp-content\/uploads\/2023\/10\/terrain-metz-1-768x1061.png 768w, https:\/\/www.ladiagonale.net\/wp-content\/uploads\/2023\/10\/terrain-metz-1-1112x1536.png 1112w, https:\/\/www.ladiagonale.net\/wp-content\/uploads\/2023\/10\/terrain-metz-1-93x128.png 93w, https:\/\/www.ladiagonale.net\/wp-content\/uploads\/2023\/10\/terrain-metz-1-23x32.png 23w, https:\/\/www.ladiagonale.net\/wp-content\/uploads\/2023\/10\/terrain-metz-1.png 1200w\" sizes=\"(max-width: 556px) 100vw, 556px\" \/><\/figure><\/div>","protected":false},"excerpt":{"rendered":"<p>Face \u00e0 une formation messine venue en Principaut\u00e9 en voulant \u00e0 tout prix \u00e9viter de prendre la foudre, ce sont deux \u00e9clairs de g\u00e9nie d&rsquo;Aleksandr Golovin qui ont tir\u00e9 Monaco du bourbier. TOPS Aleksandr Golovin Monaco lui doit ce succ\u00e8s. Il a certes travers\u00e9 la premi\u00e8re p\u00e9riode en ayant beaucoup de mal \u00e0 se mouvoir [&#8230;]\n","protected":false},"author":2,"featured_media":17380,"comment_status":"open","ping_status":"open","sticky":false,"template":"","format":"standard","meta":[],"categories":[5,6],"tags":[86,94,699,248],"yoast_head":"<!-- This site is optimized with the Yoast SEO plugin v19.8 - https:\/\/yoast.com\/wordpress\/plugins\/seo\/ -->\n<title>Les notes : Golovin passe la seconde - La Diagonale<\/title>\n<meta name=\"robots\" content=\"index, follow, max-snippet:-1, max-image-preview:large, max-video-preview:-1\" \/>\n<link rel=\"canonical\" href=\"https:\/\/www.ladiagonale.net\/index.php\/2023\/10\/23\/les-notes-golovin-passe-la-seconde\/\" \/>\n<meta property=\"og:locale\" content=\"fr_FR\" \/>\n<meta property=\"og:type\" content=\"article\" \/>\n<meta property=\"og:title\" content=\"Les notes : Golovin passe la seconde - La Diagonale\" \/>\n<meta property=\"og:description\" content=\"Face \u00e0 une formation messine venue en Principaut\u00e9 en voulant \u00e0 tout prix \u00e9viter de prendre la foudre, ce sont deux \u00e9clairs de g\u00e9nie d&rsquo;Aleksandr Golovin qui ont tir\u00e9 Monaco du bourbier. TOPS Aleksandr Golovin Monaco lui doit ce succ\u00e8s. Il a certes travers\u00e9 la premi\u00e8re p\u00e9riode en ayant beaucoup de mal \u00e0 se mouvoir [...]\" \/>\n<meta property=\"og:url\" content=\"https:\/\/www.ladiagonale.net\/index.php\/2023\/10\/23\/les-notes-golovin-passe-la-seconde\/\" \/>\n<meta property=\"og:site_name\" content=\"La Diagonale\" \/>\n<meta property=\"article:published_time\" content=\"2023-10-23T06:43:00+00:00\" \/>\n<meta property=\"article:modified_time\" content=\"2023-10-23T12:03:21+00:00\" \/>\n<meta property=\"og:image\" content=\"https:\/\/www.ladiagonale.net\/wp-content\/uploads\/2023\/10\/Metz-1.png\" \/>\n\t<meta property=\"og:image:width\" content=\"1160\" \/>\n\t<meta property=\"og:image:height\" content=\"650\" \/>\n\t<meta property=\"og:image:type\" content=\"image\/png\" \/>\n<meta name=\"author\" content=\"Damien Dellerba\" \/>\n<meta name=\"twitter:card\" content=\"summary_large_image\" \/>\n<meta name=\"twitter:image\" content=\"https:\/\/www.ladiagonale.net\/wp-content\/uploads\/2023\/10\/Metz-1.png\" \/>\n<meta name=\"twitter:label1\" content=\"\u00c9crit par\" \/>\n\t<meta name=\"twitter:data1\" content=\"Damien Dellerba\" \/>\n\t<meta name=\"twitter:label2\" content=\"Dur\u00e9e de lecture estim\u00e9e\" \/>\n\t<meta name=\"twitter:data2\" content=\"6 minutes\" \/>\n<script type=\"application\/ld+json\" class=\"yoast-schema-graph\">{\"@context\":\"https:\/\/schema.org\",\"@graph\":[{\"@type\":\"WebPage\",\"@id\":\"https:\/\/www.ladiagonale.net\/index.php\/2023\/10\/23\/les-notes-golovin-passe-la-seconde\/\",\"url\":\"https:\/\/www.ladiagonale.net\/index.php\/2023\/10\/23\/les-notes-golovin-passe-la-seconde\/\",\"name\":\"Les notes : Golovin passe la seconde - La Diagonale\",\"isPartOf\":{\"@id\":\"https:\/\/www.ladiagonale.net\/#website\"},\"datePublished\":\"2023-10-23T06:43:00+00:00\",\"dateModified\":\"2023-10-23T12:03:21+00:00\",\"author\":{\"@id\":\"https:\/\/www.ladiagonale.net\/#\/schema\/person\/79ff1e7b0853ed01b2aa26e64ad300bf\"},\"breadcrumb\":{\"@id\":\"https:\/\/www.ladiagonale.net\/index.php\/2023\/10\/23\/les-notes-golovin-passe-la-seconde\/#breadcrumb\"},\"inLanguage\":\"fr-FR\",\"potentialAction\":[{\"@type\":\"ReadAction\",\"target\":[\"https:\/\/www.ladiagonale.net\/index.php\/2023\/10\/23\/les-notes-golovin-passe-la-seconde\/\"]}]},{\"@type\":\"BreadcrumbList\",\"@id\":\"https:\/\/www.ladiagonale.net\/index.php\/2023\/10\/23\/les-notes-golovin-passe-la-seconde\/#breadcrumb\",\"itemListElement\":[{\"@type\":\"ListItem\",\"position\":1,\"name\":\"Accueil\",\"item\":\"https:\/\/www.ladiagonale.net\/\"},{\"@type\":\"ListItem\",\"position\":2,\"name\":\"Les notes : Golovin passe la seconde\"}]},{\"@type\":\"WebSite\",\"@id\":\"https:\/\/www.ladiagonale.net\/#website\",\"url\":\"https:\/\/www.ladiagonale.net\/\",\"name\":\"La Diagonale\",\"description\":\"Le site des supporters de l&#039;AS Monaco FC\",\"potentialAction\":[{\"@type\":\"SearchAction\",\"target\":{\"@type\":\"EntryPoint\",\"urlTemplate\":\"https:\/\/www.ladiagonale.net\/?s={search_term_string}\"},\"query-input\":\"required name=search_term_string\"}],\"inLanguage\":\"fr-FR\"},{\"@type\":\"Person\",\"@id\":\"https:\/\/www.ladiagonale.net\/#\/schema\/person\/79ff1e7b0853ed01b2aa26e64ad300bf\",\"name\":\"Damien Dellerba\",\"image\":{\"@type\":\"ImageObject\",\"inLanguage\":\"fr-FR\",\"@id\":\"https:\/\/www.ladiagonale.net\/#\/schema\/person\/image\/\",\"url\":\"https:\/\/secure.gravatar.com\/avatar\/c7850e06d3ff63cdbaee88b7fc16e2f0?s=96&d=mm&r=g\",\"contentUrl\":\"https:\/\/secure.gravatar.com\/avatar\/c7850e06d3ff63cdbaee88b7fc16e2f0?s=96&d=mm&r=g\",\"caption\":\"Damien Dellerba\"},\"url\":\"https:\/\/www.ladiagonale.net\/index.php\/author\/damien\/\"}]}<\/script>\n<!-- \/ Yoast SEO plugin. -->","yoast_head_json":{"title":"Les notes : Golovin passe la seconde - La Diagonale","robots":{"index":"index","follow":"follow","max-snippet":"max-snippet:-1","max-image-preview":"max-image-preview:large","max-video-preview":"max-video-preview:-1"},"canonical":"https:\/\/www.ladiagonale.net\/index.php\/2023\/10\/23\/les-notes-golovin-passe-la-seconde\/","og_locale":"fr_FR","og_type":"article","og_title":"Les notes : Golovin passe la seconde - La Diagonale","og_description":"Face \u00e0 une formation messine venue en Principaut\u00e9 en voulant \u00e0 tout prix \u00e9viter de prendre la foudre, ce sont deux \u00e9clairs de g\u00e9nie d&rsquo;Aleksandr Golovin qui ont tir\u00e9 Monaco du bourbier. TOPS Aleksandr Golovin Monaco lui doit ce succ\u00e8s. Il a certes travers\u00e9 la premi\u00e8re p\u00e9riode en ayant beaucoup de mal \u00e0 se mouvoir [...]","og_url":"https:\/\/www.ladiagonale.net\/index.php\/2023\/10\/23\/les-notes-golovin-passe-la-seconde\/","og_site_name":"La Diagonale","article_published_time":"2023-10-23T06:43:00+00:00","article_modified_time":"2023-10-23T12:03:21+00:00","og_image":[{"width":1160,"height":650,"url":"https:\/\/www.ladiagonale.net\/wp-content\/uploads\/2023\/10\/Metz-1.png","type":"image\/png"}],"author":"Damien Dellerba","twitter_card":"summary_large_image","twitter_image":"https:\/\/www.ladiagonale.net\/wp-content\/uploads\/2023\/10\/Metz-1.png","twitter_misc":{"\u00c9crit par":"Damien Dellerba","Dur\u00e9e de lecture estim\u00e9e":"6 minutes"},"schema":{"@context":"https:\/\/schema.org","@graph":[{"@type":"WebPage","@id":"https:\/\/www.ladiagonale.net\/index.php\/2023\/10\/23\/les-notes-golovin-passe-la-seconde\/","url":"https:\/\/www.ladiagonale.net\/index.php\/2023\/10\/23\/les-notes-golovin-passe-la-seconde\/","name":"Les notes : Golovin passe la seconde - La Diagonale","isPartOf":{"@id":"https:\/\/www.ladiagonale.net\/#website"},"datePublished":"2023-10-23T06:43:00+00:00","dateModified":"2023-10-23T12:03:21+00:00","author":{"@id":"https:\/\/www.ladiagonale.net\/#\/schema\/person\/79ff1e7b0853ed01b2aa26e64ad300bf"},"breadcrumb":{"@id":"https:\/\/www.ladiagonale.net\/index.php\/2023\/10\/23\/les-notes-golovin-passe-la-seconde\/#breadcrumb"},"inLanguage":"fr-FR","potentialAction":[{"@type":"ReadAction","target":["https:\/\/www.ladiagonale.net\/index.php\/2023\/10\/23\/les-notes-golovin-passe-la-seconde\/"]}]},{"@type":"BreadcrumbList","@id":"https:\/\/www.ladiagonale.net\/index.php\/2023\/10\/23\/les-notes-golovin-passe-la-seconde\/#breadcrumb","itemListElement":[{"@type":"ListItem","position":1,"name":"Accueil","item":"https:\/\/www.ladiagonale.net\/"},{"@type":"ListItem","position":2,"name":"Les notes : Golovin passe la seconde"}]},{"@type":"WebSite","@id":"https:\/\/www.ladiagonale.net\/#website","url":"https:\/\/www.ladiagonale.net\/","name":"La Diagonale","description":"Le site des supporters de l&#039;AS Monaco FC","potentialAction":[{"@type":"SearchAction","target":{"@type":"EntryPoint","urlTemplate":"https:\/\/www.ladiagonale.net\/?s={search_term_string}"},"query-input":"required name=search_term_string"}],"inLanguage":"fr-FR"},{"@type":"Person","@id":"https:\/\/www.ladiagonale.net\/#\/schema\/person\/79ff1e7b0853ed01b2aa26e64ad300bf","name":"Damien Dellerba","image":{"@type":"ImageObject","inLanguage":"fr-FR","@id":"https:\/\/www.ladiagonale.net\/#\/schema\/person\/image\/","url":"https:\/\/secure.gravatar.com\/avatar\/c7850e06d3ff63cdbaee88b7fc16e2f0?s=96&d=mm&r=g","contentUrl":"https:\/\/secure.gravatar.com\/avatar\/c7850e06d3ff63cdbaee88b7fc16e2f0?s=96&d=mm&r=g","caption":"Damien Dellerba"},"url":"https:\/\/www.ladiagonale.net\/index.php\/author\/damien\/"}]}},"_links":{"self":[{"href":"https:\/\/www.ladiagonale.net\/index.php\/wp-json\/wp\/v2\/posts\/17374"}],"collection":[{"href":"https:\/\/www.ladiagonale.net\/index.php\/wp-json\/wp\/v2\/posts"}],"about":[{"href":"https:\/\/www.ladiagonale.net\/index.php\/wp-json\/wp\/v2\/types\/post"}],"author":[{"embeddable":true,"href":"https:\/\/www.ladiagonale.net\/index.php\/wp-json\/wp\/v2\/users\/2"}],"replies":[{"embeddable":true,"href":"https:\/\/www.ladiagonale.net\/index.php\/wp-json\/wp\/v2\/comments?post=17374"}],"version-history":[{"count":4,"href":"https:\/\/www.ladiagonale.net\/index.php\/wp-json\/wp\/v2\/posts\/17374\/revisions"}],"predecessor-version":[{"id":17395,"href":"https:\/\/www.ladiagonale.net\/index.php\/wp-json\/wp\/v2\/posts\/17374\/revisions\/17395"}],"wp:featuredmedia":[{"embeddable":true,"href":"https:\/\/www.ladiagonale.net\/index.php\/wp-json\/wp\/v2\/media\/17380"}],"wp:attachment":[{"href":"https:\/\/www.ladiagonale.net\/index.php\/wp-json\/wp\/v2\/media?parent=17374"}],"wp:term":[{"taxonomy":"category","embeddable":true,"href":"https:\/\/www.ladiagonale.net\/index.php\/wp-json\/wp\/v2\/categories?post=17374"},{"taxonomy":"post_tag","embeddable":true,"href":"https:\/\/www.ladiagonale.net\/index.php\/wp-json\/wp\/v2\/tags?post=17374"}],"curies":[{"name":"wp","href":"https:\/\/api.w.org\/{rel}","templated":true}]}}