{"id":17390,"date":"2023-10-23T13:47:52","date_gmt":"2023-10-23T11:47:52","guid":{"rendered":"https:\/\/www.ladiagonale.net\/?p=17390"},"modified":"2023-10-23T13:47:55","modified_gmt":"2023-10-23T11:47:55","slug":"les-u17-enchainent-contre-ajaccio","status":"publish","type":"post","link":"https:\/\/www.ladiagonale.net\/index.php\/2023\/10\/23\/les-u17-enchainent-contre-ajaccio\/","title":{"rendered":"Les U17 encha\u00eenent contre Ajaccio"},"content":{"rendered":"\n\n\n<p>Une semaine apr\u00e8s leur victoire dans le derby contre Nice, les U17 de l&rsquo;AS Monaco ont battu l&rsquo;AC Ajaccio \u00e0 domicile (3-2) pour signer un deuxi\u00e8me succ\u00e8s de rang. Les hommes de Manu Dos Santos ont pris les devants \u00e0 la fin du premier quart d&rsquo;heure gr\u00e2ce \u00e0 une r\u00e9alisation de Far\u00e8s Boujlifa (1-0, 16<sup>e<\/sup>) puis ont fait le break par Imran El Ouaroudi juste avant la pause (2-0, 45<sup>e<\/sup>).<\/p>\n\n\n\n<p>Les Corses n&rsquo;ont rien l\u00e2ch\u00e9 et ont r\u00e9duit l&rsquo;\u00e9cart en fin de rencontre (2-1, 84e) mais les Mon\u00e9gasques ont r\u00e9agi rapidement pour \u00e9tendre leur avance avec un but de Wassim Moussaoui dans le temps additionnel (3-1, 90<sup>e<\/sup>). Les jeunes pousses as\u00e9mistes se sont tout de m\u00eame fait une petite frayeur avec un second but corse qui a suivi leur troisi\u00e8me r\u00e9alisation.<\/p>\n\n\n\n<p>C&rsquo;est le cinqui\u00e8me succ\u00e8s en neuf matches des Rouge et Blanc, qui occupent seuls la deuxi\u00e8me place au classement, avec 17 points, trois unit\u00e9s derri\u00e8re le leader Saint-\u00c9tienne. Dans deux semaines, Monaco affrontera une \u00e9quipe de milieu de tableau, l&rsquo;Olympique Valence.<\/p>\n","protected":false},"excerpt":{"rendered":"<p>Une semaine apr\u00e8s leur victoire dans le derby contre Nice, les U17 de l&rsquo;AS Monaco ont battu l&rsquo;AC Ajaccio \u00e0 domicile (3-2) pour signer un deuxi\u00e8me succ\u00e8s de rang. Les hommes de Manu Dos Santos ont pris les devants \u00e0 la fin du premier quart d&rsquo;heure gr\u00e2ce \u00e0 une r\u00e9alisation de Far\u00e8s Boujlifa (1-0, 16e) [&#8230;]\n","protected":false},"author":2,"featured_media":0,"comment_status":"open","ping_status":"open","sticky":false,"template":"","format":"standard","meta":[],"categories":[6],"tags":[76,86,130],"yoast_head":"<!-- This site is optimized with the Yoast SEO plugin v19.8 - https:\/\/yoast.com\/wordpress\/plugins\/seo\/ -->\n<title>Les U17 encha\u00eenent contre Ajaccio - La Diagonale<\/title>\n<meta name=\"robots\" content=\"index, follow, max-snippet:-1, max-image-preview:large, max-video-preview:-1\" \/>\n<link rel=\"canonical\" href=\"https:\/\/www.ladiagonale.net\/index.php\/2023\/10\/23\/les-u17-enchainent-contre-ajaccio\/\" \/>\n<meta property=\"og:locale\" content=\"fr_FR\" \/>\n<meta property=\"og:type\" content=\"article\" \/>\n<meta property=\"og:title\" content=\"Les U17 encha\u00eenent contre Ajaccio - La Diagonale\" \/>\n<meta property=\"og:description\" content=\"Une semaine apr\u00e8s leur victoire dans le derby contre Nice, les U17 de l&rsquo;AS Monaco ont battu l&rsquo;AC Ajaccio \u00e0 domicile (3-2) pour signer un deuxi\u00e8me succ\u00e8s de rang. Les hommes de Manu Dos Santos ont pris les devants \u00e0 la fin du premier quart d&rsquo;heure gr\u00e2ce \u00e0 une r\u00e9alisation de Far\u00e8s Boujlifa (1-0, 16e) [...]\" \/>\n<meta property=\"og:url\" content=\"https:\/\/www.ladiagonale.net\/index.php\/2023\/10\/23\/les-u17-enchainent-contre-ajaccio\/\" \/>\n<meta property=\"og:site_name\" content=\"La Diagonale\" \/>\n<meta property=\"article:published_time\" content=\"2023-10-23T11:47:52+00:00\" \/>\n<meta property=\"article:modified_time\" content=\"2023-10-23T11:47:55+00:00\" \/>\n<meta property=\"og:image\" content=\"https:\/\/www.ladiagonale.net\/wp-content\/uploads\/2023\/09\/U1723.jpg\" \/>\n\t<meta property=\"og:image:width\" content=\"1160\" \/>\n\t<meta property=\"og:image:height\" content=\"650\" \/>\n\t<meta property=\"og:image:type\" content=\"image\/jpeg\" \/>\n<meta name=\"author\" content=\"Damien Dellerba\" \/>\n<meta name=\"twitter:card\" content=\"summary_large_image\" \/>\n<meta name=\"twitter:image\" content=\"https:\/\/www.ladiagonale.net\/wp-content\/uploads\/2023\/09\/U1723.jpg\" \/>\n<meta name=\"twitter:label1\" content=\"\u00c9crit par\" \/>\n\t<meta name=\"twitter:data1\" content=\"Damien Dellerba\" \/>\n\t<meta name=\"twitter:label2\" content=\"Dur\u00e9e de lecture estim\u00e9e\" \/>\n\t<meta name=\"twitter:data2\" content=\"1 minute\" \/>\n<script type=\"application\/ld+json\" class=\"yoast-schema-graph\">{\"@context\":\"https:\/\/schema.org\",\"@graph\":[{\"@type\":\"WebPage\",\"@id\":\"https:\/\/www.ladiagonale.net\/index.php\/2023\/10\/23\/les-u17-enchainent-contre-ajaccio\/\",\"url\":\"https:\/\/www.ladiagonale.net\/index.php\/2023\/10\/23\/les-u17-enchainent-contre-ajaccio\/\",\"name\":\"Les U17 encha\u00eenent contre Ajaccio - La Diagonale\",\"isPartOf\":{\"@id\":\"https:\/\/www.ladiagonale.net\/#website\"},\"datePublished\":\"2023-10-23T11:47:52+00:00\",\"dateModified\":\"2023-10-23T11:47:55+00:00\",\"author\":{\"@id\":\"https:\/\/www.ladiagonale.net\/#\/schema\/person\/79ff1e7b0853ed01b2aa26e64ad300bf\"},\"breadcrumb\":{\"@id\":\"https:\/\/www.ladiagonale.net\/index.php\/2023\/10\/23\/les-u17-enchainent-contre-ajaccio\/#breadcrumb\"},\"inLanguage\":\"fr-FR\",\"potentialAction\":[{\"@type\":\"ReadAction\",\"target\":[\"https:\/\/www.ladiagonale.net\/index.php\/2023\/10\/23\/les-u17-enchainent-contre-ajaccio\/\"]}]},{\"@type\":\"BreadcrumbList\",\"@id\":\"https:\/\/www.ladiagonale.net\/index.php\/2023\/10\/23\/les-u17-enchainent-contre-ajaccio\/#breadcrumb\",\"itemListElement\":[{\"@type\":\"ListItem\",\"position\":1,\"name\":\"Accueil\",\"item\":\"https:\/\/www.ladiagonale.net\/\"},{\"@type\":\"ListItem\",\"position\":2,\"name\":\"Les U17 encha\u00eenent contre Ajaccio\"}]},{\"@type\":\"WebSite\",\"@id\":\"https:\/\/www.ladiagonale.net\/#website\",\"url\":\"https:\/\/www.ladiagonale.net\/\",\"name\":\"La Diagonale\",\"description\":\"Le site des supporters de l&#039;AS Monaco FC\",\"potentialAction\":[{\"@type\":\"SearchAction\",\"target\":{\"@type\":\"EntryPoint\",\"urlTemplate\":\"https:\/\/www.ladiagonale.net\/?s={search_term_string}\"},\"query-input\":\"required name=search_term_string\"}],\"inLanguage\":\"fr-FR\"},{\"@type\":\"Person\",\"@id\":\"https:\/\/www.ladiagonale.net\/#\/schema\/person\/79ff1e7b0853ed01b2aa26e64ad300bf\",\"name\":\"Damien Dellerba\",\"image\":{\"@type\":\"ImageObject\",\"inLanguage\":\"fr-FR\",\"@id\":\"https:\/\/www.ladiagonale.net\/#\/schema\/person\/image\/\",\"url\":\"https:\/\/secure.gravatar.com\/avatar\/c7850e06d3ff63cdbaee88b7fc16e2f0?s=96&d=mm&r=g\",\"contentUrl\":\"https:\/\/secure.gravatar.com\/avatar\/c7850e06d3ff63cdbaee88b7fc16e2f0?s=96&d=mm&r=g\",\"caption\":\"Damien Dellerba\"},\"url\":\"https:\/\/www.ladiagonale.net\/index.php\/author\/damien\/\"}]}<\/script>\n<!-- \/ Yoast SEO plugin. -->","yoast_head_json":{"title":"Les U17 encha\u00eenent contre Ajaccio - La Diagonale","robots":{"index":"index","follow":"follow","max-snippet":"max-snippet:-1","max-image-preview":"max-image-preview:large","max-video-preview":"max-video-preview:-1"},"canonical":"https:\/\/www.ladiagonale.net\/index.php\/2023\/10\/23\/les-u17-enchainent-contre-ajaccio\/","og_locale":"fr_FR","og_type":"article","og_title":"Les U17 encha\u00eenent contre Ajaccio - La Diagonale","og_description":"Une semaine apr\u00e8s leur victoire dans le derby contre Nice, les U17 de l&rsquo;AS Monaco ont battu l&rsquo;AC Ajaccio \u00e0 domicile (3-2) pour signer un deuxi\u00e8me succ\u00e8s de rang. Les hommes de Manu Dos Santos ont pris les devants \u00e0 la fin du premier quart d&rsquo;heure gr\u00e2ce \u00e0 une r\u00e9alisation de Far\u00e8s Boujlifa (1-0, 16e) [...]","og_url":"https:\/\/www.ladiagonale.net\/index.php\/2023\/10\/23\/les-u17-enchainent-contre-ajaccio\/","og_site_name":"La Diagonale","article_published_time":"2023-10-23T11:47:52+00:00","article_modified_time":"2023-10-23T11:47:55+00:00","og_image":[{"width":1160,"height":650,"url":"https:\/\/www.ladiagonale.net\/wp-content\/uploads\/2023\/09\/U1723.jpg","type":"image\/jpeg"}],"author":"Damien Dellerba","twitter_card":"summary_large_image","twitter_image":"https:\/\/www.ladiagonale.net\/wp-content\/uploads\/2023\/09\/U1723.jpg","twitter_misc":{"\u00c9crit par":"Damien Dellerba","Dur\u00e9e de lecture estim\u00e9e":"1 minute"},"schema":{"@context":"https:\/\/schema.org","@graph":[{"@type":"WebPage","@id":"https:\/\/www.ladiagonale.net\/index.php\/2023\/10\/23\/les-u17-enchainent-contre-ajaccio\/","url":"https:\/\/www.ladiagonale.net\/index.php\/2023\/10\/23\/les-u17-enchainent-contre-ajaccio\/","name":"Les U17 encha\u00eenent contre Ajaccio - La Diagonale","isPartOf":{"@id":"https:\/\/www.ladiagonale.net\/#website"},"datePublished":"2023-10-23T11:47:52+00:00","dateModified":"2023-10-23T11:47:55+00:00","author":{"@id":"https:\/\/www.ladiagonale.net\/#\/schema\/person\/79ff1e7b0853ed01b2aa26e64ad300bf"},"breadcrumb":{"@id":"https:\/\/www.ladiagonale.net\/index.php\/2023\/10\/23\/les-u17-enchainent-contre-ajaccio\/#breadcrumb"},"inLanguage":"fr-FR","potentialAction":[{"@type":"ReadAction","target":["https:\/\/www.ladiagonale.net\/index.php\/2023\/10\/23\/les-u17-enchainent-contre-ajaccio\/"]}]},{"@type":"BreadcrumbList","@id":"https:\/\/www.ladiagonale.net\/index.php\/2023\/10\/23\/les-u17-enchainent-contre-ajaccio\/#breadcrumb","itemListElement":[{"@type":"ListItem","position":1,"name":"Accueil","item":"https:\/\/www.ladiagonale.net\/"},{"@type":"ListItem","position":2,"name":"Les U17 encha\u00eenent contre Ajaccio"}]},{"@type":"WebSite","@id":"https:\/\/www.ladiagonale.net\/#website","url":"https:\/\/www.ladiagonale.net\/","name":"La Diagonale","description":"Le site des supporters de l&#039;AS Monaco FC","potentialAction":[{"@type":"SearchAction","target":{"@type":"EntryPoint","urlTemplate":"https:\/\/www.ladiagonale.net\/?s={search_term_string}"},"query-input":"required name=search_term_string"}],"inLanguage":"fr-FR"},{"@type":"Person","@id":"https:\/\/www.ladiagonale.net\/#\/schema\/person\/79ff1e7b0853ed01b2aa26e64ad300bf","name":"Damien Dellerba","image":{"@type":"ImageObject","inLanguage":"fr-FR","@id":"https:\/\/www.ladiagonale.net\/#\/schema\/person\/image\/","url":"https:\/\/secure.gravatar.com\/avatar\/c7850e06d3ff63cdbaee88b7fc16e2f0?s=96&d=mm&r=g","contentUrl":"https:\/\/secure.gravatar.com\/avatar\/c7850e06d3ff63cdbaee88b7fc16e2f0?s=96&d=mm&r=g","caption":"Damien Dellerba"},"url":"https:\/\/www.ladiagonale.net\/index.php\/author\/damien\/"}]}},"_links":{"self":[{"href":"https:\/\/www.ladiagonale.net\/index.php\/wp-json\/wp\/v2\/posts\/17390"}],"collection":[{"href":"https:\/\/www.ladiagonale.net\/index.php\/wp-json\/wp\/v2\/posts"}],"about":[{"href":"https:\/\/www.ladiagonale.net\/index.php\/wp-json\/wp\/v2\/types\/post"}],"author":[{"embeddable":true,"href":"https:\/\/www.ladiagonale.net\/index.php\/wp-json\/wp\/v2\/users\/2"}],"replies":[{"embeddable":true,"href":"https:\/\/www.ladiagonale.net\/index.php\/wp-json\/wp\/v2\/comments?post=17390"}],"version-history":[{"count":1,"href":"https:\/\/www.ladiagonale.net\/index.php\/wp-json\/wp\/v2\/posts\/17390\/revisions"}],"predecessor-version":[{"id":17391,"href":"https:\/\/www.ladiagonale.net\/index.php\/wp-json\/wp\/v2\/posts\/17390\/revisions\/17391"}],"wp:attachment":[{"href":"https:\/\/www.ladiagonale.net\/index.php\/wp-json\/wp\/v2\/media?parent=17390"}],"wp:term":[{"taxonomy":"category","embeddable":true,"href":"https:\/\/www.ladiagonale.net\/index.php\/wp-json\/wp\/v2\/categories?post=17390"},{"taxonomy":"post_tag","embeddable":true,"href":"https:\/\/www.ladiagonale.net\/index.php\/wp-json\/wp\/v2\/tags?post=17390"}],"curies":[{"name":"wp","href":"https:\/\/api.w.org\/{rel}","templated":true}]}}