{"id":17505,"date":"2023-10-26T19:17:46","date_gmt":"2023-10-26T17:17:46","guid":{"rendered":"https:\/\/www.ladiagonale.net\/?p=17505"},"modified":"2023-10-27T15:01:46","modified_gmt":"2023-10-27T13:01:46","slug":"a-lille-des-choix-a-faire-en-attaque","status":"publish","type":"post","link":"https:\/\/www.ladiagonale.net\/index.php\/2023\/10\/26\/a-lille-des-choix-a-faire-en-attaque\/","title":{"rendered":"\u00c0 Lille, des choix \u00e0 faire en attaque"},"content":{"rendered":"\n\n\n<p>Adi H\u00fctter a encore r\u00e9p\u00e9t\u00e9 r\u00e9cemment, en \u00e9voquant <a href=\"https:\/\/www.ladiagonale.net\/index.php\/2023\/10\/20\/hutter-sur-le-potentiel-depart-dokou-le-mieux-pour-lui-comme-pour-nous\/\">le d\u00e9part d&rsquo;Yllan Okou \u00e0 Bastia<\/a>, qu&rsquo;il pr\u00e9f\u00e9rait travailler avec un groupe assez restreint. L&rsquo;entra\u00eeneur mon\u00e9gasque, bien malgr\u00e9 lui, a \u00e9t\u00e9 servi sur le plan d\u00e9fensif le week-end dernier, avec beaucoup d&rsquo;absents dans ce secteur face \u00e0 Metz (2-1). Pour le d\u00e9placement \u00e0 Lille dimanche, il sera face \u00e0 d&rsquo;autres choix difficiles : trouver la bonne formule et les bons \u00e9l\u00e9ments \u00e0 aligner offensivement.<\/p>\n\n\n\n<p>Malgr\u00e9 l&rsquo;absence longue dur\u00e9e de Breel Embolo, l&rsquo;ASM est bien fournie en attaque. La blessure du Suisse a \u00e9t\u00e9 compens\u00e9e par le recrutement de Folarin Balogun et tous les \u00e9l\u00e9ments offensifs sont d\u00e9sormais \u00e0 disposition du staff. Eliesse Ben Seghir a disput\u00e9 ses premi\u00e8res minutes de la saison en match officiel dimanche, entrant \u00e0 la 80<sup>e<\/sup> minute de la rencontre face \u00e0 Metz. Il a aussi jou\u00e9 <a href=\"https:\/\/www.ladiagonale.net\/index.php\/2023\/10\/24\/avec-ben-seghir-et-diop-le-groupe-elite-tombe-face-a-crystal-palace\/\">un peu plus d&rsquo;une heure avec le Groupe \u00c9lite<\/a>, contre Crystal Palace ce mardi, pour retrouver du rythme et postule donc \u00e0 une place dans le onze d&rsquo;H\u00fctter.<\/p>\n\n\n\n<h3>Quel syst\u00e8me privil\u00e9gi\u00e9 ?<\/h3>\n\n\n\n<p>La premi\u00e8re question est de savoir quel syst\u00e8me de jeu choisira le coach as\u00e9miste. Il ne reconduira s\u00fbrement pas le 4-4-2 de Metz, contraint par les absences. Deux options subsistent : le 3-4-2-1 du d\u00e9but de saison, ou le 3-4-1-2 utilis\u00e9 plus r\u00e9cemment. Cette derni\u00e8re option a \u00e9t\u00e9 inaugur\u00e9e face \u00e0 Marseille (3-2, le 30 octobre), mais notamment parce qu&rsquo;Alexandre Golovin \u00e9tait suspendu et Takumi Minamino forfait, avec Maghnes Akliouche en meneur de jeu.<\/p>\n\n\n\n<p>\u00c0 Reims (3-1), alors que le Russe et le Japonais \u00e9taient de retour, Wissam Ben Yedder et Balogun ont de nouveau \u00e9t\u00e9 associ\u00e9s dans un onze \u00e0 deux pointes, avec Golovin en soutien. Le capitaine mon\u00e9gasque et l&rsquo;Am\u00e9ricain restent ainsi sur trois titularisations en commun, mais ils ont \u00e9t\u00e9 tr\u00e8s emprunt\u00e9s face \u00e0 Metz et l&rsquo;abondance de biens chez les milieux offensifs pourrait refaire pencher la balance vers le 3-4-2-1 utilis\u00e9 lors des six premi\u00e8res journ\u00e9es.<\/p>\n\n\n\n<h3>Une hi\u00e9rarchie chamboul\u00e9e ?<\/h3>\n\n\n\n<p>Si un seul milieu offensif est align\u00e9, son identit\u00e9 ne fait pas de myst\u00e8re : il s&rsquo;agira de Golovin, qui encha\u00eene les bonnes performances. Si H\u00fctter associe deux meneurs de jeu, la question de son compl\u00e9ment se pose de plus en plus. Apr\u00e8s une entame de saison tonitruante, Minamino est rentr\u00e9 dans le rang ces derni\u00e8res semaines. Et Akliouche suit la trajectoire inverse. <a href=\"https:\/\/www.ladiagonale.net\/index.php\/2023\/10\/01\/les-notes-akliouche-fait-mouche\/\">H\u00e9ros du match face \u00e0 l&rsquo;OM<\/a> fin septembre, <a href=\"https:\/\/www.ladiagonale.net\/index.php\/2023\/10\/17\/akliouche-et-matsima-participent-au-festival-des-bleuets\/\">d\u00e9cisif avec les Espoirs fran\u00e7ais<\/a> durant la tr\u00eave internationale, il a effectu\u00e9 une entr\u00e9e tr\u00e8s int\u00e9ressante face aux Messins, d\u00e8s la pause.<\/p>\n\n\n\n<p>Le jeune Mon\u00e9gasque (21 ans) postule r\u00e9ellement pour une place de titulaire, davantage que Ben Seghir (18 ans), qui devrait encore sortir du banc jusqu&rsquo;\u00e0 \u00eatre \u00e0 100% physiquement. Mais \u00e0 terme, le plus jeune joueur de l&rsquo;effectif, qui a perc\u00e9 l&rsquo;\u00e9cran l&rsquo;hiver dernier, aura aussi ses chances d&rsquo;\u00eatre dans le onze, lui dont le talent est lou\u00e9 en coulisses par son entra\u00eeneur. D\u00e9j\u00e0, dimanche, il sera int\u00e9ressant de voir quel rempla\u00e7ant est lanc\u00e9 en premier par H\u00fctter en fonction du sc\u00e9nario.<\/p>\n\n\n\n<hr class=\"wp-block-separator has-alpha-channel-opacity\"\/>\n","protected":false},"excerpt":{"rendered":"<p>Adi H\u00fctter a encore r\u00e9p\u00e9t\u00e9 r\u00e9cemment, en \u00e9voquant le d\u00e9part d&rsquo;Yllan Okou \u00e0 Bastia, qu&rsquo;il pr\u00e9f\u00e9rait travailler avec un groupe assez restreint. L&rsquo;entra\u00eeneur mon\u00e9gasque, bien malgr\u00e9 lui, a \u00e9t\u00e9 servi sur le plan d\u00e9fensif le week-end dernier, avec beaucoup d&rsquo;absents dans ce secteur face \u00e0 Metz (2-1). Pour le d\u00e9placement \u00e0 Lille dimanche, il sera [&#8230;]\n","protected":false},"author":1,"featured_media":17514,"comment_status":"open","ping_status":"open","sticky":false,"template":"","format":"standard","meta":[],"categories":[5,6],"tags":[86,94,246],"yoast_head":"<!-- This site is optimized with the Yoast SEO plugin v19.8 - https:\/\/yoast.com\/wordpress\/plugins\/seo\/ -->\n<title>\u00c0 Lille, des choix \u00e0 faire en attaque - La Diagonale<\/title>\n<meta name=\"robots\" content=\"index, follow, max-snippet:-1, max-image-preview:large, max-video-preview:-1\" \/>\n<link rel=\"canonical\" href=\"https:\/\/www.ladiagonale.net\/index.php\/2023\/10\/26\/a-lille-des-choix-a-faire-en-attaque\/\" \/>\n<meta property=\"og:locale\" content=\"fr_FR\" \/>\n<meta property=\"og:type\" content=\"article\" \/>\n<meta property=\"og:title\" content=\"\u00c0 Lille, des choix \u00e0 faire en attaque - La Diagonale\" \/>\n<meta property=\"og:description\" content=\"Adi H\u00fctter a encore r\u00e9p\u00e9t\u00e9 r\u00e9cemment, en \u00e9voquant le d\u00e9part d&rsquo;Yllan Okou \u00e0 Bastia, qu&rsquo;il pr\u00e9f\u00e9rait travailler avec un groupe assez restreint. L&rsquo;entra\u00eeneur mon\u00e9gasque, bien malgr\u00e9 lui, a \u00e9t\u00e9 servi sur le plan d\u00e9fensif le week-end dernier, avec beaucoup d&rsquo;absents dans ce secteur face \u00e0 Metz (2-1). Pour le d\u00e9placement \u00e0 Lille dimanche, il sera [...]\" \/>\n<meta property=\"og:url\" content=\"https:\/\/www.ladiagonale.net\/index.php\/2023\/10\/26\/a-lille-des-choix-a-faire-en-attaque\/\" \/>\n<meta property=\"og:site_name\" content=\"La Diagonale\" \/>\n<meta property=\"article:published_time\" content=\"2023-10-26T17:17:46+00:00\" \/>\n<meta property=\"article:modified_time\" content=\"2023-10-27T13:01:46+00:00\" \/>\n<meta property=\"og:image\" content=\"https:\/\/www.ladiagonale.net\/wp-content\/uploads\/2023\/10\/akliouche.png\" \/>\n\t<meta property=\"og:image:width\" content=\"1160\" \/>\n\t<meta property=\"og:image:height\" content=\"650\" \/>\n\t<meta property=\"og:image:type\" content=\"image\/png\" \/>\n<meta name=\"author\" content=\"admin\" \/>\n<meta name=\"twitter:card\" content=\"summary_large_image\" \/>\n<meta name=\"twitter:image\" content=\"https:\/\/www.ladiagonale.net\/wp-content\/uploads\/2023\/10\/akliouche.png\" \/>\n<meta name=\"twitter:label1\" content=\"\u00c9crit par\" \/>\n\t<meta name=\"twitter:data1\" content=\"admin\" \/>\n\t<meta name=\"twitter:label2\" content=\"Dur\u00e9e de lecture estim\u00e9e\" \/>\n\t<meta name=\"twitter:data2\" content=\"3 minutes\" \/>\n<script type=\"application\/ld+json\" class=\"yoast-schema-graph\">{\"@context\":\"https:\/\/schema.org\",\"@graph\":[{\"@type\":\"WebPage\",\"@id\":\"https:\/\/www.ladiagonale.net\/index.php\/2023\/10\/26\/a-lille-des-choix-a-faire-en-attaque\/\",\"url\":\"https:\/\/www.ladiagonale.net\/index.php\/2023\/10\/26\/a-lille-des-choix-a-faire-en-attaque\/\",\"name\":\"\u00c0 Lille, des choix \u00e0 faire en attaque - La Diagonale\",\"isPartOf\":{\"@id\":\"https:\/\/www.ladiagonale.net\/#website\"},\"datePublished\":\"2023-10-26T17:17:46+00:00\",\"dateModified\":\"2023-10-27T13:01:46+00:00\",\"author\":{\"@id\":\"https:\/\/www.ladiagonale.net\/#\/schema\/person\/03fa041acd51875ece8bf97a37252a4d\"},\"breadcrumb\":{\"@id\":\"https:\/\/www.ladiagonale.net\/index.php\/2023\/10\/26\/a-lille-des-choix-a-faire-en-attaque\/#breadcrumb\"},\"inLanguage\":\"fr-FR\",\"potentialAction\":[{\"@type\":\"ReadAction\",\"target\":[\"https:\/\/www.ladiagonale.net\/index.php\/2023\/10\/26\/a-lille-des-choix-a-faire-en-attaque\/\"]}]},{\"@type\":\"BreadcrumbList\",\"@id\":\"https:\/\/www.ladiagonale.net\/index.php\/2023\/10\/26\/a-lille-des-choix-a-faire-en-attaque\/#breadcrumb\",\"itemListElement\":[{\"@type\":\"ListItem\",\"position\":1,\"name\":\"Accueil\",\"item\":\"https:\/\/www.ladiagonale.net\/\"},{\"@type\":\"ListItem\",\"position\":2,\"name\":\"\u00c0 Lille, des choix \u00e0 faire en attaque\"}]},{\"@type\":\"WebSite\",\"@id\":\"https:\/\/www.ladiagonale.net\/#website\",\"url\":\"https:\/\/www.ladiagonale.net\/\",\"name\":\"La Diagonale\",\"description\":\"Le site des supporters de l&#039;AS Monaco FC\",\"potentialAction\":[{\"@type\":\"SearchAction\",\"target\":{\"@type\":\"EntryPoint\",\"urlTemplate\":\"https:\/\/www.ladiagonale.net\/?s={search_term_string}\"},\"query-input\":\"required name=search_term_string\"}],\"inLanguage\":\"fr-FR\"},{\"@type\":\"Person\",\"@id\":\"https:\/\/www.ladiagonale.net\/#\/schema\/person\/03fa041acd51875ece8bf97a37252a4d\",\"name\":\"admin\",\"image\":{\"@type\":\"ImageObject\",\"inLanguage\":\"fr-FR\",\"@id\":\"https:\/\/www.ladiagonale.net\/#\/schema\/person\/image\/\",\"url\":\"https:\/\/secure.gravatar.com\/avatar\/894b9daaf19cc759b072b6bb09cac5f2?s=96&d=mm&r=g\",\"contentUrl\":\"https:\/\/secure.gravatar.com\/avatar\/894b9daaf19cc759b072b6bb09cac5f2?s=96&d=mm&r=g\",\"caption\":\"admin\"},\"sameAs\":[\"https:\/\/v2.ladiagonale.net\"],\"url\":\"https:\/\/www.ladiagonale.net\/index.php\/author\/admin\/\"}]}<\/script>\n<!-- \/ Yoast SEO plugin. -->","yoast_head_json":{"title":"\u00c0 Lille, des choix \u00e0 faire en attaque - La Diagonale","robots":{"index":"index","follow":"follow","max-snippet":"max-snippet:-1","max-image-preview":"max-image-preview:large","max-video-preview":"max-video-preview:-1"},"canonical":"https:\/\/www.ladiagonale.net\/index.php\/2023\/10\/26\/a-lille-des-choix-a-faire-en-attaque\/","og_locale":"fr_FR","og_type":"article","og_title":"\u00c0 Lille, des choix \u00e0 faire en attaque - La Diagonale","og_description":"Adi H\u00fctter a encore r\u00e9p\u00e9t\u00e9 r\u00e9cemment, en \u00e9voquant le d\u00e9part d&rsquo;Yllan Okou \u00e0 Bastia, qu&rsquo;il pr\u00e9f\u00e9rait travailler avec un groupe assez restreint. L&rsquo;entra\u00eeneur mon\u00e9gasque, bien malgr\u00e9 lui, a \u00e9t\u00e9 servi sur le plan d\u00e9fensif le week-end dernier, avec beaucoup d&rsquo;absents dans ce secteur face \u00e0 Metz (2-1). Pour le d\u00e9placement \u00e0 Lille dimanche, il sera [...]","og_url":"https:\/\/www.ladiagonale.net\/index.php\/2023\/10\/26\/a-lille-des-choix-a-faire-en-attaque\/","og_site_name":"La Diagonale","article_published_time":"2023-10-26T17:17:46+00:00","article_modified_time":"2023-10-27T13:01:46+00:00","og_image":[{"width":1160,"height":650,"url":"https:\/\/www.ladiagonale.net\/wp-content\/uploads\/2023\/10\/akliouche.png","type":"image\/png"}],"author":"admin","twitter_card":"summary_large_image","twitter_image":"https:\/\/www.ladiagonale.net\/wp-content\/uploads\/2023\/10\/akliouche.png","twitter_misc":{"\u00c9crit par":"admin","Dur\u00e9e de lecture estim\u00e9e":"3 minutes"},"schema":{"@context":"https:\/\/schema.org","@graph":[{"@type":"WebPage","@id":"https:\/\/www.ladiagonale.net\/index.php\/2023\/10\/26\/a-lille-des-choix-a-faire-en-attaque\/","url":"https:\/\/www.ladiagonale.net\/index.php\/2023\/10\/26\/a-lille-des-choix-a-faire-en-attaque\/","name":"\u00c0 Lille, des choix \u00e0 faire en attaque - La Diagonale","isPartOf":{"@id":"https:\/\/www.ladiagonale.net\/#website"},"datePublished":"2023-10-26T17:17:46+00:00","dateModified":"2023-10-27T13:01:46+00:00","author":{"@id":"https:\/\/www.ladiagonale.net\/#\/schema\/person\/03fa041acd51875ece8bf97a37252a4d"},"breadcrumb":{"@id":"https:\/\/www.ladiagonale.net\/index.php\/2023\/10\/26\/a-lille-des-choix-a-faire-en-attaque\/#breadcrumb"},"inLanguage":"fr-FR","potentialAction":[{"@type":"ReadAction","target":["https:\/\/www.ladiagonale.net\/index.php\/2023\/10\/26\/a-lille-des-choix-a-faire-en-attaque\/"]}]},{"@type":"BreadcrumbList","@id":"https:\/\/www.ladiagonale.net\/index.php\/2023\/10\/26\/a-lille-des-choix-a-faire-en-attaque\/#breadcrumb","itemListElement":[{"@type":"ListItem","position":1,"name":"Accueil","item":"https:\/\/www.ladiagonale.net\/"},{"@type":"ListItem","position":2,"name":"\u00c0 Lille, des choix \u00e0 faire en attaque"}]},{"@type":"WebSite","@id":"https:\/\/www.ladiagonale.net\/#website","url":"https:\/\/www.ladiagonale.net\/","name":"La Diagonale","description":"Le site des supporters de l&#039;AS Monaco FC","potentialAction":[{"@type":"SearchAction","target":{"@type":"EntryPoint","urlTemplate":"https:\/\/www.ladiagonale.net\/?s={search_term_string}"},"query-input":"required name=search_term_string"}],"inLanguage":"fr-FR"},{"@type":"Person","@id":"https:\/\/www.ladiagonale.net\/#\/schema\/person\/03fa041acd51875ece8bf97a37252a4d","name":"admin","image":{"@type":"ImageObject","inLanguage":"fr-FR","@id":"https:\/\/www.ladiagonale.net\/#\/schema\/person\/image\/","url":"https:\/\/secure.gravatar.com\/avatar\/894b9daaf19cc759b072b6bb09cac5f2?s=96&d=mm&r=g","contentUrl":"https:\/\/secure.gravatar.com\/avatar\/894b9daaf19cc759b072b6bb09cac5f2?s=96&d=mm&r=g","caption":"admin"},"sameAs":["https:\/\/v2.ladiagonale.net"],"url":"https:\/\/www.ladiagonale.net\/index.php\/author\/admin\/"}]}},"_links":{"self":[{"href":"https:\/\/www.ladiagonale.net\/index.php\/wp-json\/wp\/v2\/posts\/17505"}],"collection":[{"href":"https:\/\/www.ladiagonale.net\/index.php\/wp-json\/wp\/v2\/posts"}],"about":[{"href":"https:\/\/www.ladiagonale.net\/index.php\/wp-json\/wp\/v2\/types\/post"}],"author":[{"embeddable":true,"href":"https:\/\/www.ladiagonale.net\/index.php\/wp-json\/wp\/v2\/users\/1"}],"replies":[{"embeddable":true,"href":"https:\/\/www.ladiagonale.net\/index.php\/wp-json\/wp\/v2\/comments?post=17505"}],"version-history":[{"count":5,"href":"https:\/\/www.ladiagonale.net\/index.php\/wp-json\/wp\/v2\/posts\/17505\/revisions"}],"predecessor-version":[{"id":17523,"href":"https:\/\/www.ladiagonale.net\/index.php\/wp-json\/wp\/v2\/posts\/17505\/revisions\/17523"}],"wp:featuredmedia":[{"embeddable":true,"href":"https:\/\/www.ladiagonale.net\/index.php\/wp-json\/wp\/v2\/media\/17514"}],"wp:attachment":[{"href":"https:\/\/www.ladiagonale.net\/index.php\/wp-json\/wp\/v2\/media?parent=17505"}],"wp:term":[{"taxonomy":"category","embeddable":true,"href":"https:\/\/www.ladiagonale.net\/index.php\/wp-json\/wp\/v2\/categories?post=17505"},{"taxonomy":"post_tag","embeddable":true,"href":"https:\/\/www.ladiagonale.net\/index.php\/wp-json\/wp\/v2\/tags?post=17505"}],"curies":[{"name":"wp","href":"https:\/\/api.w.org\/{rel}","templated":true}]}}