{"id":17677,"date":"2023-10-30T14:03:35","date_gmt":"2023-10-30T13:03:35","guid":{"rendered":"https:\/\/www.ladiagonale.net\/?p=17677"},"modified":"2025-02-20T15:39:51","modified_gmt":"2025-02-20T14:39:51","slug":"le-lateral-gauche-kassoum-ouattara-en-joker","status":"publish","type":"post","link":"https:\/\/www.ladiagonale.net\/index.php\/2023\/10\/30\/le-lateral-gauche-kassoum-ouattara-en-joker\/","title":{"rendered":"Le lat\u00e9ral gauche Kassoum Ouattara en joker ?"},"content":{"rendered":"\n\n\n<p>Priv\u00e9e de Caio Henrique pour de longs mois, tandis qu&rsquo;Ismail Jakobs partira tr\u00e8s probablement \u00e0 la CAN en janvier, l&rsquo;AS Monaco serait bien en train de s&rsquo;activer pour recruter un joker \u00e0 ce poste de lat\u00e9ral gauche. Selon des r\u00e9v\u00e9lations de <em>Foot Mercato<\/em>, Thiago Scuro aurait fait de l&rsquo;Ami\u00e9nois Kassoum Ouattara sa priorit\u00e9. Monaco et Amiens seraient en train de n\u00e9gocier pour le transfert d\u00e9finitif du joueur, qui a f\u00eat\u00e9 ses 19 ans ce mois-ci. <\/p>\n\n\n\n<p>Depuis le d\u00e9but de la saison, l&rsquo;international fran\u00e7ais U20 <em>(1 s\u00e9lection)<\/em> a disput\u00e9 10 rencontres en Ligue 2. Mais depuis deux matches, il a \u00e9t\u00e9 \u00e9cart\u00e9 du groupe et samedi soir, apr\u00e8s le nul contre Laval (0-0), l&rsquo;entra\u00eeneur d&rsquo;Amiens Omar Daf avait indiqu\u00e9 que l&rsquo;aventure de Ouattara avec le club picard \u00e9tait bien sur le point de se terminer\u00a0: \u00ab <em>Si Kassoum (Ouattara) n\u2019a pas jou\u00e9, c\u2019est parce qu\u2019il est en instance de d\u00e9part. Il ne pouvait pas prendre part \u00e0 cette rencontre.<\/em> \u00bb<\/p>\n","protected":false},"excerpt":{"rendered":"<p>Priv\u00e9e de Caio Henrique pour de longs mois, tandis qu&rsquo;Ismail Jakobs partira tr\u00e8s probablement \u00e0 la CAN en janvier, l&rsquo;AS Monaco serait bien en train de s&rsquo;activer pour recruter un joker \u00e0 ce poste de lat\u00e9ral gauche. Selon des r\u00e9v\u00e9lations de Foot Mercato, Thiago Scuro aurait fait de l&rsquo;Ami\u00e9nois Kassoum Ouattara sa priorit\u00e9. Monaco et [&#8230;]\n","protected":false},"author":2,"featured_media":0,"comment_status":"open","ping_status":"open","sticky":false,"template":"","format":"standard","meta":[],"categories":[4,6],"tags":[721,86,716,722,110],"yoast_head":"<!-- This site is optimized with the Yoast SEO plugin v19.8 - https:\/\/yoast.com\/wordpress\/plugins\/seo\/ -->\n<title>Le lat\u00e9ral gauche Kassoum Ouattara en joker ? - La Diagonale<\/title>\n<meta name=\"robots\" content=\"index, follow, max-snippet:-1, max-image-preview:large, max-video-preview:-1\" \/>\n<link rel=\"canonical\" href=\"https:\/\/www.ladiagonale.net\/index.php\/2023\/10\/30\/le-lateral-gauche-kassoum-ouattara-en-joker\/\" \/>\n<meta property=\"og:locale\" content=\"fr_FR\" \/>\n<meta property=\"og:type\" content=\"article\" \/>\n<meta property=\"og:title\" content=\"Le lat\u00e9ral gauche Kassoum Ouattara en joker ? - La Diagonale\" \/>\n<meta property=\"og:description\" content=\"Priv\u00e9e de Caio Henrique pour de longs mois, tandis qu&rsquo;Ismail Jakobs partira tr\u00e8s probablement \u00e0 la CAN en janvier, l&rsquo;AS Monaco serait bien en train de s&rsquo;activer pour recruter un joker \u00e0 ce poste de lat\u00e9ral gauche. Selon des r\u00e9v\u00e9lations de Foot Mercato, Thiago Scuro aurait fait de l&rsquo;Ami\u00e9nois Kassoum Ouattara sa priorit\u00e9. Monaco et [...]\" \/>\n<meta property=\"og:url\" content=\"https:\/\/www.ladiagonale.net\/index.php\/2023\/10\/30\/le-lateral-gauche-kassoum-ouattara-en-joker\/\" \/>\n<meta property=\"og:site_name\" content=\"La Diagonale\" \/>\n<meta property=\"article:published_time\" content=\"2023-10-30T13:03:35+00:00\" \/>\n<meta property=\"article:modified_time\" content=\"2025-02-20T14:39:51+00:00\" \/>\n<meta property=\"og:image\" content=\"https:\/\/www.ladiagonale.net\/wp-content\/uploads\/2023\/10\/kouattara.png\" \/>\n\t<meta property=\"og:image:width\" content=\"1160\" \/>\n\t<meta property=\"og:image:height\" content=\"650\" \/>\n\t<meta property=\"og:image:type\" content=\"image\/png\" \/>\n<meta name=\"author\" content=\"Damien Dellerba\" \/>\n<meta name=\"twitter:card\" content=\"summary_large_image\" \/>\n<meta name=\"twitter:image\" content=\"https:\/\/www.ladiagonale.net\/wp-content\/uploads\/2023\/10\/kouattara.png\" \/>\n<meta name=\"twitter:label1\" content=\"\u00c9crit par\" \/>\n\t<meta name=\"twitter:data1\" content=\"Damien Dellerba\" \/>\n\t<meta name=\"twitter:label2\" content=\"Dur\u00e9e de lecture estim\u00e9e\" \/>\n\t<meta name=\"twitter:data2\" content=\"1 minute\" \/>\n<script type=\"application\/ld+json\" class=\"yoast-schema-graph\">{\"@context\":\"https:\/\/schema.org\",\"@graph\":[{\"@type\":\"WebPage\",\"@id\":\"https:\/\/www.ladiagonale.net\/index.php\/2023\/10\/30\/le-lateral-gauche-kassoum-ouattara-en-joker\/\",\"url\":\"https:\/\/www.ladiagonale.net\/index.php\/2023\/10\/30\/le-lateral-gauche-kassoum-ouattara-en-joker\/\",\"name\":\"Le lat\u00e9ral gauche Kassoum Ouattara en joker ? - La Diagonale\",\"isPartOf\":{\"@id\":\"https:\/\/www.ladiagonale.net\/#website\"},\"datePublished\":\"2023-10-30T13:03:35+00:00\",\"dateModified\":\"2025-02-20T14:39:51+00:00\",\"author\":{\"@id\":\"https:\/\/www.ladiagonale.net\/#\/schema\/person\/79ff1e7b0853ed01b2aa26e64ad300bf\"},\"breadcrumb\":{\"@id\":\"https:\/\/www.ladiagonale.net\/index.php\/2023\/10\/30\/le-lateral-gauche-kassoum-ouattara-en-joker\/#breadcrumb\"},\"inLanguage\":\"fr-FR\",\"potentialAction\":[{\"@type\":\"ReadAction\",\"target\":[\"https:\/\/www.ladiagonale.net\/index.php\/2023\/10\/30\/le-lateral-gauche-kassoum-ouattara-en-joker\/\"]}]},{\"@type\":\"BreadcrumbList\",\"@id\":\"https:\/\/www.ladiagonale.net\/index.php\/2023\/10\/30\/le-lateral-gauche-kassoum-ouattara-en-joker\/#breadcrumb\",\"itemListElement\":[{\"@type\":\"ListItem\",\"position\":1,\"name\":\"Accueil\",\"item\":\"https:\/\/www.ladiagonale.net\/\"},{\"@type\":\"ListItem\",\"position\":2,\"name\":\"Le lat\u00e9ral gauche Kassoum Ouattara en joker ?\"}]},{\"@type\":\"WebSite\",\"@id\":\"https:\/\/www.ladiagonale.net\/#website\",\"url\":\"https:\/\/www.ladiagonale.net\/\",\"name\":\"La Diagonale\",\"description\":\"Le site des supporters de l&#039;AS Monaco FC\",\"potentialAction\":[{\"@type\":\"SearchAction\",\"target\":{\"@type\":\"EntryPoint\",\"urlTemplate\":\"https:\/\/www.ladiagonale.net\/?s={search_term_string}\"},\"query-input\":\"required name=search_term_string\"}],\"inLanguage\":\"fr-FR\"},{\"@type\":\"Person\",\"@id\":\"https:\/\/www.ladiagonale.net\/#\/schema\/person\/79ff1e7b0853ed01b2aa26e64ad300bf\",\"name\":\"Damien Dellerba\",\"image\":{\"@type\":\"ImageObject\",\"inLanguage\":\"fr-FR\",\"@id\":\"https:\/\/www.ladiagonale.net\/#\/schema\/person\/image\/\",\"url\":\"https:\/\/secure.gravatar.com\/avatar\/c7850e06d3ff63cdbaee88b7fc16e2f0?s=96&d=mm&r=g\",\"contentUrl\":\"https:\/\/secure.gravatar.com\/avatar\/c7850e06d3ff63cdbaee88b7fc16e2f0?s=96&d=mm&r=g\",\"caption\":\"Damien Dellerba\"},\"url\":\"https:\/\/www.ladiagonale.net\/index.php\/author\/damien\/\"}]}<\/script>\n<!-- \/ Yoast SEO plugin. -->","yoast_head_json":{"title":"Le lat\u00e9ral gauche Kassoum Ouattara en joker ? - La Diagonale","robots":{"index":"index","follow":"follow","max-snippet":"max-snippet:-1","max-image-preview":"max-image-preview:large","max-video-preview":"max-video-preview:-1"},"canonical":"https:\/\/www.ladiagonale.net\/index.php\/2023\/10\/30\/le-lateral-gauche-kassoum-ouattara-en-joker\/","og_locale":"fr_FR","og_type":"article","og_title":"Le lat\u00e9ral gauche Kassoum Ouattara en joker ? - La Diagonale","og_description":"Priv\u00e9e de Caio Henrique pour de longs mois, tandis qu&rsquo;Ismail Jakobs partira tr\u00e8s probablement \u00e0 la CAN en janvier, l&rsquo;AS Monaco serait bien en train de s&rsquo;activer pour recruter un joker \u00e0 ce poste de lat\u00e9ral gauche. Selon des r\u00e9v\u00e9lations de Foot Mercato, Thiago Scuro aurait fait de l&rsquo;Ami\u00e9nois Kassoum Ouattara sa priorit\u00e9. Monaco et [...]","og_url":"https:\/\/www.ladiagonale.net\/index.php\/2023\/10\/30\/le-lateral-gauche-kassoum-ouattara-en-joker\/","og_site_name":"La Diagonale","article_published_time":"2023-10-30T13:03:35+00:00","article_modified_time":"2025-02-20T14:39:51+00:00","og_image":[{"width":1160,"height":650,"url":"https:\/\/www.ladiagonale.net\/wp-content\/uploads\/2023\/10\/kouattara.png","type":"image\/png"}],"author":"Damien Dellerba","twitter_card":"summary_large_image","twitter_image":"https:\/\/www.ladiagonale.net\/wp-content\/uploads\/2023\/10\/kouattara.png","twitter_misc":{"\u00c9crit par":"Damien Dellerba","Dur\u00e9e de lecture estim\u00e9e":"1 minute"},"schema":{"@context":"https:\/\/schema.org","@graph":[{"@type":"WebPage","@id":"https:\/\/www.ladiagonale.net\/index.php\/2023\/10\/30\/le-lateral-gauche-kassoum-ouattara-en-joker\/","url":"https:\/\/www.ladiagonale.net\/index.php\/2023\/10\/30\/le-lateral-gauche-kassoum-ouattara-en-joker\/","name":"Le lat\u00e9ral gauche Kassoum Ouattara en joker ? - La Diagonale","isPartOf":{"@id":"https:\/\/www.ladiagonale.net\/#website"},"datePublished":"2023-10-30T13:03:35+00:00","dateModified":"2025-02-20T14:39:51+00:00","author":{"@id":"https:\/\/www.ladiagonale.net\/#\/schema\/person\/79ff1e7b0853ed01b2aa26e64ad300bf"},"breadcrumb":{"@id":"https:\/\/www.ladiagonale.net\/index.php\/2023\/10\/30\/le-lateral-gauche-kassoum-ouattara-en-joker\/#breadcrumb"},"inLanguage":"fr-FR","potentialAction":[{"@type":"ReadAction","target":["https:\/\/www.ladiagonale.net\/index.php\/2023\/10\/30\/le-lateral-gauche-kassoum-ouattara-en-joker\/"]}]},{"@type":"BreadcrumbList","@id":"https:\/\/www.ladiagonale.net\/index.php\/2023\/10\/30\/le-lateral-gauche-kassoum-ouattara-en-joker\/#breadcrumb","itemListElement":[{"@type":"ListItem","position":1,"name":"Accueil","item":"https:\/\/www.ladiagonale.net\/"},{"@type":"ListItem","position":2,"name":"Le lat\u00e9ral gauche Kassoum Ouattara en joker ?"}]},{"@type":"WebSite","@id":"https:\/\/www.ladiagonale.net\/#website","url":"https:\/\/www.ladiagonale.net\/","name":"La Diagonale","description":"Le site des supporters de l&#039;AS Monaco FC","potentialAction":[{"@type":"SearchAction","target":{"@type":"EntryPoint","urlTemplate":"https:\/\/www.ladiagonale.net\/?s={search_term_string}"},"query-input":"required name=search_term_string"}],"inLanguage":"fr-FR"},{"@type":"Person","@id":"https:\/\/www.ladiagonale.net\/#\/schema\/person\/79ff1e7b0853ed01b2aa26e64ad300bf","name":"Damien Dellerba","image":{"@type":"ImageObject","inLanguage":"fr-FR","@id":"https:\/\/www.ladiagonale.net\/#\/schema\/person\/image\/","url":"https:\/\/secure.gravatar.com\/avatar\/c7850e06d3ff63cdbaee88b7fc16e2f0?s=96&d=mm&r=g","contentUrl":"https:\/\/secure.gravatar.com\/avatar\/c7850e06d3ff63cdbaee88b7fc16e2f0?s=96&d=mm&r=g","caption":"Damien Dellerba"},"url":"https:\/\/www.ladiagonale.net\/index.php\/author\/damien\/"}]}},"_links":{"self":[{"href":"https:\/\/www.ladiagonale.net\/index.php\/wp-json\/wp\/v2\/posts\/17677"}],"collection":[{"href":"https:\/\/www.ladiagonale.net\/index.php\/wp-json\/wp\/v2\/posts"}],"about":[{"href":"https:\/\/www.ladiagonale.net\/index.php\/wp-json\/wp\/v2\/types\/post"}],"author":[{"embeddable":true,"href":"https:\/\/www.ladiagonale.net\/index.php\/wp-json\/wp\/v2\/users\/2"}],"replies":[{"embeddable":true,"href":"https:\/\/www.ladiagonale.net\/index.php\/wp-json\/wp\/v2\/comments?post=17677"}],"version-history":[{"count":3,"href":"https:\/\/www.ladiagonale.net\/index.php\/wp-json\/wp\/v2\/posts\/17677\/revisions"}],"predecessor-version":[{"id":17681,"href":"https:\/\/www.ladiagonale.net\/index.php\/wp-json\/wp\/v2\/posts\/17677\/revisions\/17681"}],"wp:attachment":[{"href":"https:\/\/www.ladiagonale.net\/index.php\/wp-json\/wp\/v2\/media?parent=17677"}],"wp:term":[{"taxonomy":"category","embeddable":true,"href":"https:\/\/www.ladiagonale.net\/index.php\/wp-json\/wp\/v2\/categories?post=17677"},{"taxonomy":"post_tag","embeddable":true,"href":"https:\/\/www.ladiagonale.net\/index.php\/wp-json\/wp\/v2\/tags?post=17677"}],"curies":[{"name":"wp","href":"https:\/\/api.w.org\/{rel}","templated":true}]}}