{"id":17682,"date":"2023-10-30T15:19:39","date_gmt":"2023-10-30T14:19:39","guid":{"rendered":"https:\/\/www.ladiagonale.net\/?p=17682"},"modified":"2023-11-02T00:45:54","modified_gmt":"2023-11-01T23:45:54","slug":"le-groupe-elite-sincline-a-son-tour-face-au-losc","status":"publish","type":"post","link":"https:\/\/www.ladiagonale.net\/index.php\/2023\/10\/30\/le-groupe-elite-sincline-a-son-tour-face-au-losc\/","title":{"rendered":"Le Groupe \u00c9lite s&rsquo;incline \u00e0 son tour face au LOSC"},"content":{"rendered":"\n\n\n<p>D\u00e9cid\u00e9ment, Lille ne r\u00e9ussit pas \u00e0 l&rsquo;AS Monaco. Apr\u00e8s la d\u00e9faite de l&rsquo;\u00e9quipe d&rsquo;Adi H\u00fctter en Ligue 1 dimanche (2-0), c&rsquo;est le Groupe \u00c9lite qui a \u00e9t\u00e9 d\u00e9fait par l&rsquo;\u00e9quipe r\u00e9serve du LOSC ce lundi (1-3), malgr\u00e9 les renforts de joueurs pr\u00e9sents dans le groupe pro dimanche. Edan Diop, Yann Lienard, Antonin Cartillier et Malamine Efekele \u00e9taient titulaires. Eliesse Ben Seghir, qui a disput\u00e9 20 minutes la veille, \u00e9tait \u00e9galement dans le onze de d\u00e9part, mais est sorti \u00e0 la demi-heure de jeu.<\/p>\n\n\n\n<p>Dans le camp d&rsquo;en face, o\u00f9 l&rsquo;ancien Mon\u00e9gasque Lisandru Olmeta gardait les cages, on pouvait \u00e9galement trouver Ignacio Miramon et Ayyoub Bouaddi, qui \u00e9taient eux aussi sur la feuille de match \u00e0 l&rsquo;occasion de la rencontre entre Monaco et Lille en Ligue 1. Ce sont les Lillois, qui comme leurs a\u00een\u00e9s, ont puni les pensionnaires de l&rsquo;Academy coup sur coup, en seconde p\u00e9riode. La rencontre s&rsquo;est emball\u00e9e apr\u00e8s l&rsquo;heure de jeu et les deux buts lillois (64<sup>e<\/sup>, 68<sup>e<\/sup>) auxquels Cartillier a r\u00e9pondu rapidement (1-2, 70<sup>e<\/sup>). Les Dogues ont finalement inscrit un troisi\u00e8me but en fin de match (1-3, 90<sup>e<\/sup>).<\/p>\n\n\n\n<div class=\"wp-container-1 wp-block-buttons\">\n<div class=\"wp-block-button is-style-outline\"><a class=\"wp-block-button__link has-background\" href=\"https:\/\/www.ladiagonale.net\/index.php\/event\/lille-ii-monaco-ii\/\" style=\"background:linear-gradient(90deg,rgb(238,238,238) 0%,rgb(216,216,216) 44%,rgb(169,184,195) 97%)\">Voir la feuille de match<\/a><\/div>\n<\/div>\n\n\n\n<p>Dans une semaine, le 7 novembre, les hommes de Damien Perrinelle affronteront l&rsquo;\u00e9quipe r\u00e9serve de Strasbourg.<\/p>\n","protected":false},"excerpt":{"rendered":"<p>D\u00e9cid\u00e9ment, Lille ne r\u00e9ussit pas \u00e0 l&rsquo;AS Monaco. Apr\u00e8s la d\u00e9faite de l&rsquo;\u00e9quipe d&rsquo;Adi H\u00fctter en Ligue 1 dimanche (2-0), c&rsquo;est le Groupe \u00c9lite qui a \u00e9t\u00e9 d\u00e9fait par l&rsquo;\u00e9quipe r\u00e9serve du LOSC ce lundi (1-3), malgr\u00e9 les renforts de joueurs pr\u00e9sents dans le groupe pro dimanche. Edan Diop, Yann Lienard, Antonin Cartillier et Malamine [&#8230;]\n","protected":false},"author":2,"featured_media":0,"comment_status":"open","ping_status":"open","sticky":false,"template":"","format":"standard","meta":[],"categories":[6],"tags":[76,86,228],"yoast_head":"<!-- This site is optimized with the Yoast SEO plugin v19.8 - https:\/\/yoast.com\/wordpress\/plugins\/seo\/ -->\n<title>Le Groupe \u00c9lite s&#039;incline \u00e0 son tour face au LOSC - La Diagonale<\/title>\n<meta name=\"robots\" content=\"index, follow, max-snippet:-1, max-image-preview:large, max-video-preview:-1\" \/>\n<link rel=\"canonical\" href=\"https:\/\/www.ladiagonale.net\/index.php\/2023\/10\/30\/le-groupe-elite-sincline-a-son-tour-face-au-losc\/\" \/>\n<meta property=\"og:locale\" content=\"fr_FR\" \/>\n<meta property=\"og:type\" content=\"article\" \/>\n<meta property=\"og:title\" content=\"Le Groupe \u00c9lite s&#039;incline \u00e0 son tour face au LOSC - La Diagonale\" \/>\n<meta property=\"og:description\" content=\"D\u00e9cid\u00e9ment, Lille ne r\u00e9ussit pas \u00e0 l&rsquo;AS Monaco. Apr\u00e8s la d\u00e9faite de l&rsquo;\u00e9quipe d&rsquo;Adi H\u00fctter en Ligue 1 dimanche (2-0), c&rsquo;est le Groupe \u00c9lite qui a \u00e9t\u00e9 d\u00e9fait par l&rsquo;\u00e9quipe r\u00e9serve du LOSC ce lundi (1-3), malgr\u00e9 les renforts de joueurs pr\u00e9sents dans le groupe pro dimanche. Edan Diop, Yann Lienard, Antonin Cartillier et Malamine [...]\" \/>\n<meta property=\"og:url\" content=\"https:\/\/www.ladiagonale.net\/index.php\/2023\/10\/30\/le-groupe-elite-sincline-a-son-tour-face-au-losc\/\" \/>\n<meta property=\"og:site_name\" content=\"La Diagonale\" \/>\n<meta property=\"article:published_time\" content=\"2023-10-30T14:19:39+00:00\" \/>\n<meta property=\"article:modified_time\" content=\"2023-11-01T23:45:54+00:00\" \/>\n<meta property=\"og:image\" content=\"https:\/\/www.ladiagonale.net\/wp-content\/uploads\/2023\/10\/cartillier.png\" \/>\n\t<meta property=\"og:image:width\" content=\"1160\" \/>\n\t<meta property=\"og:image:height\" content=\"650\" \/>\n\t<meta property=\"og:image:type\" content=\"image\/png\" \/>\n<meta name=\"author\" content=\"Damien Dellerba\" \/>\n<meta name=\"twitter:card\" content=\"summary_large_image\" \/>\n<meta name=\"twitter:image\" content=\"https:\/\/www.ladiagonale.net\/wp-content\/uploads\/2023\/10\/cartillier.png\" \/>\n<meta name=\"twitter:label1\" content=\"\u00c9crit par\" \/>\n\t<meta name=\"twitter:data1\" content=\"Damien Dellerba\" \/>\n\t<meta name=\"twitter:label2\" content=\"Dur\u00e9e de lecture estim\u00e9e\" \/>\n\t<meta name=\"twitter:data2\" content=\"2 minutes\" \/>\n<script type=\"application\/ld+json\" class=\"yoast-schema-graph\">{\"@context\":\"https:\/\/schema.org\",\"@graph\":[{\"@type\":\"WebPage\",\"@id\":\"https:\/\/www.ladiagonale.net\/index.php\/2023\/10\/30\/le-groupe-elite-sincline-a-son-tour-face-au-losc\/\",\"url\":\"https:\/\/www.ladiagonale.net\/index.php\/2023\/10\/30\/le-groupe-elite-sincline-a-son-tour-face-au-losc\/\",\"name\":\"Le Groupe \u00c9lite s'incline \u00e0 son tour face au LOSC - La Diagonale\",\"isPartOf\":{\"@id\":\"https:\/\/www.ladiagonale.net\/#website\"},\"datePublished\":\"2023-10-30T14:19:39+00:00\",\"dateModified\":\"2023-11-01T23:45:54+00:00\",\"author\":{\"@id\":\"https:\/\/www.ladiagonale.net\/#\/schema\/person\/79ff1e7b0853ed01b2aa26e64ad300bf\"},\"breadcrumb\":{\"@id\":\"https:\/\/www.ladiagonale.net\/index.php\/2023\/10\/30\/le-groupe-elite-sincline-a-son-tour-face-au-losc\/#breadcrumb\"},\"inLanguage\":\"fr-FR\",\"potentialAction\":[{\"@type\":\"ReadAction\",\"target\":[\"https:\/\/www.ladiagonale.net\/index.php\/2023\/10\/30\/le-groupe-elite-sincline-a-son-tour-face-au-losc\/\"]}]},{\"@type\":\"BreadcrumbList\",\"@id\":\"https:\/\/www.ladiagonale.net\/index.php\/2023\/10\/30\/le-groupe-elite-sincline-a-son-tour-face-au-losc\/#breadcrumb\",\"itemListElement\":[{\"@type\":\"ListItem\",\"position\":1,\"name\":\"Accueil\",\"item\":\"https:\/\/www.ladiagonale.net\/\"},{\"@type\":\"ListItem\",\"position\":2,\"name\":\"Le Groupe \u00c9lite s&rsquo;incline \u00e0 son tour face au LOSC\"}]},{\"@type\":\"WebSite\",\"@id\":\"https:\/\/www.ladiagonale.net\/#website\",\"url\":\"https:\/\/www.ladiagonale.net\/\",\"name\":\"La Diagonale\",\"description\":\"Le site des supporters de l&#039;AS Monaco FC\",\"potentialAction\":[{\"@type\":\"SearchAction\",\"target\":{\"@type\":\"EntryPoint\",\"urlTemplate\":\"https:\/\/www.ladiagonale.net\/?s={search_term_string}\"},\"query-input\":\"required name=search_term_string\"}],\"inLanguage\":\"fr-FR\"},{\"@type\":\"Person\",\"@id\":\"https:\/\/www.ladiagonale.net\/#\/schema\/person\/79ff1e7b0853ed01b2aa26e64ad300bf\",\"name\":\"Damien Dellerba\",\"image\":{\"@type\":\"ImageObject\",\"inLanguage\":\"fr-FR\",\"@id\":\"https:\/\/www.ladiagonale.net\/#\/schema\/person\/image\/\",\"url\":\"https:\/\/secure.gravatar.com\/avatar\/c7850e06d3ff63cdbaee88b7fc16e2f0?s=96&d=mm&r=g\",\"contentUrl\":\"https:\/\/secure.gravatar.com\/avatar\/c7850e06d3ff63cdbaee88b7fc16e2f0?s=96&d=mm&r=g\",\"caption\":\"Damien Dellerba\"},\"url\":\"https:\/\/www.ladiagonale.net\/index.php\/author\/damien\/\"}]}<\/script>\n<!-- \/ Yoast SEO plugin. -->","yoast_head_json":{"title":"Le Groupe \u00c9lite s'incline \u00e0 son tour face au LOSC - La Diagonale","robots":{"index":"index","follow":"follow","max-snippet":"max-snippet:-1","max-image-preview":"max-image-preview:large","max-video-preview":"max-video-preview:-1"},"canonical":"https:\/\/www.ladiagonale.net\/index.php\/2023\/10\/30\/le-groupe-elite-sincline-a-son-tour-face-au-losc\/","og_locale":"fr_FR","og_type":"article","og_title":"Le Groupe \u00c9lite s'incline \u00e0 son tour face au LOSC - La Diagonale","og_description":"D\u00e9cid\u00e9ment, Lille ne r\u00e9ussit pas \u00e0 l&rsquo;AS Monaco. Apr\u00e8s la d\u00e9faite de l&rsquo;\u00e9quipe d&rsquo;Adi H\u00fctter en Ligue 1 dimanche (2-0), c&rsquo;est le Groupe \u00c9lite qui a \u00e9t\u00e9 d\u00e9fait par l&rsquo;\u00e9quipe r\u00e9serve du LOSC ce lundi (1-3), malgr\u00e9 les renforts de joueurs pr\u00e9sents dans le groupe pro dimanche. Edan Diop, Yann Lienard, Antonin Cartillier et Malamine [...]","og_url":"https:\/\/www.ladiagonale.net\/index.php\/2023\/10\/30\/le-groupe-elite-sincline-a-son-tour-face-au-losc\/","og_site_name":"La Diagonale","article_published_time":"2023-10-30T14:19:39+00:00","article_modified_time":"2023-11-01T23:45:54+00:00","og_image":[{"width":1160,"height":650,"url":"https:\/\/www.ladiagonale.net\/wp-content\/uploads\/2023\/10\/cartillier.png","type":"image\/png"}],"author":"Damien Dellerba","twitter_card":"summary_large_image","twitter_image":"https:\/\/www.ladiagonale.net\/wp-content\/uploads\/2023\/10\/cartillier.png","twitter_misc":{"\u00c9crit par":"Damien Dellerba","Dur\u00e9e de lecture estim\u00e9e":"2 minutes"},"schema":{"@context":"https:\/\/schema.org","@graph":[{"@type":"WebPage","@id":"https:\/\/www.ladiagonale.net\/index.php\/2023\/10\/30\/le-groupe-elite-sincline-a-son-tour-face-au-losc\/","url":"https:\/\/www.ladiagonale.net\/index.php\/2023\/10\/30\/le-groupe-elite-sincline-a-son-tour-face-au-losc\/","name":"Le Groupe \u00c9lite s'incline \u00e0 son tour face au LOSC - La Diagonale","isPartOf":{"@id":"https:\/\/www.ladiagonale.net\/#website"},"datePublished":"2023-10-30T14:19:39+00:00","dateModified":"2023-11-01T23:45:54+00:00","author":{"@id":"https:\/\/www.ladiagonale.net\/#\/schema\/person\/79ff1e7b0853ed01b2aa26e64ad300bf"},"breadcrumb":{"@id":"https:\/\/www.ladiagonale.net\/index.php\/2023\/10\/30\/le-groupe-elite-sincline-a-son-tour-face-au-losc\/#breadcrumb"},"inLanguage":"fr-FR","potentialAction":[{"@type":"ReadAction","target":["https:\/\/www.ladiagonale.net\/index.php\/2023\/10\/30\/le-groupe-elite-sincline-a-son-tour-face-au-losc\/"]}]},{"@type":"BreadcrumbList","@id":"https:\/\/www.ladiagonale.net\/index.php\/2023\/10\/30\/le-groupe-elite-sincline-a-son-tour-face-au-losc\/#breadcrumb","itemListElement":[{"@type":"ListItem","position":1,"name":"Accueil","item":"https:\/\/www.ladiagonale.net\/"},{"@type":"ListItem","position":2,"name":"Le Groupe \u00c9lite s&rsquo;incline \u00e0 son tour face au LOSC"}]},{"@type":"WebSite","@id":"https:\/\/www.ladiagonale.net\/#website","url":"https:\/\/www.ladiagonale.net\/","name":"La Diagonale","description":"Le site des supporters de l&#039;AS Monaco FC","potentialAction":[{"@type":"SearchAction","target":{"@type":"EntryPoint","urlTemplate":"https:\/\/www.ladiagonale.net\/?s={search_term_string}"},"query-input":"required name=search_term_string"}],"inLanguage":"fr-FR"},{"@type":"Person","@id":"https:\/\/www.ladiagonale.net\/#\/schema\/person\/79ff1e7b0853ed01b2aa26e64ad300bf","name":"Damien Dellerba","image":{"@type":"ImageObject","inLanguage":"fr-FR","@id":"https:\/\/www.ladiagonale.net\/#\/schema\/person\/image\/","url":"https:\/\/secure.gravatar.com\/avatar\/c7850e06d3ff63cdbaee88b7fc16e2f0?s=96&d=mm&r=g","contentUrl":"https:\/\/secure.gravatar.com\/avatar\/c7850e06d3ff63cdbaee88b7fc16e2f0?s=96&d=mm&r=g","caption":"Damien Dellerba"},"url":"https:\/\/www.ladiagonale.net\/index.php\/author\/damien\/"}]}},"_links":{"self":[{"href":"https:\/\/www.ladiagonale.net\/index.php\/wp-json\/wp\/v2\/posts\/17682"}],"collection":[{"href":"https:\/\/www.ladiagonale.net\/index.php\/wp-json\/wp\/v2\/posts"}],"about":[{"href":"https:\/\/www.ladiagonale.net\/index.php\/wp-json\/wp\/v2\/types\/post"}],"author":[{"embeddable":true,"href":"https:\/\/www.ladiagonale.net\/index.php\/wp-json\/wp\/v2\/users\/2"}],"replies":[{"embeddable":true,"href":"https:\/\/www.ladiagonale.net\/index.php\/wp-json\/wp\/v2\/comments?post=17682"}],"version-history":[{"count":9,"href":"https:\/\/www.ladiagonale.net\/index.php\/wp-json\/wp\/v2\/posts\/17682\/revisions"}],"predecessor-version":[{"id":17745,"href":"https:\/\/www.ladiagonale.net\/index.php\/wp-json\/wp\/v2\/posts\/17682\/revisions\/17745"}],"wp:attachment":[{"href":"https:\/\/www.ladiagonale.net\/index.php\/wp-json\/wp\/v2\/media?parent=17682"}],"wp:term":[{"taxonomy":"category","embeddable":true,"href":"https:\/\/www.ladiagonale.net\/index.php\/wp-json\/wp\/v2\/categories?post=17682"},{"taxonomy":"post_tag","embeddable":true,"href":"https:\/\/www.ladiagonale.net\/index.php\/wp-json\/wp\/v2\/tags?post=17682"}],"curies":[{"name":"wp","href":"https:\/\/api.w.org\/{rel}","templated":true}]}}