{"id":17702,"date":"2023-10-30T20:35:11","date_gmt":"2023-10-30T19:35:11","guid":{"rendered":"https:\/\/www.ladiagonale.net\/?p=17702"},"modified":"2023-10-30T20:45:20","modified_gmt":"2023-10-30T19:45:20","slug":"deux-monegasques-a-la-coupe-du-monde-u17","status":"publish","type":"post","link":"https:\/\/www.ladiagonale.net\/index.php\/2023\/10\/30\/deux-monegasques-a-la-coupe-du-monde-u17\/","title":{"rendered":"Deux Mon\u00e9gasques \u00e0 la Coupe du monde U17"},"content":{"rendered":"\n\n\n<p>L&rsquo;Academy de l&rsquo;AS Monaco sera bien repr\u00e9sent\u00e9e \u00e0 la Coupe du monde U17 qui doit d\u00e9buter le 10 novembre. Deux de ses pensionnaires, Sa\u00efmon Bouabr\u00e9 (4 s\u00e9lections) et Joan Tincres (3 s\u00e9lections), font partie de la liste de l&rsquo;\u00e9quipe de France U18. Les Mon\u00e9gasques sont d\u00e9sormais bien install\u00e9s dans le groupe du s\u00e9lectionneur Jean-Luc Vannuchi, puisqu&rsquo;ils ont particip\u00e9 aux deux derniers rassemblements de la s\u00e9lection U18.<\/p>\n\n\n\n<p>Bouabr\u00e9 et Tincres avaient notamment disput\u00e9 l&rsquo;Euro U17 en juin dernier, o\u00f9 ils \u00e9taient parvenus jusqu&rsquo;en finale, ce qui avait permis de qualifier la s\u00e9lection tricolore pour cette Coupe du monde. Une aventure \u00e0 laquelle Aladji Bamba n\u2019avait pas particip\u00e9 et qui ne lui permet pas d\u2019\u00eatre pr\u00e9sent.<\/p>\n\n\n\n<p>Plac\u00e9e dans le groupe E, la France affrontera le Burkina Faso le 12 novembre pour son tout premier match (10h, heure fran\u00e7aise), puis affrontera la Cor\u00e9e du Sud le 15 novembre (13h). Le dernier match du groupe se jouera contre les \u00c9tats-Unis le 18 novembre (13h). <\/p>\n\n\n\n<p>Il sera possible de suivre l&rsquo;aventure indon\u00e9sienne de nos Rouge et Blanc \u00e0 la t\u00e9l\u00e9vision puisque les rencontres de l&rsquo;\u00e9quipe de France seront retransmises par <em>La cha\u00eene L&rsquo;\u00c9quipe<\/em>. <\/p>\n","protected":false},"excerpt":{"rendered":"<p>L&rsquo;Academy de l&rsquo;AS Monaco sera bien repr\u00e9sent\u00e9e \u00e0 la Coupe du monde U17 qui doit d\u00e9buter le 10 novembre. Deux de ses pensionnaires, Sa\u00efmon Bouabr\u00e9 (4 s\u00e9lections) et Joan Tincres (3 s\u00e9lections), font partie de la liste de l&rsquo;\u00e9quipe de France U18. Les Mon\u00e9gasques sont d\u00e9sormais bien install\u00e9s dans le groupe du s\u00e9lectionneur Jean-Luc Vannuchi, [&#8230;]\n","protected":false},"author":2,"featured_media":0,"comment_status":"open","ping_status":"open","sticky":false,"template":"","format":"standard","meta":[],"categories":[4,6],"tags":[76,86,78,205,413],"yoast_head":"<!-- This site is optimized with the Yoast SEO plugin v19.8 - https:\/\/yoast.com\/wordpress\/plugins\/seo\/ -->\n<title>Deux Mon\u00e9gasques \u00e0 la Coupe du monde U17 - La Diagonale<\/title>\n<meta name=\"robots\" content=\"index, follow, max-snippet:-1, max-image-preview:large, max-video-preview:-1\" \/>\n<link rel=\"canonical\" href=\"https:\/\/www.ladiagonale.net\/index.php\/2023\/10\/30\/deux-monegasques-a-la-coupe-du-monde-u17\/\" \/>\n<meta property=\"og:locale\" content=\"fr_FR\" \/>\n<meta property=\"og:type\" content=\"article\" \/>\n<meta property=\"og:title\" content=\"Deux Mon\u00e9gasques \u00e0 la Coupe du monde U17 - La Diagonale\" \/>\n<meta property=\"og:description\" content=\"L&rsquo;Academy de l&rsquo;AS Monaco sera bien repr\u00e9sent\u00e9e \u00e0 la Coupe du monde U17 qui doit d\u00e9buter le 10 novembre. Deux de ses pensionnaires, Sa\u00efmon Bouabr\u00e9 (4 s\u00e9lections) et Joan Tincres (3 s\u00e9lections), font partie de la liste de l&rsquo;\u00e9quipe de France U18. Les Mon\u00e9gasques sont d\u00e9sormais bien install\u00e9s dans le groupe du s\u00e9lectionneur Jean-Luc Vannuchi, [...]\" \/>\n<meta property=\"og:url\" content=\"https:\/\/www.ladiagonale.net\/index.php\/2023\/10\/30\/deux-monegasques-a-la-coupe-du-monde-u17\/\" \/>\n<meta property=\"og:site_name\" content=\"La Diagonale\" \/>\n<meta property=\"article:published_time\" content=\"2023-10-30T19:35:11+00:00\" \/>\n<meta property=\"article:modified_time\" content=\"2023-10-30T19:45:20+00:00\" \/>\n<meta property=\"og:image\" content=\"https:\/\/www.ladiagonale.net\/wp-content\/uploads\/2023\/05\/bouabre\u03012.png\" \/>\n\t<meta property=\"og:image:width\" content=\"1160\" \/>\n\t<meta property=\"og:image:height\" content=\"650\" \/>\n\t<meta property=\"og:image:type\" content=\"image\/png\" \/>\n<meta name=\"author\" content=\"Damien Dellerba\" \/>\n<meta name=\"twitter:card\" content=\"summary_large_image\" \/>\n<meta name=\"twitter:image\" content=\"https:\/\/www.ladiagonale.net\/wp-content\/uploads\/2023\/05\/bouabre\u03012.png\" \/>\n<meta name=\"twitter:label1\" content=\"\u00c9crit par\" \/>\n\t<meta name=\"twitter:data1\" content=\"Damien Dellerba\" \/>\n\t<meta name=\"twitter:label2\" content=\"Dur\u00e9e de lecture estim\u00e9e\" \/>\n\t<meta name=\"twitter:data2\" content=\"1 minute\" \/>\n<script type=\"application\/ld+json\" class=\"yoast-schema-graph\">{\"@context\":\"https:\/\/schema.org\",\"@graph\":[{\"@type\":\"WebPage\",\"@id\":\"https:\/\/www.ladiagonale.net\/index.php\/2023\/10\/30\/deux-monegasques-a-la-coupe-du-monde-u17\/\",\"url\":\"https:\/\/www.ladiagonale.net\/index.php\/2023\/10\/30\/deux-monegasques-a-la-coupe-du-monde-u17\/\",\"name\":\"Deux Mon\u00e9gasques \u00e0 la Coupe du monde U17 - La Diagonale\",\"isPartOf\":{\"@id\":\"https:\/\/www.ladiagonale.net\/#website\"},\"datePublished\":\"2023-10-30T19:35:11+00:00\",\"dateModified\":\"2023-10-30T19:45:20+00:00\",\"author\":{\"@id\":\"https:\/\/www.ladiagonale.net\/#\/schema\/person\/79ff1e7b0853ed01b2aa26e64ad300bf\"},\"breadcrumb\":{\"@id\":\"https:\/\/www.ladiagonale.net\/index.php\/2023\/10\/30\/deux-monegasques-a-la-coupe-du-monde-u17\/#breadcrumb\"},\"inLanguage\":\"fr-FR\",\"potentialAction\":[{\"@type\":\"ReadAction\",\"target\":[\"https:\/\/www.ladiagonale.net\/index.php\/2023\/10\/30\/deux-monegasques-a-la-coupe-du-monde-u17\/\"]}]},{\"@type\":\"BreadcrumbList\",\"@id\":\"https:\/\/www.ladiagonale.net\/index.php\/2023\/10\/30\/deux-monegasques-a-la-coupe-du-monde-u17\/#breadcrumb\",\"itemListElement\":[{\"@type\":\"ListItem\",\"position\":1,\"name\":\"Accueil\",\"item\":\"https:\/\/www.ladiagonale.net\/\"},{\"@type\":\"ListItem\",\"position\":2,\"name\":\"Deux Mon\u00e9gasques \u00e0 la Coupe du monde U17\"}]},{\"@type\":\"WebSite\",\"@id\":\"https:\/\/www.ladiagonale.net\/#website\",\"url\":\"https:\/\/www.ladiagonale.net\/\",\"name\":\"La Diagonale\",\"description\":\"Le site des supporters de l&#039;AS Monaco FC\",\"potentialAction\":[{\"@type\":\"SearchAction\",\"target\":{\"@type\":\"EntryPoint\",\"urlTemplate\":\"https:\/\/www.ladiagonale.net\/?s={search_term_string}\"},\"query-input\":\"required name=search_term_string\"}],\"inLanguage\":\"fr-FR\"},{\"@type\":\"Person\",\"@id\":\"https:\/\/www.ladiagonale.net\/#\/schema\/person\/79ff1e7b0853ed01b2aa26e64ad300bf\",\"name\":\"Damien Dellerba\",\"image\":{\"@type\":\"ImageObject\",\"inLanguage\":\"fr-FR\",\"@id\":\"https:\/\/www.ladiagonale.net\/#\/schema\/person\/image\/\",\"url\":\"https:\/\/secure.gravatar.com\/avatar\/c7850e06d3ff63cdbaee88b7fc16e2f0?s=96&d=mm&r=g\",\"contentUrl\":\"https:\/\/secure.gravatar.com\/avatar\/c7850e06d3ff63cdbaee88b7fc16e2f0?s=96&d=mm&r=g\",\"caption\":\"Damien Dellerba\"},\"url\":\"https:\/\/www.ladiagonale.net\/index.php\/author\/damien\/\"}]}<\/script>\n<!-- \/ Yoast SEO plugin. -->","yoast_head_json":{"title":"Deux Mon\u00e9gasques \u00e0 la Coupe du monde U17 - La Diagonale","robots":{"index":"index","follow":"follow","max-snippet":"max-snippet:-1","max-image-preview":"max-image-preview:large","max-video-preview":"max-video-preview:-1"},"canonical":"https:\/\/www.ladiagonale.net\/index.php\/2023\/10\/30\/deux-monegasques-a-la-coupe-du-monde-u17\/","og_locale":"fr_FR","og_type":"article","og_title":"Deux Mon\u00e9gasques \u00e0 la Coupe du monde U17 - La Diagonale","og_description":"L&rsquo;Academy de l&rsquo;AS Monaco sera bien repr\u00e9sent\u00e9e \u00e0 la Coupe du monde U17 qui doit d\u00e9buter le 10 novembre. Deux de ses pensionnaires, Sa\u00efmon Bouabr\u00e9 (4 s\u00e9lections) et Joan Tincres (3 s\u00e9lections), font partie de la liste de l&rsquo;\u00e9quipe de France U18. Les Mon\u00e9gasques sont d\u00e9sormais bien install\u00e9s dans le groupe du s\u00e9lectionneur Jean-Luc Vannuchi, [...]","og_url":"https:\/\/www.ladiagonale.net\/index.php\/2023\/10\/30\/deux-monegasques-a-la-coupe-du-monde-u17\/","og_site_name":"La Diagonale","article_published_time":"2023-10-30T19:35:11+00:00","article_modified_time":"2023-10-30T19:45:20+00:00","og_image":[{"width":1160,"height":650,"url":"https:\/\/www.ladiagonale.net\/wp-content\/uploads\/2023\/05\/bouabre\u03012.png","type":"image\/png"}],"author":"Damien Dellerba","twitter_card":"summary_large_image","twitter_image":"https:\/\/www.ladiagonale.net\/wp-content\/uploads\/2023\/05\/bouabre\u03012.png","twitter_misc":{"\u00c9crit par":"Damien Dellerba","Dur\u00e9e de lecture estim\u00e9e":"1 minute"},"schema":{"@context":"https:\/\/schema.org","@graph":[{"@type":"WebPage","@id":"https:\/\/www.ladiagonale.net\/index.php\/2023\/10\/30\/deux-monegasques-a-la-coupe-du-monde-u17\/","url":"https:\/\/www.ladiagonale.net\/index.php\/2023\/10\/30\/deux-monegasques-a-la-coupe-du-monde-u17\/","name":"Deux Mon\u00e9gasques \u00e0 la Coupe du monde U17 - La Diagonale","isPartOf":{"@id":"https:\/\/www.ladiagonale.net\/#website"},"datePublished":"2023-10-30T19:35:11+00:00","dateModified":"2023-10-30T19:45:20+00:00","author":{"@id":"https:\/\/www.ladiagonale.net\/#\/schema\/person\/79ff1e7b0853ed01b2aa26e64ad300bf"},"breadcrumb":{"@id":"https:\/\/www.ladiagonale.net\/index.php\/2023\/10\/30\/deux-monegasques-a-la-coupe-du-monde-u17\/#breadcrumb"},"inLanguage":"fr-FR","potentialAction":[{"@type":"ReadAction","target":["https:\/\/www.ladiagonale.net\/index.php\/2023\/10\/30\/deux-monegasques-a-la-coupe-du-monde-u17\/"]}]},{"@type":"BreadcrumbList","@id":"https:\/\/www.ladiagonale.net\/index.php\/2023\/10\/30\/deux-monegasques-a-la-coupe-du-monde-u17\/#breadcrumb","itemListElement":[{"@type":"ListItem","position":1,"name":"Accueil","item":"https:\/\/www.ladiagonale.net\/"},{"@type":"ListItem","position":2,"name":"Deux Mon\u00e9gasques \u00e0 la Coupe du monde U17"}]},{"@type":"WebSite","@id":"https:\/\/www.ladiagonale.net\/#website","url":"https:\/\/www.ladiagonale.net\/","name":"La Diagonale","description":"Le site des supporters de l&#039;AS Monaco FC","potentialAction":[{"@type":"SearchAction","target":{"@type":"EntryPoint","urlTemplate":"https:\/\/www.ladiagonale.net\/?s={search_term_string}"},"query-input":"required name=search_term_string"}],"inLanguage":"fr-FR"},{"@type":"Person","@id":"https:\/\/www.ladiagonale.net\/#\/schema\/person\/79ff1e7b0853ed01b2aa26e64ad300bf","name":"Damien Dellerba","image":{"@type":"ImageObject","inLanguage":"fr-FR","@id":"https:\/\/www.ladiagonale.net\/#\/schema\/person\/image\/","url":"https:\/\/secure.gravatar.com\/avatar\/c7850e06d3ff63cdbaee88b7fc16e2f0?s=96&d=mm&r=g","contentUrl":"https:\/\/secure.gravatar.com\/avatar\/c7850e06d3ff63cdbaee88b7fc16e2f0?s=96&d=mm&r=g","caption":"Damien Dellerba"},"url":"https:\/\/www.ladiagonale.net\/index.php\/author\/damien\/"}]}},"_links":{"self":[{"href":"https:\/\/www.ladiagonale.net\/index.php\/wp-json\/wp\/v2\/posts\/17702"}],"collection":[{"href":"https:\/\/www.ladiagonale.net\/index.php\/wp-json\/wp\/v2\/posts"}],"about":[{"href":"https:\/\/www.ladiagonale.net\/index.php\/wp-json\/wp\/v2\/types\/post"}],"author":[{"embeddable":true,"href":"https:\/\/www.ladiagonale.net\/index.php\/wp-json\/wp\/v2\/users\/2"}],"replies":[{"embeddable":true,"href":"https:\/\/www.ladiagonale.net\/index.php\/wp-json\/wp\/v2\/comments?post=17702"}],"version-history":[{"count":6,"href":"https:\/\/www.ladiagonale.net\/index.php\/wp-json\/wp\/v2\/posts\/17702\/revisions"}],"predecessor-version":[{"id":17709,"href":"https:\/\/www.ladiagonale.net\/index.php\/wp-json\/wp\/v2\/posts\/17702\/revisions\/17709"}],"wp:attachment":[{"href":"https:\/\/www.ladiagonale.net\/index.php\/wp-json\/wp\/v2\/media?parent=17702"}],"wp:term":[{"taxonomy":"category","embeddable":true,"href":"https:\/\/www.ladiagonale.net\/index.php\/wp-json\/wp\/v2\/categories?post=17702"},{"taxonomy":"post_tag","embeddable":true,"href":"https:\/\/www.ladiagonale.net\/index.php\/wp-json\/wp\/v2\/tags?post=17702"}],"curies":[{"name":"wp","href":"https:\/\/api.w.org\/{rel}","templated":true}]}}