{"id":17711,"date":"2023-10-31T21:27:53","date_gmt":"2023-10-31T20:27:53","guid":{"rendered":"https:\/\/www.ladiagonale.net\/?p=17711"},"modified":"2023-10-31T21:27:55","modified_gmt":"2023-10-31T20:27:55","slug":"wattellier-designe-arbitre-de-monaco-brest","status":"publish","type":"post","link":"https:\/\/www.ladiagonale.net\/index.php\/2023\/10\/31\/wattellier-designe-arbitre-de-monaco-brest\/","title":{"rendered":"Wattellier d\u00e9sign\u00e9 arbitre de Monaco-Brest"},"content":{"rendered":"\n\n\n<p>Face \u00e0 Brest ce dimanche (17h05), Monaco va devoir r\u00e9agir apr\u00e8s sa d\u00e9faite contre Lille. La rencontre sera arbitr\u00e9e par \u00c9ric Wattellier. Ses assistants seront Valentin Evrard et Cyril Mugnier tandis que Beno\u00eet Bastien, qui a arbitr\u00e9 l&rsquo;ASM contre Marseille lors de la 7<sup>e<\/sup> journ\u00e9e, sera \u00e0 la vid\u00e9o avec Thomas L\u00e9onard.<\/p>\n\n\n\n<p>\u00c9ric Wattellier n&rsquo;a arbitr\u00e9 Monaco qu&rsquo;une seule fois la saison derni\u00e8re, c&rsquo;\u00e9tait \u00e0 l&rsquo;occasion de la 21e journ\u00e9e de Ligue 1 et Monaco s&rsquo;\u00e9tait impos\u00e9 contre Auxerre (3-2). Une rencontre sans accroc o\u00f9 aucun carton n&rsquo;avait \u00e9t\u00e9 sorti.<\/p>\n","protected":false},"excerpt":{"rendered":"<p>Face \u00e0 Brest ce dimanche (17h05), Monaco va devoir r\u00e9agir apr\u00e8s sa d\u00e9faite contre Lille. La rencontre sera arbitr\u00e9e par \u00c9ric Wattellier. Ses assistants seront Valentin Evrard et Cyril Mugnier tandis que Beno\u00eet Bastien, qui a arbitr\u00e9 l&rsquo;ASM contre Marseille lors de la 7e journ\u00e9e, sera \u00e0 la vid\u00e9o avec Thomas L\u00e9onard. \u00c9ric Wattellier n&rsquo;a [&#8230;]\n","protected":false},"author":2,"featured_media":0,"comment_status":"open","ping_status":"open","sticky":false,"template":"","format":"standard","meta":[],"categories":[6],"tags":[156,86,391,94,348],"yoast_head":"<!-- This site is optimized with the Yoast SEO plugin v19.8 - https:\/\/yoast.com\/wordpress\/plugins\/seo\/ -->\n<title>Wattellier d\u00e9sign\u00e9 arbitre de Monaco-Brest - La Diagonale<\/title>\n<meta name=\"robots\" content=\"index, follow, max-snippet:-1, max-image-preview:large, max-video-preview:-1\" \/>\n<link rel=\"canonical\" href=\"https:\/\/www.ladiagonale.net\/index.php\/2023\/10\/31\/wattellier-designe-arbitre-de-monaco-brest\/\" \/>\n<meta property=\"og:locale\" content=\"fr_FR\" \/>\n<meta property=\"og:type\" content=\"article\" \/>\n<meta property=\"og:title\" content=\"Wattellier d\u00e9sign\u00e9 arbitre de Monaco-Brest - La Diagonale\" \/>\n<meta property=\"og:description\" content=\"Face \u00e0 Brest ce dimanche (17h05), Monaco va devoir r\u00e9agir apr\u00e8s sa d\u00e9faite contre Lille. La rencontre sera arbitr\u00e9e par \u00c9ric Wattellier. Ses assistants seront Valentin Evrard et Cyril Mugnier tandis que Beno\u00eet Bastien, qui a arbitr\u00e9 l&rsquo;ASM contre Marseille lors de la 7e journ\u00e9e, sera \u00e0 la vid\u00e9o avec Thomas L\u00e9onard. \u00c9ric Wattellier n&rsquo;a [...]\" \/>\n<meta property=\"og:url\" content=\"https:\/\/www.ladiagonale.net\/index.php\/2023\/10\/31\/wattellier-designe-arbitre-de-monaco-brest\/\" \/>\n<meta property=\"og:site_name\" content=\"La Diagonale\" \/>\n<meta property=\"article:published_time\" content=\"2023-10-31T20:27:53+00:00\" \/>\n<meta property=\"article:modified_time\" content=\"2023-10-31T20:27:55+00:00\" \/>\n<meta property=\"og:image\" content=\"https:\/\/www.ladiagonale.net\/wp-content\/uploads\/2023\/01\/wattelier.png\" \/>\n\t<meta property=\"og:image:width\" content=\"1160\" \/>\n\t<meta property=\"og:image:height\" content=\"650\" \/>\n\t<meta property=\"og:image:type\" content=\"image\/png\" \/>\n<meta name=\"author\" content=\"Damien Dellerba\" \/>\n<meta name=\"twitter:card\" content=\"summary_large_image\" \/>\n<meta name=\"twitter:image\" content=\"https:\/\/www.ladiagonale.net\/wp-content\/uploads\/2023\/01\/wattelier.png\" \/>\n<meta name=\"twitter:label1\" content=\"\u00c9crit par\" \/>\n\t<meta name=\"twitter:data1\" content=\"Damien Dellerba\" \/>\n\t<meta name=\"twitter:label2\" content=\"Dur\u00e9e de lecture estim\u00e9e\" \/>\n\t<meta name=\"twitter:data2\" content=\"1 minute\" \/>\n<script type=\"application\/ld+json\" class=\"yoast-schema-graph\">{\"@context\":\"https:\/\/schema.org\",\"@graph\":[{\"@type\":\"WebPage\",\"@id\":\"https:\/\/www.ladiagonale.net\/index.php\/2023\/10\/31\/wattellier-designe-arbitre-de-monaco-brest\/\",\"url\":\"https:\/\/www.ladiagonale.net\/index.php\/2023\/10\/31\/wattellier-designe-arbitre-de-monaco-brest\/\",\"name\":\"Wattellier d\u00e9sign\u00e9 arbitre de Monaco-Brest - La Diagonale\",\"isPartOf\":{\"@id\":\"https:\/\/www.ladiagonale.net\/#website\"},\"datePublished\":\"2023-10-31T20:27:53+00:00\",\"dateModified\":\"2023-10-31T20:27:55+00:00\",\"author\":{\"@id\":\"https:\/\/www.ladiagonale.net\/#\/schema\/person\/79ff1e7b0853ed01b2aa26e64ad300bf\"},\"breadcrumb\":{\"@id\":\"https:\/\/www.ladiagonale.net\/index.php\/2023\/10\/31\/wattellier-designe-arbitre-de-monaco-brest\/#breadcrumb\"},\"inLanguage\":\"fr-FR\",\"potentialAction\":[{\"@type\":\"ReadAction\",\"target\":[\"https:\/\/www.ladiagonale.net\/index.php\/2023\/10\/31\/wattellier-designe-arbitre-de-monaco-brest\/\"]}]},{\"@type\":\"BreadcrumbList\",\"@id\":\"https:\/\/www.ladiagonale.net\/index.php\/2023\/10\/31\/wattellier-designe-arbitre-de-monaco-brest\/#breadcrumb\",\"itemListElement\":[{\"@type\":\"ListItem\",\"position\":1,\"name\":\"Accueil\",\"item\":\"https:\/\/www.ladiagonale.net\/\"},{\"@type\":\"ListItem\",\"position\":2,\"name\":\"Wattellier d\u00e9sign\u00e9 arbitre de Monaco-Brest\"}]},{\"@type\":\"WebSite\",\"@id\":\"https:\/\/www.ladiagonale.net\/#website\",\"url\":\"https:\/\/www.ladiagonale.net\/\",\"name\":\"La Diagonale\",\"description\":\"Le site des supporters de l&#039;AS Monaco FC\",\"potentialAction\":[{\"@type\":\"SearchAction\",\"target\":{\"@type\":\"EntryPoint\",\"urlTemplate\":\"https:\/\/www.ladiagonale.net\/?s={search_term_string}\"},\"query-input\":\"required name=search_term_string\"}],\"inLanguage\":\"fr-FR\"},{\"@type\":\"Person\",\"@id\":\"https:\/\/www.ladiagonale.net\/#\/schema\/person\/79ff1e7b0853ed01b2aa26e64ad300bf\",\"name\":\"Damien Dellerba\",\"image\":{\"@type\":\"ImageObject\",\"inLanguage\":\"fr-FR\",\"@id\":\"https:\/\/www.ladiagonale.net\/#\/schema\/person\/image\/\",\"url\":\"https:\/\/secure.gravatar.com\/avatar\/c7850e06d3ff63cdbaee88b7fc16e2f0?s=96&d=mm&r=g\",\"contentUrl\":\"https:\/\/secure.gravatar.com\/avatar\/c7850e06d3ff63cdbaee88b7fc16e2f0?s=96&d=mm&r=g\",\"caption\":\"Damien Dellerba\"},\"url\":\"https:\/\/www.ladiagonale.net\/index.php\/author\/damien\/\"}]}<\/script>\n<!-- \/ Yoast SEO plugin. -->","yoast_head_json":{"title":"Wattellier d\u00e9sign\u00e9 arbitre de Monaco-Brest - La Diagonale","robots":{"index":"index","follow":"follow","max-snippet":"max-snippet:-1","max-image-preview":"max-image-preview:large","max-video-preview":"max-video-preview:-1"},"canonical":"https:\/\/www.ladiagonale.net\/index.php\/2023\/10\/31\/wattellier-designe-arbitre-de-monaco-brest\/","og_locale":"fr_FR","og_type":"article","og_title":"Wattellier d\u00e9sign\u00e9 arbitre de Monaco-Brest - La Diagonale","og_description":"Face \u00e0 Brest ce dimanche (17h05), Monaco va devoir r\u00e9agir apr\u00e8s sa d\u00e9faite contre Lille. La rencontre sera arbitr\u00e9e par \u00c9ric Wattellier. Ses assistants seront Valentin Evrard et Cyril Mugnier tandis que Beno\u00eet Bastien, qui a arbitr\u00e9 l&rsquo;ASM contre Marseille lors de la 7e journ\u00e9e, sera \u00e0 la vid\u00e9o avec Thomas L\u00e9onard. \u00c9ric Wattellier n&rsquo;a [...]","og_url":"https:\/\/www.ladiagonale.net\/index.php\/2023\/10\/31\/wattellier-designe-arbitre-de-monaco-brest\/","og_site_name":"La Diagonale","article_published_time":"2023-10-31T20:27:53+00:00","article_modified_time":"2023-10-31T20:27:55+00:00","og_image":[{"width":1160,"height":650,"url":"https:\/\/www.ladiagonale.net\/wp-content\/uploads\/2023\/01\/wattelier.png","type":"image\/png"}],"author":"Damien Dellerba","twitter_card":"summary_large_image","twitter_image":"https:\/\/www.ladiagonale.net\/wp-content\/uploads\/2023\/01\/wattelier.png","twitter_misc":{"\u00c9crit par":"Damien Dellerba","Dur\u00e9e de lecture estim\u00e9e":"1 minute"},"schema":{"@context":"https:\/\/schema.org","@graph":[{"@type":"WebPage","@id":"https:\/\/www.ladiagonale.net\/index.php\/2023\/10\/31\/wattellier-designe-arbitre-de-monaco-brest\/","url":"https:\/\/www.ladiagonale.net\/index.php\/2023\/10\/31\/wattellier-designe-arbitre-de-monaco-brest\/","name":"Wattellier d\u00e9sign\u00e9 arbitre de Monaco-Brest - La Diagonale","isPartOf":{"@id":"https:\/\/www.ladiagonale.net\/#website"},"datePublished":"2023-10-31T20:27:53+00:00","dateModified":"2023-10-31T20:27:55+00:00","author":{"@id":"https:\/\/www.ladiagonale.net\/#\/schema\/person\/79ff1e7b0853ed01b2aa26e64ad300bf"},"breadcrumb":{"@id":"https:\/\/www.ladiagonale.net\/index.php\/2023\/10\/31\/wattellier-designe-arbitre-de-monaco-brest\/#breadcrumb"},"inLanguage":"fr-FR","potentialAction":[{"@type":"ReadAction","target":["https:\/\/www.ladiagonale.net\/index.php\/2023\/10\/31\/wattellier-designe-arbitre-de-monaco-brest\/"]}]},{"@type":"BreadcrumbList","@id":"https:\/\/www.ladiagonale.net\/index.php\/2023\/10\/31\/wattellier-designe-arbitre-de-monaco-brest\/#breadcrumb","itemListElement":[{"@type":"ListItem","position":1,"name":"Accueil","item":"https:\/\/www.ladiagonale.net\/"},{"@type":"ListItem","position":2,"name":"Wattellier d\u00e9sign\u00e9 arbitre de Monaco-Brest"}]},{"@type":"WebSite","@id":"https:\/\/www.ladiagonale.net\/#website","url":"https:\/\/www.ladiagonale.net\/","name":"La Diagonale","description":"Le site des supporters de l&#039;AS Monaco FC","potentialAction":[{"@type":"SearchAction","target":{"@type":"EntryPoint","urlTemplate":"https:\/\/www.ladiagonale.net\/?s={search_term_string}"},"query-input":"required name=search_term_string"}],"inLanguage":"fr-FR"},{"@type":"Person","@id":"https:\/\/www.ladiagonale.net\/#\/schema\/person\/79ff1e7b0853ed01b2aa26e64ad300bf","name":"Damien Dellerba","image":{"@type":"ImageObject","inLanguage":"fr-FR","@id":"https:\/\/www.ladiagonale.net\/#\/schema\/person\/image\/","url":"https:\/\/secure.gravatar.com\/avatar\/c7850e06d3ff63cdbaee88b7fc16e2f0?s=96&d=mm&r=g","contentUrl":"https:\/\/secure.gravatar.com\/avatar\/c7850e06d3ff63cdbaee88b7fc16e2f0?s=96&d=mm&r=g","caption":"Damien Dellerba"},"url":"https:\/\/www.ladiagonale.net\/index.php\/author\/damien\/"}]}},"_links":{"self":[{"href":"https:\/\/www.ladiagonale.net\/index.php\/wp-json\/wp\/v2\/posts\/17711"}],"collection":[{"href":"https:\/\/www.ladiagonale.net\/index.php\/wp-json\/wp\/v2\/posts"}],"about":[{"href":"https:\/\/www.ladiagonale.net\/index.php\/wp-json\/wp\/v2\/types\/post"}],"author":[{"embeddable":true,"href":"https:\/\/www.ladiagonale.net\/index.php\/wp-json\/wp\/v2\/users\/2"}],"replies":[{"embeddable":true,"href":"https:\/\/www.ladiagonale.net\/index.php\/wp-json\/wp\/v2\/comments?post=17711"}],"version-history":[{"count":1,"href":"https:\/\/www.ladiagonale.net\/index.php\/wp-json\/wp\/v2\/posts\/17711\/revisions"}],"predecessor-version":[{"id":17712,"href":"https:\/\/www.ladiagonale.net\/index.php\/wp-json\/wp\/v2\/posts\/17711\/revisions\/17712"}],"wp:attachment":[{"href":"https:\/\/www.ladiagonale.net\/index.php\/wp-json\/wp\/v2\/media?parent=17711"}],"wp:term":[{"taxonomy":"category","embeddable":true,"href":"https:\/\/www.ladiagonale.net\/index.php\/wp-json\/wp\/v2\/categories?post=17711"},{"taxonomy":"post_tag","embeddable":true,"href":"https:\/\/www.ladiagonale.net\/index.php\/wp-json\/wp\/v2\/tags?post=17711"}],"curies":[{"name":"wp","href":"https:\/\/api.w.org\/{rel}","templated":true}]}}