{"id":17770,"date":"2023-11-04T00:11:55","date_gmt":"2023-11-03T23:11:55","guid":{"rendered":"https:\/\/www.ladiagonale.net\/?p=17770"},"modified":"2023-11-04T00:11:57","modified_gmt":"2023-11-03T23:11:57","slug":"ouattara-a-laise-aussi-bien-defensivement-quoffensivement","status":"publish","type":"post","link":"https:\/\/www.ladiagonale.net\/index.php\/2023\/11\/04\/ouattara-a-laise-aussi-bien-defensivement-quoffensivement\/","title":{"rendered":"Ouattara : \u00ab \u00c0 l\u2019aise aussi bien d\u00e9fensivement qu\u2019offensivement&nbsp;\u00bb"},"content":{"rendered":"\n<p>Monaco a accueilli un tout nouveau joueur hors p\u00e9riode de mercato en la personne de Kassoum Ouattara. Le lat\u00e9ral gauche, qui arrive en provenance d\u2019Amiens, ne vient pas dans la peau d\u2019un titulaire, mais avec l\u2019envie de progresser et gagner du temps de jeu : \u00ab\u00a0<em>Quand on arrive dans un club comme l\u2019AS Monaco, on sait qu\u2019il y aura de la concurrence avec des joueurs exp\u00e9riment\u00e9s et des internationaux. Le but sera de continuer \u00e0 progresser, bien travailler et avoir le plus de temps de jeu possible. Tout ce qu\u2019on peut prendre, on le prend.<\/em>\u00a0\u00bb<\/p>\n\n\n\n<p>Ouattara \u00e9voluera en doublure d\u2019Ismail Jakobs et a affirm\u00e9 \u00eatre \u00e0 l\u2019aise comme piston ou lat\u00e9ral : \u00ab\u00a0<em>Je suis tr\u00e8s \u00e0 l\u2019aise dans le r\u00f4le de piston. C\u2019est un poste o\u00f9 j\u2019ai jou\u00e9 la saison derni\u00e8re et que je ma\u00eetrise plut\u00f4t bien. Cette saison,avec Amiens, on a plut\u00f4t jou\u00e9 \u00e0 quatre derri\u00e8re, mais je n\u2019ai pas de probl\u00e8me en piston.\u00a0<\/em>\u00bb Le d\u00e9fenseur de 19 ans estime \u00eatre aussi bon d\u00e9fensivement qu\u2019offensivement: \u00ab\u00a0<em>Cette ann\u00e9e \u00e0 Amiens m\u2019a permis de retrouver des bases d\u00e9fensives, mais je suis \u00e0 l\u2019aise aussi bien d\u00e9fensivement qu\u2019offensivement.<\/em>\u00a0\u00bb<\/p>\n\n\n\n<h3>Il a d\u00e9j\u00e0 c\u00f4toy\u00e9 Ben Seghir et Diop en \u00e9quipe de France<\/h3>\n\n\n\n<p>Ouattara semble tout de m\u00eame tr\u00e8s enclin \u00e0 jouer de mani\u00e8re offensive et le style pr\u00f4n\u00e9 par Adi H\u00fctter a pes\u00e9 dans son choix de rejoindre Monaco : \u00ab\u00a0<em>Il y a une philosophie qui fait qu\u2019on est port\u00e9s vers l\u2019avant et qu\u2019on attaque beaucoup. C\u2019est quelque chose que j\u2019aime beaucoup faire et que j\u2019ai dans le sang. Le style de jeu offensif m\u2019a convaincu et donn\u00e9 envie de rejoindre ce club.<\/em>\u00a0\u00bb Son d\u00e9veloppement athl\u00e9tique a \u00e9galement \u00e9t\u00e9 \u00e9voqu\u00e9 : \u00ab\u00a0<em>C\u2019est d\u00fb au travail effectu\u00e9 pendant plusieurs ann\u00e9es, d\u00e9j\u00e0 \u00e0 Montrouge. On avait des pr\u00e9parateurs ax\u00e9s sur l\u2019endurance et le physique. Une fois arriv\u00e9 \u00e0 Amiens, on a continu\u00e9 sur cette lanc\u00e9e. C\u2019est le fruit d\u2019un travail effectu\u00e9 au centre et \u00e0 c\u00f4t\u00e9.<\/em>\u00a0\u00bb<\/p>\n\n\n\n<p>\u00c0 Monaco, Ouattara a retrouv\u00e9 des joueurs rencontr\u00e9s en \u00e9quipe de France tels que Diop, Ben Seghir et Efekele : \u00ab\u00a0<em>Ce sont des joueurs que j\u2019ai connus en s\u00e9lection, Malamine (Efekele) un peu plus t\u00f4t en r\u00e9gion parisienne et avec qui je m\u2019entends bien. Arriver dans un groupe avec des joueurs que je connais d\u00e9j\u00e0, \u00e7a facilite l\u2019int\u00e9gration. Les autres sont tr\u00e8s gentils et tr\u00e8s accueillants.<\/em>\u00a0\u00bb La s\u00e9lection U20 justement, Ouattara esp\u00e8re y retourner : \u00ab\u00a0<em>Ce qui m\u2019a permis d\u2019aller en s\u00e9lection, ce sont mes performances en club. Une s\u00e9lection c\u2019est toujours valorisant et un surplus d\u2019exp\u00e9rience. \u00c7a m\u2019a fait acqu\u00e9rir d\u2019autres qualit\u00e9s et m\u2019a fait progresser un peu plus vite.<\/em>\u00a0\u00bb<\/p>\n\n\n","protected":false},"excerpt":{"rendered":"<p>Monaco a accueilli un tout nouveau joueur hors p\u00e9riode de mercato en la personne de Kassoum Ouattara. Le lat\u00e9ral gauche, qui arrive en provenance d\u2019Amiens, ne vient pas dans la peau d\u2019un titulaire, mais avec l\u2019envie de progresser et gagner du temps de jeu : \u00ab\u00a0Quand on arrive dans un club comme l\u2019AS Monaco, on [&#8230;]\n","protected":false},"author":2,"featured_media":0,"comment_status":"open","ping_status":"open","sticky":false,"template":"","format":"standard","meta":[],"categories":[6],"tags":[86,722],"yoast_head":"<!-- This site is optimized with the Yoast SEO plugin v19.8 - https:\/\/yoast.com\/wordpress\/plugins\/seo\/ -->\n<title>Ouattara : \u00ab \u00c0 l\u2019aise aussi bien d\u00e9fensivement qu\u2019offensivement&nbsp;\u00bb - La Diagonale<\/title>\n<meta name=\"robots\" content=\"index, follow, max-snippet:-1, max-image-preview:large, max-video-preview:-1\" \/>\n<link rel=\"canonical\" href=\"https:\/\/www.ladiagonale.net\/index.php\/2023\/11\/04\/ouattara-a-laise-aussi-bien-defensivement-quoffensivement\/\" \/>\n<meta property=\"og:locale\" content=\"fr_FR\" \/>\n<meta property=\"og:type\" content=\"article\" \/>\n<meta property=\"og:title\" content=\"Ouattara : \u00ab \u00c0 l\u2019aise aussi bien d\u00e9fensivement qu\u2019offensivement&nbsp;\u00bb - La Diagonale\" \/>\n<meta property=\"og:description\" content=\"Monaco a accueilli un tout nouveau joueur hors p\u00e9riode de mercato en la personne de Kassoum Ouattara. Le lat\u00e9ral gauche, qui arrive en provenance d\u2019Amiens, ne vient pas dans la peau d\u2019un titulaire, mais avec l\u2019envie de progresser et gagner du temps de jeu : \u00ab\u00a0Quand on arrive dans un club comme l\u2019AS Monaco, on [...]\" \/>\n<meta property=\"og:url\" content=\"https:\/\/www.ladiagonale.net\/index.php\/2023\/11\/04\/ouattara-a-laise-aussi-bien-defensivement-quoffensivement\/\" \/>\n<meta property=\"og:site_name\" content=\"La Diagonale\" \/>\n<meta property=\"article:published_time\" content=\"2023-11-03T23:11:55+00:00\" \/>\n<meta property=\"article:modified_time\" content=\"2023-11-03T23:11:57+00:00\" \/>\n<meta property=\"og:image\" content=\"https:\/\/www.ladiagonale.net\/wp-content\/uploads\/2023\/11\/ouattara2.png\" \/>\n\t<meta property=\"og:image:width\" content=\"1160\" \/>\n\t<meta property=\"og:image:height\" content=\"650\" \/>\n\t<meta property=\"og:image:type\" content=\"image\/png\" \/>\n<meta name=\"author\" content=\"Damien Dellerba\" \/>\n<meta name=\"twitter:card\" content=\"summary_large_image\" \/>\n<meta name=\"twitter:image\" content=\"https:\/\/www.ladiagonale.net\/wp-content\/uploads\/2023\/11\/ouattara2.png\" \/>\n<meta name=\"twitter:label1\" content=\"\u00c9crit par\" \/>\n\t<meta name=\"twitter:data1\" content=\"Damien Dellerba\" \/>\n\t<meta name=\"twitter:label2\" content=\"Dur\u00e9e de lecture estim\u00e9e\" \/>\n\t<meta name=\"twitter:data2\" content=\"3 minutes\" \/>\n<script type=\"application\/ld+json\" class=\"yoast-schema-graph\">{\"@context\":\"https:\/\/schema.org\",\"@graph\":[{\"@type\":\"WebPage\",\"@id\":\"https:\/\/www.ladiagonale.net\/index.php\/2023\/11\/04\/ouattara-a-laise-aussi-bien-defensivement-quoffensivement\/\",\"url\":\"https:\/\/www.ladiagonale.net\/index.php\/2023\/11\/04\/ouattara-a-laise-aussi-bien-defensivement-quoffensivement\/\",\"name\":\"Ouattara : \u00ab \u00c0 l\u2019aise aussi bien d\u00e9fensivement qu\u2019offensivement&nbsp;\u00bb - La Diagonale\",\"isPartOf\":{\"@id\":\"https:\/\/www.ladiagonale.net\/#website\"},\"datePublished\":\"2023-11-03T23:11:55+00:00\",\"dateModified\":\"2023-11-03T23:11:57+00:00\",\"author\":{\"@id\":\"https:\/\/www.ladiagonale.net\/#\/schema\/person\/79ff1e7b0853ed01b2aa26e64ad300bf\"},\"breadcrumb\":{\"@id\":\"https:\/\/www.ladiagonale.net\/index.php\/2023\/11\/04\/ouattara-a-laise-aussi-bien-defensivement-quoffensivement\/#breadcrumb\"},\"inLanguage\":\"fr-FR\",\"potentialAction\":[{\"@type\":\"ReadAction\",\"target\":[\"https:\/\/www.ladiagonale.net\/index.php\/2023\/11\/04\/ouattara-a-laise-aussi-bien-defensivement-quoffensivement\/\"]}]},{\"@type\":\"BreadcrumbList\",\"@id\":\"https:\/\/www.ladiagonale.net\/index.php\/2023\/11\/04\/ouattara-a-laise-aussi-bien-defensivement-quoffensivement\/#breadcrumb\",\"itemListElement\":[{\"@type\":\"ListItem\",\"position\":1,\"name\":\"Accueil\",\"item\":\"https:\/\/www.ladiagonale.net\/\"},{\"@type\":\"ListItem\",\"position\":2,\"name\":\"Ouattara : \u00ab \u00c0 l\u2019aise aussi bien d\u00e9fensivement qu\u2019offensivement&nbsp;\u00bb\"}]},{\"@type\":\"WebSite\",\"@id\":\"https:\/\/www.ladiagonale.net\/#website\",\"url\":\"https:\/\/www.ladiagonale.net\/\",\"name\":\"La Diagonale\",\"description\":\"Le site des supporters de l&#039;AS Monaco FC\",\"potentialAction\":[{\"@type\":\"SearchAction\",\"target\":{\"@type\":\"EntryPoint\",\"urlTemplate\":\"https:\/\/www.ladiagonale.net\/?s={search_term_string}\"},\"query-input\":\"required name=search_term_string\"}],\"inLanguage\":\"fr-FR\"},{\"@type\":\"Person\",\"@id\":\"https:\/\/www.ladiagonale.net\/#\/schema\/person\/79ff1e7b0853ed01b2aa26e64ad300bf\",\"name\":\"Damien Dellerba\",\"image\":{\"@type\":\"ImageObject\",\"inLanguage\":\"fr-FR\",\"@id\":\"https:\/\/www.ladiagonale.net\/#\/schema\/person\/image\/\",\"url\":\"https:\/\/secure.gravatar.com\/avatar\/c7850e06d3ff63cdbaee88b7fc16e2f0?s=96&d=mm&r=g\",\"contentUrl\":\"https:\/\/secure.gravatar.com\/avatar\/c7850e06d3ff63cdbaee88b7fc16e2f0?s=96&d=mm&r=g\",\"caption\":\"Damien Dellerba\"},\"url\":\"https:\/\/www.ladiagonale.net\/index.php\/author\/damien\/\"}]}<\/script>\n<!-- \/ Yoast SEO plugin. -->","yoast_head_json":{"title":"Ouattara : \u00ab \u00c0 l\u2019aise aussi bien d\u00e9fensivement qu\u2019offensivement&nbsp;\u00bb - La Diagonale","robots":{"index":"index","follow":"follow","max-snippet":"max-snippet:-1","max-image-preview":"max-image-preview:large","max-video-preview":"max-video-preview:-1"},"canonical":"https:\/\/www.ladiagonale.net\/index.php\/2023\/11\/04\/ouattara-a-laise-aussi-bien-defensivement-quoffensivement\/","og_locale":"fr_FR","og_type":"article","og_title":"Ouattara : \u00ab \u00c0 l\u2019aise aussi bien d\u00e9fensivement qu\u2019offensivement&nbsp;\u00bb - La Diagonale","og_description":"Monaco a accueilli un tout nouveau joueur hors p\u00e9riode de mercato en la personne de Kassoum Ouattara. Le lat\u00e9ral gauche, qui arrive en provenance d\u2019Amiens, ne vient pas dans la peau d\u2019un titulaire, mais avec l\u2019envie de progresser et gagner du temps de jeu : \u00ab\u00a0Quand on arrive dans un club comme l\u2019AS Monaco, on [...]","og_url":"https:\/\/www.ladiagonale.net\/index.php\/2023\/11\/04\/ouattara-a-laise-aussi-bien-defensivement-quoffensivement\/","og_site_name":"La Diagonale","article_published_time":"2023-11-03T23:11:55+00:00","article_modified_time":"2023-11-03T23:11:57+00:00","og_image":[{"width":1160,"height":650,"url":"https:\/\/www.ladiagonale.net\/wp-content\/uploads\/2023\/11\/ouattara2.png","type":"image\/png"}],"author":"Damien Dellerba","twitter_card":"summary_large_image","twitter_image":"https:\/\/www.ladiagonale.net\/wp-content\/uploads\/2023\/11\/ouattara2.png","twitter_misc":{"\u00c9crit par":"Damien Dellerba","Dur\u00e9e de lecture estim\u00e9e":"3 minutes"},"schema":{"@context":"https:\/\/schema.org","@graph":[{"@type":"WebPage","@id":"https:\/\/www.ladiagonale.net\/index.php\/2023\/11\/04\/ouattara-a-laise-aussi-bien-defensivement-quoffensivement\/","url":"https:\/\/www.ladiagonale.net\/index.php\/2023\/11\/04\/ouattara-a-laise-aussi-bien-defensivement-quoffensivement\/","name":"Ouattara : \u00ab \u00c0 l\u2019aise aussi bien d\u00e9fensivement qu\u2019offensivement&nbsp;\u00bb - La Diagonale","isPartOf":{"@id":"https:\/\/www.ladiagonale.net\/#website"},"datePublished":"2023-11-03T23:11:55+00:00","dateModified":"2023-11-03T23:11:57+00:00","author":{"@id":"https:\/\/www.ladiagonale.net\/#\/schema\/person\/79ff1e7b0853ed01b2aa26e64ad300bf"},"breadcrumb":{"@id":"https:\/\/www.ladiagonale.net\/index.php\/2023\/11\/04\/ouattara-a-laise-aussi-bien-defensivement-quoffensivement\/#breadcrumb"},"inLanguage":"fr-FR","potentialAction":[{"@type":"ReadAction","target":["https:\/\/www.ladiagonale.net\/index.php\/2023\/11\/04\/ouattara-a-laise-aussi-bien-defensivement-quoffensivement\/"]}]},{"@type":"BreadcrumbList","@id":"https:\/\/www.ladiagonale.net\/index.php\/2023\/11\/04\/ouattara-a-laise-aussi-bien-defensivement-quoffensivement\/#breadcrumb","itemListElement":[{"@type":"ListItem","position":1,"name":"Accueil","item":"https:\/\/www.ladiagonale.net\/"},{"@type":"ListItem","position":2,"name":"Ouattara : \u00ab \u00c0 l\u2019aise aussi bien d\u00e9fensivement qu\u2019offensivement&nbsp;\u00bb"}]},{"@type":"WebSite","@id":"https:\/\/www.ladiagonale.net\/#website","url":"https:\/\/www.ladiagonale.net\/","name":"La Diagonale","description":"Le site des supporters de l&#039;AS Monaco FC","potentialAction":[{"@type":"SearchAction","target":{"@type":"EntryPoint","urlTemplate":"https:\/\/www.ladiagonale.net\/?s={search_term_string}"},"query-input":"required name=search_term_string"}],"inLanguage":"fr-FR"},{"@type":"Person","@id":"https:\/\/www.ladiagonale.net\/#\/schema\/person\/79ff1e7b0853ed01b2aa26e64ad300bf","name":"Damien Dellerba","image":{"@type":"ImageObject","inLanguage":"fr-FR","@id":"https:\/\/www.ladiagonale.net\/#\/schema\/person\/image\/","url":"https:\/\/secure.gravatar.com\/avatar\/c7850e06d3ff63cdbaee88b7fc16e2f0?s=96&d=mm&r=g","contentUrl":"https:\/\/secure.gravatar.com\/avatar\/c7850e06d3ff63cdbaee88b7fc16e2f0?s=96&d=mm&r=g","caption":"Damien Dellerba"},"url":"https:\/\/www.ladiagonale.net\/index.php\/author\/damien\/"}]}},"_links":{"self":[{"href":"https:\/\/www.ladiagonale.net\/index.php\/wp-json\/wp\/v2\/posts\/17770"}],"collection":[{"href":"https:\/\/www.ladiagonale.net\/index.php\/wp-json\/wp\/v2\/posts"}],"about":[{"href":"https:\/\/www.ladiagonale.net\/index.php\/wp-json\/wp\/v2\/types\/post"}],"author":[{"embeddable":true,"href":"https:\/\/www.ladiagonale.net\/index.php\/wp-json\/wp\/v2\/users\/2"}],"replies":[{"embeddable":true,"href":"https:\/\/www.ladiagonale.net\/index.php\/wp-json\/wp\/v2\/comments?post=17770"}],"version-history":[{"count":1,"href":"https:\/\/www.ladiagonale.net\/index.php\/wp-json\/wp\/v2\/posts\/17770\/revisions"}],"predecessor-version":[{"id":17772,"href":"https:\/\/www.ladiagonale.net\/index.php\/wp-json\/wp\/v2\/posts\/17770\/revisions\/17772"}],"wp:attachment":[{"href":"https:\/\/www.ladiagonale.net\/index.php\/wp-json\/wp\/v2\/media?parent=17770"}],"wp:term":[{"taxonomy":"category","embeddable":true,"href":"https:\/\/www.ladiagonale.net\/index.php\/wp-json\/wp\/v2\/categories?post=17770"},{"taxonomy":"post_tag","embeddable":true,"href":"https:\/\/www.ladiagonale.net\/index.php\/wp-json\/wp\/v2\/tags?post=17770"}],"curies":[{"name":"wp","href":"https:\/\/api.w.org\/{rel}","templated":true}]}}