{"id":17773,"date":"2023-11-04T01:13:27","date_gmt":"2023-11-04T00:13:27","guid":{"rendered":"https:\/\/www.ladiagonale.net\/?p=17773"},"modified":"2023-11-04T01:41:44","modified_gmt":"2023-11-04T00:41:44","slug":"scuro-etre-attentifs-a-bien-evaluer-nos-besoins-a-court-terme","status":"publish","type":"post","link":"https:\/\/www.ladiagonale.net\/index.php\/2023\/11\/04\/scuro-etre-attentifs-a-bien-evaluer-nos-besoins-a-court-terme\/","title":{"rendered":"Scuro : \u00ab&nbsp;\u00catre attentifs \u00e0 bien \u00e9valuer nos besoins \u00e0 court terme&nbsp;\u00bb"},"content":{"rendered":"\n<p>\u00c0 l\u2019occasion de la pr\u00e9sentation de Kassoum Ouattara, Thiago Scuro a \u00e9t\u00e9 interrog\u00e9 sur les nombreuses (graves) blessures qui ont touch\u00e9 le club de la Principaut\u00e9 depuis le d\u00e9but de la saison. Le directeur g\u00e9n\u00e9ral du club essaie de tirer du positif face \u00e0 cette contrainte : \u00ab\u00a0<em>Nous avons plus de blessures que ce \u00e0 quoi le club est habitu\u00e9. La plupart sont des blessures li\u00e9es \u00e0 des traumatismes, et pour un club il n\u2019y a aucun moyen de pr\u00e9venir ce type de blessures. D\u2019une certaine mani\u00e8re, elles d\u00e9montrent aussi \u00e0 quel point notre \u00e9quipe est bonne, car beaucoup de joueurs ont jou\u00e9 et ont r\u00e9pondu pr\u00e9sent. C\u2019est une opportunit\u00e9 pour eux donc c\u2019est plut\u00f4t bien g\u00e9r\u00e9 en ce sens. Il y a plusieurs joueurs qui reviennent, ce qui permet d\u2019augmenter la concurrence au quotidien et cela donne plus d\u2019options pour Adi (H\u00fctter).<\/em>\u00a0\u00bb<\/p>\n\n\n\n<p>D\u00e9cim\u00e9 en d\u00e9fense, ce qui a forc\u00e9 H\u00fctter \u00e0 modifier son syst\u00e8me, Monaco semble avoir des manques derri\u00e8re. Pour autant, Thiago Scuro pr\u00e9f\u00e8re \u00e9valuer pos\u00e9ment la situation et la largeur de son effectif plut\u00f4t que de prendre une d\u00e9cision \u00e0 la h\u00e2te : \u00ab\u00a0<em>Nous devons \u00eatre attentifs quant \u00e0 l\u2019\u00e9valuation de nos besoins \u00e0 court terme. Oui, nous avons rencontr\u00e9 des difficult\u00e9s du point de vue de notre effectif \u00e0 cause des blessures, qui ont concern\u00e9 plusieurs joueurs aux m\u00eames postes. Petit \u00e0 petit, Salisu revient et va \u00eatre un nouveau joueur, puisqu\u2019il n\u2019a pas encore pu jouer depuis son arriv\u00e9e. Nous ne jouons pas de comp\u00e9titions europ\u00e9ennes cette saison et nous mettons toute notre \u00e9nergie sur la Ligue 1 et sur la Coupe de France \u00e0 partir de janvier. En d\u00e9finitive, nous ne sommes pas si mal<\/em>.\u00a0\u00bb<\/p>\n\n\n\n<p>Si Monaco a cherch\u00e9 \u00e0 recruter un d\u00e9fenseur central \u00e0 la fin du mercato estival, en particulier Tosin Adarabioyo, l\u2019\u00e9volution de Magassa \u00e0 ce poste pourrait rebattre les cartes : \u00ab&nbsp;<em>Nous avons eu des discussions sur le fait d\u2019ajouter un d\u00e9fenseur central pendant l\u2019intersaison. Magassa est devenu une solution interne, mais il s\u2019est montr\u00e9 dans des gros matches pendant la pr\u00e9paration, contre Arsenal et le Bayern Munich par exemple, et il a montr\u00e9 qu\u2019il pouvait \u00e9voluer au niveau de performance esp\u00e9r\u00e9 et cela a \u00e9t\u00e9 confirm\u00e9 par le d\u00e9but de saison. On peut avoir des attentes et des projections, mais semaine apr\u00e8s semaine, nous avons eu des garanties pendant les matches et nous devons respecter \u00e7a, en particulier pour les jeunes joueurs. J\u2019ai confiance dans le d\u00e9veloppement des jeunes et c\u2019est l\u2019ambition de ce club que de leur donner de la place pour grandir.<\/em>&nbsp;\u00bb<\/p>\n\n\n","protected":false},"excerpt":{"rendered":"<p>\u00c0 l\u2019occasion de la pr\u00e9sentation de Kassoum Ouattara, Thiago Scuro a \u00e9t\u00e9 interrog\u00e9 sur les nombreuses (graves) blessures qui ont touch\u00e9 le club de la Principaut\u00e9 depuis le d\u00e9but de la saison. Le directeur g\u00e9n\u00e9ral du club essaie de tirer du positif face \u00e0 cette contrainte : \u00ab\u00a0Nous avons plus de blessures que ce \u00e0 [&#8230;]\n","protected":false},"author":2,"featured_media":0,"comment_status":"open","ping_status":"open","sticky":false,"template":"","format":"standard","meta":[],"categories":[6],"tags":[86,479],"yoast_head":"<!-- This site is optimized with the Yoast SEO plugin v19.8 - https:\/\/yoast.com\/wordpress\/plugins\/seo\/ -->\n<title>Scuro : \u00ab&nbsp;\u00catre attentifs \u00e0 bien \u00e9valuer nos besoins \u00e0 court terme&nbsp;\u00bb - La Diagonale<\/title>\n<meta name=\"robots\" content=\"index, follow, max-snippet:-1, max-image-preview:large, max-video-preview:-1\" \/>\n<link rel=\"canonical\" href=\"https:\/\/www.ladiagonale.net\/index.php\/2023\/11\/04\/scuro-etre-attentifs-a-bien-evaluer-nos-besoins-a-court-terme\/\" \/>\n<meta property=\"og:locale\" content=\"fr_FR\" \/>\n<meta property=\"og:type\" content=\"article\" \/>\n<meta property=\"og:title\" content=\"Scuro : \u00ab&nbsp;\u00catre attentifs \u00e0 bien \u00e9valuer nos besoins \u00e0 court terme&nbsp;\u00bb - La Diagonale\" \/>\n<meta property=\"og:description\" content=\"\u00c0 l\u2019occasion de la pr\u00e9sentation de Kassoum Ouattara, Thiago Scuro a \u00e9t\u00e9 interrog\u00e9 sur les nombreuses (graves) blessures qui ont touch\u00e9 le club de la Principaut\u00e9 depuis le d\u00e9but de la saison. Le directeur g\u00e9n\u00e9ral du club essaie de tirer du positif face \u00e0 cette contrainte : \u00ab\u00a0Nous avons plus de blessures que ce \u00e0 [...]\" \/>\n<meta property=\"og:url\" content=\"https:\/\/www.ladiagonale.net\/index.php\/2023\/11\/04\/scuro-etre-attentifs-a-bien-evaluer-nos-besoins-a-court-terme\/\" \/>\n<meta property=\"og:site_name\" content=\"La Diagonale\" \/>\n<meta property=\"article:published_time\" content=\"2023-11-04T00:13:27+00:00\" \/>\n<meta property=\"article:modified_time\" content=\"2023-11-04T00:41:44+00:00\" \/>\n<meta property=\"og:image\" content=\"https:\/\/www.ladiagonale.net\/wp-content\/uploads\/2023\/07\/scuro.png\" \/>\n\t<meta property=\"og:image:width\" content=\"1160\" \/>\n\t<meta property=\"og:image:height\" content=\"650\" \/>\n\t<meta property=\"og:image:type\" content=\"image\/png\" \/>\n<meta name=\"author\" content=\"Damien Dellerba\" \/>\n<meta name=\"twitter:card\" content=\"summary_large_image\" \/>\n<meta name=\"twitter:image\" content=\"https:\/\/www.ladiagonale.net\/wp-content\/uploads\/2023\/07\/scuro.png\" \/>\n<meta name=\"twitter:label1\" content=\"\u00c9crit par\" \/>\n\t<meta name=\"twitter:data1\" content=\"Damien Dellerba\" \/>\n\t<meta name=\"twitter:label2\" content=\"Dur\u00e9e de lecture estim\u00e9e\" \/>\n\t<meta name=\"twitter:data2\" content=\"3 minutes\" \/>\n<script type=\"application\/ld+json\" class=\"yoast-schema-graph\">{\"@context\":\"https:\/\/schema.org\",\"@graph\":[{\"@type\":\"WebPage\",\"@id\":\"https:\/\/www.ladiagonale.net\/index.php\/2023\/11\/04\/scuro-etre-attentifs-a-bien-evaluer-nos-besoins-a-court-terme\/\",\"url\":\"https:\/\/www.ladiagonale.net\/index.php\/2023\/11\/04\/scuro-etre-attentifs-a-bien-evaluer-nos-besoins-a-court-terme\/\",\"name\":\"Scuro : \u00ab&nbsp;\u00catre attentifs \u00e0 bien \u00e9valuer nos besoins \u00e0 court terme&nbsp;\u00bb - La Diagonale\",\"isPartOf\":{\"@id\":\"https:\/\/www.ladiagonale.net\/#website\"},\"datePublished\":\"2023-11-04T00:13:27+00:00\",\"dateModified\":\"2023-11-04T00:41:44+00:00\",\"author\":{\"@id\":\"https:\/\/www.ladiagonale.net\/#\/schema\/person\/79ff1e7b0853ed01b2aa26e64ad300bf\"},\"breadcrumb\":{\"@id\":\"https:\/\/www.ladiagonale.net\/index.php\/2023\/11\/04\/scuro-etre-attentifs-a-bien-evaluer-nos-besoins-a-court-terme\/#breadcrumb\"},\"inLanguage\":\"fr-FR\",\"potentialAction\":[{\"@type\":\"ReadAction\",\"target\":[\"https:\/\/www.ladiagonale.net\/index.php\/2023\/11\/04\/scuro-etre-attentifs-a-bien-evaluer-nos-besoins-a-court-terme\/\"]}]},{\"@type\":\"BreadcrumbList\",\"@id\":\"https:\/\/www.ladiagonale.net\/index.php\/2023\/11\/04\/scuro-etre-attentifs-a-bien-evaluer-nos-besoins-a-court-terme\/#breadcrumb\",\"itemListElement\":[{\"@type\":\"ListItem\",\"position\":1,\"name\":\"Accueil\",\"item\":\"https:\/\/www.ladiagonale.net\/\"},{\"@type\":\"ListItem\",\"position\":2,\"name\":\"Scuro : \u00ab&nbsp;\u00catre attentifs \u00e0 bien \u00e9valuer nos besoins \u00e0 court terme&nbsp;\u00bb\"}]},{\"@type\":\"WebSite\",\"@id\":\"https:\/\/www.ladiagonale.net\/#website\",\"url\":\"https:\/\/www.ladiagonale.net\/\",\"name\":\"La Diagonale\",\"description\":\"Le site des supporters de l&#039;AS Monaco FC\",\"potentialAction\":[{\"@type\":\"SearchAction\",\"target\":{\"@type\":\"EntryPoint\",\"urlTemplate\":\"https:\/\/www.ladiagonale.net\/?s={search_term_string}\"},\"query-input\":\"required name=search_term_string\"}],\"inLanguage\":\"fr-FR\"},{\"@type\":\"Person\",\"@id\":\"https:\/\/www.ladiagonale.net\/#\/schema\/person\/79ff1e7b0853ed01b2aa26e64ad300bf\",\"name\":\"Damien Dellerba\",\"image\":{\"@type\":\"ImageObject\",\"inLanguage\":\"fr-FR\",\"@id\":\"https:\/\/www.ladiagonale.net\/#\/schema\/person\/image\/\",\"url\":\"https:\/\/secure.gravatar.com\/avatar\/c7850e06d3ff63cdbaee88b7fc16e2f0?s=96&d=mm&r=g\",\"contentUrl\":\"https:\/\/secure.gravatar.com\/avatar\/c7850e06d3ff63cdbaee88b7fc16e2f0?s=96&d=mm&r=g\",\"caption\":\"Damien Dellerba\"},\"url\":\"https:\/\/www.ladiagonale.net\/index.php\/author\/damien\/\"}]}<\/script>\n<!-- \/ Yoast SEO plugin. -->","yoast_head_json":{"title":"Scuro : \u00ab&nbsp;\u00catre attentifs \u00e0 bien \u00e9valuer nos besoins \u00e0 court terme&nbsp;\u00bb - La Diagonale","robots":{"index":"index","follow":"follow","max-snippet":"max-snippet:-1","max-image-preview":"max-image-preview:large","max-video-preview":"max-video-preview:-1"},"canonical":"https:\/\/www.ladiagonale.net\/index.php\/2023\/11\/04\/scuro-etre-attentifs-a-bien-evaluer-nos-besoins-a-court-terme\/","og_locale":"fr_FR","og_type":"article","og_title":"Scuro : \u00ab&nbsp;\u00catre attentifs \u00e0 bien \u00e9valuer nos besoins \u00e0 court terme&nbsp;\u00bb - La Diagonale","og_description":"\u00c0 l\u2019occasion de la pr\u00e9sentation de Kassoum Ouattara, Thiago Scuro a \u00e9t\u00e9 interrog\u00e9 sur les nombreuses (graves) blessures qui ont touch\u00e9 le club de la Principaut\u00e9 depuis le d\u00e9but de la saison. Le directeur g\u00e9n\u00e9ral du club essaie de tirer du positif face \u00e0 cette contrainte : \u00ab\u00a0Nous avons plus de blessures que ce \u00e0 [...]","og_url":"https:\/\/www.ladiagonale.net\/index.php\/2023\/11\/04\/scuro-etre-attentifs-a-bien-evaluer-nos-besoins-a-court-terme\/","og_site_name":"La Diagonale","article_published_time":"2023-11-04T00:13:27+00:00","article_modified_time":"2023-11-04T00:41:44+00:00","og_image":[{"width":1160,"height":650,"url":"https:\/\/www.ladiagonale.net\/wp-content\/uploads\/2023\/07\/scuro.png","type":"image\/png"}],"author":"Damien Dellerba","twitter_card":"summary_large_image","twitter_image":"https:\/\/www.ladiagonale.net\/wp-content\/uploads\/2023\/07\/scuro.png","twitter_misc":{"\u00c9crit par":"Damien Dellerba","Dur\u00e9e de lecture estim\u00e9e":"3 minutes"},"schema":{"@context":"https:\/\/schema.org","@graph":[{"@type":"WebPage","@id":"https:\/\/www.ladiagonale.net\/index.php\/2023\/11\/04\/scuro-etre-attentifs-a-bien-evaluer-nos-besoins-a-court-terme\/","url":"https:\/\/www.ladiagonale.net\/index.php\/2023\/11\/04\/scuro-etre-attentifs-a-bien-evaluer-nos-besoins-a-court-terme\/","name":"Scuro : \u00ab&nbsp;\u00catre attentifs \u00e0 bien \u00e9valuer nos besoins \u00e0 court terme&nbsp;\u00bb - La Diagonale","isPartOf":{"@id":"https:\/\/www.ladiagonale.net\/#website"},"datePublished":"2023-11-04T00:13:27+00:00","dateModified":"2023-11-04T00:41:44+00:00","author":{"@id":"https:\/\/www.ladiagonale.net\/#\/schema\/person\/79ff1e7b0853ed01b2aa26e64ad300bf"},"breadcrumb":{"@id":"https:\/\/www.ladiagonale.net\/index.php\/2023\/11\/04\/scuro-etre-attentifs-a-bien-evaluer-nos-besoins-a-court-terme\/#breadcrumb"},"inLanguage":"fr-FR","potentialAction":[{"@type":"ReadAction","target":["https:\/\/www.ladiagonale.net\/index.php\/2023\/11\/04\/scuro-etre-attentifs-a-bien-evaluer-nos-besoins-a-court-terme\/"]}]},{"@type":"BreadcrumbList","@id":"https:\/\/www.ladiagonale.net\/index.php\/2023\/11\/04\/scuro-etre-attentifs-a-bien-evaluer-nos-besoins-a-court-terme\/#breadcrumb","itemListElement":[{"@type":"ListItem","position":1,"name":"Accueil","item":"https:\/\/www.ladiagonale.net\/"},{"@type":"ListItem","position":2,"name":"Scuro : \u00ab&nbsp;\u00catre attentifs \u00e0 bien \u00e9valuer nos besoins \u00e0 court terme&nbsp;\u00bb"}]},{"@type":"WebSite","@id":"https:\/\/www.ladiagonale.net\/#website","url":"https:\/\/www.ladiagonale.net\/","name":"La Diagonale","description":"Le site des supporters de l&#039;AS Monaco FC","potentialAction":[{"@type":"SearchAction","target":{"@type":"EntryPoint","urlTemplate":"https:\/\/www.ladiagonale.net\/?s={search_term_string}"},"query-input":"required name=search_term_string"}],"inLanguage":"fr-FR"},{"@type":"Person","@id":"https:\/\/www.ladiagonale.net\/#\/schema\/person\/79ff1e7b0853ed01b2aa26e64ad300bf","name":"Damien Dellerba","image":{"@type":"ImageObject","inLanguage":"fr-FR","@id":"https:\/\/www.ladiagonale.net\/#\/schema\/person\/image\/","url":"https:\/\/secure.gravatar.com\/avatar\/c7850e06d3ff63cdbaee88b7fc16e2f0?s=96&d=mm&r=g","contentUrl":"https:\/\/secure.gravatar.com\/avatar\/c7850e06d3ff63cdbaee88b7fc16e2f0?s=96&d=mm&r=g","caption":"Damien Dellerba"},"url":"https:\/\/www.ladiagonale.net\/index.php\/author\/damien\/"}]}},"_links":{"self":[{"href":"https:\/\/www.ladiagonale.net\/index.php\/wp-json\/wp\/v2\/posts\/17773"}],"collection":[{"href":"https:\/\/www.ladiagonale.net\/index.php\/wp-json\/wp\/v2\/posts"}],"about":[{"href":"https:\/\/www.ladiagonale.net\/index.php\/wp-json\/wp\/v2\/types\/post"}],"author":[{"embeddable":true,"href":"https:\/\/www.ladiagonale.net\/index.php\/wp-json\/wp\/v2\/users\/2"}],"replies":[{"embeddable":true,"href":"https:\/\/www.ladiagonale.net\/index.php\/wp-json\/wp\/v2\/comments?post=17773"}],"version-history":[{"count":5,"href":"https:\/\/www.ladiagonale.net\/index.php\/wp-json\/wp\/v2\/posts\/17773\/revisions"}],"predecessor-version":[{"id":17780,"href":"https:\/\/www.ladiagonale.net\/index.php\/wp-json\/wp\/v2\/posts\/17773\/revisions\/17780"}],"wp:attachment":[{"href":"https:\/\/www.ladiagonale.net\/index.php\/wp-json\/wp\/v2\/media?parent=17773"}],"wp:term":[{"taxonomy":"category","embeddable":true,"href":"https:\/\/www.ladiagonale.net\/index.php\/wp-json\/wp\/v2\/categories?post=17773"},{"taxonomy":"post_tag","embeddable":true,"href":"https:\/\/www.ladiagonale.net\/index.php\/wp-json\/wp\/v2\/tags?post=17773"}],"curies":[{"name":"wp","href":"https:\/\/api.w.org\/{rel}","templated":true}]}}