{"id":17781,"date":"2023-11-04T14:32:53","date_gmt":"2023-11-04T13:32:53","guid":{"rendered":"https:\/\/www.ladiagonale.net\/?p=17781"},"modified":"2024-11-19T16:52:17","modified_gmt":"2024-11-19T15:52:17","slug":"a-domicile-monaco-ne-concede-rien-ou-presque-a-brest","status":"publish","type":"post","link":"https:\/\/www.ladiagonale.net\/index.php\/2023\/11\/04\/a-domicile-monaco-ne-concede-rien-ou-presque-a-brest\/","title":{"rendered":"\u00c0 domicile, Monaco ne conc\u00e8de rien ou presque \u00e0 Brest"},"content":{"rendered":"\n\n\n<p>Dimanche (17h05), l\u2019ASM recevra Brest au stade Louis-II pour la 16<sup>e<\/sup> fois de son histoire. Les 15 rencontres pr\u00e9c\u00e9dentes ont tr\u00e8s largement tourn\u00e9 \u00e0 l\u2019avantage des Rouge et Blanc, qui ont glan\u00e9 11 succ\u00e8s contre deux nuls et deux d\u00e9faites. Depuis la remont\u00e9e dans l\u2019\u00e9lite de Brest en 2019, l\u2019ASM reste sur quatre succ\u00e8s de rang dans son enceinte. Sa derni\u00e8re d\u00e9faite remonte \u00e0 la saison 2010-2011 (0-1) et pour la premi\u00e8re, il faut revenir \u00e0 la saison 1986-1987, qui s\u2019\u00e9tait sold\u00e9e sur le m\u00eame score. Monaco a inscrit 34 buts et n\u2019en a encaiss\u00e9 que six.<\/p>\n\n\n\n<p>La saison derni\u00e8re, le club de la Principaut\u00e9 s&rsquo;\u00e9tait impos\u00e9 sur la plus petite des marges (1-0), gr\u00e2ce \u00e0 un bijou de loin de Golovin un peu avant l&rsquo;heure de jeu. Monaco avait touch\u00e9 le montant droit de Bizot sur une frappe de loin de Camara mais les Brestois avaient eux aussi touch\u00e9 du bois, avec une t\u00eate de Mouni\u00e9 sur la transversale. Les hommes de Philppe Clement avaient eu de nombreuses occasions en premi\u00e8re p\u00e9riode avant de subir dans le second acte. Une fois n&rsquo;est pas coutume, Alexander N\u00fcbel avait r\u00e9alis\u00e9 des arr\u00eats d\u00e9terminants pour pr\u00e9server le score.<\/p>\n\n\n\n<figure class=\"wp-block-embed is-type-video is-provider-youtube wp-block-embed-youtube wp-embed-aspect-16-9 wp-has-aspect-ratio\"><div class=\"wp-block-embed__wrapper\">\n<iframe loading=\"lazy\" title=\"AS Monaco 1-0 Stade Brestois 29 - Ligue 1 - 17\u00e8me journ\u00e9e\" width=\"1020\" height=\"574\" src=\"https:\/\/www.youtube.com\/embed\/kimUFzA29js?feature=oembed\" frameborder=\"0\" allow=\"accelerometer; autoplay; clipboard-write; encrypted-media; gyroscope; picture-in-picture; web-share\" referrerpolicy=\"strict-origin-when-cross-origin\" allowfullscreen><\/iframe>\n<\/div><\/figure>\n\n\n\n<h3><strong>Les cinq derni\u00e8res confrontations en Ligue 1 au stade Louis-II<\/strong><\/h3>\n\n\n\n<figure class=\"wp-block-table is-style-stripes\"><table><tbody><tr><td class=\"has-text-align-center\" data-align=\"center\">Saison 2022-2023<\/td><td class=\"has-text-align-center\" data-align=\"center\">17<sup>e<\/sup> journ\u00e9e<\/td><td class=\"has-text-align-right\" data-align=\"right\"><strong>Monaco<\/strong><\/td><td class=\"has-text-align-center\" data-align=\"center\">1-0<\/td><td>Brest<\/td><td class=\"has-text-align-center\" data-align=\"center\">\ud83d\udfe2<\/td><\/tr><tr><td class=\"has-text-align-center\" data-align=\"center\">Saison 2021-2022<\/td><td class=\"has-text-align-center\" data-align=\"center\">37<sup>e<\/sup> journ\u00e9e<\/td><td class=\"has-text-align-right\" data-align=\"right\"><strong>Monaco<\/strong><\/td><td class=\"has-text-align-center\" data-align=\"center\">4-2<\/td><td>Brest<\/td><td class=\"has-text-align-center\" data-align=\"center\">\ud83d\udfe2<\/td><\/tr><tr><td class=\"has-text-align-center\" data-align=\"center\">Saison 2020-2021<\/td><td class=\"has-text-align-center\" data-align=\"center\">27<sup>e<\/sup> journ\u00e9e<\/td><td class=\"has-text-align-right\" data-align=\"right\"><strong>Monaco<\/strong><\/td><td class=\"has-text-align-center\" data-align=\"center\">2-0<\/td><td>Brest<\/td><td class=\"has-text-align-center\" data-align=\"center\">\ud83d\udfe2<\/td><\/tr><tr><td class=\"has-text-align-center\" data-align=\"center\">Saison 2019-2020<\/td><td class=\"has-text-align-center\" data-align=\"center\">8<sup>e<\/sup> journ\u00e9e<\/td><td class=\"has-text-align-right\" data-align=\"right\"><strong>Monaco<\/strong><\/td><td class=\"has-text-align-center\" data-align=\"center\">4-1<\/td><td>Brest<\/td><td class=\"has-text-align-center\" data-align=\"center\">\ud83d\udfe2<\/td><\/tr><tr><td class=\"has-text-align-center\" data-align=\"center\">Saison 2010-2011<\/td><td class=\"has-text-align-center\" data-align=\"center\">8<sup>e<\/sup> journ\u00e9e<\/td><td class=\"has-text-align-right\" data-align=\"right\">Monaco<\/td><td class=\"has-text-align-center\" data-align=\"center\">0-1<\/td><td><strong><strong>Brest<\/strong><\/strong><\/td><td class=\"has-text-align-center\" data-align=\"center\">\ud83d\udd34<\/td><\/tr><\/tbody><\/table><\/figure>\n","protected":false},"excerpt":{"rendered":"<p>Dimanche (17h05), l\u2019ASM recevra Brest au stade Louis-II pour la 16e fois de son histoire. Les 15 rencontres pr\u00e9c\u00e9dentes ont tr\u00e8s largement tourn\u00e9 \u00e0 l\u2019avantage des Rouge et Blanc, qui ont glan\u00e9 11 succ\u00e8s contre deux nuls et deux d\u00e9faites. Depuis la remont\u00e9e dans l\u2019\u00e9lite de Brest en 2019, l\u2019ASM reste sur quatre succ\u00e8s de [&#8230;]\n","protected":false},"author":2,"featured_media":0,"comment_status":"open","ping_status":"open","sticky":false,"template":"","format":"standard","meta":[],"categories":[6],"tags":[86,261,94,348],"yoast_head":"<!-- This site is optimized with the Yoast SEO plugin v19.8 - https:\/\/yoast.com\/wordpress\/plugins\/seo\/ -->\n<title>\u00c0 domicile, Monaco ne conc\u00e8de rien ou presque \u00e0 Brest - La Diagonale<\/title>\n<meta name=\"robots\" content=\"index, follow, max-snippet:-1, max-image-preview:large, max-video-preview:-1\" \/>\n<link rel=\"canonical\" href=\"https:\/\/www.ladiagonale.net\/index.php\/2023\/11\/04\/a-domicile-monaco-ne-concede-rien-ou-presque-a-brest\/\" \/>\n<meta property=\"og:locale\" content=\"fr_FR\" \/>\n<meta property=\"og:type\" content=\"article\" \/>\n<meta property=\"og:title\" content=\"\u00c0 domicile, Monaco ne conc\u00e8de rien ou presque \u00e0 Brest - La Diagonale\" \/>\n<meta property=\"og:description\" content=\"Dimanche (17h05), l\u2019ASM recevra Brest au stade Louis-II pour la 16e fois de son histoire. Les 15 rencontres pr\u00e9c\u00e9dentes ont tr\u00e8s largement tourn\u00e9 \u00e0 l\u2019avantage des Rouge et Blanc, qui ont glan\u00e9 11 succ\u00e8s contre deux nuls et deux d\u00e9faites. Depuis la remont\u00e9e dans l\u2019\u00e9lite de Brest en 2019, l\u2019ASM reste sur quatre succ\u00e8s de [...]\" \/>\n<meta property=\"og:url\" content=\"https:\/\/www.ladiagonale.net\/index.php\/2023\/11\/04\/a-domicile-monaco-ne-concede-rien-ou-presque-a-brest\/\" \/>\n<meta property=\"og:site_name\" content=\"La Diagonale\" \/>\n<meta property=\"article:published_time\" content=\"2023-11-04T13:32:53+00:00\" \/>\n<meta property=\"article:modified_time\" content=\"2024-11-19T15:52:17+00:00\" \/>\n<meta property=\"og:image\" content=\"https:\/\/www.ladiagonale.net\/wp-content\/uploads\/2022\/12\/Brest22.png\" \/>\n\t<meta property=\"og:image:width\" content=\"1160\" \/>\n\t<meta property=\"og:image:height\" content=\"650\" \/>\n\t<meta property=\"og:image:type\" content=\"image\/png\" \/>\n<meta name=\"author\" content=\"Damien Dellerba\" \/>\n<meta name=\"twitter:card\" content=\"summary_large_image\" \/>\n<meta name=\"twitter:image\" content=\"https:\/\/www.ladiagonale.net\/wp-content\/uploads\/2022\/12\/Brest22.png\" \/>\n<meta name=\"twitter:label1\" content=\"\u00c9crit par\" \/>\n\t<meta name=\"twitter:data1\" content=\"Damien Dellerba\" \/>\n\t<meta name=\"twitter:label2\" content=\"Dur\u00e9e de lecture estim\u00e9e\" \/>\n\t<meta name=\"twitter:data2\" content=\"2 minutes\" \/>\n<script type=\"application\/ld+json\" class=\"yoast-schema-graph\">{\"@context\":\"https:\/\/schema.org\",\"@graph\":[{\"@type\":\"WebPage\",\"@id\":\"https:\/\/www.ladiagonale.net\/index.php\/2023\/11\/04\/a-domicile-monaco-ne-concede-rien-ou-presque-a-brest\/\",\"url\":\"https:\/\/www.ladiagonale.net\/index.php\/2023\/11\/04\/a-domicile-monaco-ne-concede-rien-ou-presque-a-brest\/\",\"name\":\"\u00c0 domicile, Monaco ne conc\u00e8de rien ou presque \u00e0 Brest - La Diagonale\",\"isPartOf\":{\"@id\":\"https:\/\/www.ladiagonale.net\/#website\"},\"datePublished\":\"2023-11-04T13:32:53+00:00\",\"dateModified\":\"2024-11-19T15:52:17+00:00\",\"author\":{\"@id\":\"https:\/\/www.ladiagonale.net\/#\/schema\/person\/79ff1e7b0853ed01b2aa26e64ad300bf\"},\"breadcrumb\":{\"@id\":\"https:\/\/www.ladiagonale.net\/index.php\/2023\/11\/04\/a-domicile-monaco-ne-concede-rien-ou-presque-a-brest\/#breadcrumb\"},\"inLanguage\":\"fr-FR\",\"potentialAction\":[{\"@type\":\"ReadAction\",\"target\":[\"https:\/\/www.ladiagonale.net\/index.php\/2023\/11\/04\/a-domicile-monaco-ne-concede-rien-ou-presque-a-brest\/\"]}]},{\"@type\":\"BreadcrumbList\",\"@id\":\"https:\/\/www.ladiagonale.net\/index.php\/2023\/11\/04\/a-domicile-monaco-ne-concede-rien-ou-presque-a-brest\/#breadcrumb\",\"itemListElement\":[{\"@type\":\"ListItem\",\"position\":1,\"name\":\"Accueil\",\"item\":\"https:\/\/www.ladiagonale.net\/\"},{\"@type\":\"ListItem\",\"position\":2,\"name\":\"\u00c0 domicile, Monaco ne conc\u00e8de rien ou presque \u00e0 Brest\"}]},{\"@type\":\"WebSite\",\"@id\":\"https:\/\/www.ladiagonale.net\/#website\",\"url\":\"https:\/\/www.ladiagonale.net\/\",\"name\":\"La Diagonale\",\"description\":\"Le site des supporters de l&#039;AS Monaco FC\",\"potentialAction\":[{\"@type\":\"SearchAction\",\"target\":{\"@type\":\"EntryPoint\",\"urlTemplate\":\"https:\/\/www.ladiagonale.net\/?s={search_term_string}\"},\"query-input\":\"required name=search_term_string\"}],\"inLanguage\":\"fr-FR\"},{\"@type\":\"Person\",\"@id\":\"https:\/\/www.ladiagonale.net\/#\/schema\/person\/79ff1e7b0853ed01b2aa26e64ad300bf\",\"name\":\"Damien Dellerba\",\"image\":{\"@type\":\"ImageObject\",\"inLanguage\":\"fr-FR\",\"@id\":\"https:\/\/www.ladiagonale.net\/#\/schema\/person\/image\/\",\"url\":\"https:\/\/secure.gravatar.com\/avatar\/c7850e06d3ff63cdbaee88b7fc16e2f0?s=96&d=mm&r=g\",\"contentUrl\":\"https:\/\/secure.gravatar.com\/avatar\/c7850e06d3ff63cdbaee88b7fc16e2f0?s=96&d=mm&r=g\",\"caption\":\"Damien Dellerba\"},\"url\":\"https:\/\/www.ladiagonale.net\/index.php\/author\/damien\/\"}]}<\/script>\n<!-- \/ Yoast SEO plugin. -->","yoast_head_json":{"title":"\u00c0 domicile, Monaco ne conc\u00e8de rien ou presque \u00e0 Brest - La Diagonale","robots":{"index":"index","follow":"follow","max-snippet":"max-snippet:-1","max-image-preview":"max-image-preview:large","max-video-preview":"max-video-preview:-1"},"canonical":"https:\/\/www.ladiagonale.net\/index.php\/2023\/11\/04\/a-domicile-monaco-ne-concede-rien-ou-presque-a-brest\/","og_locale":"fr_FR","og_type":"article","og_title":"\u00c0 domicile, Monaco ne conc\u00e8de rien ou presque \u00e0 Brest - La Diagonale","og_description":"Dimanche (17h05), l\u2019ASM recevra Brest au stade Louis-II pour la 16e fois de son histoire. Les 15 rencontres pr\u00e9c\u00e9dentes ont tr\u00e8s largement tourn\u00e9 \u00e0 l\u2019avantage des Rouge et Blanc, qui ont glan\u00e9 11 succ\u00e8s contre deux nuls et deux d\u00e9faites. Depuis la remont\u00e9e dans l\u2019\u00e9lite de Brest en 2019, l\u2019ASM reste sur quatre succ\u00e8s de [...]","og_url":"https:\/\/www.ladiagonale.net\/index.php\/2023\/11\/04\/a-domicile-monaco-ne-concede-rien-ou-presque-a-brest\/","og_site_name":"La Diagonale","article_published_time":"2023-11-04T13:32:53+00:00","article_modified_time":"2024-11-19T15:52:17+00:00","og_image":[{"width":1160,"height":650,"url":"https:\/\/www.ladiagonale.net\/wp-content\/uploads\/2022\/12\/Brest22.png","type":"image\/png"}],"author":"Damien Dellerba","twitter_card":"summary_large_image","twitter_image":"https:\/\/www.ladiagonale.net\/wp-content\/uploads\/2022\/12\/Brest22.png","twitter_misc":{"\u00c9crit par":"Damien Dellerba","Dur\u00e9e de lecture estim\u00e9e":"2 minutes"},"schema":{"@context":"https:\/\/schema.org","@graph":[{"@type":"WebPage","@id":"https:\/\/www.ladiagonale.net\/index.php\/2023\/11\/04\/a-domicile-monaco-ne-concede-rien-ou-presque-a-brest\/","url":"https:\/\/www.ladiagonale.net\/index.php\/2023\/11\/04\/a-domicile-monaco-ne-concede-rien-ou-presque-a-brest\/","name":"\u00c0 domicile, Monaco ne conc\u00e8de rien ou presque \u00e0 Brest - La Diagonale","isPartOf":{"@id":"https:\/\/www.ladiagonale.net\/#website"},"datePublished":"2023-11-04T13:32:53+00:00","dateModified":"2024-11-19T15:52:17+00:00","author":{"@id":"https:\/\/www.ladiagonale.net\/#\/schema\/person\/79ff1e7b0853ed01b2aa26e64ad300bf"},"breadcrumb":{"@id":"https:\/\/www.ladiagonale.net\/index.php\/2023\/11\/04\/a-domicile-monaco-ne-concede-rien-ou-presque-a-brest\/#breadcrumb"},"inLanguage":"fr-FR","potentialAction":[{"@type":"ReadAction","target":["https:\/\/www.ladiagonale.net\/index.php\/2023\/11\/04\/a-domicile-monaco-ne-concede-rien-ou-presque-a-brest\/"]}]},{"@type":"BreadcrumbList","@id":"https:\/\/www.ladiagonale.net\/index.php\/2023\/11\/04\/a-domicile-monaco-ne-concede-rien-ou-presque-a-brest\/#breadcrumb","itemListElement":[{"@type":"ListItem","position":1,"name":"Accueil","item":"https:\/\/www.ladiagonale.net\/"},{"@type":"ListItem","position":2,"name":"\u00c0 domicile, Monaco ne conc\u00e8de rien ou presque \u00e0 Brest"}]},{"@type":"WebSite","@id":"https:\/\/www.ladiagonale.net\/#website","url":"https:\/\/www.ladiagonale.net\/","name":"La Diagonale","description":"Le site des supporters de l&#039;AS Monaco FC","potentialAction":[{"@type":"SearchAction","target":{"@type":"EntryPoint","urlTemplate":"https:\/\/www.ladiagonale.net\/?s={search_term_string}"},"query-input":"required name=search_term_string"}],"inLanguage":"fr-FR"},{"@type":"Person","@id":"https:\/\/www.ladiagonale.net\/#\/schema\/person\/79ff1e7b0853ed01b2aa26e64ad300bf","name":"Damien Dellerba","image":{"@type":"ImageObject","inLanguage":"fr-FR","@id":"https:\/\/www.ladiagonale.net\/#\/schema\/person\/image\/","url":"https:\/\/secure.gravatar.com\/avatar\/c7850e06d3ff63cdbaee88b7fc16e2f0?s=96&d=mm&r=g","contentUrl":"https:\/\/secure.gravatar.com\/avatar\/c7850e06d3ff63cdbaee88b7fc16e2f0?s=96&d=mm&r=g","caption":"Damien Dellerba"},"url":"https:\/\/www.ladiagonale.net\/index.php\/author\/damien\/"}]}},"_links":{"self":[{"href":"https:\/\/www.ladiagonale.net\/index.php\/wp-json\/wp\/v2\/posts\/17781"}],"collection":[{"href":"https:\/\/www.ladiagonale.net\/index.php\/wp-json\/wp\/v2\/posts"}],"about":[{"href":"https:\/\/www.ladiagonale.net\/index.php\/wp-json\/wp\/v2\/types\/post"}],"author":[{"embeddable":true,"href":"https:\/\/www.ladiagonale.net\/index.php\/wp-json\/wp\/v2\/users\/2"}],"replies":[{"embeddable":true,"href":"https:\/\/www.ladiagonale.net\/index.php\/wp-json\/wp\/v2\/comments?post=17781"}],"version-history":[{"count":4,"href":"https:\/\/www.ladiagonale.net\/index.php\/wp-json\/wp\/v2\/posts\/17781\/revisions"}],"predecessor-version":[{"id":27592,"href":"https:\/\/www.ladiagonale.net\/index.php\/wp-json\/wp\/v2\/posts\/17781\/revisions\/27592"}],"wp:attachment":[{"href":"https:\/\/www.ladiagonale.net\/index.php\/wp-json\/wp\/v2\/media?parent=17781"}],"wp:term":[{"taxonomy":"category","embeddable":true,"href":"https:\/\/www.ladiagonale.net\/index.php\/wp-json\/wp\/v2\/categories?post=17781"},{"taxonomy":"post_tag","embeddable":true,"href":"https:\/\/www.ladiagonale.net\/index.php\/wp-json\/wp\/v2\/tags?post=17781"}],"curies":[{"name":"wp","href":"https:\/\/api.w.org\/{rel}","templated":true}]}}