{"id":17785,"date":"2023-11-04T14:43:40","date_gmt":"2023-11-04T13:43:40","guid":{"rendered":"https:\/\/www.ladiagonale.net\/?p=17785"},"modified":"2023-11-04T14:46:35","modified_gmt":"2023-11-04T13:46:35","slug":"pape-cabral-convoque-pour-les-eliminatoires-de-leuro-u17","status":"publish","type":"post","link":"https:\/\/www.ladiagonale.net\/index.php\/2023\/11\/04\/pape-cabral-convoque-pour-les-eliminatoires-de-leuro-u17\/","title":{"rendered":"Pape Cabral convoqu\u00e9 avec la France pour les \u00e9liminatoires de l&rsquo;Euro U17"},"content":{"rendered":"\n\n\n<p>Pendant que les derniers finalistes de l&rsquo;Euro U17, Sa\u00efmon Bouabr\u00e9 et Joan Tincres, seront occup\u00e9s en novembre <a href=\"https:\/\/www.ladiagonale.net\/index.php\/2023\/10\/30\/deux-monegasques-a-la-coupe-du-monde-u17\/\">avec la Coupe du monde U17 en Indon\u00e9sie<\/a>, Pape Cabral tentera de son c\u00f4t\u00e9 de marcher dans leurs pas. Le jeune milieu de terrain de l&rsquo;Academy (16 ans) a \u00e9t\u00e9 retenu par Jos\u00e9 Alcocer pour disputer le premier tour qualificatif de l&rsquo;Euro U17 2024 qui aura lieu du 15 au 21 novembre en Roumanie.<\/p>\n\n\n\n<p>Les tricolores se r\u00e9uniront \u00e0 Clairefontaine entre le 9 et le 11 novembre avant de s&rsquo;envoler pour Bucarest o\u00f9 trois rencontres les attendent. D&rsquo;abord contre l&rsquo;Estonie le 15 novembre (11h), puis face au pays h\u00f4te, la Roumanie, le 18 novembre (11h). Ils concluront ce tour de qualification contre la Norv\u00e8ge le 21 novembre (10h).<\/p>\n\n\n\n<p>Si les Bleuets terminent parmi les deux premiers de leur groupe ou s&rsquo;ils font partie des cinq troisi\u00e8mes ayant obtenu les meilleurs r\u00e9sultats contre les deux premiers de leur poule, ils iront au Tour \u00c9lite, pr\u00e9vu en mars 2024, \u00e9tape finale pour d\u00e9terminer les participants de ce championnat d&rsquo;Europe U17.<\/p>\n","protected":false},"excerpt":{"rendered":"<p>Pendant que les derniers finalistes de l&rsquo;Euro U17, Sa\u00efmon Bouabr\u00e9 et Joan Tincres, seront occup\u00e9s en novembre avec la Coupe du monde U17 en Indon\u00e9sie, Pape Cabral tentera de son c\u00f4t\u00e9 de marcher dans leurs pas. Le jeune milieu de terrain de l&rsquo;Academy (16 ans) a \u00e9t\u00e9 retenu par Jos\u00e9 Alcocer pour disputer le premier [&#8230;]\n","protected":false},"author":2,"featured_media":0,"comment_status":"open","ping_status":"open","sticky":false,"template":"","format":"standard","meta":[],"categories":[6],"tags":[76,86,93,268],"yoast_head":"<!-- This site is optimized with the Yoast SEO plugin v19.8 - https:\/\/yoast.com\/wordpress\/plugins\/seo\/ -->\n<title>Pape Cabral convoqu\u00e9 avec la France pour les \u00e9liminatoires de l&#039;Euro U17 - La Diagonale<\/title>\n<meta name=\"robots\" content=\"index, follow, max-snippet:-1, max-image-preview:large, max-video-preview:-1\" \/>\n<link rel=\"canonical\" href=\"https:\/\/www.ladiagonale.net\/index.php\/2023\/11\/04\/pape-cabral-convoque-pour-les-eliminatoires-de-leuro-u17\/\" \/>\n<meta property=\"og:locale\" content=\"fr_FR\" \/>\n<meta property=\"og:type\" content=\"article\" \/>\n<meta property=\"og:title\" content=\"Pape Cabral convoqu\u00e9 avec la France pour les \u00e9liminatoires de l&#039;Euro U17 - La Diagonale\" \/>\n<meta property=\"og:description\" content=\"Pendant que les derniers finalistes de l&rsquo;Euro U17, Sa\u00efmon Bouabr\u00e9 et Joan Tincres, seront occup\u00e9s en novembre avec la Coupe du monde U17 en Indon\u00e9sie, Pape Cabral tentera de son c\u00f4t\u00e9 de marcher dans leurs pas. Le jeune milieu de terrain de l&rsquo;Academy (16 ans) a \u00e9t\u00e9 retenu par Jos\u00e9 Alcocer pour disputer le premier [...]\" \/>\n<meta property=\"og:url\" content=\"https:\/\/www.ladiagonale.net\/index.php\/2023\/11\/04\/pape-cabral-convoque-pour-les-eliminatoires-de-leuro-u17\/\" \/>\n<meta property=\"og:site_name\" content=\"La Diagonale\" \/>\n<meta property=\"article:published_time\" content=\"2023-11-04T13:43:40+00:00\" \/>\n<meta property=\"article:modified_time\" content=\"2023-11-04T13:46:35+00:00\" \/>\n<meta property=\"og:image\" content=\"https:\/\/www.ladiagonale.net\/wp-content\/uploads\/2023\/05\/cabral-france.png\" \/>\n\t<meta property=\"og:image:width\" content=\"1160\" \/>\n\t<meta property=\"og:image:height\" content=\"650\" \/>\n\t<meta property=\"og:image:type\" content=\"image\/png\" \/>\n<meta name=\"author\" content=\"Damien Dellerba\" \/>\n<meta name=\"twitter:card\" content=\"summary_large_image\" \/>\n<meta name=\"twitter:image\" content=\"https:\/\/www.ladiagonale.net\/wp-content\/uploads\/2023\/05\/cabral-france.png\" \/>\n<meta name=\"twitter:label1\" content=\"\u00c9crit par\" \/>\n\t<meta name=\"twitter:data1\" content=\"Damien Dellerba\" \/>\n\t<meta name=\"twitter:label2\" content=\"Dur\u00e9e de lecture estim\u00e9e\" \/>\n\t<meta name=\"twitter:data2\" content=\"1 minute\" \/>\n<script type=\"application\/ld+json\" class=\"yoast-schema-graph\">{\"@context\":\"https:\/\/schema.org\",\"@graph\":[{\"@type\":\"WebPage\",\"@id\":\"https:\/\/www.ladiagonale.net\/index.php\/2023\/11\/04\/pape-cabral-convoque-pour-les-eliminatoires-de-leuro-u17\/\",\"url\":\"https:\/\/www.ladiagonale.net\/index.php\/2023\/11\/04\/pape-cabral-convoque-pour-les-eliminatoires-de-leuro-u17\/\",\"name\":\"Pape Cabral convoqu\u00e9 avec la France pour les \u00e9liminatoires de l'Euro U17 - La Diagonale\",\"isPartOf\":{\"@id\":\"https:\/\/www.ladiagonale.net\/#website\"},\"datePublished\":\"2023-11-04T13:43:40+00:00\",\"dateModified\":\"2023-11-04T13:46:35+00:00\",\"author\":{\"@id\":\"https:\/\/www.ladiagonale.net\/#\/schema\/person\/79ff1e7b0853ed01b2aa26e64ad300bf\"},\"breadcrumb\":{\"@id\":\"https:\/\/www.ladiagonale.net\/index.php\/2023\/11\/04\/pape-cabral-convoque-pour-les-eliminatoires-de-leuro-u17\/#breadcrumb\"},\"inLanguage\":\"fr-FR\",\"potentialAction\":[{\"@type\":\"ReadAction\",\"target\":[\"https:\/\/www.ladiagonale.net\/index.php\/2023\/11\/04\/pape-cabral-convoque-pour-les-eliminatoires-de-leuro-u17\/\"]}]},{\"@type\":\"BreadcrumbList\",\"@id\":\"https:\/\/www.ladiagonale.net\/index.php\/2023\/11\/04\/pape-cabral-convoque-pour-les-eliminatoires-de-leuro-u17\/#breadcrumb\",\"itemListElement\":[{\"@type\":\"ListItem\",\"position\":1,\"name\":\"Accueil\",\"item\":\"https:\/\/www.ladiagonale.net\/\"},{\"@type\":\"ListItem\",\"position\":2,\"name\":\"Pape Cabral convoqu\u00e9 avec la France pour les \u00e9liminatoires de l&rsquo;Euro U17\"}]},{\"@type\":\"WebSite\",\"@id\":\"https:\/\/www.ladiagonale.net\/#website\",\"url\":\"https:\/\/www.ladiagonale.net\/\",\"name\":\"La Diagonale\",\"description\":\"Le site des supporters de l&#039;AS Monaco FC\",\"potentialAction\":[{\"@type\":\"SearchAction\",\"target\":{\"@type\":\"EntryPoint\",\"urlTemplate\":\"https:\/\/www.ladiagonale.net\/?s={search_term_string}\"},\"query-input\":\"required name=search_term_string\"}],\"inLanguage\":\"fr-FR\"},{\"@type\":\"Person\",\"@id\":\"https:\/\/www.ladiagonale.net\/#\/schema\/person\/79ff1e7b0853ed01b2aa26e64ad300bf\",\"name\":\"Damien Dellerba\",\"image\":{\"@type\":\"ImageObject\",\"inLanguage\":\"fr-FR\",\"@id\":\"https:\/\/www.ladiagonale.net\/#\/schema\/person\/image\/\",\"url\":\"https:\/\/secure.gravatar.com\/avatar\/c7850e06d3ff63cdbaee88b7fc16e2f0?s=96&d=mm&r=g\",\"contentUrl\":\"https:\/\/secure.gravatar.com\/avatar\/c7850e06d3ff63cdbaee88b7fc16e2f0?s=96&d=mm&r=g\",\"caption\":\"Damien Dellerba\"},\"url\":\"https:\/\/www.ladiagonale.net\/index.php\/author\/damien\/\"}]}<\/script>\n<!-- \/ Yoast SEO plugin. -->","yoast_head_json":{"title":"Pape Cabral convoqu\u00e9 avec la France pour les \u00e9liminatoires de l'Euro U17 - La Diagonale","robots":{"index":"index","follow":"follow","max-snippet":"max-snippet:-1","max-image-preview":"max-image-preview:large","max-video-preview":"max-video-preview:-1"},"canonical":"https:\/\/www.ladiagonale.net\/index.php\/2023\/11\/04\/pape-cabral-convoque-pour-les-eliminatoires-de-leuro-u17\/","og_locale":"fr_FR","og_type":"article","og_title":"Pape Cabral convoqu\u00e9 avec la France pour les \u00e9liminatoires de l'Euro U17 - La Diagonale","og_description":"Pendant que les derniers finalistes de l&rsquo;Euro U17, Sa\u00efmon Bouabr\u00e9 et Joan Tincres, seront occup\u00e9s en novembre avec la Coupe du monde U17 en Indon\u00e9sie, Pape Cabral tentera de son c\u00f4t\u00e9 de marcher dans leurs pas. Le jeune milieu de terrain de l&rsquo;Academy (16 ans) a \u00e9t\u00e9 retenu par Jos\u00e9 Alcocer pour disputer le premier [...]","og_url":"https:\/\/www.ladiagonale.net\/index.php\/2023\/11\/04\/pape-cabral-convoque-pour-les-eliminatoires-de-leuro-u17\/","og_site_name":"La Diagonale","article_published_time":"2023-11-04T13:43:40+00:00","article_modified_time":"2023-11-04T13:46:35+00:00","og_image":[{"width":1160,"height":650,"url":"https:\/\/www.ladiagonale.net\/wp-content\/uploads\/2023\/05\/cabral-france.png","type":"image\/png"}],"author":"Damien Dellerba","twitter_card":"summary_large_image","twitter_image":"https:\/\/www.ladiagonale.net\/wp-content\/uploads\/2023\/05\/cabral-france.png","twitter_misc":{"\u00c9crit par":"Damien Dellerba","Dur\u00e9e de lecture estim\u00e9e":"1 minute"},"schema":{"@context":"https:\/\/schema.org","@graph":[{"@type":"WebPage","@id":"https:\/\/www.ladiagonale.net\/index.php\/2023\/11\/04\/pape-cabral-convoque-pour-les-eliminatoires-de-leuro-u17\/","url":"https:\/\/www.ladiagonale.net\/index.php\/2023\/11\/04\/pape-cabral-convoque-pour-les-eliminatoires-de-leuro-u17\/","name":"Pape Cabral convoqu\u00e9 avec la France pour les \u00e9liminatoires de l'Euro U17 - La Diagonale","isPartOf":{"@id":"https:\/\/www.ladiagonale.net\/#website"},"datePublished":"2023-11-04T13:43:40+00:00","dateModified":"2023-11-04T13:46:35+00:00","author":{"@id":"https:\/\/www.ladiagonale.net\/#\/schema\/person\/79ff1e7b0853ed01b2aa26e64ad300bf"},"breadcrumb":{"@id":"https:\/\/www.ladiagonale.net\/index.php\/2023\/11\/04\/pape-cabral-convoque-pour-les-eliminatoires-de-leuro-u17\/#breadcrumb"},"inLanguage":"fr-FR","potentialAction":[{"@type":"ReadAction","target":["https:\/\/www.ladiagonale.net\/index.php\/2023\/11\/04\/pape-cabral-convoque-pour-les-eliminatoires-de-leuro-u17\/"]}]},{"@type":"BreadcrumbList","@id":"https:\/\/www.ladiagonale.net\/index.php\/2023\/11\/04\/pape-cabral-convoque-pour-les-eliminatoires-de-leuro-u17\/#breadcrumb","itemListElement":[{"@type":"ListItem","position":1,"name":"Accueil","item":"https:\/\/www.ladiagonale.net\/"},{"@type":"ListItem","position":2,"name":"Pape Cabral convoqu\u00e9 avec la France pour les \u00e9liminatoires de l&rsquo;Euro U17"}]},{"@type":"WebSite","@id":"https:\/\/www.ladiagonale.net\/#website","url":"https:\/\/www.ladiagonale.net\/","name":"La Diagonale","description":"Le site des supporters de l&#039;AS Monaco FC","potentialAction":[{"@type":"SearchAction","target":{"@type":"EntryPoint","urlTemplate":"https:\/\/www.ladiagonale.net\/?s={search_term_string}"},"query-input":"required name=search_term_string"}],"inLanguage":"fr-FR"},{"@type":"Person","@id":"https:\/\/www.ladiagonale.net\/#\/schema\/person\/79ff1e7b0853ed01b2aa26e64ad300bf","name":"Damien Dellerba","image":{"@type":"ImageObject","inLanguage":"fr-FR","@id":"https:\/\/www.ladiagonale.net\/#\/schema\/person\/image\/","url":"https:\/\/secure.gravatar.com\/avatar\/c7850e06d3ff63cdbaee88b7fc16e2f0?s=96&d=mm&r=g","contentUrl":"https:\/\/secure.gravatar.com\/avatar\/c7850e06d3ff63cdbaee88b7fc16e2f0?s=96&d=mm&r=g","caption":"Damien Dellerba"},"url":"https:\/\/www.ladiagonale.net\/index.php\/author\/damien\/"}]}},"_links":{"self":[{"href":"https:\/\/www.ladiagonale.net\/index.php\/wp-json\/wp\/v2\/posts\/17785"}],"collection":[{"href":"https:\/\/www.ladiagonale.net\/index.php\/wp-json\/wp\/v2\/posts"}],"about":[{"href":"https:\/\/www.ladiagonale.net\/index.php\/wp-json\/wp\/v2\/types\/post"}],"author":[{"embeddable":true,"href":"https:\/\/www.ladiagonale.net\/index.php\/wp-json\/wp\/v2\/users\/2"}],"replies":[{"embeddable":true,"href":"https:\/\/www.ladiagonale.net\/index.php\/wp-json\/wp\/v2\/comments?post=17785"}],"version-history":[{"count":2,"href":"https:\/\/www.ladiagonale.net\/index.php\/wp-json\/wp\/v2\/posts\/17785\/revisions"}],"predecessor-version":[{"id":17787,"href":"https:\/\/www.ladiagonale.net\/index.php\/wp-json\/wp\/v2\/posts\/17785\/revisions\/17787"}],"wp:attachment":[{"href":"https:\/\/www.ladiagonale.net\/index.php\/wp-json\/wp\/v2\/media?parent=17785"}],"wp:term":[{"taxonomy":"category","embeddable":true,"href":"https:\/\/www.ladiagonale.net\/index.php\/wp-json\/wp\/v2\/categories?post=17785"},{"taxonomy":"post_tag","embeddable":true,"href":"https:\/\/www.ladiagonale.net\/index.php\/wp-json\/wp\/v2\/tags?post=17785"}],"curies":[{"name":"wp","href":"https:\/\/api.w.org\/{rel}","templated":true}]}}