{"id":17788,"date":"2023-11-04T15:14:48","date_gmt":"2023-11-04T14:14:48","guid":{"rendered":"https:\/\/www.ladiagonale.net\/?p=17788"},"modified":"2023-11-04T15:14:50","modified_gmt":"2023-11-04T14:14:50","slug":"roy-monaco-un-col-hors-categorie-pour-nous","status":"publish","type":"post","link":"https:\/\/www.ladiagonale.net\/index.php\/2023\/11\/04\/roy-monaco-un-col-hors-categorie-pour-nous\/","title":{"rendered":"Roy : \u00ab\u00a0Monaco, un col hors cat\u00e9gorie pour nous\u00a0\u00bb"},"content":{"rendered":"\n\n\n<p>Dans sa conf\u00e9rence de presse, \u00c9ric Roy a mani\u00e9 la m\u00e9taphore cycliste pour \u00e9voquer la rencontre \u00e0 venir ce dimanche (17h05) contre Monaco : \u00ab\u00a0<em>Ce ne sera pas \u00e9vident car ils viennent de perdre (contre Lille, 0-2) et auront envie de se racheter. C\u2019est encore un col hors cat\u00e9gorie pour nous. \u00c0 Lille, on avait eu une fringale au d\u00e9but de l\u2019ascension, face au PSG, on a craqu\u00e9 dans les derniers kilom\u00e8tres. On va voir si \u00e0 Monaco on est capables de faire le col complet.<\/em>\u00a0\u00bb<\/p>\n\n\n\n<p>Le technicien brestois a \u00e9voqu\u00e9 plus en d\u00e9tail les qualit\u00e9s de la formation as\u00e9miste : \u00ab\u00a0<em>C\u2019est une \u00e9quipe tr\u00e8s offensive, qui met beaucoup de joueurs devant. C\u2019est une \u00e9quipe dangereuse, parce qu\u2019il y a de la qualit\u00e9, qui est capable de jouer sur de la transition mais aussi du jeu combin\u00e9, donc qui sait \u00e0 peu pr\u00e8s tout faire. C\u2019est une \u00e9quipe athl\u00e9tique offensivement qui n\u2019a pas beaucoup de failles, mais s\u2019il devait y en avoir une toute petite, il faudrait rentrer dedans.\u00a0<\/em>\u00bb<\/p>\n\n\n\n<p>Concernant ses attentes pour le match, Roy a utilis\u00e9 d\u2019autres images pour annoncer ses objectifs : \u00ab\u00a0<em>Tous les matches sont bons \u00e0 prendre pour ramener quelque chose et comme je leur dis, on est des pirates. Quand on se d\u00e9place, on veut revenir avec quelque chose au fond des cales. Un point, trois points, c\u2019est l\u2019objectif de tous nos d\u00e9placements. On essaiera de le faire \u00e0 Monaco m\u00eame si on sait que ce sera tr\u00e8s p\u00e9rilleux.<\/em>\u00a0\u00bb<\/p>\n","protected":false},"excerpt":{"rendered":"<p>Dans sa conf\u00e9rence de presse, \u00c9ric Roy a mani\u00e9 la m\u00e9taphore cycliste pour \u00e9voquer la rencontre \u00e0 venir ce dimanche (17h05) contre Monaco : \u00ab\u00a0Ce ne sera pas \u00e9vident car ils viennent de perdre (contre Lille, 0-2) et auront envie de se racheter. C\u2019est encore un col hors cat\u00e9gorie pour nous. \u00c0 Lille, on avait [&#8230;]\n","protected":false},"author":2,"featured_media":0,"comment_status":"open","ping_status":"open","sticky":false,"template":"","format":"standard","meta":[],"categories":[6],"tags":[86,724,94,348],"yoast_head":"<!-- This site is optimized with the Yoast SEO plugin v19.8 - https:\/\/yoast.com\/wordpress\/plugins\/seo\/ -->\n<title>Roy : \u00ab\u00a0Monaco, un col hors cat\u00e9gorie pour nous\u00a0\u00bb - La Diagonale<\/title>\n<meta name=\"robots\" content=\"index, follow, max-snippet:-1, max-image-preview:large, max-video-preview:-1\" \/>\n<link rel=\"canonical\" href=\"https:\/\/www.ladiagonale.net\/index.php\/2023\/11\/04\/roy-monaco-un-col-hors-categorie-pour-nous\/\" \/>\n<meta property=\"og:locale\" content=\"fr_FR\" \/>\n<meta property=\"og:type\" content=\"article\" \/>\n<meta property=\"og:title\" content=\"Roy : \u00ab\u00a0Monaco, un col hors cat\u00e9gorie pour nous\u00a0\u00bb - La Diagonale\" \/>\n<meta property=\"og:description\" content=\"Dans sa conf\u00e9rence de presse, \u00c9ric Roy a mani\u00e9 la m\u00e9taphore cycliste pour \u00e9voquer la rencontre \u00e0 venir ce dimanche (17h05) contre Monaco : \u00ab\u00a0Ce ne sera pas \u00e9vident car ils viennent de perdre (contre Lille, 0-2) et auront envie de se racheter. C\u2019est encore un col hors cat\u00e9gorie pour nous. \u00c0 Lille, on avait [...]\" \/>\n<meta property=\"og:url\" content=\"https:\/\/www.ladiagonale.net\/index.php\/2023\/11\/04\/roy-monaco-un-col-hors-categorie-pour-nous\/\" \/>\n<meta property=\"og:site_name\" content=\"La Diagonale\" \/>\n<meta property=\"article:published_time\" content=\"2023-11-04T14:14:48+00:00\" \/>\n<meta property=\"article:modified_time\" content=\"2023-11-04T14:14:50+00:00\" \/>\n<meta property=\"og:image\" content=\"https:\/\/www.ladiagonale.net\/wp-content\/uploads\/2023\/11\/Roy.png\" \/>\n\t<meta property=\"og:image:width\" content=\"1160\" \/>\n\t<meta property=\"og:image:height\" content=\"650\" \/>\n\t<meta property=\"og:image:type\" content=\"image\/png\" \/>\n<meta name=\"author\" content=\"Damien Dellerba\" \/>\n<meta name=\"twitter:card\" content=\"summary_large_image\" \/>\n<meta name=\"twitter:image\" content=\"https:\/\/www.ladiagonale.net\/wp-content\/uploads\/2023\/11\/Roy.png\" \/>\n<meta name=\"twitter:label1\" content=\"\u00c9crit par\" \/>\n\t<meta name=\"twitter:data1\" content=\"Damien Dellerba\" \/>\n\t<meta name=\"twitter:label2\" content=\"Dur\u00e9e de lecture estim\u00e9e\" \/>\n\t<meta name=\"twitter:data2\" content=\"2 minutes\" \/>\n<script type=\"application\/ld+json\" class=\"yoast-schema-graph\">{\"@context\":\"https:\/\/schema.org\",\"@graph\":[{\"@type\":\"WebPage\",\"@id\":\"https:\/\/www.ladiagonale.net\/index.php\/2023\/11\/04\/roy-monaco-un-col-hors-categorie-pour-nous\/\",\"url\":\"https:\/\/www.ladiagonale.net\/index.php\/2023\/11\/04\/roy-monaco-un-col-hors-categorie-pour-nous\/\",\"name\":\"Roy : \u00ab\u00a0Monaco, un col hors cat\u00e9gorie pour nous\u00a0\u00bb - La Diagonale\",\"isPartOf\":{\"@id\":\"https:\/\/www.ladiagonale.net\/#website\"},\"datePublished\":\"2023-11-04T14:14:48+00:00\",\"dateModified\":\"2023-11-04T14:14:50+00:00\",\"author\":{\"@id\":\"https:\/\/www.ladiagonale.net\/#\/schema\/person\/79ff1e7b0853ed01b2aa26e64ad300bf\"},\"breadcrumb\":{\"@id\":\"https:\/\/www.ladiagonale.net\/index.php\/2023\/11\/04\/roy-monaco-un-col-hors-categorie-pour-nous\/#breadcrumb\"},\"inLanguage\":\"fr-FR\",\"potentialAction\":[{\"@type\":\"ReadAction\",\"target\":[\"https:\/\/www.ladiagonale.net\/index.php\/2023\/11\/04\/roy-monaco-un-col-hors-categorie-pour-nous\/\"]}]},{\"@type\":\"BreadcrumbList\",\"@id\":\"https:\/\/www.ladiagonale.net\/index.php\/2023\/11\/04\/roy-monaco-un-col-hors-categorie-pour-nous\/#breadcrumb\",\"itemListElement\":[{\"@type\":\"ListItem\",\"position\":1,\"name\":\"Accueil\",\"item\":\"https:\/\/www.ladiagonale.net\/\"},{\"@type\":\"ListItem\",\"position\":2,\"name\":\"Roy : \u00ab\u00a0Monaco, un col hors cat\u00e9gorie pour nous\u00a0\u00bb\"}]},{\"@type\":\"WebSite\",\"@id\":\"https:\/\/www.ladiagonale.net\/#website\",\"url\":\"https:\/\/www.ladiagonale.net\/\",\"name\":\"La Diagonale\",\"description\":\"Le site des supporters de l&#039;AS Monaco FC\",\"potentialAction\":[{\"@type\":\"SearchAction\",\"target\":{\"@type\":\"EntryPoint\",\"urlTemplate\":\"https:\/\/www.ladiagonale.net\/?s={search_term_string}\"},\"query-input\":\"required name=search_term_string\"}],\"inLanguage\":\"fr-FR\"},{\"@type\":\"Person\",\"@id\":\"https:\/\/www.ladiagonale.net\/#\/schema\/person\/79ff1e7b0853ed01b2aa26e64ad300bf\",\"name\":\"Damien Dellerba\",\"image\":{\"@type\":\"ImageObject\",\"inLanguage\":\"fr-FR\",\"@id\":\"https:\/\/www.ladiagonale.net\/#\/schema\/person\/image\/\",\"url\":\"https:\/\/secure.gravatar.com\/avatar\/c7850e06d3ff63cdbaee88b7fc16e2f0?s=96&d=mm&r=g\",\"contentUrl\":\"https:\/\/secure.gravatar.com\/avatar\/c7850e06d3ff63cdbaee88b7fc16e2f0?s=96&d=mm&r=g\",\"caption\":\"Damien Dellerba\"},\"url\":\"https:\/\/www.ladiagonale.net\/index.php\/author\/damien\/\"}]}<\/script>\n<!-- \/ Yoast SEO plugin. -->","yoast_head_json":{"title":"Roy : \u00ab\u00a0Monaco, un col hors cat\u00e9gorie pour nous\u00a0\u00bb - La Diagonale","robots":{"index":"index","follow":"follow","max-snippet":"max-snippet:-1","max-image-preview":"max-image-preview:large","max-video-preview":"max-video-preview:-1"},"canonical":"https:\/\/www.ladiagonale.net\/index.php\/2023\/11\/04\/roy-monaco-un-col-hors-categorie-pour-nous\/","og_locale":"fr_FR","og_type":"article","og_title":"Roy : \u00ab\u00a0Monaco, un col hors cat\u00e9gorie pour nous\u00a0\u00bb - La Diagonale","og_description":"Dans sa conf\u00e9rence de presse, \u00c9ric Roy a mani\u00e9 la m\u00e9taphore cycliste pour \u00e9voquer la rencontre \u00e0 venir ce dimanche (17h05) contre Monaco : \u00ab\u00a0Ce ne sera pas \u00e9vident car ils viennent de perdre (contre Lille, 0-2) et auront envie de se racheter. C\u2019est encore un col hors cat\u00e9gorie pour nous. \u00c0 Lille, on avait [...]","og_url":"https:\/\/www.ladiagonale.net\/index.php\/2023\/11\/04\/roy-monaco-un-col-hors-categorie-pour-nous\/","og_site_name":"La Diagonale","article_published_time":"2023-11-04T14:14:48+00:00","article_modified_time":"2023-11-04T14:14:50+00:00","og_image":[{"width":1160,"height":650,"url":"https:\/\/www.ladiagonale.net\/wp-content\/uploads\/2023\/11\/Roy.png","type":"image\/png"}],"author":"Damien Dellerba","twitter_card":"summary_large_image","twitter_image":"https:\/\/www.ladiagonale.net\/wp-content\/uploads\/2023\/11\/Roy.png","twitter_misc":{"\u00c9crit par":"Damien Dellerba","Dur\u00e9e de lecture estim\u00e9e":"2 minutes"},"schema":{"@context":"https:\/\/schema.org","@graph":[{"@type":"WebPage","@id":"https:\/\/www.ladiagonale.net\/index.php\/2023\/11\/04\/roy-monaco-un-col-hors-categorie-pour-nous\/","url":"https:\/\/www.ladiagonale.net\/index.php\/2023\/11\/04\/roy-monaco-un-col-hors-categorie-pour-nous\/","name":"Roy : \u00ab\u00a0Monaco, un col hors cat\u00e9gorie pour nous\u00a0\u00bb - La Diagonale","isPartOf":{"@id":"https:\/\/www.ladiagonale.net\/#website"},"datePublished":"2023-11-04T14:14:48+00:00","dateModified":"2023-11-04T14:14:50+00:00","author":{"@id":"https:\/\/www.ladiagonale.net\/#\/schema\/person\/79ff1e7b0853ed01b2aa26e64ad300bf"},"breadcrumb":{"@id":"https:\/\/www.ladiagonale.net\/index.php\/2023\/11\/04\/roy-monaco-un-col-hors-categorie-pour-nous\/#breadcrumb"},"inLanguage":"fr-FR","potentialAction":[{"@type":"ReadAction","target":["https:\/\/www.ladiagonale.net\/index.php\/2023\/11\/04\/roy-monaco-un-col-hors-categorie-pour-nous\/"]}]},{"@type":"BreadcrumbList","@id":"https:\/\/www.ladiagonale.net\/index.php\/2023\/11\/04\/roy-monaco-un-col-hors-categorie-pour-nous\/#breadcrumb","itemListElement":[{"@type":"ListItem","position":1,"name":"Accueil","item":"https:\/\/www.ladiagonale.net\/"},{"@type":"ListItem","position":2,"name":"Roy : \u00ab\u00a0Monaco, un col hors cat\u00e9gorie pour nous\u00a0\u00bb"}]},{"@type":"WebSite","@id":"https:\/\/www.ladiagonale.net\/#website","url":"https:\/\/www.ladiagonale.net\/","name":"La Diagonale","description":"Le site des supporters de l&#039;AS Monaco FC","potentialAction":[{"@type":"SearchAction","target":{"@type":"EntryPoint","urlTemplate":"https:\/\/www.ladiagonale.net\/?s={search_term_string}"},"query-input":"required name=search_term_string"}],"inLanguage":"fr-FR"},{"@type":"Person","@id":"https:\/\/www.ladiagonale.net\/#\/schema\/person\/79ff1e7b0853ed01b2aa26e64ad300bf","name":"Damien Dellerba","image":{"@type":"ImageObject","inLanguage":"fr-FR","@id":"https:\/\/www.ladiagonale.net\/#\/schema\/person\/image\/","url":"https:\/\/secure.gravatar.com\/avatar\/c7850e06d3ff63cdbaee88b7fc16e2f0?s=96&d=mm&r=g","contentUrl":"https:\/\/secure.gravatar.com\/avatar\/c7850e06d3ff63cdbaee88b7fc16e2f0?s=96&d=mm&r=g","caption":"Damien Dellerba"},"url":"https:\/\/www.ladiagonale.net\/index.php\/author\/damien\/"}]}},"_links":{"self":[{"href":"https:\/\/www.ladiagonale.net\/index.php\/wp-json\/wp\/v2\/posts\/17788"}],"collection":[{"href":"https:\/\/www.ladiagonale.net\/index.php\/wp-json\/wp\/v2\/posts"}],"about":[{"href":"https:\/\/www.ladiagonale.net\/index.php\/wp-json\/wp\/v2\/types\/post"}],"author":[{"embeddable":true,"href":"https:\/\/www.ladiagonale.net\/index.php\/wp-json\/wp\/v2\/users\/2"}],"replies":[{"embeddable":true,"href":"https:\/\/www.ladiagonale.net\/index.php\/wp-json\/wp\/v2\/comments?post=17788"}],"version-history":[{"count":1,"href":"https:\/\/www.ladiagonale.net\/index.php\/wp-json\/wp\/v2\/posts\/17788\/revisions"}],"predecessor-version":[{"id":17790,"href":"https:\/\/www.ladiagonale.net\/index.php\/wp-json\/wp\/v2\/posts\/17788\/revisions\/17790"}],"wp:attachment":[{"href":"https:\/\/www.ladiagonale.net\/index.php\/wp-json\/wp\/v2\/media?parent=17788"}],"wp:term":[{"taxonomy":"category","embeddable":true,"href":"https:\/\/www.ladiagonale.net\/index.php\/wp-json\/wp\/v2\/categories?post=17788"},{"taxonomy":"post_tag","embeddable":true,"href":"https:\/\/www.ladiagonale.net\/index.php\/wp-json\/wp\/v2\/tags?post=17788"}],"curies":[{"name":"wp","href":"https:\/\/api.w.org\/{rel}","templated":true}]}}