{"id":17791,"date":"2023-11-04T16:10:52","date_gmt":"2023-11-04T15:10:52","guid":{"rendered":"https:\/\/www.ladiagonale.net\/?p=17791"},"modified":"2023-11-04T16:10:54","modified_gmt":"2023-11-04T15:10:54","slug":"petit-monaco-est-capable-de-lutter-pour-le-titre","status":"publish","type":"post","link":"https:\/\/www.ladiagonale.net\/index.php\/2023\/11\/04\/petit-monaco-est-capable-de-lutter-pour-le-titre\/","title":{"rendered":"Petit :\u00a0\u00ab\u00a0Monaco est capable de lutter pour le titre\u00a0\u00bb"},"content":{"rendered":"\n\n\n<p>Champion de France 1997 avec l\u2019AS Monaco, son club formateur, Emmanuel Petit a accord\u00e9 un entretien \u00e0 <em>Nice-Matin<\/em>. L&rsquo;ancien milieu de terrain a notamment partag\u00e9 son emballement sur le d\u00e9but de saison de l&rsquo;ASM et la croit m\u00eame capable de jouer le titre cette ann\u00e9e en Ligue 1 : \u00ab\u00a0<em>Ce que je vois me pla\u00eet. L\u2019\u00e9quipe est jeune mais capable de lutter pour le titre. Elle est \u00e0 deux points du leader et ne pas jouer de coupe d\u2019Europe sera un \u00e9l\u00e9ment important, notamment en deuxi\u00e8me partie de saison. Il faudra compter sur Monaco, m\u00eame si le PSG reste favori, il est programm\u00e9 pour gagner la L1.<\/em>\u00a0\u00bb<\/p>\n\n\n\n<p>Petit appr\u00e9cie notamment le jeu offensif mis en place par Adi H\u00fctter depuis son arriv\u00e9e : \u00ab <em>J\u2019aime ce que fait Adi H\u00fctter malgr\u00e9 les difficult\u00e9s qu\u2019il rencontre. On a l\u2019impression qu\u2019il est oblig\u00e9 de s\u2019adapter en permanence \u00e0 cause des blessures importantes qui touchent \u00e0 sa colonne vert\u00e9brale et sa d\u00e9fense centrale.<\/em>\u00a0\u00bb Si la d\u00e9fense n&rsquo;est pas encore totalement au point, Petit appr\u00e9cie la prise de risque constante de son ASM : \u00ab <em>Il faut un \u00e9quilibre, c\u2019est clair, mais je pr\u00e9f\u00e8re avoir un Monaco ambitieux dans son jeu pour trouver les br\u00e8ches. Et \u00e7a implique qu\u2019on prenne des risques. Joueur, je pr\u00e9f\u00e8re jouer dans une telle \u00e9quipe. Le but du jeu, c\u2019est de marquer. \u00catre juste l\u00e0 pour mettre un syst\u00e8me en place et contrer, ce n\u2019est pas mon truc<\/em>. \u00bb<\/p>\n\n\n\n<blockquote class=\"wp-block-quote\"><p>\u00ab <em>Monaco devra parfois jouer sale pour \u00eatre conqu\u00e9rant<\/em> \u00bb<\/p><cite>Emmanuel Petit<\/cite><\/blockquote>\n\n\n\n<p>Monaco revient pourtant de loin, apr\u00e8s une fin de saison calamiteuse sous la direction de Philippe Clement et des joueurs compl\u00e8tement d\u00e9mobilis\u00e9s :\u00a0\u00ab <em>C\u2019est la remise en question de l\u2019intersaison qui a eu un impact consid\u00e9rable sur le d\u00e9but de saison. (&#8230;)\u00a0Des joueurs avaient \u00e9t\u00e9 pris \u00e0 partie. Certains fans ne voulaient plus les voir. Ces gar\u00e7ons n\u2019\u00e9taient pas professionnels et ils trouvent bizarre de les voir au bar plus souvent qu\u2019ils n\u2019y allaient eux-m\u00eames. On avait \u00e9t\u00e9 extr\u00eamement d\u00e9\u00e7us du comportement et des performances des joueurs. Depuis l\u2019intersaison, beaucoup se sont remis en question. La mentalit\u00e9 de certains a chang\u00e9 et H\u00fctter a pu mettre certaines r\u00e8gles en place au sein du vestiaire. On sent qu\u2019il y a une motivation bien meilleure. Les objectifs ont repris de la hauteur, dans la t\u00eate des joueurs.<\/em>\u00a0\u00bb<\/p>\n\n\n\n<p>Pourtant, il manque encore un petit quelque chose \u00e0 ce Monaco pour \u00eatre encore meilleur. Selon Petit, il s&rsquo;agirait d&rsquo;une dose de vice, qui \u00e9tait aussi une des caract\u00e9ristiques de l&rsquo;ASM 1996-1997 avec laquelle il avait remport\u00e9 le titre de champion de France : \u00ab\u00a0<em>Il y a un petit manque. Nous, on avait des t\u00eates de mule, des chiffonniers dont a besoin une \u00e9quipe. Les clubs qui gagnent les gros titres ont des grands talents mais aussi des joueurs de caract\u00e8re. (&#8230;) \u00c0 Monaco, il y a beaucoup de jeunes mais je reste persuad\u00e9 que des joueurs vont se r\u00e9v\u00e9ler. Monaco devra parfois jouer sale pour \u00eatre conqu\u00e9rant et ne pas s\u2019en remettre uniquement au beau jeu.<\/em>\u00a0\u00bb<\/p>\n","protected":false},"excerpt":{"rendered":"<p>Champion de France 1997 avec l\u2019AS Monaco, son club formateur, Emmanuel Petit a accord\u00e9 un entretien \u00e0 Nice-Matin. L&rsquo;ancien milieu de terrain a notamment partag\u00e9 son emballement sur le d\u00e9but de saison de l&rsquo;ASM et la croit m\u00eame capable de jouer le titre cette ann\u00e9e en Ligue 1 : \u00ab\u00a0Ce que je vois me pla\u00eet. [&#8230;]\n","protected":false},"author":2,"featured_media":0,"comment_status":"open","ping_status":"open","sticky":false,"template":"","format":"standard","meta":[],"categories":[6],"tags":[255,86,725,94],"yoast_head":"<!-- This site is optimized with the Yoast SEO plugin v19.8 - https:\/\/yoast.com\/wordpress\/plugins\/seo\/ -->\n<title>Petit :\u00a0\u00ab\u00a0Monaco est capable de lutter pour le titre\u00a0\u00bb - La Diagonale<\/title>\n<meta name=\"robots\" content=\"index, follow, max-snippet:-1, max-image-preview:large, max-video-preview:-1\" \/>\n<link rel=\"canonical\" href=\"https:\/\/www.ladiagonale.net\/index.php\/2023\/11\/04\/petit-monaco-est-capable-de-lutter-pour-le-titre\/\" \/>\n<meta property=\"og:locale\" content=\"fr_FR\" \/>\n<meta property=\"og:type\" content=\"article\" \/>\n<meta property=\"og:title\" content=\"Petit :\u00a0\u00ab\u00a0Monaco est capable de lutter pour le titre\u00a0\u00bb - La Diagonale\" \/>\n<meta property=\"og:description\" content=\"Champion de France 1997 avec l\u2019AS Monaco, son club formateur, Emmanuel Petit a accord\u00e9 un entretien \u00e0 Nice-Matin. L&rsquo;ancien milieu de terrain a notamment partag\u00e9 son emballement sur le d\u00e9but de saison de l&rsquo;ASM et la croit m\u00eame capable de jouer le titre cette ann\u00e9e en Ligue 1 : \u00ab\u00a0Ce que je vois me pla\u00eet. [...]\" \/>\n<meta property=\"og:url\" content=\"https:\/\/www.ladiagonale.net\/index.php\/2023\/11\/04\/petit-monaco-est-capable-de-lutter-pour-le-titre\/\" \/>\n<meta property=\"og:site_name\" content=\"La Diagonale\" \/>\n<meta property=\"article:published_time\" content=\"2023-11-04T15:10:52+00:00\" \/>\n<meta property=\"article:modified_time\" content=\"2023-11-04T15:10:54+00:00\" \/>\n<meta property=\"og:image\" content=\"https:\/\/www.ladiagonale.net\/wp-content\/uploads\/2023\/11\/epetit.png\" \/>\n\t<meta property=\"og:image:width\" content=\"1160\" \/>\n\t<meta property=\"og:image:height\" content=\"650\" \/>\n\t<meta property=\"og:image:type\" content=\"image\/png\" \/>\n<meta name=\"author\" content=\"Damien Dellerba\" \/>\n<meta name=\"twitter:card\" content=\"summary_large_image\" \/>\n<meta name=\"twitter:image\" content=\"https:\/\/www.ladiagonale.net\/wp-content\/uploads\/2023\/11\/epetit.png\" \/>\n<meta name=\"twitter:label1\" content=\"\u00c9crit par\" \/>\n\t<meta name=\"twitter:data1\" content=\"Damien Dellerba\" \/>\n\t<meta name=\"twitter:label2\" content=\"Dur\u00e9e de lecture estim\u00e9e\" \/>\n\t<meta name=\"twitter:data2\" content=\"3 minutes\" \/>\n<script type=\"application\/ld+json\" class=\"yoast-schema-graph\">{\"@context\":\"https:\/\/schema.org\",\"@graph\":[{\"@type\":\"WebPage\",\"@id\":\"https:\/\/www.ladiagonale.net\/index.php\/2023\/11\/04\/petit-monaco-est-capable-de-lutter-pour-le-titre\/\",\"url\":\"https:\/\/www.ladiagonale.net\/index.php\/2023\/11\/04\/petit-monaco-est-capable-de-lutter-pour-le-titre\/\",\"name\":\"Petit :\u00a0\u00ab\u00a0Monaco est capable de lutter pour le titre\u00a0\u00bb - La Diagonale\",\"isPartOf\":{\"@id\":\"https:\/\/www.ladiagonale.net\/#website\"},\"datePublished\":\"2023-11-04T15:10:52+00:00\",\"dateModified\":\"2023-11-04T15:10:54+00:00\",\"author\":{\"@id\":\"https:\/\/www.ladiagonale.net\/#\/schema\/person\/79ff1e7b0853ed01b2aa26e64ad300bf\"},\"breadcrumb\":{\"@id\":\"https:\/\/www.ladiagonale.net\/index.php\/2023\/11\/04\/petit-monaco-est-capable-de-lutter-pour-le-titre\/#breadcrumb\"},\"inLanguage\":\"fr-FR\",\"potentialAction\":[{\"@type\":\"ReadAction\",\"target\":[\"https:\/\/www.ladiagonale.net\/index.php\/2023\/11\/04\/petit-monaco-est-capable-de-lutter-pour-le-titre\/\"]}]},{\"@type\":\"BreadcrumbList\",\"@id\":\"https:\/\/www.ladiagonale.net\/index.php\/2023\/11\/04\/petit-monaco-est-capable-de-lutter-pour-le-titre\/#breadcrumb\",\"itemListElement\":[{\"@type\":\"ListItem\",\"position\":1,\"name\":\"Accueil\",\"item\":\"https:\/\/www.ladiagonale.net\/\"},{\"@type\":\"ListItem\",\"position\":2,\"name\":\"Petit :\u00a0\u00ab\u00a0Monaco est capable de lutter pour le titre\u00a0\u00bb\"}]},{\"@type\":\"WebSite\",\"@id\":\"https:\/\/www.ladiagonale.net\/#website\",\"url\":\"https:\/\/www.ladiagonale.net\/\",\"name\":\"La Diagonale\",\"description\":\"Le site des supporters de l&#039;AS Monaco FC\",\"potentialAction\":[{\"@type\":\"SearchAction\",\"target\":{\"@type\":\"EntryPoint\",\"urlTemplate\":\"https:\/\/www.ladiagonale.net\/?s={search_term_string}\"},\"query-input\":\"required name=search_term_string\"}],\"inLanguage\":\"fr-FR\"},{\"@type\":\"Person\",\"@id\":\"https:\/\/www.ladiagonale.net\/#\/schema\/person\/79ff1e7b0853ed01b2aa26e64ad300bf\",\"name\":\"Damien Dellerba\",\"image\":{\"@type\":\"ImageObject\",\"inLanguage\":\"fr-FR\",\"@id\":\"https:\/\/www.ladiagonale.net\/#\/schema\/person\/image\/\",\"url\":\"https:\/\/secure.gravatar.com\/avatar\/c7850e06d3ff63cdbaee88b7fc16e2f0?s=96&d=mm&r=g\",\"contentUrl\":\"https:\/\/secure.gravatar.com\/avatar\/c7850e06d3ff63cdbaee88b7fc16e2f0?s=96&d=mm&r=g\",\"caption\":\"Damien Dellerba\"},\"url\":\"https:\/\/www.ladiagonale.net\/index.php\/author\/damien\/\"}]}<\/script>\n<!-- \/ Yoast SEO plugin. -->","yoast_head_json":{"title":"Petit :\u00a0\u00ab\u00a0Monaco est capable de lutter pour le titre\u00a0\u00bb - La Diagonale","robots":{"index":"index","follow":"follow","max-snippet":"max-snippet:-1","max-image-preview":"max-image-preview:large","max-video-preview":"max-video-preview:-1"},"canonical":"https:\/\/www.ladiagonale.net\/index.php\/2023\/11\/04\/petit-monaco-est-capable-de-lutter-pour-le-titre\/","og_locale":"fr_FR","og_type":"article","og_title":"Petit :\u00a0\u00ab\u00a0Monaco est capable de lutter pour le titre\u00a0\u00bb - La Diagonale","og_description":"Champion de France 1997 avec l\u2019AS Monaco, son club formateur, Emmanuel Petit a accord\u00e9 un entretien \u00e0 Nice-Matin. L&rsquo;ancien milieu de terrain a notamment partag\u00e9 son emballement sur le d\u00e9but de saison de l&rsquo;ASM et la croit m\u00eame capable de jouer le titre cette ann\u00e9e en Ligue 1 : \u00ab\u00a0Ce que je vois me pla\u00eet. [...]","og_url":"https:\/\/www.ladiagonale.net\/index.php\/2023\/11\/04\/petit-monaco-est-capable-de-lutter-pour-le-titre\/","og_site_name":"La Diagonale","article_published_time":"2023-11-04T15:10:52+00:00","article_modified_time":"2023-11-04T15:10:54+00:00","og_image":[{"width":1160,"height":650,"url":"https:\/\/www.ladiagonale.net\/wp-content\/uploads\/2023\/11\/epetit.png","type":"image\/png"}],"author":"Damien Dellerba","twitter_card":"summary_large_image","twitter_image":"https:\/\/www.ladiagonale.net\/wp-content\/uploads\/2023\/11\/epetit.png","twitter_misc":{"\u00c9crit par":"Damien Dellerba","Dur\u00e9e de lecture estim\u00e9e":"3 minutes"},"schema":{"@context":"https:\/\/schema.org","@graph":[{"@type":"WebPage","@id":"https:\/\/www.ladiagonale.net\/index.php\/2023\/11\/04\/petit-monaco-est-capable-de-lutter-pour-le-titre\/","url":"https:\/\/www.ladiagonale.net\/index.php\/2023\/11\/04\/petit-monaco-est-capable-de-lutter-pour-le-titre\/","name":"Petit :\u00a0\u00ab\u00a0Monaco est capable de lutter pour le titre\u00a0\u00bb - La Diagonale","isPartOf":{"@id":"https:\/\/www.ladiagonale.net\/#website"},"datePublished":"2023-11-04T15:10:52+00:00","dateModified":"2023-11-04T15:10:54+00:00","author":{"@id":"https:\/\/www.ladiagonale.net\/#\/schema\/person\/79ff1e7b0853ed01b2aa26e64ad300bf"},"breadcrumb":{"@id":"https:\/\/www.ladiagonale.net\/index.php\/2023\/11\/04\/petit-monaco-est-capable-de-lutter-pour-le-titre\/#breadcrumb"},"inLanguage":"fr-FR","potentialAction":[{"@type":"ReadAction","target":["https:\/\/www.ladiagonale.net\/index.php\/2023\/11\/04\/petit-monaco-est-capable-de-lutter-pour-le-titre\/"]}]},{"@type":"BreadcrumbList","@id":"https:\/\/www.ladiagonale.net\/index.php\/2023\/11\/04\/petit-monaco-est-capable-de-lutter-pour-le-titre\/#breadcrumb","itemListElement":[{"@type":"ListItem","position":1,"name":"Accueil","item":"https:\/\/www.ladiagonale.net\/"},{"@type":"ListItem","position":2,"name":"Petit :\u00a0\u00ab\u00a0Monaco est capable de lutter pour le titre\u00a0\u00bb"}]},{"@type":"WebSite","@id":"https:\/\/www.ladiagonale.net\/#website","url":"https:\/\/www.ladiagonale.net\/","name":"La Diagonale","description":"Le site des supporters de l&#039;AS Monaco FC","potentialAction":[{"@type":"SearchAction","target":{"@type":"EntryPoint","urlTemplate":"https:\/\/www.ladiagonale.net\/?s={search_term_string}"},"query-input":"required name=search_term_string"}],"inLanguage":"fr-FR"},{"@type":"Person","@id":"https:\/\/www.ladiagonale.net\/#\/schema\/person\/79ff1e7b0853ed01b2aa26e64ad300bf","name":"Damien Dellerba","image":{"@type":"ImageObject","inLanguage":"fr-FR","@id":"https:\/\/www.ladiagonale.net\/#\/schema\/person\/image\/","url":"https:\/\/secure.gravatar.com\/avatar\/c7850e06d3ff63cdbaee88b7fc16e2f0?s=96&d=mm&r=g","contentUrl":"https:\/\/secure.gravatar.com\/avatar\/c7850e06d3ff63cdbaee88b7fc16e2f0?s=96&d=mm&r=g","caption":"Damien Dellerba"},"url":"https:\/\/www.ladiagonale.net\/index.php\/author\/damien\/"}]}},"_links":{"self":[{"href":"https:\/\/www.ladiagonale.net\/index.php\/wp-json\/wp\/v2\/posts\/17791"}],"collection":[{"href":"https:\/\/www.ladiagonale.net\/index.php\/wp-json\/wp\/v2\/posts"}],"about":[{"href":"https:\/\/www.ladiagonale.net\/index.php\/wp-json\/wp\/v2\/types\/post"}],"author":[{"embeddable":true,"href":"https:\/\/www.ladiagonale.net\/index.php\/wp-json\/wp\/v2\/users\/2"}],"replies":[{"embeddable":true,"href":"https:\/\/www.ladiagonale.net\/index.php\/wp-json\/wp\/v2\/comments?post=17791"}],"version-history":[{"count":1,"href":"https:\/\/www.ladiagonale.net\/index.php\/wp-json\/wp\/v2\/posts\/17791\/revisions"}],"predecessor-version":[{"id":17793,"href":"https:\/\/www.ladiagonale.net\/index.php\/wp-json\/wp\/v2\/posts\/17791\/revisions\/17793"}],"wp:attachment":[{"href":"https:\/\/www.ladiagonale.net\/index.php\/wp-json\/wp\/v2\/media?parent=17791"}],"wp:term":[{"taxonomy":"category","embeddable":true,"href":"https:\/\/www.ladiagonale.net\/index.php\/wp-json\/wp\/v2\/categories?post=17791"},{"taxonomy":"post_tag","embeddable":true,"href":"https:\/\/www.ladiagonale.net\/index.php\/wp-json\/wp\/v2\/tags?post=17791"}],"curies":[{"name":"wp","href":"https:\/\/api.w.org\/{rel}","templated":true}]}}