{"id":17845,"date":"2023-11-05T21:57:22","date_gmt":"2023-11-05T20:57:22","guid":{"rendered":"https:\/\/www.ladiagonale.net\/?p=17845"},"modified":"2023-11-05T21:57:25","modified_gmt":"2023-11-05T20:57:25","slug":"hutter-notre-pire-match-de-la-saison-a-la-maison","status":"publish","type":"post","link":"https:\/\/www.ladiagonale.net\/index.php\/2023\/11\/05\/hutter-notre-pire-match-de-la-saison-a-la-maison\/","title":{"rendered":"H\u00fctter \u00ab&nbsp;Notre pire match de la saison \u00e0 la maison&nbsp;\u00bb"},"content":{"rendered":"\n<p>Monaco\u00a0s\u2019est impos\u00e9 contre Brest ce dimanche, mais Adi H\u00fctter n\u2019a pas particuli\u00e8rement appr\u00e9ci\u00e9 la performance de son \u00e9quipe\u00a0: \u00ab<em>\u00a0Premi\u00e8rement, je suis content que nous ayons gagn\u00e9 ce match. Tout le monde a vu que Brest a fait un bon d\u00e9but de saison et une bonne performance ce soir. Nous gagnons 2-0 avec un clean sheet. Pour moi c\u2019\u00e9tait probablement notre pire match de la saison \u00e0 domicile, donc je ne pense pas que nous puissions en dire grand-chose. Mais encore une fois je retiens la victoire, et cela reste le plus important.<\/em>\u00a0\u00bb<\/p>\n\n\n\n<p>L\u2019engagement brestois a g\u00ean\u00e9 le jeu de l\u2019ASM\u00a0: \u00ab\u00a0<em>Le style de jeu de Brest\u00a0est bas\u00e9 sur beaucoup de longs ballons, de duels dans le c\u0153ur du jeu. Ce n\u2019\u00e9tait pas \u00e9vident pour les deux \u00e9quipes en premi\u00e8re p\u00e9riode, le jeu a beaucoup \u00e9t\u00e9 arr\u00eat\u00e9 par des fautes, et nous n\u2019avions pas beaucoup de solutions. Nous avons essay\u00e9 de trouver quelques ballons entre les lignes, mais ce n\u2019\u00e9tait pas \u00e9vident. C\u2019\u00e9tait compliqu\u00e9 avec le ballon ce soir.<\/em>\u00a0\u00bb<\/p>\n\n\n\n<p>En seconde p\u00e9riode, H\u00fctter estime que Monaco a manqu\u00e9 de ma\u00eetrise : \u00ab\u00a0<em>Brest a bien jou\u00e9, nous leur avons laiss\u00e9 trop d\u2019espaces \u00e0 mon go\u00fbt. Ce n\u2019\u00e9tait pas notre id\u00e9e directrice en sortant du vestiaire. Nous voulions \u00eatre davantage proactifs, mais c\u2019\u00e9tait compliqu\u00e9, nous avons pris pas mal de mauvaises d\u00e9cisions dans le jeu. Nous ne pouvons pas dire que nous avions le contr\u00f4le \u00e0 100% de la situation, mais dans ce genre de rencontres, la d\u00e9cision peut se faire sur coup de pied arr\u00eat\u00e9, ce qui a \u00e9t\u00e9 le cas sur le premier but. C\u2019\u00e9tait du 50-50, nous aurions aussi pu perdre. On a quand m\u00eame marqu\u00e9 un but fantastique dans la construction sur le deuxi\u00e8me.<\/em>\u00a0\u00bb<\/p>\n\n\n\n<p>Source : AS Monaco<\/p>\n\n\n","protected":false},"excerpt":{"rendered":"<p>Monaco\u00a0s\u2019est impos\u00e9 contre Brest ce dimanche, mais Adi H\u00fctter n\u2019a pas particuli\u00e8rement appr\u00e9ci\u00e9 la performance de son \u00e9quipe\u00a0: \u00ab\u00a0Premi\u00e8rement, je suis content que nous ayons gagn\u00e9 ce match. Tout le monde a vu que Brest a fait un bon d\u00e9but de saison et une bonne performance ce soir. Nous gagnons 2-0 avec un clean sheet. [&#8230;]\n","protected":false},"author":2,"featured_media":0,"comment_status":"open","ping_status":"open","sticky":false,"template":"","format":"standard","meta":[],"categories":[6],"tags":[576,86,94,348],"yoast_head":"<!-- This site is optimized with the Yoast SEO plugin v19.8 - https:\/\/yoast.com\/wordpress\/plugins\/seo\/ -->\n<title>H\u00fctter \u00ab&nbsp;Notre pire match de la saison \u00e0 la maison&nbsp;\u00bb - La Diagonale<\/title>\n<meta name=\"robots\" content=\"index, follow, max-snippet:-1, max-image-preview:large, max-video-preview:-1\" \/>\n<link rel=\"canonical\" href=\"https:\/\/www.ladiagonale.net\/index.php\/2023\/11\/05\/hutter-notre-pire-match-de-la-saison-a-la-maison\/\" \/>\n<meta property=\"og:locale\" content=\"fr_FR\" \/>\n<meta property=\"og:type\" content=\"article\" \/>\n<meta property=\"og:title\" content=\"H\u00fctter \u00ab&nbsp;Notre pire match de la saison \u00e0 la maison&nbsp;\u00bb - La Diagonale\" \/>\n<meta property=\"og:description\" content=\"Monaco\u00a0s\u2019est impos\u00e9 contre Brest ce dimanche, mais Adi H\u00fctter n\u2019a pas particuli\u00e8rement appr\u00e9ci\u00e9 la performance de son \u00e9quipe\u00a0: \u00ab\u00a0Premi\u00e8rement, je suis content que nous ayons gagn\u00e9 ce match. Tout le monde a vu que Brest a fait un bon d\u00e9but de saison et une bonne performance ce soir. Nous gagnons 2-0 avec un clean sheet. [...]\" \/>\n<meta property=\"og:url\" content=\"https:\/\/www.ladiagonale.net\/index.php\/2023\/11\/05\/hutter-notre-pire-match-de-la-saison-a-la-maison\/\" \/>\n<meta property=\"og:site_name\" content=\"La Diagonale\" \/>\n<meta property=\"article:published_time\" content=\"2023-11-05T20:57:22+00:00\" \/>\n<meta property=\"article:modified_time\" content=\"2023-11-05T20:57:25+00:00\" \/>\n<meta property=\"og:image\" content=\"https:\/\/www.ladiagonale.net\/wp-content\/uploads\/2023\/09\/hutter3.png\" \/>\n\t<meta property=\"og:image:width\" content=\"1160\" \/>\n\t<meta property=\"og:image:height\" content=\"650\" \/>\n\t<meta property=\"og:image:type\" content=\"image\/png\" \/>\n<meta name=\"author\" content=\"Damien Dellerba\" \/>\n<meta name=\"twitter:card\" content=\"summary_large_image\" \/>\n<meta name=\"twitter:image\" content=\"https:\/\/www.ladiagonale.net\/wp-content\/uploads\/2023\/09\/hutter3.png\" \/>\n<meta name=\"twitter:label1\" content=\"\u00c9crit par\" \/>\n\t<meta name=\"twitter:data1\" content=\"Damien Dellerba\" \/>\n\t<meta name=\"twitter:label2\" content=\"Dur\u00e9e de lecture estim\u00e9e\" \/>\n\t<meta name=\"twitter:data2\" content=\"2 minutes\" \/>\n<script type=\"application\/ld+json\" class=\"yoast-schema-graph\">{\"@context\":\"https:\/\/schema.org\",\"@graph\":[{\"@type\":\"WebPage\",\"@id\":\"https:\/\/www.ladiagonale.net\/index.php\/2023\/11\/05\/hutter-notre-pire-match-de-la-saison-a-la-maison\/\",\"url\":\"https:\/\/www.ladiagonale.net\/index.php\/2023\/11\/05\/hutter-notre-pire-match-de-la-saison-a-la-maison\/\",\"name\":\"H\u00fctter \u00ab&nbsp;Notre pire match de la saison \u00e0 la maison&nbsp;\u00bb - La Diagonale\",\"isPartOf\":{\"@id\":\"https:\/\/www.ladiagonale.net\/#website\"},\"datePublished\":\"2023-11-05T20:57:22+00:00\",\"dateModified\":\"2023-11-05T20:57:25+00:00\",\"author\":{\"@id\":\"https:\/\/www.ladiagonale.net\/#\/schema\/person\/79ff1e7b0853ed01b2aa26e64ad300bf\"},\"breadcrumb\":{\"@id\":\"https:\/\/www.ladiagonale.net\/index.php\/2023\/11\/05\/hutter-notre-pire-match-de-la-saison-a-la-maison\/#breadcrumb\"},\"inLanguage\":\"fr-FR\",\"potentialAction\":[{\"@type\":\"ReadAction\",\"target\":[\"https:\/\/www.ladiagonale.net\/index.php\/2023\/11\/05\/hutter-notre-pire-match-de-la-saison-a-la-maison\/\"]}]},{\"@type\":\"BreadcrumbList\",\"@id\":\"https:\/\/www.ladiagonale.net\/index.php\/2023\/11\/05\/hutter-notre-pire-match-de-la-saison-a-la-maison\/#breadcrumb\",\"itemListElement\":[{\"@type\":\"ListItem\",\"position\":1,\"name\":\"Accueil\",\"item\":\"https:\/\/www.ladiagonale.net\/\"},{\"@type\":\"ListItem\",\"position\":2,\"name\":\"H\u00fctter \u00ab&nbsp;Notre pire match de la saison \u00e0 la maison&nbsp;\u00bb\"}]},{\"@type\":\"WebSite\",\"@id\":\"https:\/\/www.ladiagonale.net\/#website\",\"url\":\"https:\/\/www.ladiagonale.net\/\",\"name\":\"La Diagonale\",\"description\":\"Le site des supporters de l&#039;AS Monaco FC\",\"potentialAction\":[{\"@type\":\"SearchAction\",\"target\":{\"@type\":\"EntryPoint\",\"urlTemplate\":\"https:\/\/www.ladiagonale.net\/?s={search_term_string}\"},\"query-input\":\"required name=search_term_string\"}],\"inLanguage\":\"fr-FR\"},{\"@type\":\"Person\",\"@id\":\"https:\/\/www.ladiagonale.net\/#\/schema\/person\/79ff1e7b0853ed01b2aa26e64ad300bf\",\"name\":\"Damien Dellerba\",\"image\":{\"@type\":\"ImageObject\",\"inLanguage\":\"fr-FR\",\"@id\":\"https:\/\/www.ladiagonale.net\/#\/schema\/person\/image\/\",\"url\":\"https:\/\/secure.gravatar.com\/avatar\/c7850e06d3ff63cdbaee88b7fc16e2f0?s=96&d=mm&r=g\",\"contentUrl\":\"https:\/\/secure.gravatar.com\/avatar\/c7850e06d3ff63cdbaee88b7fc16e2f0?s=96&d=mm&r=g\",\"caption\":\"Damien Dellerba\"},\"url\":\"https:\/\/www.ladiagonale.net\/index.php\/author\/damien\/\"}]}<\/script>\n<!-- \/ Yoast SEO plugin. -->","yoast_head_json":{"title":"H\u00fctter \u00ab&nbsp;Notre pire match de la saison \u00e0 la maison&nbsp;\u00bb - La Diagonale","robots":{"index":"index","follow":"follow","max-snippet":"max-snippet:-1","max-image-preview":"max-image-preview:large","max-video-preview":"max-video-preview:-1"},"canonical":"https:\/\/www.ladiagonale.net\/index.php\/2023\/11\/05\/hutter-notre-pire-match-de-la-saison-a-la-maison\/","og_locale":"fr_FR","og_type":"article","og_title":"H\u00fctter \u00ab&nbsp;Notre pire match de la saison \u00e0 la maison&nbsp;\u00bb - La Diagonale","og_description":"Monaco\u00a0s\u2019est impos\u00e9 contre Brest ce dimanche, mais Adi H\u00fctter n\u2019a pas particuli\u00e8rement appr\u00e9ci\u00e9 la performance de son \u00e9quipe\u00a0: \u00ab\u00a0Premi\u00e8rement, je suis content que nous ayons gagn\u00e9 ce match. Tout le monde a vu que Brest a fait un bon d\u00e9but de saison et une bonne performance ce soir. Nous gagnons 2-0 avec un clean sheet. [...]","og_url":"https:\/\/www.ladiagonale.net\/index.php\/2023\/11\/05\/hutter-notre-pire-match-de-la-saison-a-la-maison\/","og_site_name":"La Diagonale","article_published_time":"2023-11-05T20:57:22+00:00","article_modified_time":"2023-11-05T20:57:25+00:00","og_image":[{"width":1160,"height":650,"url":"https:\/\/www.ladiagonale.net\/wp-content\/uploads\/2023\/09\/hutter3.png","type":"image\/png"}],"author":"Damien Dellerba","twitter_card":"summary_large_image","twitter_image":"https:\/\/www.ladiagonale.net\/wp-content\/uploads\/2023\/09\/hutter3.png","twitter_misc":{"\u00c9crit par":"Damien Dellerba","Dur\u00e9e de lecture estim\u00e9e":"2 minutes"},"schema":{"@context":"https:\/\/schema.org","@graph":[{"@type":"WebPage","@id":"https:\/\/www.ladiagonale.net\/index.php\/2023\/11\/05\/hutter-notre-pire-match-de-la-saison-a-la-maison\/","url":"https:\/\/www.ladiagonale.net\/index.php\/2023\/11\/05\/hutter-notre-pire-match-de-la-saison-a-la-maison\/","name":"H\u00fctter \u00ab&nbsp;Notre pire match de la saison \u00e0 la maison&nbsp;\u00bb - La Diagonale","isPartOf":{"@id":"https:\/\/www.ladiagonale.net\/#website"},"datePublished":"2023-11-05T20:57:22+00:00","dateModified":"2023-11-05T20:57:25+00:00","author":{"@id":"https:\/\/www.ladiagonale.net\/#\/schema\/person\/79ff1e7b0853ed01b2aa26e64ad300bf"},"breadcrumb":{"@id":"https:\/\/www.ladiagonale.net\/index.php\/2023\/11\/05\/hutter-notre-pire-match-de-la-saison-a-la-maison\/#breadcrumb"},"inLanguage":"fr-FR","potentialAction":[{"@type":"ReadAction","target":["https:\/\/www.ladiagonale.net\/index.php\/2023\/11\/05\/hutter-notre-pire-match-de-la-saison-a-la-maison\/"]}]},{"@type":"BreadcrumbList","@id":"https:\/\/www.ladiagonale.net\/index.php\/2023\/11\/05\/hutter-notre-pire-match-de-la-saison-a-la-maison\/#breadcrumb","itemListElement":[{"@type":"ListItem","position":1,"name":"Accueil","item":"https:\/\/www.ladiagonale.net\/"},{"@type":"ListItem","position":2,"name":"H\u00fctter \u00ab&nbsp;Notre pire match de la saison \u00e0 la maison&nbsp;\u00bb"}]},{"@type":"WebSite","@id":"https:\/\/www.ladiagonale.net\/#website","url":"https:\/\/www.ladiagonale.net\/","name":"La Diagonale","description":"Le site des supporters de l&#039;AS Monaco FC","potentialAction":[{"@type":"SearchAction","target":{"@type":"EntryPoint","urlTemplate":"https:\/\/www.ladiagonale.net\/?s={search_term_string}"},"query-input":"required name=search_term_string"}],"inLanguage":"fr-FR"},{"@type":"Person","@id":"https:\/\/www.ladiagonale.net\/#\/schema\/person\/79ff1e7b0853ed01b2aa26e64ad300bf","name":"Damien Dellerba","image":{"@type":"ImageObject","inLanguage":"fr-FR","@id":"https:\/\/www.ladiagonale.net\/#\/schema\/person\/image\/","url":"https:\/\/secure.gravatar.com\/avatar\/c7850e06d3ff63cdbaee88b7fc16e2f0?s=96&d=mm&r=g","contentUrl":"https:\/\/secure.gravatar.com\/avatar\/c7850e06d3ff63cdbaee88b7fc16e2f0?s=96&d=mm&r=g","caption":"Damien Dellerba"},"url":"https:\/\/www.ladiagonale.net\/index.php\/author\/damien\/"}]}},"_links":{"self":[{"href":"https:\/\/www.ladiagonale.net\/index.php\/wp-json\/wp\/v2\/posts\/17845"}],"collection":[{"href":"https:\/\/www.ladiagonale.net\/index.php\/wp-json\/wp\/v2\/posts"}],"about":[{"href":"https:\/\/www.ladiagonale.net\/index.php\/wp-json\/wp\/v2\/types\/post"}],"author":[{"embeddable":true,"href":"https:\/\/www.ladiagonale.net\/index.php\/wp-json\/wp\/v2\/users\/2"}],"replies":[{"embeddable":true,"href":"https:\/\/www.ladiagonale.net\/index.php\/wp-json\/wp\/v2\/comments?post=17845"}],"version-history":[{"count":1,"href":"https:\/\/www.ladiagonale.net\/index.php\/wp-json\/wp\/v2\/posts\/17845\/revisions"}],"predecessor-version":[{"id":17846,"href":"https:\/\/www.ladiagonale.net\/index.php\/wp-json\/wp\/v2\/posts\/17845\/revisions\/17846"}],"wp:attachment":[{"href":"https:\/\/www.ladiagonale.net\/index.php\/wp-json\/wp\/v2\/media?parent=17845"}],"wp:term":[{"taxonomy":"category","embeddable":true,"href":"https:\/\/www.ladiagonale.net\/index.php\/wp-json\/wp\/v2\/categories?post=17845"},{"taxonomy":"post_tag","embeddable":true,"href":"https:\/\/www.ladiagonale.net\/index.php\/wp-json\/wp\/v2\/tags?post=17845"}],"curies":[{"name":"wp","href":"https:\/\/api.w.org\/{rel}","templated":true}]}}