{"id":17847,"date":"2023-11-05T22:28:36","date_gmt":"2023-11-05T21:28:36","guid":{"rendered":"https:\/\/www.ladiagonale.net\/?p=17847"},"modified":"2023-11-06T02:27:52","modified_gmt":"2023-11-06T01:27:52","slug":"les-brestois-ulceres-par-larbitrage-on-a-joue-a-12-contre-11","status":"publish","type":"post","link":"https:\/\/www.ladiagonale.net\/index.php\/2023\/11\/05\/les-brestois-ulceres-par-larbitrage-on-a-joue-a-12-contre-11\/","title":{"rendered":"Les Brestois ulc\u00e9r\u00e9s par l\u2019arbitrage\u00a0: \u00ab\u00a0On a jou\u00e9 \u00e0 12 contre 11\u00a0\u00bb"},"content":{"rendered":"\n<p>L\u2019AS Monaco s\u2019est impos\u00e9e ce dimanche apr\u00e8s-midi contre Brest (2-0) et ce succ\u00e8s a visiblement beaucoup de mal \u00e0 passer dans les rangs bretons. \u00c0 l\u2019issue de la rencontre, le milieu brestois Pierre Lees-Melou s\u2019est montr\u00e9 virulent au micro de <em>Canal+<\/em>, estimant que l\u2019arbitrage \u00e9tait acquis \u00e0 la cause mon\u00e9gasque\u00a0: \u00ab\u00a0<em>\u00c0 12 contre 11, ce n\u2019est jamais facile de jouer. Je suis fatigu\u00e9. \u00c7a fait trois matches qu\u2019on se fait avoir sur des d\u00e9cisions litigieuses. On doit d\u00e9ranger car on est en haut, mais \u00e7a fait beaucoup depuis quelques rencontres. <\/em>\u00bb<\/p>\n\n\n\n<p>Deux d\u00e9cisions en particulier cristallisent les critiques&nbsp;: un but refus\u00e9 pour J\u00e9r\u00e9my Le Douaron apr\u00e8s une faute sur Balogun de\u2026 Lees-Melou, et un possible p\u00e9nalty sur ce m\u00eame Le Douaron apr\u00e8s une poussette dans le dos de Kr\u00e9pin Diatta. L\u2019attaquant brestois a cri\u00e9 \u00e0 l\u2019injustice en zone mixte&nbsp;: \u00ab&nbsp;<em>Je ne comprends pas\u2026 Je ne comprends pas comment il ne peut pas siffler cette faute. Tout le monde me le dit, tout le monde l\u2019a vu sur les images. M\u00eame des joueurs de Monaco me l\u2019ont dit. C\u2019est un peu un scandale\u2026<\/em> \u00bb<\/p>\n\n\n\n<p>De la col\u00e8re, l\u2019entra\u00eeneur de Brest \u00c9ric Roy en avait aussi en conf\u00e9rence de presse d\u2019apr\u00e8s-match&nbsp;: \u00ab&nbsp;<em>Les \u00e9motions qui pr\u00e9dominent sont la frustration, l&rsquo;incompr\u00e9hension et la col\u00e8re. On ne comprend pas pourquoi on fait appel \u00e0 la VAR quand la d\u00e9cision nous est favorable et pas sur le p\u00e9nalty par exemple. On se rend compte que dans le football fran\u00e7ais, on d\u00e9cide beaucoup de matchs incertains comme celui de ce soir, pas forc\u00e9ment sur des d\u00e9cisions arbitrales, mais sur des d\u00e9cisions de la VAR (&#8230;) On nous refuse le premier but, qui est un magnifique but, sur une faute qui est tellement infime. (\u2026) C&rsquo;est peut-\u00eatre de l&rsquo;incomp\u00e9tence, je n&rsquo;en sais rien.<\/em>&nbsp;\u00bb<\/p>\n\n\n\n<p>Sources&nbsp;: <em>Canal+<\/em>, <em>Le T\u00e9l\u00e9gramme<\/em> et <em>Getfootballnewsfrance.com<\/em><\/p>\n\n\n","protected":false},"excerpt":{"rendered":"<p>L\u2019AS Monaco s\u2019est impos\u00e9e ce dimanche apr\u00e8s-midi contre Brest (2-0) et ce succ\u00e8s a visiblement beaucoup de mal \u00e0 passer dans les rangs bretons. \u00c0 l\u2019issue de la rencontre, le milieu brestois Pierre Lees-Melou s\u2019est montr\u00e9 virulent au micro de Canal+, estimant que l\u2019arbitrage \u00e9tait acquis \u00e0 la cause mon\u00e9gasque\u00a0: \u00ab\u00a0\u00c0 12 contre 11, ce [&#8230;]\n","protected":false},"author":2,"featured_media":0,"comment_status":"open","ping_status":"open","sticky":false,"template":"","format":"standard","meta":[],"categories":[6],"tags":[86,94,348],"yoast_head":"<!-- This site is optimized with the Yoast SEO plugin v19.8 - https:\/\/yoast.com\/wordpress\/plugins\/seo\/ -->\n<title>Les Brestois ulc\u00e9r\u00e9s par l\u2019arbitrage\u00a0: \u00ab\u00a0On a jou\u00e9 \u00e0 12 contre 11\u00a0\u00bb - La Diagonale<\/title>\n<meta name=\"robots\" content=\"index, follow, max-snippet:-1, max-image-preview:large, max-video-preview:-1\" \/>\n<link rel=\"canonical\" href=\"https:\/\/www.ladiagonale.net\/index.php\/2023\/11\/05\/les-brestois-ulceres-par-larbitrage-on-a-joue-a-12-contre-11\/\" \/>\n<meta property=\"og:locale\" content=\"fr_FR\" \/>\n<meta property=\"og:type\" content=\"article\" \/>\n<meta property=\"og:title\" content=\"Les Brestois ulc\u00e9r\u00e9s par l\u2019arbitrage\u00a0: \u00ab\u00a0On a jou\u00e9 \u00e0 12 contre 11\u00a0\u00bb - La Diagonale\" \/>\n<meta property=\"og:description\" content=\"L\u2019AS Monaco s\u2019est impos\u00e9e ce dimanche apr\u00e8s-midi contre Brest (2-0) et ce succ\u00e8s a visiblement beaucoup de mal \u00e0 passer dans les rangs bretons. \u00c0 l\u2019issue de la rencontre, le milieu brestois Pierre Lees-Melou s\u2019est montr\u00e9 virulent au micro de Canal+, estimant que l\u2019arbitrage \u00e9tait acquis \u00e0 la cause mon\u00e9gasque\u00a0: \u00ab\u00a0\u00c0 12 contre 11, ce [...]\" \/>\n<meta property=\"og:url\" content=\"https:\/\/www.ladiagonale.net\/index.php\/2023\/11\/05\/les-brestois-ulceres-par-larbitrage-on-a-joue-a-12-contre-11\/\" \/>\n<meta property=\"og:site_name\" content=\"La Diagonale\" \/>\n<meta property=\"article:published_time\" content=\"2023-11-05T21:28:36+00:00\" \/>\n<meta property=\"article:modified_time\" content=\"2023-11-06T01:27:52+00:00\" \/>\n<meta property=\"og:image\" content=\"https:\/\/www.ladiagonale.net\/wp-content\/uploads\/2023\/02\/leesmelou.png\" \/>\n\t<meta property=\"og:image:width\" content=\"1160\" \/>\n\t<meta property=\"og:image:height\" content=\"650\" \/>\n\t<meta property=\"og:image:type\" content=\"image\/png\" \/>\n<meta name=\"author\" content=\"Damien Dellerba\" \/>\n<meta name=\"twitter:card\" content=\"summary_large_image\" \/>\n<meta name=\"twitter:image\" content=\"https:\/\/www.ladiagonale.net\/wp-content\/uploads\/2023\/02\/leesmelou.png\" \/>\n<meta name=\"twitter:label1\" content=\"\u00c9crit par\" \/>\n\t<meta name=\"twitter:data1\" content=\"Damien Dellerba\" \/>\n\t<meta name=\"twitter:label2\" content=\"Dur\u00e9e de lecture estim\u00e9e\" \/>\n\t<meta name=\"twitter:data2\" content=\"2 minutes\" \/>\n<script type=\"application\/ld+json\" class=\"yoast-schema-graph\">{\"@context\":\"https:\/\/schema.org\",\"@graph\":[{\"@type\":\"WebPage\",\"@id\":\"https:\/\/www.ladiagonale.net\/index.php\/2023\/11\/05\/les-brestois-ulceres-par-larbitrage-on-a-joue-a-12-contre-11\/\",\"url\":\"https:\/\/www.ladiagonale.net\/index.php\/2023\/11\/05\/les-brestois-ulceres-par-larbitrage-on-a-joue-a-12-contre-11\/\",\"name\":\"Les Brestois ulc\u00e9r\u00e9s par l\u2019arbitrage\u00a0: \u00ab\u00a0On a jou\u00e9 \u00e0 12 contre 11\u00a0\u00bb - La Diagonale\",\"isPartOf\":{\"@id\":\"https:\/\/www.ladiagonale.net\/#website\"},\"datePublished\":\"2023-11-05T21:28:36+00:00\",\"dateModified\":\"2023-11-06T01:27:52+00:00\",\"author\":{\"@id\":\"https:\/\/www.ladiagonale.net\/#\/schema\/person\/79ff1e7b0853ed01b2aa26e64ad300bf\"},\"breadcrumb\":{\"@id\":\"https:\/\/www.ladiagonale.net\/index.php\/2023\/11\/05\/les-brestois-ulceres-par-larbitrage-on-a-joue-a-12-contre-11\/#breadcrumb\"},\"inLanguage\":\"fr-FR\",\"potentialAction\":[{\"@type\":\"ReadAction\",\"target\":[\"https:\/\/www.ladiagonale.net\/index.php\/2023\/11\/05\/les-brestois-ulceres-par-larbitrage-on-a-joue-a-12-contre-11\/\"]}]},{\"@type\":\"BreadcrumbList\",\"@id\":\"https:\/\/www.ladiagonale.net\/index.php\/2023\/11\/05\/les-brestois-ulceres-par-larbitrage-on-a-joue-a-12-contre-11\/#breadcrumb\",\"itemListElement\":[{\"@type\":\"ListItem\",\"position\":1,\"name\":\"Accueil\",\"item\":\"https:\/\/www.ladiagonale.net\/\"},{\"@type\":\"ListItem\",\"position\":2,\"name\":\"Les Brestois ulc\u00e9r\u00e9s par l\u2019arbitrage\u00a0: \u00ab\u00a0On a jou\u00e9 \u00e0 12 contre 11\u00a0\u00bb\"}]},{\"@type\":\"WebSite\",\"@id\":\"https:\/\/www.ladiagonale.net\/#website\",\"url\":\"https:\/\/www.ladiagonale.net\/\",\"name\":\"La Diagonale\",\"description\":\"Le site des supporters de l&#039;AS Monaco FC\",\"potentialAction\":[{\"@type\":\"SearchAction\",\"target\":{\"@type\":\"EntryPoint\",\"urlTemplate\":\"https:\/\/www.ladiagonale.net\/?s={search_term_string}\"},\"query-input\":\"required name=search_term_string\"}],\"inLanguage\":\"fr-FR\"},{\"@type\":\"Person\",\"@id\":\"https:\/\/www.ladiagonale.net\/#\/schema\/person\/79ff1e7b0853ed01b2aa26e64ad300bf\",\"name\":\"Damien Dellerba\",\"image\":{\"@type\":\"ImageObject\",\"inLanguage\":\"fr-FR\",\"@id\":\"https:\/\/www.ladiagonale.net\/#\/schema\/person\/image\/\",\"url\":\"https:\/\/secure.gravatar.com\/avatar\/c7850e06d3ff63cdbaee88b7fc16e2f0?s=96&d=mm&r=g\",\"contentUrl\":\"https:\/\/secure.gravatar.com\/avatar\/c7850e06d3ff63cdbaee88b7fc16e2f0?s=96&d=mm&r=g\",\"caption\":\"Damien Dellerba\"},\"url\":\"https:\/\/www.ladiagonale.net\/index.php\/author\/damien\/\"}]}<\/script>\n<!-- \/ Yoast SEO plugin. -->","yoast_head_json":{"title":"Les Brestois ulc\u00e9r\u00e9s par l\u2019arbitrage\u00a0: \u00ab\u00a0On a jou\u00e9 \u00e0 12 contre 11\u00a0\u00bb - La Diagonale","robots":{"index":"index","follow":"follow","max-snippet":"max-snippet:-1","max-image-preview":"max-image-preview:large","max-video-preview":"max-video-preview:-1"},"canonical":"https:\/\/www.ladiagonale.net\/index.php\/2023\/11\/05\/les-brestois-ulceres-par-larbitrage-on-a-joue-a-12-contre-11\/","og_locale":"fr_FR","og_type":"article","og_title":"Les Brestois ulc\u00e9r\u00e9s par l\u2019arbitrage\u00a0: \u00ab\u00a0On a jou\u00e9 \u00e0 12 contre 11\u00a0\u00bb - La Diagonale","og_description":"L\u2019AS Monaco s\u2019est impos\u00e9e ce dimanche apr\u00e8s-midi contre Brest (2-0) et ce succ\u00e8s a visiblement beaucoup de mal \u00e0 passer dans les rangs bretons. \u00c0 l\u2019issue de la rencontre, le milieu brestois Pierre Lees-Melou s\u2019est montr\u00e9 virulent au micro de Canal+, estimant que l\u2019arbitrage \u00e9tait acquis \u00e0 la cause mon\u00e9gasque\u00a0: \u00ab\u00a0\u00c0 12 contre 11, ce [...]","og_url":"https:\/\/www.ladiagonale.net\/index.php\/2023\/11\/05\/les-brestois-ulceres-par-larbitrage-on-a-joue-a-12-contre-11\/","og_site_name":"La Diagonale","article_published_time":"2023-11-05T21:28:36+00:00","article_modified_time":"2023-11-06T01:27:52+00:00","og_image":[{"width":1160,"height":650,"url":"https:\/\/www.ladiagonale.net\/wp-content\/uploads\/2023\/02\/leesmelou.png","type":"image\/png"}],"author":"Damien Dellerba","twitter_card":"summary_large_image","twitter_image":"https:\/\/www.ladiagonale.net\/wp-content\/uploads\/2023\/02\/leesmelou.png","twitter_misc":{"\u00c9crit par":"Damien Dellerba","Dur\u00e9e de lecture estim\u00e9e":"2 minutes"},"schema":{"@context":"https:\/\/schema.org","@graph":[{"@type":"WebPage","@id":"https:\/\/www.ladiagonale.net\/index.php\/2023\/11\/05\/les-brestois-ulceres-par-larbitrage-on-a-joue-a-12-contre-11\/","url":"https:\/\/www.ladiagonale.net\/index.php\/2023\/11\/05\/les-brestois-ulceres-par-larbitrage-on-a-joue-a-12-contre-11\/","name":"Les Brestois ulc\u00e9r\u00e9s par l\u2019arbitrage\u00a0: \u00ab\u00a0On a jou\u00e9 \u00e0 12 contre 11\u00a0\u00bb - La Diagonale","isPartOf":{"@id":"https:\/\/www.ladiagonale.net\/#website"},"datePublished":"2023-11-05T21:28:36+00:00","dateModified":"2023-11-06T01:27:52+00:00","author":{"@id":"https:\/\/www.ladiagonale.net\/#\/schema\/person\/79ff1e7b0853ed01b2aa26e64ad300bf"},"breadcrumb":{"@id":"https:\/\/www.ladiagonale.net\/index.php\/2023\/11\/05\/les-brestois-ulceres-par-larbitrage-on-a-joue-a-12-contre-11\/#breadcrumb"},"inLanguage":"fr-FR","potentialAction":[{"@type":"ReadAction","target":["https:\/\/www.ladiagonale.net\/index.php\/2023\/11\/05\/les-brestois-ulceres-par-larbitrage-on-a-joue-a-12-contre-11\/"]}]},{"@type":"BreadcrumbList","@id":"https:\/\/www.ladiagonale.net\/index.php\/2023\/11\/05\/les-brestois-ulceres-par-larbitrage-on-a-joue-a-12-contre-11\/#breadcrumb","itemListElement":[{"@type":"ListItem","position":1,"name":"Accueil","item":"https:\/\/www.ladiagonale.net\/"},{"@type":"ListItem","position":2,"name":"Les Brestois ulc\u00e9r\u00e9s par l\u2019arbitrage\u00a0: \u00ab\u00a0On a jou\u00e9 \u00e0 12 contre 11\u00a0\u00bb"}]},{"@type":"WebSite","@id":"https:\/\/www.ladiagonale.net\/#website","url":"https:\/\/www.ladiagonale.net\/","name":"La Diagonale","description":"Le site des supporters de l&#039;AS Monaco FC","potentialAction":[{"@type":"SearchAction","target":{"@type":"EntryPoint","urlTemplate":"https:\/\/www.ladiagonale.net\/?s={search_term_string}"},"query-input":"required name=search_term_string"}],"inLanguage":"fr-FR"},{"@type":"Person","@id":"https:\/\/www.ladiagonale.net\/#\/schema\/person\/79ff1e7b0853ed01b2aa26e64ad300bf","name":"Damien Dellerba","image":{"@type":"ImageObject","inLanguage":"fr-FR","@id":"https:\/\/www.ladiagonale.net\/#\/schema\/person\/image\/","url":"https:\/\/secure.gravatar.com\/avatar\/c7850e06d3ff63cdbaee88b7fc16e2f0?s=96&d=mm&r=g","contentUrl":"https:\/\/secure.gravatar.com\/avatar\/c7850e06d3ff63cdbaee88b7fc16e2f0?s=96&d=mm&r=g","caption":"Damien Dellerba"},"url":"https:\/\/www.ladiagonale.net\/index.php\/author\/damien\/"}]}},"_links":{"self":[{"href":"https:\/\/www.ladiagonale.net\/index.php\/wp-json\/wp\/v2\/posts\/17847"}],"collection":[{"href":"https:\/\/www.ladiagonale.net\/index.php\/wp-json\/wp\/v2\/posts"}],"about":[{"href":"https:\/\/www.ladiagonale.net\/index.php\/wp-json\/wp\/v2\/types\/post"}],"author":[{"embeddable":true,"href":"https:\/\/www.ladiagonale.net\/index.php\/wp-json\/wp\/v2\/users\/2"}],"replies":[{"embeddable":true,"href":"https:\/\/www.ladiagonale.net\/index.php\/wp-json\/wp\/v2\/comments?post=17847"}],"version-history":[{"count":2,"href":"https:\/\/www.ladiagonale.net\/index.php\/wp-json\/wp\/v2\/posts\/17847\/revisions"}],"predecessor-version":[{"id":17856,"href":"https:\/\/www.ladiagonale.net\/index.php\/wp-json\/wp\/v2\/posts\/17847\/revisions\/17856"}],"wp:attachment":[{"href":"https:\/\/www.ladiagonale.net\/index.php\/wp-json\/wp\/v2\/media?parent=17847"}],"wp:term":[{"taxonomy":"category","embeddable":true,"href":"https:\/\/www.ladiagonale.net\/index.php\/wp-json\/wp\/v2\/categories?post=17847"},{"taxonomy":"post_tag","embeddable":true,"href":"https:\/\/www.ladiagonale.net\/index.php\/wp-json\/wp\/v2\/tags?post=17847"}],"curies":[{"name":"wp","href":"https:\/\/api.w.org\/{rel}","templated":true}]}}