{"id":17851,"date":"2023-11-05T22:57:14","date_gmt":"2023-11-05T21:57:14","guid":{"rendered":"https:\/\/www.ladiagonale.net\/?p=17851"},"modified":"2023-11-05T22:57:18","modified_gmt":"2023-11-05T21:57:18","slug":"fofana-repond-aux-brestois-sur-larbitrage-nous-aussi-on-a-ete-un-peu-leses","status":"publish","type":"post","link":"https:\/\/www.ladiagonale.net\/index.php\/2023\/11\/05\/fofana-repond-aux-brestois-sur-larbitrage-nous-aussi-on-a-ete-un-peu-leses\/","title":{"rendered":"Fofana r\u00e9pond aux Brestois sur l&rsquo;arbitrage\u00a0: \u00ab\u00a0Nous aussi, on a \u00e9t\u00e9 un peu l\u00e9s\u00e9s \u00bb"},"content":{"rendered":"\n<p>Alors que <a href=\"https:\/\/www.ladiagonale.net\/index.php\/2023\/11\/05\/les-brestois-ulceres-par-larbitrage-on-a-joue-a-12-contre-11\/\">Brest a vitup\u00e9r\u00e9 contre l\u2019arbitrage<\/a> de la rencontre face \u00e0 Monaco, Youssouf Fofana a estim\u00e9, en r\u00e9ponse aux Brestois, que Monaco avait \u00e9galement des motifs de se plaindre de l\u2019arbitrage d\u2019\u00c9ric Wattellier ce dimanche\u00a0: \u00ab\u00a0<em>Au niveau de l\u2019arbitrage, on a \u00e9t\u00e9 un peu l\u00e9s\u00e9s, comme ils disent, nous aussi de notre c\u00f4t\u00e9, car il y a certaines fautes dans le jeu qui n\u2019ont pas \u00e9t\u00e9 siffl\u00e9es et qui auraient pu \u00eatre \u00e0 notre avantage. Notamment sur des joueurs qui avaient d\u00e9j\u00e0 un carton jaune et qui m\u00e9ritaient un 2<sup>e <\/sup>et pas attendre la 93<sup>e<\/sup> minute. Ce sont des faits de jeu, si \u00e0 chaque match on parle de l\u2019arbitrage, on n\u2019avancera jamais. C\u2019est facile pour moi de dire \u00e7a, mais sur le match, les deux \u00e9quipes se sont plaintes de l\u2019arbitrage.<\/em>\u00a0\u00bb<\/p>\n\n\n\n<p>Sur le match, l\u2019international fran\u00e7ais a abond\u00e9 dans le sens de son entra\u00eeneur Adi H\u00fctter, qui a lui estim\u00e9 qu\u2019il s\u2019agissait <a href=\"https:\/\/www.ladiagonale.net\/index.php\/2023\/11\/05\/hutter-notre-pire-match-de-la-saison-a-la-maison\/\">du pire match de l\u2019\u00e9quipe \u00e0 domicile<\/a>\u00a0: \u00a0\u00ab\u00a0<em>Il a fallu aller chercher cette victoire. Je vais pr\u00e9senter toutes mes excuses aux abonn\u00e9es de Canal+ pour la purge. Je parle pour nous et non pour l\u2019\u00e9quipe adverse. Techniquement, on \u00e9tait un peu en dessous de ce qu\u2019on sait faire et de ce qu\u2019on peut faire. On a aussi eu quelques difficult\u00e9s d\u00e9fensivement. J\u2019ai l\u2019impression qu\u2019on \u00e9tait un peu paniqu\u00e9s, mais on a rectifi\u00e9 le tir en seconde p\u00e9riode. On \u00e9tait beaucoup plus solides, mais le d\u00e9but \u00e9tait un peu poussif. <\/em>\u00bb<\/p>\n\n\n\n<p>Pour Fofana, si le r\u00e9sultat est satisfaisant, on ne peut pas en dire autant de la mani\u00e8re, et c\u2019est quelque chose que les Mon\u00e9gasques doivent am\u00e9liorer\u00a0: \u00ab\u00a0<em>Il faut savoir gagner ces matches, mais pour les places auxquelles on aspire, il faut aussi pouvoir gagner avec la mani\u00e8re. Il faut montrer, m\u00eame si on n\u2019a pas forc\u00e9ment le ballon, qu\u2019on est solides et qu\u2019ils peuvent jouer pendant 48 heures sans marquer de buts. On a \u00e9t\u00e9 un peu f\u00e9briles d\u00e9fensivement, mais on a bien rectifi\u00e9 le tir, en milieu de premi\u00e8re p\u00e9riode d\u00e9j\u00e0. Il faut rester sur cette ligne directrice.<\/em>\u00a0\u00bb<\/p>\n\n\n","protected":false},"excerpt":{"rendered":"<p>Alors que Brest a vitup\u00e9r\u00e9 contre l\u2019arbitrage de la rencontre face \u00e0 Monaco, Youssouf Fofana a estim\u00e9, en r\u00e9ponse aux Brestois, que Monaco avait \u00e9galement des motifs de se plaindre de l\u2019arbitrage d\u2019\u00c9ric Wattellier ce dimanche\u00a0: \u00ab\u00a0Au niveau de l\u2019arbitrage, on a \u00e9t\u00e9 un peu l\u00e9s\u00e9s, comme ils disent, nous aussi de notre c\u00f4t\u00e9, car [&#8230;]\n","protected":false},"author":2,"featured_media":0,"comment_status":"open","ping_status":"open","sticky":false,"template":"","format":"standard","meta":[],"categories":[6],"tags":[86,94,348,176],"yoast_head":"<!-- This site is optimized with the Yoast SEO plugin v19.8 - https:\/\/yoast.com\/wordpress\/plugins\/seo\/ -->\n<title>Fofana r\u00e9pond aux Brestois sur l&#039;arbitrage\u00a0: \u00ab\u00a0Nous aussi, on a \u00e9t\u00e9 un peu l\u00e9s\u00e9s \u00bb - La Diagonale<\/title>\n<meta name=\"robots\" content=\"index, follow, max-snippet:-1, max-image-preview:large, max-video-preview:-1\" \/>\n<link rel=\"canonical\" href=\"https:\/\/www.ladiagonale.net\/index.php\/2023\/11\/05\/fofana-repond-aux-brestois-sur-larbitrage-nous-aussi-on-a-ete-un-peu-leses\/\" \/>\n<meta property=\"og:locale\" content=\"fr_FR\" \/>\n<meta property=\"og:type\" content=\"article\" \/>\n<meta property=\"og:title\" content=\"Fofana r\u00e9pond aux Brestois sur l&#039;arbitrage\u00a0: \u00ab\u00a0Nous aussi, on a \u00e9t\u00e9 un peu l\u00e9s\u00e9s \u00bb - La Diagonale\" \/>\n<meta property=\"og:description\" content=\"Alors que Brest a vitup\u00e9r\u00e9 contre l\u2019arbitrage de la rencontre face \u00e0 Monaco, Youssouf Fofana a estim\u00e9, en r\u00e9ponse aux Brestois, que Monaco avait \u00e9galement des motifs de se plaindre de l\u2019arbitrage d\u2019\u00c9ric Wattellier ce dimanche\u00a0: \u00ab\u00a0Au niveau de l\u2019arbitrage, on a \u00e9t\u00e9 un peu l\u00e9s\u00e9s, comme ils disent, nous aussi de notre c\u00f4t\u00e9, car [...]\" \/>\n<meta property=\"og:url\" content=\"https:\/\/www.ladiagonale.net\/index.php\/2023\/11\/05\/fofana-repond-aux-brestois-sur-larbitrage-nous-aussi-on-a-ete-un-peu-leses\/\" \/>\n<meta property=\"og:site_name\" content=\"La Diagonale\" \/>\n<meta property=\"article:published_time\" content=\"2023-11-05T21:57:14+00:00\" \/>\n<meta property=\"article:modified_time\" content=\"2023-11-05T21:57:18+00:00\" \/>\n<meta property=\"og:image\" content=\"https:\/\/www.ladiagonale.net\/wp-content\/uploads\/2023\/08\/fofana2.png\" \/>\n\t<meta property=\"og:image:width\" content=\"1160\" \/>\n\t<meta property=\"og:image:height\" content=\"650\" \/>\n\t<meta property=\"og:image:type\" content=\"image\/png\" \/>\n<meta name=\"author\" content=\"Damien Dellerba\" \/>\n<meta name=\"twitter:card\" content=\"summary_large_image\" \/>\n<meta name=\"twitter:image\" content=\"https:\/\/www.ladiagonale.net\/wp-content\/uploads\/2023\/08\/fofana2.png\" \/>\n<meta name=\"twitter:label1\" content=\"\u00c9crit par\" \/>\n\t<meta name=\"twitter:data1\" content=\"Damien Dellerba\" \/>\n\t<meta name=\"twitter:label2\" content=\"Dur\u00e9e de lecture estim\u00e9e\" \/>\n\t<meta name=\"twitter:data2\" content=\"2 minutes\" \/>\n<script type=\"application\/ld+json\" class=\"yoast-schema-graph\">{\"@context\":\"https:\/\/schema.org\",\"@graph\":[{\"@type\":\"WebPage\",\"@id\":\"https:\/\/www.ladiagonale.net\/index.php\/2023\/11\/05\/fofana-repond-aux-brestois-sur-larbitrage-nous-aussi-on-a-ete-un-peu-leses\/\",\"url\":\"https:\/\/www.ladiagonale.net\/index.php\/2023\/11\/05\/fofana-repond-aux-brestois-sur-larbitrage-nous-aussi-on-a-ete-un-peu-leses\/\",\"name\":\"Fofana r\u00e9pond aux Brestois sur l'arbitrage\u00a0: \u00ab\u00a0Nous aussi, on a \u00e9t\u00e9 un peu l\u00e9s\u00e9s \u00bb - La Diagonale\",\"isPartOf\":{\"@id\":\"https:\/\/www.ladiagonale.net\/#website\"},\"datePublished\":\"2023-11-05T21:57:14+00:00\",\"dateModified\":\"2023-11-05T21:57:18+00:00\",\"author\":{\"@id\":\"https:\/\/www.ladiagonale.net\/#\/schema\/person\/79ff1e7b0853ed01b2aa26e64ad300bf\"},\"breadcrumb\":{\"@id\":\"https:\/\/www.ladiagonale.net\/index.php\/2023\/11\/05\/fofana-repond-aux-brestois-sur-larbitrage-nous-aussi-on-a-ete-un-peu-leses\/#breadcrumb\"},\"inLanguage\":\"fr-FR\",\"potentialAction\":[{\"@type\":\"ReadAction\",\"target\":[\"https:\/\/www.ladiagonale.net\/index.php\/2023\/11\/05\/fofana-repond-aux-brestois-sur-larbitrage-nous-aussi-on-a-ete-un-peu-leses\/\"]}]},{\"@type\":\"BreadcrumbList\",\"@id\":\"https:\/\/www.ladiagonale.net\/index.php\/2023\/11\/05\/fofana-repond-aux-brestois-sur-larbitrage-nous-aussi-on-a-ete-un-peu-leses\/#breadcrumb\",\"itemListElement\":[{\"@type\":\"ListItem\",\"position\":1,\"name\":\"Accueil\",\"item\":\"https:\/\/www.ladiagonale.net\/\"},{\"@type\":\"ListItem\",\"position\":2,\"name\":\"Fofana r\u00e9pond aux Brestois sur l&rsquo;arbitrage\u00a0: \u00ab\u00a0Nous aussi, on a \u00e9t\u00e9 un peu l\u00e9s\u00e9s \u00bb\"}]},{\"@type\":\"WebSite\",\"@id\":\"https:\/\/www.ladiagonale.net\/#website\",\"url\":\"https:\/\/www.ladiagonale.net\/\",\"name\":\"La Diagonale\",\"description\":\"Le site des supporters de l&#039;AS Monaco FC\",\"potentialAction\":[{\"@type\":\"SearchAction\",\"target\":{\"@type\":\"EntryPoint\",\"urlTemplate\":\"https:\/\/www.ladiagonale.net\/?s={search_term_string}\"},\"query-input\":\"required name=search_term_string\"}],\"inLanguage\":\"fr-FR\"},{\"@type\":\"Person\",\"@id\":\"https:\/\/www.ladiagonale.net\/#\/schema\/person\/79ff1e7b0853ed01b2aa26e64ad300bf\",\"name\":\"Damien Dellerba\",\"image\":{\"@type\":\"ImageObject\",\"inLanguage\":\"fr-FR\",\"@id\":\"https:\/\/www.ladiagonale.net\/#\/schema\/person\/image\/\",\"url\":\"https:\/\/secure.gravatar.com\/avatar\/c7850e06d3ff63cdbaee88b7fc16e2f0?s=96&d=mm&r=g\",\"contentUrl\":\"https:\/\/secure.gravatar.com\/avatar\/c7850e06d3ff63cdbaee88b7fc16e2f0?s=96&d=mm&r=g\",\"caption\":\"Damien Dellerba\"},\"url\":\"https:\/\/www.ladiagonale.net\/index.php\/author\/damien\/\"}]}<\/script>\n<!-- \/ Yoast SEO plugin. -->","yoast_head_json":{"title":"Fofana r\u00e9pond aux Brestois sur l'arbitrage\u00a0: \u00ab\u00a0Nous aussi, on a \u00e9t\u00e9 un peu l\u00e9s\u00e9s \u00bb - La Diagonale","robots":{"index":"index","follow":"follow","max-snippet":"max-snippet:-1","max-image-preview":"max-image-preview:large","max-video-preview":"max-video-preview:-1"},"canonical":"https:\/\/www.ladiagonale.net\/index.php\/2023\/11\/05\/fofana-repond-aux-brestois-sur-larbitrage-nous-aussi-on-a-ete-un-peu-leses\/","og_locale":"fr_FR","og_type":"article","og_title":"Fofana r\u00e9pond aux Brestois sur l'arbitrage\u00a0: \u00ab\u00a0Nous aussi, on a \u00e9t\u00e9 un peu l\u00e9s\u00e9s \u00bb - La Diagonale","og_description":"Alors que Brest a vitup\u00e9r\u00e9 contre l\u2019arbitrage de la rencontre face \u00e0 Monaco, Youssouf Fofana a estim\u00e9, en r\u00e9ponse aux Brestois, que Monaco avait \u00e9galement des motifs de se plaindre de l\u2019arbitrage d\u2019\u00c9ric Wattellier ce dimanche\u00a0: \u00ab\u00a0Au niveau de l\u2019arbitrage, on a \u00e9t\u00e9 un peu l\u00e9s\u00e9s, comme ils disent, nous aussi de notre c\u00f4t\u00e9, car [...]","og_url":"https:\/\/www.ladiagonale.net\/index.php\/2023\/11\/05\/fofana-repond-aux-brestois-sur-larbitrage-nous-aussi-on-a-ete-un-peu-leses\/","og_site_name":"La Diagonale","article_published_time":"2023-11-05T21:57:14+00:00","article_modified_time":"2023-11-05T21:57:18+00:00","og_image":[{"width":1160,"height":650,"url":"https:\/\/www.ladiagonale.net\/wp-content\/uploads\/2023\/08\/fofana2.png","type":"image\/png"}],"author":"Damien Dellerba","twitter_card":"summary_large_image","twitter_image":"https:\/\/www.ladiagonale.net\/wp-content\/uploads\/2023\/08\/fofana2.png","twitter_misc":{"\u00c9crit par":"Damien Dellerba","Dur\u00e9e de lecture estim\u00e9e":"2 minutes"},"schema":{"@context":"https:\/\/schema.org","@graph":[{"@type":"WebPage","@id":"https:\/\/www.ladiagonale.net\/index.php\/2023\/11\/05\/fofana-repond-aux-brestois-sur-larbitrage-nous-aussi-on-a-ete-un-peu-leses\/","url":"https:\/\/www.ladiagonale.net\/index.php\/2023\/11\/05\/fofana-repond-aux-brestois-sur-larbitrage-nous-aussi-on-a-ete-un-peu-leses\/","name":"Fofana r\u00e9pond aux Brestois sur l'arbitrage\u00a0: \u00ab\u00a0Nous aussi, on a \u00e9t\u00e9 un peu l\u00e9s\u00e9s \u00bb - La Diagonale","isPartOf":{"@id":"https:\/\/www.ladiagonale.net\/#website"},"datePublished":"2023-11-05T21:57:14+00:00","dateModified":"2023-11-05T21:57:18+00:00","author":{"@id":"https:\/\/www.ladiagonale.net\/#\/schema\/person\/79ff1e7b0853ed01b2aa26e64ad300bf"},"breadcrumb":{"@id":"https:\/\/www.ladiagonale.net\/index.php\/2023\/11\/05\/fofana-repond-aux-brestois-sur-larbitrage-nous-aussi-on-a-ete-un-peu-leses\/#breadcrumb"},"inLanguage":"fr-FR","potentialAction":[{"@type":"ReadAction","target":["https:\/\/www.ladiagonale.net\/index.php\/2023\/11\/05\/fofana-repond-aux-brestois-sur-larbitrage-nous-aussi-on-a-ete-un-peu-leses\/"]}]},{"@type":"BreadcrumbList","@id":"https:\/\/www.ladiagonale.net\/index.php\/2023\/11\/05\/fofana-repond-aux-brestois-sur-larbitrage-nous-aussi-on-a-ete-un-peu-leses\/#breadcrumb","itemListElement":[{"@type":"ListItem","position":1,"name":"Accueil","item":"https:\/\/www.ladiagonale.net\/"},{"@type":"ListItem","position":2,"name":"Fofana r\u00e9pond aux Brestois sur l&rsquo;arbitrage\u00a0: \u00ab\u00a0Nous aussi, on a \u00e9t\u00e9 un peu l\u00e9s\u00e9s \u00bb"}]},{"@type":"WebSite","@id":"https:\/\/www.ladiagonale.net\/#website","url":"https:\/\/www.ladiagonale.net\/","name":"La Diagonale","description":"Le site des supporters de l&#039;AS Monaco FC","potentialAction":[{"@type":"SearchAction","target":{"@type":"EntryPoint","urlTemplate":"https:\/\/www.ladiagonale.net\/?s={search_term_string}"},"query-input":"required name=search_term_string"}],"inLanguage":"fr-FR"},{"@type":"Person","@id":"https:\/\/www.ladiagonale.net\/#\/schema\/person\/79ff1e7b0853ed01b2aa26e64ad300bf","name":"Damien Dellerba","image":{"@type":"ImageObject","inLanguage":"fr-FR","@id":"https:\/\/www.ladiagonale.net\/#\/schema\/person\/image\/","url":"https:\/\/secure.gravatar.com\/avatar\/c7850e06d3ff63cdbaee88b7fc16e2f0?s=96&d=mm&r=g","contentUrl":"https:\/\/secure.gravatar.com\/avatar\/c7850e06d3ff63cdbaee88b7fc16e2f0?s=96&d=mm&r=g","caption":"Damien Dellerba"},"url":"https:\/\/www.ladiagonale.net\/index.php\/author\/damien\/"}]}},"_links":{"self":[{"href":"https:\/\/www.ladiagonale.net\/index.php\/wp-json\/wp\/v2\/posts\/17851"}],"collection":[{"href":"https:\/\/www.ladiagonale.net\/index.php\/wp-json\/wp\/v2\/posts"}],"about":[{"href":"https:\/\/www.ladiagonale.net\/index.php\/wp-json\/wp\/v2\/types\/post"}],"author":[{"embeddable":true,"href":"https:\/\/www.ladiagonale.net\/index.php\/wp-json\/wp\/v2\/users\/2"}],"replies":[{"embeddable":true,"href":"https:\/\/www.ladiagonale.net\/index.php\/wp-json\/wp\/v2\/comments?post=17851"}],"version-history":[{"count":1,"href":"https:\/\/www.ladiagonale.net\/index.php\/wp-json\/wp\/v2\/posts\/17851\/revisions"}],"predecessor-version":[{"id":17852,"href":"https:\/\/www.ladiagonale.net\/index.php\/wp-json\/wp\/v2\/posts\/17851\/revisions\/17852"}],"wp:attachment":[{"href":"https:\/\/www.ladiagonale.net\/index.php\/wp-json\/wp\/v2\/media?parent=17851"}],"wp:term":[{"taxonomy":"category","embeddable":true,"href":"https:\/\/www.ladiagonale.net\/index.php\/wp-json\/wp\/v2\/categories?post=17851"},{"taxonomy":"post_tag","embeddable":true,"href":"https:\/\/www.ladiagonale.net\/index.php\/wp-json\/wp\/v2\/tags?post=17851"}],"curies":[{"name":"wp","href":"https:\/\/api.w.org\/{rel}","templated":true}]}}