{"id":17937,"date":"2023-11-19T23:31:39","date_gmt":"2023-11-19T22:31:39","guid":{"rendered":"https:\/\/www.ladiagonale.net\/?p=17937"},"modified":"2023-11-20T01:43:38","modified_gmt":"2023-11-20T00:43:38","slug":"ouattara-tete-bien-faite","status":"publish","type":"post","link":"https:\/\/www.ladiagonale.net\/index.php\/2023\/11\/19\/ouattara-tete-bien-faite\/","title":{"rendered":"Ouattara, t\u00eate bien faite"},"content":{"rendered":"\n<p><strong>Priv\u00e9 de Caio Henrique pour quasiment toute la saison et avec le tr\u00e8s probable d\u00e9part \u00e0 la CAN d\u2019Ismail Jakobs en janvier, Monaco s\u2019est activ\u00e9 bien avant le mercato hivernal pour signer Kassoum Ouattara, jeune lat\u00e9ral gauche de 19 ans, en provenance d\u2019Amiens et international fran\u00e7ais U20.<\/strong><\/p>\n\n\n\n<p>L&rsquo;arriv\u00e9e de Ouattara en Principaut\u00e9 a pu surprendre, mais cela faisait quelque temps que les recruteurs mon\u00e9gasques avaient le d\u00e9fenseur d&rsquo;origine ivoirienne dans le viseur. Propuls\u00e9 titulaire dans la d\u00e9fense ami\u00e9noise cette saison, il a jou\u00e9 10 rencontres en Ligue 2 (22 au total depuis la saison derni\u00e8re) et Monaco a align\u00e9 deux millions d\u2019euros (plus deux autres millions en bonus) pour s\u2019attacher les services d\u2019un joueur qui a pour l&rsquo;instant tout d&rsquo;un pari.<\/p>\n\n\n\n<p>C\u00f4t\u00e9 ami\u00e9nois, elle est aussi inattendue de par son timing, alors que le club entra\u00een\u00e9 par Omar Daf ne dispose pas d\u2019\u00e9norm\u00e9ment d\u2019options \u00e0 ce poste. Pour le journaliste du <em>Courrier Picard<\/em> <strong>Rachid Touazi<\/strong>, le projet ami\u00e9nois, fond\u00e9 sur une strat\u00e9gie de <em>trading<\/em> de joueurs, ne laissait que peu de doutes sur l&rsquo;avenir \u00e0 court terme de Ouattara au stade de la Licorne : \u00ab\u00a0<em>L\u2019ann\u00e9e derni\u00e8re, il y avait des clubs anglais sur lui. Je pense qu\u2019Amiens voulait le vendre.<\/em>\u00a0\u00bb<\/p>\n\n\n\n<h3>Quand Amiens obtient sa signature<\/h3>\n\n\n\n<p>Ouattara a d\u00e9barqu\u00e9 \u00e0 Amiens en 2020, apr\u00e8s des d\u00e9buts \u00e0 Ivry, puis un passage \u00e0 Montrouge, en r\u00e9gion parisienne, o\u00f9 il va passer entre les mains de <strong>Thomas Berlette<\/strong>. C\u2019est l\u00e0 qu\u2019il va se faire remarquer par des clubs professionnels : \u00ab&nbsp;<em>J\u2019ai r\u00e9cup\u00e9r\u00e9 les U15 R2 qui venaient de descendre de R1<\/em>, explique celui qui est d\u00e9sormais entra\u00eeneur adjoint de l\u2019\u00e9quipe r\u00e9serve de Reims en National 3. <em>Le deal pour qu\u2019il reste, c\u2019\u00e9tait qu\u2019il s\u2019entra\u00eene aussi avec les U17 nationaux car \u00e7a compensait la descente d\u2019une division. Il y a un recruteur d\u2019Amiens qui le rep\u00e8re, le suit et vient le voir \u00e0 l\u2019entra\u00eenement et ils le font monter \u00e0 Amiens pour le signer rapidement, car plusieurs clubs commen\u00e7aient \u00e0 se positionner.<\/em>&nbsp;\u00bb<\/p>\n\n\n\n<blockquote class=\"instagram-media\" data-instgrm-captioned=\"\" data-instgrm-permalink=\"https:\/\/www.instagram.com\/p\/Chhr0dloo7N\/?utm_source=ig_embed&amp;utm_campaign=loading\" data-instgrm-version=\"14\" style=\" background:#FFF; border:0; border-radius:3px; box-shadow:0 0 1px 0 rgba(0,0,0,0.5),0 1px 10px 0 rgba(0,0,0,0.15); margin: 1px; max-width:540px; min-width:326px; padding:0; width:99.375%; width:-webkit-calc(100% - 2px); width:calc(100% - 2px);\"><div style=\"padding:16px;\"> <a href=\"https:\/\/www.instagram.com\/p\/Chhr0dloo7N\/?utm_source=ig_embed&amp;utm_campaign=loading\" style=\" background:#FFFFFF; line-height:0; padding:0 0; text-align:center; text-decoration:none; width:100%;\" target=\"_blank\" rel=\"noopener\"> <div style=\" display: flex; flex-direction: row; align-items: center;\"> <div style=\"background-color: #F4F4F4; border-radius: 50%; flex-grow: 0; height: 40px; margin-right: 14px; width: 40px;\"><\/div> <div style=\"display: flex; flex-direction: column; flex-grow: 1; justify-content: center;\"> <div style=\" background-color: #F4F4F4; border-radius: 4px; flex-grow: 0; height: 14px; margin-bottom: 6px; width: 100px;\"><\/div> <div style=\" background-color: #F4F4F4; border-radius: 4px; flex-grow: 0; height: 14px; width: 60px;\"><\/div><\/div><\/div><div style=\"padding: 19% 0;\"><\/div> <div style=\"display:block; height:50px; margin:0 auto 12px; width:50px;\"><svg width=\"50px\" height=\"50px\" viewBox=\"0 0 60 60\" version=\"1.1\" xmlns=\"https:\/\/www.w3.org\/2000\/svg\" xmlns:xlink=\"https:\/\/www.w3.org\/1999\/xlink\"><g stroke=\"none\" stroke-width=\"1\" fill=\"none\" fill-rule=\"evenodd\"><g transform=\"translate(-511.000000, -20.000000)\" fill=\"#000000\"><g><path d=\"M556.869,30.41 C554.814,30.41 553.148,32.076 553.148,34.131 C553.148,36.186 554.814,37.852 556.869,37.852 C558.924,37.852 560.59,36.186 560.59,34.131 C560.59,32.076 558.924,30.41 556.869,30.41 M541,60.657 C535.114,60.657 530.342,55.887 530.342,50 C530.342,44.114 535.114,39.342 541,39.342 C546.887,39.342 551.658,44.114 551.658,50 C551.658,55.887 546.887,60.657 541,60.657 M541,33.886 C532.1,33.886 524.886,41.1 524.886,50 C524.886,58.899 532.1,66.113 541,66.113 C549.9,66.113 557.115,58.899 557.115,50 C557.115,41.1 549.9,33.886 541,33.886 M565.378,62.101 C565.244,65.022 564.756,66.606 564.346,67.663 C563.803,69.06 563.154,70.057 562.106,71.106 C561.058,72.155 560.06,72.803 558.662,73.347 C557.607,73.757 556.021,74.244 553.102,74.378 C549.944,74.521 548.997,74.552 541,74.552 C533.003,74.552 532.056,74.521 528.898,74.378 C525.979,74.244 524.393,73.757 523.338,73.347 C521.94,72.803 520.942,72.155 519.894,71.106 C518.846,70.057 518.197,69.06 517.654,67.663 C517.244,66.606 516.755,65.022 516.623,62.101 C516.479,58.943 516.448,57.996 516.448,50 C516.448,42.003 516.479,41.056 516.623,37.899 C516.755,34.978 517.244,33.391 517.654,32.338 C518.197,30.938 518.846,29.942 519.894,28.894 C520.942,27.846 521.94,27.196 523.338,26.654 C524.393,26.244 525.979,25.756 528.898,25.623 C532.057,25.479 533.004,25.448 541,25.448 C548.997,25.448 549.943,25.479 553.102,25.623 C556.021,25.756 557.607,26.244 558.662,26.654 C560.06,27.196 561.058,27.846 562.106,28.894 C563.154,29.942 563.803,30.938 564.346,32.338 C564.756,33.391 565.244,34.978 565.378,37.899 C565.522,41.056 565.552,42.003 565.552,50 C565.552,57.996 565.522,58.943 565.378,62.101 M570.82,37.631 C570.674,34.438 570.167,32.258 569.425,30.349 C568.659,28.377 567.633,26.702 565.965,25.035 C564.297,23.368 562.623,22.342 560.652,21.575 C558.743,20.834 556.562,20.326 553.369,20.18 C550.169,20.033 549.148,20 541,20 C532.853,20 531.831,20.033 528.631,20.18 C525.438,20.326 523.257,20.834 521.349,21.575 C519.376,22.342 517.703,23.368 516.035,25.035 C514.368,26.702 513.342,28.377 512.574,30.349 C511.834,32.258 511.326,34.438 511.181,37.631 C511.035,40.831 511,41.851 511,50 C511,58.147 511.035,59.17 511.181,62.369 C511.326,65.562 511.834,67.743 512.574,69.651 C513.342,71.625 514.368,73.296 516.035,74.965 C517.703,76.634 519.376,77.658 521.349,78.425 C523.257,79.167 525.438,79.673 528.631,79.82 C531.831,79.965 532.853,80.001 541,80.001 C549.148,80.001 550.169,79.965 553.369,79.82 C556.562,79.673 558.743,79.167 560.652,78.425 C562.623,77.658 564.297,76.634 565.965,74.965 C567.633,73.296 568.659,71.625 569.425,69.651 C570.167,67.743 570.674,65.562 570.82,62.369 C570.966,59.17 571,58.147 571,50 C571,41.851 570.966,40.831 570.82,37.631\"><\/path><\/g><\/g><\/g><\/svg><\/div><div style=\"padding-top: 8px;\"> <div style=\" color:#3897f0; font-family:Arial,sans-serif; font-size:14px; font-style:normal; font-weight:550; line-height:18px;\">Voir cette publication sur Instagram<\/div><\/div><div style=\"padding: 12.5% 0;\"><\/div> <div style=\"display: flex; flex-direction: row; margin-bottom: 14px; align-items: center;\"><div> <div style=\"background-color: #F4F4F4; border-radius: 50%; height: 12.5px; width: 12.5px; transform: translateX(0px) translateY(7px);\"><\/div> <div style=\"background-color: #F4F4F4; height: 12.5px; transform: rotate(-45deg) translateX(3px) translateY(1px); width: 12.5px; flex-grow: 0; margin-right: 14px; margin-left: 2px;\"><\/div> <div style=\"background-color: #F4F4F4; border-radius: 50%; height: 12.5px; width: 12.5px; transform: translateX(9px) translateY(-18px);\"><\/div><\/div><div style=\"margin-left: 8px;\"> <div style=\" background-color: #F4F4F4; border-radius: 50%; flex-grow: 0; height: 20px; width: 20px;\"><\/div> <div style=\" width: 0; height: 0; border-top: 2px solid transparent; border-left: 6px solid #f4f4f4; border-bottom: 2px solid transparent; transform: translateX(16px) translateY(-4px) rotate(30deg)\"><\/div><\/div><div style=\"margin-left: auto;\"> <div style=\" width: 0px; border-top: 8px solid #F4F4F4; border-right: 8px solid transparent; transform: translateY(16px);\"><\/div> <div style=\" background-color: #F4F4F4; flex-grow: 0; height: 12px; width: 16px; transform: translateY(-4px);\"><\/div> <div style=\" width: 0; height: 0; border-top: 8px solid #F4F4F4; border-left: 8px solid transparent; transform: translateY(-4px) translateX(8px);\"><\/div><\/div><\/div> <div style=\"display: flex; flex-direction: column; flex-grow: 1; justify-content: center; margin-bottom: 24px;\"> <div style=\" background-color: #F4F4F4; border-radius: 4px; flex-grow: 0; height: 14px; margin-bottom: 6px; width: 224px;\"><\/div> <div style=\" background-color: #F4F4F4; border-radius: 4px; flex-grow: 0; height: 14px; width: 144px;\"><\/div><\/div><\/a><p style=\" color:#c9c8cd; font-family:Arial,sans-serif; font-size:14px; line-height:17px; margin-bottom:0; margin-top:8px; overflow:hidden; padding:8px 0 7px; text-align:center; text-overflow:ellipsis; white-space:nowrap;\"><a href=\"https:\/\/www.instagram.com\/p\/Chhr0dloo7N\/?utm_source=ig_embed&amp;utm_campaign=loading\" style=\" color:#c9c8cd; font-family:Arial,sans-serif; font-size:14px; font-style:normal; font-weight:normal; line-height:17px; text-decoration:none;\" target=\"_blank\" rel=\"noopener\">Une publication partag\u00e9e par Kassoum Ouattara. (@ka_ssoum22)<\/a><\/p><\/div><\/blockquote> <script async=\"\" src=\"\/\/www.instagram.com\/embed.js\"><\/script>\n\n\n\n<p>Sur le jeune joueur, des clubs fran\u00e7ais et \u00e9trangers, et tout particuli\u00e8rement des clubs italiens, qui \u00ab&nbsp;<em>l\u2019aimaient beaucoup, mais ce n\u2019\u00e9tait qu\u2019au stade des renseignements<\/em>, pr\u00e9cise Thomas Berlette. <em>Mais \u00e7a commen\u00e7ait \u00e0 s\u2019agiter, donc Amiens a compris que pour l\u2019avoir, il fallait prendre tout le monde de court, ce qu\u2019ils ont fait.<\/em>&nbsp;\u00bb Recruteur et journaliste, <strong>Mohamed Bezzouaoui<\/strong> avait lui aussi pu apercevoir son potentiel lorsqu&rsquo;il portait la tunique de Montrouge : \u00ab&nbsp;<em>Ce n\u2019\u00e9tait pas un joueur avec des qualit\u00e9s vraiment fortes, mais il courrait \u00e9norm\u00e9ment et \u00e9tait tr\u00e8s rigoureux et disciplin\u00e9. Il \u00e9tait rapide, tr\u00e8s mature, tr\u00e8s concentr\u00e9 et c\u2019est ce qui a fait que les clubs ont commenc\u00e9 \u00e0 s\u2019int\u00e9resser \u00e0 lui car il jouait juste et apportait ce qu\u2019il fallait sur le terrain.<\/em>&nbsp;\u00bb<\/p>\n\n\n\n<h3>Un physique impressionnant au service d&rsquo;une intelligence tactique<\/h3>\n\n\n\n<p>Ce qui frappe avec Kassoum Ouattara, c&rsquo;est d&rsquo;abord sa grande taille, m\u00eame si \u00e7a n&rsquo;a pas toujours \u00e9t\u00e9 le cas. Longiligne, le d\u00e9fenseur de l&rsquo;AS Monaco a grandi d&rsquo;un coup, entre 15 et 16 ans, nous rapporte son ancien entra\u00eeneur : \u00ab <em>De base, Kassoum est un joueur petit par la taille, mais il est devenu tr\u00e8s grand et il a gard\u00e9 les qualit\u00e9s des plus petits gabarits. <\/em>\u00bb Dans son parcours, le d\u00e9ficit athl\u00e9tique aurait pu lui porter pr\u00e9judice, mais Thomas Berlette indique que cela lui a plut\u00f4t permis de puiser d&rsquo;autres ressources ailleurs : \u00ab <em>Il n\u2019\u00e9tait pas le plus rapide quand il \u00e9tait petit donc c\u2019\u00e9tait un peu plus compliqu\u00e9, mais il compensait son d\u00e9ficit athl\u00e9tique par son intelligence situationnelle. <\/em>\u00bb<\/p>\n\n\n\n<p>Interrog\u00e9 par <em>L&rsquo;\u00c9quipe<\/em>, le s\u00e9lectionneur de l&rsquo;\u00e9quipe de France U18 Jean-Luc Vanucchi avait expliqu\u00e9 avoir \u00e9t\u00e9 interpell\u00e9 par les donn\u00e9es athl\u00e9tiques de Kassoum Ouattara. Une information que Thomas Berlette est en mesure de confirmer : \u00ab&nbsp;<em>C\u2019est une machine ! Il \u00e9tait tout le temps dans les premiers sur les tests VMA et diff\u00e9rents autres tests. C\u2019est li\u00e9 aussi \u00e0 ses capacit\u00e9s mentales. C\u2019est un gros travailleur, il ne l\u00e2che rien, il va toujours au bout de lui-m\u00eame dans les s\u00e9ances.<\/em>&nbsp;\u00bb<\/p>\n\n\n\n<p>Ce physique est toutefois au service d&rsquo;une t\u00eate bien pleine pour Ouattara. Thomas Berlette se souvient d&rsquo;un joueur qui comprennait rapidement les consignes et qui \u00e9tait capable de les mettre rapidement en pratique : \u00ab&nbsp;<em>C\u2019est un joueur qui n\u2019a pas besoin qu\u2019on lui r\u00e9p\u00e8te dix fois les choses. Donc on peut vite passer \u00e0 autre chose avec lui et travailler d\u2019autres d\u00e9placements plus complexes.<\/em>&nbsp;\u00bb<\/p>\n\n\n\n<blockquote class=\"twitter-tweet\"><p lang=\"fr\" dir=\"ltr\">Kassoum Ouattara &#8211; Analyse du joker de la licorne<br><br>En bref : n\u00e9 en 2004 \u00e0 Paris, lat\u00e9ral ou plutot piston gauche, en provenance d&rsquo;Amiens (ligue 2), l&rsquo;analyse restreinte li\u00e9e \u00e0 son manque de temps de jeu sera peu illustr\u00e9e cette fois-ci, mes excuses.<br><br>Profil : Piston fus\u00e9e <a href=\"https:\/\/t.co\/AlBkxT1cTi\">pic.twitter.com\/AlBkxT1cTi<\/a><\/p>\u2014 Captain Armorica (@CaptainArmoriK) <a href=\"https:\/\/twitter.com\/CaptainArmoriK\/status\/1720118533131055599?ref_src=twsrc%5Etfw\">November 2, 2023<\/a><\/blockquote> <script async=\"\" src=\"https:\/\/platform.twitter.com\/widgets.js\" charset=\"utf-8\"><\/script>\n\n\n\n<p>Autre trait de caract\u00e8re de Kassoum Ouattara, sa bonne attitude, unanimement reconnue : \u00ab\u00a0<em>C\u2019est un gar\u00e7on tr\u00e8s bien \u00e9lev\u00e9. Tr\u00e8s respectueux, tr\u00e8s travailleur, pas un mot plus haut que l\u2019autre, toujours \u00e0 l\u2019heure, toujours pr\u00e9sent et l\u2019envie de progresser<\/em>\u00a0\u00bb, avance Thomas Berlette. Et cela n\u2019a pas chang\u00e9 avec les ann\u00e9es, puisque Rachid Touazi, qui l&rsquo;a suivi pendant un peu plus d\u2019un an \u00e0 Amiens, confirme \u00e0 son tour : \u00ab\u00a0<em>C\u2019est un bon gamin, tr\u00e8s gentil, humble et attachant<\/em>\u00a0\u00bb.<\/p>\n\n\n\n<h3>Des qualit\u00e9s techniques ind\u00e9niables<\/h3>\n\n\n\n<p>Si les dimensions athl\u00e9tiques et mentales ont d\u2019avantage \u00e9t\u00e9 mises en avant depuis son arriv\u00e9e, Thomas Berlette estime que ses capacit\u00e9s techniques sont trop souvent pass\u00e9es sous silence : \u00ab&nbsp;<em>Pour moi, sa plus grande qualit\u00e9 c\u2019est celle technique. Sa qualit\u00e9 athl\u00e9tique lui sert, bien s\u00fbr, mais c\u2019est quelqu\u2019un qui est assez fin techniquement, qui a un bon pied gauche, qui est capable d\u2019envoyer de vraies passes longues et des centres. Apr\u00e8s, \u00eatre capable de r\u00e9p\u00e9ter les courses, forc\u00e9ment \u00e7a aide quand on est lat\u00e9ral ou piston.<\/em>&nbsp;\u00bb<\/p>\n\n\n\n<p>Il en veut pour preuve que l&rsquo;ann\u00e9e avant de l&rsquo;avoir au sein de son groupe, l&rsquo;entra\u00eeneur pr\u00e9c\u00e9dent l&rsquo;avait fait jouer au milieu de terrain en raison de son retard athl\u00e9tique : \u00ab <em>\u00c7a a toujours \u00e9t\u00e9 un bon joueur de ballon, d\u2019ailleurs l\u2019ann\u00e9e avant les U15, le coach qui l\u2019avait en U14 l\u2019avait replac\u00e9 au milieu de terrain. Sur le c\u00f4t\u00e9, il trouvait que face \u00e0 des joueurs en avance physiquement ce n\u2019\u00e9tait pas facile, tandis que techniquement, il pouvait s\u2019en sortir <em>au milieu<\/em><\/em> <em>et la diff\u00e9rence athl\u00e9tique se voyait moins.<\/em>&nbsp;\u00bb Rachid Touazi, qui a eu l&rsquo;occasion de l&rsquo;observer sur chacune de ses sorties ami\u00e9noises, est en mesure de confirmer les facilit\u00e9s balle au pied de Ouattara : \u00ab&nbsp;<em>Techniquement il est tr\u00e8s bon. Il a une bonne patte gauche et on sent qu&rsquo;il aime bien le ballon, qu&rsquo;il est joueur.<\/em>&nbsp;\u00bb<\/p>\n\n\n\n<h3>Des lacunes d\u00e9fensives mais l\u2019envie de progresser pour s&rsquo;imposer<\/h3>\n\n\n\n<p>Si Rachid Touazi lui reconna\u00eet une belle \u00ab <em>patte gauche<\/em> \u00bb, il a conc\u00e9d\u00e9 encore quelques errements d\u00e9fensifs et estim\u00e9 que c&rsquo;est encore un domaine dans lequel il doit s&rsquo;am\u00e9liorer : \u00ab&nbsp;<em>Il a fait beaucoup d\u2019erreurs. Sur le d\u00e9but de saison, il y a plusieurs buts pour lui, sur des erreurs de relances, de placement, pour revenir d\u00e9fendre. C\u2019est un jeune joueur mais il a encore des lacunes. (\u2026) Certaines \u00e9quipes, comme Angers (d\u00e9faite 1-4), l\u2019avaient cibl\u00e9 et jouaient beaucoup sur son c\u00f4t\u00e9. (\u2026) Il est tellement dou\u00e9 qu\u2019il a du mal \u00e0 se r\u00e9fr\u00e9ner offensivement, mais il faut qu\u2019il apprenne \u00e0 d\u00e9fendre.<\/em> \u00bb<\/p>\n\n\n\n<p>Mais le journaliste du <em>Courrier Picard<\/em> ne s&rsquo;inqui\u00e8te pas pour son \u00e9volution, car il sait que le joueur a d\u00e9j\u00e0 conscience de ses points \u00e0 am\u00e9liorer : \u00ab <em>Il conna\u00eet ses axes de progression. Il a envie de progresser et r\u00e9ussir.<\/em> \u00bb Il a tout de m\u00eame pu constater l&rsquo;\u00e9volution positive du joueur pendant le court laps de temps o\u00f9 il a jou\u00e9 avec les pros au stade de la Licorne, gr\u00e2ce notamment \u00e0 ses s\u00e9lections r\u00e9centes en \u00e9quipe de France de jeunes : \u00ab&nbsp;<em>La premi\u00e8re s\u00e9lection avec la France l\u2019a boost\u00e9<\/em>&nbsp;\u00bb.<\/p>\n\n\n\n<p>Pour l\u2019heure, Kassoum Ouattara va d\u2019abord devoir s\u2019adapter \u00e0 son nouvel environnement, ses nouveaux co\u00e9quipiers et une nouvelle tactique port\u00e9e par un entra\u00eeneur, Adi H\u00fctter, plus joueur que le pr\u00e9c\u00e9dent Omar Daf. Avant de prendre son envol d\u00e8s le mois de janvier quand Jakobs partira \u00e0 la CAN ? : \u00ab&nbsp;<em>Il a tous les outils pour s\u2019imposer<\/em>, assure Thomas Berlette. <em>Apr\u00e8s dans le football, il y a toujours une part de r\u00e9ussite et une part de chance. Tactiquement, techniquement, athl\u00e9tiquement, il a tous les outils pour r\u00e9ussir, m\u00eame si parfois \u00e7a ne suffit pas. Il faut la confiance du coach, le bon contexte. Son d\u00e9part \u00e0 Monaco ne m\u2019a pas surpris, apr\u00e8s il faut qu\u2019il se mette au rythme de la Ligue 1, car c\u2019est un autre rythme que celui de la Ligue 2, mais je ne me fais pas de soucis.<\/em>&nbsp;\u00bb Esp\u00e9rons donc que Ouattara trouvera tout de suite le bon tempo \u00e0 Monaco.<\/p>\n\n\n","protected":false},"excerpt":{"rendered":"<p>Priv\u00e9 de Caio Henrique pour quasiment toute la saison et avec le tr\u00e8s probable d\u00e9part \u00e0 la CAN d\u2019Ismail Jakobs en janvier, Monaco s\u2019est activ\u00e9 bien avant le mercato hivernal pour signer Kassoum Ouattara, jeune lat\u00e9ral gauche de 19 ans, en provenance d\u2019Amiens et international fran\u00e7ais U20. L&rsquo;arriv\u00e9e de Ouattara en Principaut\u00e9 a pu surprendre, [&#8230;]\n","protected":false},"author":2,"featured_media":18314,"comment_status":"open","ping_status":"open","sticky":false,"template":"","format":"standard","meta":[],"categories":[5,6],"tags":[86,722],"yoast_head":"<!-- This site is optimized with the Yoast SEO plugin v19.8 - https:\/\/yoast.com\/wordpress\/plugins\/seo\/ -->\n<title>Ouattara, t\u00eate bien faite - La Diagonale<\/title>\n<meta name=\"robots\" content=\"index, follow, max-snippet:-1, max-image-preview:large, max-video-preview:-1\" \/>\n<link rel=\"canonical\" href=\"https:\/\/www.ladiagonale.net\/index.php\/2023\/11\/19\/ouattara-tete-bien-faite\/\" \/>\n<meta property=\"og:locale\" content=\"fr_FR\" \/>\n<meta property=\"og:type\" content=\"article\" \/>\n<meta property=\"og:title\" content=\"Ouattara, t\u00eate bien faite - La Diagonale\" \/>\n<meta property=\"og:description\" content=\"Priv\u00e9 de Caio Henrique pour quasiment toute la saison et avec le tr\u00e8s probable d\u00e9part \u00e0 la CAN d\u2019Ismail Jakobs en janvier, Monaco s\u2019est activ\u00e9 bien avant le mercato hivernal pour signer Kassoum Ouattara, jeune lat\u00e9ral gauche de 19 ans, en provenance d\u2019Amiens et international fran\u00e7ais U20. L&rsquo;arriv\u00e9e de Ouattara en Principaut\u00e9 a pu surprendre, [...]\" \/>\n<meta property=\"og:url\" content=\"https:\/\/www.ladiagonale.net\/index.php\/2023\/11\/19\/ouattara-tete-bien-faite\/\" \/>\n<meta property=\"og:site_name\" content=\"La Diagonale\" \/>\n<meta property=\"article:published_time\" content=\"2023-11-19T22:31:39+00:00\" \/>\n<meta property=\"article:modified_time\" content=\"2023-11-20T00:43:38+00:00\" \/>\n<meta property=\"og:image\" content=\"https:\/\/www.ladiagonale.net\/wp-content\/uploads\/2023\/11\/ouattara3.png\" \/>\n\t<meta property=\"og:image:width\" content=\"1160\" \/>\n\t<meta property=\"og:image:height\" content=\"650\" \/>\n\t<meta property=\"og:image:type\" content=\"image\/png\" \/>\n<meta name=\"author\" content=\"Damien Dellerba\" \/>\n<meta name=\"twitter:card\" content=\"summary_large_image\" \/>\n<meta name=\"twitter:image\" content=\"https:\/\/www.ladiagonale.net\/wp-content\/uploads\/2023\/11\/ouattara3.png\" \/>\n<meta name=\"twitter:label1\" content=\"\u00c9crit par\" \/>\n\t<meta name=\"twitter:data1\" content=\"Damien Dellerba\" \/>\n\t<meta name=\"twitter:label2\" content=\"Dur\u00e9e de lecture estim\u00e9e\" \/>\n\t<meta name=\"twitter:data2\" content=\"8 minutes\" \/>\n<script type=\"application\/ld+json\" class=\"yoast-schema-graph\">{\"@context\":\"https:\/\/schema.org\",\"@graph\":[{\"@type\":\"WebPage\",\"@id\":\"https:\/\/www.ladiagonale.net\/index.php\/2023\/11\/19\/ouattara-tete-bien-faite\/\",\"url\":\"https:\/\/www.ladiagonale.net\/index.php\/2023\/11\/19\/ouattara-tete-bien-faite\/\",\"name\":\"Ouattara, t\u00eate bien faite - La Diagonale\",\"isPartOf\":{\"@id\":\"https:\/\/www.ladiagonale.net\/#website\"},\"datePublished\":\"2023-11-19T22:31:39+00:00\",\"dateModified\":\"2023-11-20T00:43:38+00:00\",\"author\":{\"@id\":\"https:\/\/www.ladiagonale.net\/#\/schema\/person\/79ff1e7b0853ed01b2aa26e64ad300bf\"},\"breadcrumb\":{\"@id\":\"https:\/\/www.ladiagonale.net\/index.php\/2023\/11\/19\/ouattara-tete-bien-faite\/#breadcrumb\"},\"inLanguage\":\"fr-FR\",\"potentialAction\":[{\"@type\":\"ReadAction\",\"target\":[\"https:\/\/www.ladiagonale.net\/index.php\/2023\/11\/19\/ouattara-tete-bien-faite\/\"]}]},{\"@type\":\"BreadcrumbList\",\"@id\":\"https:\/\/www.ladiagonale.net\/index.php\/2023\/11\/19\/ouattara-tete-bien-faite\/#breadcrumb\",\"itemListElement\":[{\"@type\":\"ListItem\",\"position\":1,\"name\":\"Accueil\",\"item\":\"https:\/\/www.ladiagonale.net\/\"},{\"@type\":\"ListItem\",\"position\":2,\"name\":\"Ouattara, t\u00eate bien faite\"}]},{\"@type\":\"WebSite\",\"@id\":\"https:\/\/www.ladiagonale.net\/#website\",\"url\":\"https:\/\/www.ladiagonale.net\/\",\"name\":\"La Diagonale\",\"description\":\"Le site des supporters de l&#039;AS Monaco FC\",\"potentialAction\":[{\"@type\":\"SearchAction\",\"target\":{\"@type\":\"EntryPoint\",\"urlTemplate\":\"https:\/\/www.ladiagonale.net\/?s={search_term_string}\"},\"query-input\":\"required name=search_term_string\"}],\"inLanguage\":\"fr-FR\"},{\"@type\":\"Person\",\"@id\":\"https:\/\/www.ladiagonale.net\/#\/schema\/person\/79ff1e7b0853ed01b2aa26e64ad300bf\",\"name\":\"Damien Dellerba\",\"image\":{\"@type\":\"ImageObject\",\"inLanguage\":\"fr-FR\",\"@id\":\"https:\/\/www.ladiagonale.net\/#\/schema\/person\/image\/\",\"url\":\"https:\/\/secure.gravatar.com\/avatar\/c7850e06d3ff63cdbaee88b7fc16e2f0?s=96&d=mm&r=g\",\"contentUrl\":\"https:\/\/secure.gravatar.com\/avatar\/c7850e06d3ff63cdbaee88b7fc16e2f0?s=96&d=mm&r=g\",\"caption\":\"Damien Dellerba\"},\"url\":\"https:\/\/www.ladiagonale.net\/index.php\/author\/damien\/\"}]}<\/script>\n<!-- \/ Yoast SEO plugin. -->","yoast_head_json":{"title":"Ouattara, t\u00eate bien faite - La Diagonale","robots":{"index":"index","follow":"follow","max-snippet":"max-snippet:-1","max-image-preview":"max-image-preview:large","max-video-preview":"max-video-preview:-1"},"canonical":"https:\/\/www.ladiagonale.net\/index.php\/2023\/11\/19\/ouattara-tete-bien-faite\/","og_locale":"fr_FR","og_type":"article","og_title":"Ouattara, t\u00eate bien faite - La Diagonale","og_description":"Priv\u00e9 de Caio Henrique pour quasiment toute la saison et avec le tr\u00e8s probable d\u00e9part \u00e0 la CAN d\u2019Ismail Jakobs en janvier, Monaco s\u2019est activ\u00e9 bien avant le mercato hivernal pour signer Kassoum Ouattara, jeune lat\u00e9ral gauche de 19 ans, en provenance d\u2019Amiens et international fran\u00e7ais U20. L&rsquo;arriv\u00e9e de Ouattara en Principaut\u00e9 a pu surprendre, [...]","og_url":"https:\/\/www.ladiagonale.net\/index.php\/2023\/11\/19\/ouattara-tete-bien-faite\/","og_site_name":"La Diagonale","article_published_time":"2023-11-19T22:31:39+00:00","article_modified_time":"2023-11-20T00:43:38+00:00","og_image":[{"width":1160,"height":650,"url":"https:\/\/www.ladiagonale.net\/wp-content\/uploads\/2023\/11\/ouattara3.png","type":"image\/png"}],"author":"Damien Dellerba","twitter_card":"summary_large_image","twitter_image":"https:\/\/www.ladiagonale.net\/wp-content\/uploads\/2023\/11\/ouattara3.png","twitter_misc":{"\u00c9crit par":"Damien Dellerba","Dur\u00e9e de lecture estim\u00e9e":"8 minutes"},"schema":{"@context":"https:\/\/schema.org","@graph":[{"@type":"WebPage","@id":"https:\/\/www.ladiagonale.net\/index.php\/2023\/11\/19\/ouattara-tete-bien-faite\/","url":"https:\/\/www.ladiagonale.net\/index.php\/2023\/11\/19\/ouattara-tete-bien-faite\/","name":"Ouattara, t\u00eate bien faite - La Diagonale","isPartOf":{"@id":"https:\/\/www.ladiagonale.net\/#website"},"datePublished":"2023-11-19T22:31:39+00:00","dateModified":"2023-11-20T00:43:38+00:00","author":{"@id":"https:\/\/www.ladiagonale.net\/#\/schema\/person\/79ff1e7b0853ed01b2aa26e64ad300bf"},"breadcrumb":{"@id":"https:\/\/www.ladiagonale.net\/index.php\/2023\/11\/19\/ouattara-tete-bien-faite\/#breadcrumb"},"inLanguage":"fr-FR","potentialAction":[{"@type":"ReadAction","target":["https:\/\/www.ladiagonale.net\/index.php\/2023\/11\/19\/ouattara-tete-bien-faite\/"]}]},{"@type":"BreadcrumbList","@id":"https:\/\/www.ladiagonale.net\/index.php\/2023\/11\/19\/ouattara-tete-bien-faite\/#breadcrumb","itemListElement":[{"@type":"ListItem","position":1,"name":"Accueil","item":"https:\/\/www.ladiagonale.net\/"},{"@type":"ListItem","position":2,"name":"Ouattara, t\u00eate bien faite"}]},{"@type":"WebSite","@id":"https:\/\/www.ladiagonale.net\/#website","url":"https:\/\/www.ladiagonale.net\/","name":"La Diagonale","description":"Le site des supporters de l&#039;AS Monaco FC","potentialAction":[{"@type":"SearchAction","target":{"@type":"EntryPoint","urlTemplate":"https:\/\/www.ladiagonale.net\/?s={search_term_string}"},"query-input":"required name=search_term_string"}],"inLanguage":"fr-FR"},{"@type":"Person","@id":"https:\/\/www.ladiagonale.net\/#\/schema\/person\/79ff1e7b0853ed01b2aa26e64ad300bf","name":"Damien Dellerba","image":{"@type":"ImageObject","inLanguage":"fr-FR","@id":"https:\/\/www.ladiagonale.net\/#\/schema\/person\/image\/","url":"https:\/\/secure.gravatar.com\/avatar\/c7850e06d3ff63cdbaee88b7fc16e2f0?s=96&d=mm&r=g","contentUrl":"https:\/\/secure.gravatar.com\/avatar\/c7850e06d3ff63cdbaee88b7fc16e2f0?s=96&d=mm&r=g","caption":"Damien Dellerba"},"url":"https:\/\/www.ladiagonale.net\/index.php\/author\/damien\/"}]}},"_links":{"self":[{"href":"https:\/\/www.ladiagonale.net\/index.php\/wp-json\/wp\/v2\/posts\/17937"}],"collection":[{"href":"https:\/\/www.ladiagonale.net\/index.php\/wp-json\/wp\/v2\/posts"}],"about":[{"href":"https:\/\/www.ladiagonale.net\/index.php\/wp-json\/wp\/v2\/types\/post"}],"author":[{"embeddable":true,"href":"https:\/\/www.ladiagonale.net\/index.php\/wp-json\/wp\/v2\/users\/2"}],"replies":[{"embeddable":true,"href":"https:\/\/www.ladiagonale.net\/index.php\/wp-json\/wp\/v2\/comments?post=17937"}],"version-history":[{"count":15,"href":"https:\/\/www.ladiagonale.net\/index.php\/wp-json\/wp\/v2\/posts\/17937\/revisions"}],"predecessor-version":[{"id":18327,"href":"https:\/\/www.ladiagonale.net\/index.php\/wp-json\/wp\/v2\/posts\/17937\/revisions\/18327"}],"wp:featuredmedia":[{"embeddable":true,"href":"https:\/\/www.ladiagonale.net\/index.php\/wp-json\/wp\/v2\/media\/18314"}],"wp:attachment":[{"href":"https:\/\/www.ladiagonale.net\/index.php\/wp-json\/wp\/v2\/media?parent=17937"}],"wp:term":[{"taxonomy":"category","embeddable":true,"href":"https:\/\/www.ladiagonale.net\/index.php\/wp-json\/wp\/v2\/categories?post=17937"},{"taxonomy":"post_tag","embeddable":true,"href":"https:\/\/www.ladiagonale.net\/index.php\/wp-json\/wp\/v2\/tags?post=17937"}],"curies":[{"name":"wp","href":"https:\/\/api.w.org\/{rel}","templated":true}]}}