{"id":18173,"date":"2023-11-15T15:09:19","date_gmt":"2023-11-15T14:09:19","guid":{"rendered":"https:\/\/www.ladiagonale.net\/?p=18173"},"modified":"2023-11-15T19:32:06","modified_gmt":"2023-11-15T18:32:06","slug":"monaco-voudrait-de-la-concurrence-pour-kohn","status":"publish","type":"post","link":"https:\/\/www.ladiagonale.net\/index.php\/2023\/11\/15\/monaco-voudrait-de-la-concurrence-pour-kohn\/","title":{"rendered":"De la concurrence pour K\u00f6hn ?"},"content":{"rendered":"\n\n\n<p>Philipp K\u00f6hn <a href=\"https:\/\/www.ladiagonale.net\/index.php\/2023\/11\/12\/les-notes-monaco-peut-remercier-kohn\/\">a sauv\u00e9 l&rsquo;AS Monaco d&rsquo;une d\u00e9faite<\/a> face au Havre samedi dernier, en arr\u00eatant un p\u00e9nalty dans les derni\u00e8res secondes de la rencontre, et semble mieux s&rsquo;acclimater \u00e0 son nouveau club depuis quelques semaines. En conf\u00e9rence de presse, Adi H\u00fctter a r\u00e9guli\u00e8rement soutenu son portier \u00e0 plusieurs reprises, mais d&rsquo;apr\u00e8s Sacha Tavolieri, il semblerait que les dirigeants mon\u00e9gasques veuillent amener une doublure plus comp\u00e9titive que Radoslaw Majecki \u00e0 la recrue suisse et penseraient \u00e0 Warleson. Le gardien br\u00e9silien de 27 ans, qui \u00e9volue au Cercle Bruges, club satellite de l&rsquo;AS Monaco, aurait impressionn\u00e9 les dirigeants de l&rsquo;AS Monaco et ferait office de \u00ab\u00a0<em>candidat id\u00e9al<\/em>\u00a0\u00bb.<\/p>\n\n\n\n<p>Arriv\u00e9 en 2020 en Belgique, Warleson est sous contrat avec la formation brugeoise jusqu&rsquo;en juin 2026. Il n&rsquo;a gagn\u00e9 ses galons de titulaire que cette saison, apr\u00e8s avoir \u00e9t\u00e9 la doublure de Thomas Didillon pendant deux saisons puis celle de&#8230; Majecki l&rsquo;ann\u00e9e derni\u00e8re. La nature de l&rsquo;op\u00e9ration n&rsquo;a pas \u00e9t\u00e9 pr\u00e9cis\u00e9e, mais un mouvement pourrait \u00eatre surprenant, alors que le Cercle r\u00e9alise un bon d\u00e9but de saison (6<sup>e<\/sup> de <em>Jupiler Pro League<\/em>).<\/p>\n","protected":false},"excerpt":{"rendered":"<p>Philipp K\u00f6hn a sauv\u00e9 l&rsquo;AS Monaco d&rsquo;une d\u00e9faite face au Havre samedi dernier, en arr\u00eatant un p\u00e9nalty dans les derni\u00e8res secondes de la rencontre, et semble mieux s&rsquo;acclimater \u00e0 son nouveau club depuis quelques semaines. En conf\u00e9rence de presse, Adi H\u00fctter a r\u00e9guli\u00e8rement soutenu son portier \u00e0 plusieurs reprises, mais d&rsquo;apr\u00e8s Sacha Tavolieri, il semblerait [&#8230;]\n","protected":false},"author":2,"featured_media":0,"comment_status":"open","ping_status":"open","sticky":false,"template":"","format":"standard","meta":[],"categories":[6],"tags":[86,212,111,110,731],"yoast_head":"<!-- This site is optimized with the Yoast SEO plugin v19.8 - https:\/\/yoast.com\/wordpress\/plugins\/seo\/ -->\n<title>De la concurrence pour K\u00f6hn ? - La Diagonale<\/title>\n<meta name=\"robots\" content=\"index, follow, max-snippet:-1, max-image-preview:large, max-video-preview:-1\" \/>\n<link rel=\"canonical\" href=\"https:\/\/www.ladiagonale.net\/index.php\/2023\/11\/15\/monaco-voudrait-de-la-concurrence-pour-kohn\/\" \/>\n<meta property=\"og:locale\" content=\"fr_FR\" \/>\n<meta property=\"og:type\" content=\"article\" \/>\n<meta property=\"og:title\" content=\"De la concurrence pour K\u00f6hn ? - La Diagonale\" \/>\n<meta property=\"og:description\" content=\"Philipp K\u00f6hn a sauv\u00e9 l&rsquo;AS Monaco d&rsquo;une d\u00e9faite face au Havre samedi dernier, en arr\u00eatant un p\u00e9nalty dans les derni\u00e8res secondes de la rencontre, et semble mieux s&rsquo;acclimater \u00e0 son nouveau club depuis quelques semaines. En conf\u00e9rence de presse, Adi H\u00fctter a r\u00e9guli\u00e8rement soutenu son portier \u00e0 plusieurs reprises, mais d&rsquo;apr\u00e8s Sacha Tavolieri, il semblerait [...]\" \/>\n<meta property=\"og:url\" content=\"https:\/\/www.ladiagonale.net\/index.php\/2023\/11\/15\/monaco-voudrait-de-la-concurrence-pour-kohn\/\" \/>\n<meta property=\"og:site_name\" content=\"La Diagonale\" \/>\n<meta property=\"article:published_time\" content=\"2023-11-15T14:09:19+00:00\" \/>\n<meta property=\"article:modified_time\" content=\"2023-11-15T18:32:06+00:00\" \/>\n<meta property=\"og:image\" content=\"https:\/\/www.ladiagonale.net\/wp-content\/uploads\/2023\/11\/warleson.png\" \/>\n\t<meta property=\"og:image:width\" content=\"1160\" \/>\n\t<meta property=\"og:image:height\" content=\"650\" \/>\n\t<meta property=\"og:image:type\" content=\"image\/png\" \/>\n<meta name=\"author\" content=\"Damien Dellerba\" \/>\n<meta name=\"twitter:card\" content=\"summary_large_image\" \/>\n<meta name=\"twitter:image\" content=\"https:\/\/www.ladiagonale.net\/wp-content\/uploads\/2023\/11\/warleson.png\" \/>\n<meta name=\"twitter:label1\" content=\"\u00c9crit par\" \/>\n\t<meta name=\"twitter:data1\" content=\"Damien Dellerba\" \/>\n\t<meta name=\"twitter:label2\" content=\"Dur\u00e9e de lecture estim\u00e9e\" \/>\n\t<meta name=\"twitter:data2\" content=\"1 minute\" \/>\n<script type=\"application\/ld+json\" class=\"yoast-schema-graph\">{\"@context\":\"https:\/\/schema.org\",\"@graph\":[{\"@type\":\"WebPage\",\"@id\":\"https:\/\/www.ladiagonale.net\/index.php\/2023\/11\/15\/monaco-voudrait-de-la-concurrence-pour-kohn\/\",\"url\":\"https:\/\/www.ladiagonale.net\/index.php\/2023\/11\/15\/monaco-voudrait-de-la-concurrence-pour-kohn\/\",\"name\":\"De la concurrence pour K\u00f6hn ? - La Diagonale\",\"isPartOf\":{\"@id\":\"https:\/\/www.ladiagonale.net\/#website\"},\"datePublished\":\"2023-11-15T14:09:19+00:00\",\"dateModified\":\"2023-11-15T18:32:06+00:00\",\"author\":{\"@id\":\"https:\/\/www.ladiagonale.net\/#\/schema\/person\/79ff1e7b0853ed01b2aa26e64ad300bf\"},\"breadcrumb\":{\"@id\":\"https:\/\/www.ladiagonale.net\/index.php\/2023\/11\/15\/monaco-voudrait-de-la-concurrence-pour-kohn\/#breadcrumb\"},\"inLanguage\":\"fr-FR\",\"potentialAction\":[{\"@type\":\"ReadAction\",\"target\":[\"https:\/\/www.ladiagonale.net\/index.php\/2023\/11\/15\/monaco-voudrait-de-la-concurrence-pour-kohn\/\"]}]},{\"@type\":\"BreadcrumbList\",\"@id\":\"https:\/\/www.ladiagonale.net\/index.php\/2023\/11\/15\/monaco-voudrait-de-la-concurrence-pour-kohn\/#breadcrumb\",\"itemListElement\":[{\"@type\":\"ListItem\",\"position\":1,\"name\":\"Accueil\",\"item\":\"https:\/\/www.ladiagonale.net\/\"},{\"@type\":\"ListItem\",\"position\":2,\"name\":\"De la concurrence pour K\u00f6hn ?\"}]},{\"@type\":\"WebSite\",\"@id\":\"https:\/\/www.ladiagonale.net\/#website\",\"url\":\"https:\/\/www.ladiagonale.net\/\",\"name\":\"La Diagonale\",\"description\":\"Le site des supporters de l&#039;AS Monaco FC\",\"potentialAction\":[{\"@type\":\"SearchAction\",\"target\":{\"@type\":\"EntryPoint\",\"urlTemplate\":\"https:\/\/www.ladiagonale.net\/?s={search_term_string}\"},\"query-input\":\"required name=search_term_string\"}],\"inLanguage\":\"fr-FR\"},{\"@type\":\"Person\",\"@id\":\"https:\/\/www.ladiagonale.net\/#\/schema\/person\/79ff1e7b0853ed01b2aa26e64ad300bf\",\"name\":\"Damien Dellerba\",\"image\":{\"@type\":\"ImageObject\",\"inLanguage\":\"fr-FR\",\"@id\":\"https:\/\/www.ladiagonale.net\/#\/schema\/person\/image\/\",\"url\":\"https:\/\/secure.gravatar.com\/avatar\/c7850e06d3ff63cdbaee88b7fc16e2f0?s=96&d=mm&r=g\",\"contentUrl\":\"https:\/\/secure.gravatar.com\/avatar\/c7850e06d3ff63cdbaee88b7fc16e2f0?s=96&d=mm&r=g\",\"caption\":\"Damien Dellerba\"},\"url\":\"https:\/\/www.ladiagonale.net\/index.php\/author\/damien\/\"}]}<\/script>\n<!-- \/ Yoast SEO plugin. -->","yoast_head_json":{"title":"De la concurrence pour K\u00f6hn ? - La Diagonale","robots":{"index":"index","follow":"follow","max-snippet":"max-snippet:-1","max-image-preview":"max-image-preview:large","max-video-preview":"max-video-preview:-1"},"canonical":"https:\/\/www.ladiagonale.net\/index.php\/2023\/11\/15\/monaco-voudrait-de-la-concurrence-pour-kohn\/","og_locale":"fr_FR","og_type":"article","og_title":"De la concurrence pour K\u00f6hn ? - La Diagonale","og_description":"Philipp K\u00f6hn a sauv\u00e9 l&rsquo;AS Monaco d&rsquo;une d\u00e9faite face au Havre samedi dernier, en arr\u00eatant un p\u00e9nalty dans les derni\u00e8res secondes de la rencontre, et semble mieux s&rsquo;acclimater \u00e0 son nouveau club depuis quelques semaines. En conf\u00e9rence de presse, Adi H\u00fctter a r\u00e9guli\u00e8rement soutenu son portier \u00e0 plusieurs reprises, mais d&rsquo;apr\u00e8s Sacha Tavolieri, il semblerait [...]","og_url":"https:\/\/www.ladiagonale.net\/index.php\/2023\/11\/15\/monaco-voudrait-de-la-concurrence-pour-kohn\/","og_site_name":"La Diagonale","article_published_time":"2023-11-15T14:09:19+00:00","article_modified_time":"2023-11-15T18:32:06+00:00","og_image":[{"width":1160,"height":650,"url":"https:\/\/www.ladiagonale.net\/wp-content\/uploads\/2023\/11\/warleson.png","type":"image\/png"}],"author":"Damien Dellerba","twitter_card":"summary_large_image","twitter_image":"https:\/\/www.ladiagonale.net\/wp-content\/uploads\/2023\/11\/warleson.png","twitter_misc":{"\u00c9crit par":"Damien Dellerba","Dur\u00e9e de lecture estim\u00e9e":"1 minute"},"schema":{"@context":"https:\/\/schema.org","@graph":[{"@type":"WebPage","@id":"https:\/\/www.ladiagonale.net\/index.php\/2023\/11\/15\/monaco-voudrait-de-la-concurrence-pour-kohn\/","url":"https:\/\/www.ladiagonale.net\/index.php\/2023\/11\/15\/monaco-voudrait-de-la-concurrence-pour-kohn\/","name":"De la concurrence pour K\u00f6hn ? - La Diagonale","isPartOf":{"@id":"https:\/\/www.ladiagonale.net\/#website"},"datePublished":"2023-11-15T14:09:19+00:00","dateModified":"2023-11-15T18:32:06+00:00","author":{"@id":"https:\/\/www.ladiagonale.net\/#\/schema\/person\/79ff1e7b0853ed01b2aa26e64ad300bf"},"breadcrumb":{"@id":"https:\/\/www.ladiagonale.net\/index.php\/2023\/11\/15\/monaco-voudrait-de-la-concurrence-pour-kohn\/#breadcrumb"},"inLanguage":"fr-FR","potentialAction":[{"@type":"ReadAction","target":["https:\/\/www.ladiagonale.net\/index.php\/2023\/11\/15\/monaco-voudrait-de-la-concurrence-pour-kohn\/"]}]},{"@type":"BreadcrumbList","@id":"https:\/\/www.ladiagonale.net\/index.php\/2023\/11\/15\/monaco-voudrait-de-la-concurrence-pour-kohn\/#breadcrumb","itemListElement":[{"@type":"ListItem","position":1,"name":"Accueil","item":"https:\/\/www.ladiagonale.net\/"},{"@type":"ListItem","position":2,"name":"De la concurrence pour K\u00f6hn ?"}]},{"@type":"WebSite","@id":"https:\/\/www.ladiagonale.net\/#website","url":"https:\/\/www.ladiagonale.net\/","name":"La Diagonale","description":"Le site des supporters de l&#039;AS Monaco FC","potentialAction":[{"@type":"SearchAction","target":{"@type":"EntryPoint","urlTemplate":"https:\/\/www.ladiagonale.net\/?s={search_term_string}"},"query-input":"required name=search_term_string"}],"inLanguage":"fr-FR"},{"@type":"Person","@id":"https:\/\/www.ladiagonale.net\/#\/schema\/person\/79ff1e7b0853ed01b2aa26e64ad300bf","name":"Damien Dellerba","image":{"@type":"ImageObject","inLanguage":"fr-FR","@id":"https:\/\/www.ladiagonale.net\/#\/schema\/person\/image\/","url":"https:\/\/secure.gravatar.com\/avatar\/c7850e06d3ff63cdbaee88b7fc16e2f0?s=96&d=mm&r=g","contentUrl":"https:\/\/secure.gravatar.com\/avatar\/c7850e06d3ff63cdbaee88b7fc16e2f0?s=96&d=mm&r=g","caption":"Damien Dellerba"},"url":"https:\/\/www.ladiagonale.net\/index.php\/author\/damien\/"}]}},"_links":{"self":[{"href":"https:\/\/www.ladiagonale.net\/index.php\/wp-json\/wp\/v2\/posts\/18173"}],"collection":[{"href":"https:\/\/www.ladiagonale.net\/index.php\/wp-json\/wp\/v2\/posts"}],"about":[{"href":"https:\/\/www.ladiagonale.net\/index.php\/wp-json\/wp\/v2\/types\/post"}],"author":[{"embeddable":true,"href":"https:\/\/www.ladiagonale.net\/index.php\/wp-json\/wp\/v2\/users\/2"}],"replies":[{"embeddable":true,"href":"https:\/\/www.ladiagonale.net\/index.php\/wp-json\/wp\/v2\/comments?post=18173"}],"version-history":[{"count":7,"href":"https:\/\/www.ladiagonale.net\/index.php\/wp-json\/wp\/v2\/posts\/18173\/revisions"}],"predecessor-version":[{"id":18194,"href":"https:\/\/www.ladiagonale.net\/index.php\/wp-json\/wp\/v2\/posts\/18173\/revisions\/18194"}],"wp:attachment":[{"href":"https:\/\/www.ladiagonale.net\/index.php\/wp-json\/wp\/v2\/media?parent=18173"}],"wp:term":[{"taxonomy":"category","embeddable":true,"href":"https:\/\/www.ladiagonale.net\/index.php\/wp-json\/wp\/v2\/categories?post=18173"},{"taxonomy":"post_tag","embeddable":true,"href":"https:\/\/www.ladiagonale.net\/index.php\/wp-json\/wp\/v2\/tags?post=18173"}],"curies":[{"name":"wp","href":"https:\/\/api.w.org\/{rel}","templated":true}]}}