{"id":18290,"date":"2023-11-19T01:13:17","date_gmt":"2023-11-19T00:13:17","guid":{"rendered":"https:\/\/www.ladiagonale.net\/?p=18290"},"modified":"2023-11-19T01:13:36","modified_gmt":"2023-11-19T00:13:36","slug":"les-u19-craquent-sur-la-fin","status":"publish","type":"post","link":"https:\/\/www.ladiagonale.net\/index.php\/2023\/11\/19\/les-u19-craquent-sur-la-fin\/","title":{"rendered":"Les U19 craquent sur la fin"},"content":{"rendered":"\n\n\n<p>Les U19 de l&rsquo;AS Monaco ont conc\u00e9d\u00e9 une deuxi\u00e8me d\u00e9faite de rang ce samedi. Apr\u00e8s une d\u00e9faite le week-end dernier \u00e0 Saint-\u00c9tienne, les hommes de Fr\u00e9d\u00e9ric Barilaro se sont pris les pieds dans le tapis lors de la r\u00e9ception du Gaz\u00e9lec Ajaccio, pour la 12<sup>e<\/sup> journ\u00e9e de championnat (0-1). Les Rouge et Blanc n&rsquo;ont pas d\u00e9m\u00e9rit\u00e9 mais ont craqu\u00e9 \u00e0 la toute fin de la partie, sur un p\u00e9nalty conc\u00e9d\u00e9 par Ritchy Valme.<\/p>\n\n\n\n<p>Les Rouge et Blanc auront l&rsquo;occasion de se changer les id\u00e9es \u00e0 l&rsquo;occasion de la <em>Al Abtal Cup<\/em>, dans laquelle ils sont engag\u00e9s. Mercredi (16h), ils affronteront le Slavia Prague au centre de Performance avant de revenir au championnat dimanche prochain (14h30) avec un d\u00e9placement \u00e0 Montpellier, qui se situe une place (6e) et un point devant l&rsquo;ASM dans la poule D.<\/p>\n\n\n\n<div class=\"wp-container-1 wp-block-buttons\">\n<div class=\"wp-block-button is-style-outline\"><a class=\"wp-block-button__link\" href=\"https:\/\/www.ladiagonale.net\/index.php\/event\/monaco-u19-gazelec-ajaccio-u19\/\">Voir la feuille de match<\/a><\/div>\n<\/div>\n","protected":false},"excerpt":{"rendered":"<p>Les U19 de l&rsquo;AS Monaco ont conc\u00e9d\u00e9 une deuxi\u00e8me d\u00e9faite de rang ce samedi. Apr\u00e8s une d\u00e9faite le week-end dernier \u00e0 Saint-\u00c9tienne, les hommes de Fr\u00e9d\u00e9ric Barilaro se sont pris les pieds dans le tapis lors de la r\u00e9ception du Gaz\u00e9lec Ajaccio, pour la 12e journ\u00e9e de championnat (0-1). Les Rouge et Blanc n&rsquo;ont pas [&#8230;]\n","protected":false},"author":2,"featured_media":0,"comment_status":"open","ping_status":"open","sticky":false,"template":"","format":"standard","meta":[],"categories":[6],"tags":[76,86,112],"yoast_head":"<!-- This site is optimized with the Yoast SEO plugin v19.8 - https:\/\/yoast.com\/wordpress\/plugins\/seo\/ -->\n<title>Les U19 craquent sur la fin - La Diagonale<\/title>\n<meta name=\"robots\" content=\"index, follow, max-snippet:-1, max-image-preview:large, max-video-preview:-1\" \/>\n<link rel=\"canonical\" href=\"https:\/\/www.ladiagonale.net\/index.php\/2023\/11\/19\/les-u19-craquent-sur-la-fin\/\" \/>\n<meta property=\"og:locale\" content=\"fr_FR\" \/>\n<meta property=\"og:type\" content=\"article\" \/>\n<meta property=\"og:title\" content=\"Les U19 craquent sur la fin - La Diagonale\" \/>\n<meta property=\"og:description\" content=\"Les U19 de l&rsquo;AS Monaco ont conc\u00e9d\u00e9 une deuxi\u00e8me d\u00e9faite de rang ce samedi. Apr\u00e8s une d\u00e9faite le week-end dernier \u00e0 Saint-\u00c9tienne, les hommes de Fr\u00e9d\u00e9ric Barilaro se sont pris les pieds dans le tapis lors de la r\u00e9ception du Gaz\u00e9lec Ajaccio, pour la 12e journ\u00e9e de championnat (0-1). Les Rouge et Blanc n&rsquo;ont pas [...]\" \/>\n<meta property=\"og:url\" content=\"https:\/\/www.ladiagonale.net\/index.php\/2023\/11\/19\/les-u19-craquent-sur-la-fin\/\" \/>\n<meta property=\"og:site_name\" content=\"La Diagonale\" \/>\n<meta property=\"article:published_time\" content=\"2023-11-19T00:13:17+00:00\" \/>\n<meta property=\"article:modified_time\" content=\"2023-11-19T00:13:36+00:00\" \/>\n<meta property=\"og:image\" content=\"https:\/\/www.ladiagonale.net\/wp-content\/uploads\/2023\/09\/valme23.png\" \/>\n\t<meta property=\"og:image:width\" content=\"1160\" \/>\n\t<meta property=\"og:image:height\" content=\"650\" \/>\n\t<meta property=\"og:image:type\" content=\"image\/png\" \/>\n<meta name=\"author\" content=\"Damien Dellerba\" \/>\n<meta name=\"twitter:card\" content=\"summary_large_image\" \/>\n<meta name=\"twitter:image\" content=\"https:\/\/www.ladiagonale.net\/wp-content\/uploads\/2023\/09\/valme23.png\" \/>\n<meta name=\"twitter:label1\" content=\"\u00c9crit par\" \/>\n\t<meta name=\"twitter:data1\" content=\"Damien Dellerba\" \/>\n<script type=\"application\/ld+json\" class=\"yoast-schema-graph\">{\"@context\":\"https:\/\/schema.org\",\"@graph\":[{\"@type\":\"WebPage\",\"@id\":\"https:\/\/www.ladiagonale.net\/index.php\/2023\/11\/19\/les-u19-craquent-sur-la-fin\/\",\"url\":\"https:\/\/www.ladiagonale.net\/index.php\/2023\/11\/19\/les-u19-craquent-sur-la-fin\/\",\"name\":\"Les U19 craquent sur la fin - La Diagonale\",\"isPartOf\":{\"@id\":\"https:\/\/www.ladiagonale.net\/#website\"},\"datePublished\":\"2023-11-19T00:13:17+00:00\",\"dateModified\":\"2023-11-19T00:13:36+00:00\",\"author\":{\"@id\":\"https:\/\/www.ladiagonale.net\/#\/schema\/person\/79ff1e7b0853ed01b2aa26e64ad300bf\"},\"breadcrumb\":{\"@id\":\"https:\/\/www.ladiagonale.net\/index.php\/2023\/11\/19\/les-u19-craquent-sur-la-fin\/#breadcrumb\"},\"inLanguage\":\"fr-FR\",\"potentialAction\":[{\"@type\":\"ReadAction\",\"target\":[\"https:\/\/www.ladiagonale.net\/index.php\/2023\/11\/19\/les-u19-craquent-sur-la-fin\/\"]}]},{\"@type\":\"BreadcrumbList\",\"@id\":\"https:\/\/www.ladiagonale.net\/index.php\/2023\/11\/19\/les-u19-craquent-sur-la-fin\/#breadcrumb\",\"itemListElement\":[{\"@type\":\"ListItem\",\"position\":1,\"name\":\"Accueil\",\"item\":\"https:\/\/www.ladiagonale.net\/\"},{\"@type\":\"ListItem\",\"position\":2,\"name\":\"Les U19 craquent sur la fin\"}]},{\"@type\":\"WebSite\",\"@id\":\"https:\/\/www.ladiagonale.net\/#website\",\"url\":\"https:\/\/www.ladiagonale.net\/\",\"name\":\"La Diagonale\",\"description\":\"Le site des supporters de l&#039;AS Monaco FC\",\"potentialAction\":[{\"@type\":\"SearchAction\",\"target\":{\"@type\":\"EntryPoint\",\"urlTemplate\":\"https:\/\/www.ladiagonale.net\/?s={search_term_string}\"},\"query-input\":\"required name=search_term_string\"}],\"inLanguage\":\"fr-FR\"},{\"@type\":\"Person\",\"@id\":\"https:\/\/www.ladiagonale.net\/#\/schema\/person\/79ff1e7b0853ed01b2aa26e64ad300bf\",\"name\":\"Damien Dellerba\",\"image\":{\"@type\":\"ImageObject\",\"inLanguage\":\"fr-FR\",\"@id\":\"https:\/\/www.ladiagonale.net\/#\/schema\/person\/image\/\",\"url\":\"https:\/\/secure.gravatar.com\/avatar\/c7850e06d3ff63cdbaee88b7fc16e2f0?s=96&d=mm&r=g\",\"contentUrl\":\"https:\/\/secure.gravatar.com\/avatar\/c7850e06d3ff63cdbaee88b7fc16e2f0?s=96&d=mm&r=g\",\"caption\":\"Damien Dellerba\"},\"url\":\"https:\/\/www.ladiagonale.net\/index.php\/author\/damien\/\"}]}<\/script>\n<!-- \/ Yoast SEO plugin. -->","yoast_head_json":{"title":"Les U19 craquent sur la fin - La Diagonale","robots":{"index":"index","follow":"follow","max-snippet":"max-snippet:-1","max-image-preview":"max-image-preview:large","max-video-preview":"max-video-preview:-1"},"canonical":"https:\/\/www.ladiagonale.net\/index.php\/2023\/11\/19\/les-u19-craquent-sur-la-fin\/","og_locale":"fr_FR","og_type":"article","og_title":"Les U19 craquent sur la fin - La Diagonale","og_description":"Les U19 de l&rsquo;AS Monaco ont conc\u00e9d\u00e9 une deuxi\u00e8me d\u00e9faite de rang ce samedi. Apr\u00e8s une d\u00e9faite le week-end dernier \u00e0 Saint-\u00c9tienne, les hommes de Fr\u00e9d\u00e9ric Barilaro se sont pris les pieds dans le tapis lors de la r\u00e9ception du Gaz\u00e9lec Ajaccio, pour la 12e journ\u00e9e de championnat (0-1). Les Rouge et Blanc n&rsquo;ont pas [...]","og_url":"https:\/\/www.ladiagonale.net\/index.php\/2023\/11\/19\/les-u19-craquent-sur-la-fin\/","og_site_name":"La Diagonale","article_published_time":"2023-11-19T00:13:17+00:00","article_modified_time":"2023-11-19T00:13:36+00:00","og_image":[{"width":1160,"height":650,"url":"https:\/\/www.ladiagonale.net\/wp-content\/uploads\/2023\/09\/valme23.png","type":"image\/png"}],"author":"Damien Dellerba","twitter_card":"summary_large_image","twitter_image":"https:\/\/www.ladiagonale.net\/wp-content\/uploads\/2023\/09\/valme23.png","twitter_misc":{"\u00c9crit par":"Damien Dellerba"},"schema":{"@context":"https:\/\/schema.org","@graph":[{"@type":"WebPage","@id":"https:\/\/www.ladiagonale.net\/index.php\/2023\/11\/19\/les-u19-craquent-sur-la-fin\/","url":"https:\/\/www.ladiagonale.net\/index.php\/2023\/11\/19\/les-u19-craquent-sur-la-fin\/","name":"Les U19 craquent sur la fin - La Diagonale","isPartOf":{"@id":"https:\/\/www.ladiagonale.net\/#website"},"datePublished":"2023-11-19T00:13:17+00:00","dateModified":"2023-11-19T00:13:36+00:00","author":{"@id":"https:\/\/www.ladiagonale.net\/#\/schema\/person\/79ff1e7b0853ed01b2aa26e64ad300bf"},"breadcrumb":{"@id":"https:\/\/www.ladiagonale.net\/index.php\/2023\/11\/19\/les-u19-craquent-sur-la-fin\/#breadcrumb"},"inLanguage":"fr-FR","potentialAction":[{"@type":"ReadAction","target":["https:\/\/www.ladiagonale.net\/index.php\/2023\/11\/19\/les-u19-craquent-sur-la-fin\/"]}]},{"@type":"BreadcrumbList","@id":"https:\/\/www.ladiagonale.net\/index.php\/2023\/11\/19\/les-u19-craquent-sur-la-fin\/#breadcrumb","itemListElement":[{"@type":"ListItem","position":1,"name":"Accueil","item":"https:\/\/www.ladiagonale.net\/"},{"@type":"ListItem","position":2,"name":"Les U19 craquent sur la fin"}]},{"@type":"WebSite","@id":"https:\/\/www.ladiagonale.net\/#website","url":"https:\/\/www.ladiagonale.net\/","name":"La Diagonale","description":"Le site des supporters de l&#039;AS Monaco FC","potentialAction":[{"@type":"SearchAction","target":{"@type":"EntryPoint","urlTemplate":"https:\/\/www.ladiagonale.net\/?s={search_term_string}"},"query-input":"required name=search_term_string"}],"inLanguage":"fr-FR"},{"@type":"Person","@id":"https:\/\/www.ladiagonale.net\/#\/schema\/person\/79ff1e7b0853ed01b2aa26e64ad300bf","name":"Damien Dellerba","image":{"@type":"ImageObject","inLanguage":"fr-FR","@id":"https:\/\/www.ladiagonale.net\/#\/schema\/person\/image\/","url":"https:\/\/secure.gravatar.com\/avatar\/c7850e06d3ff63cdbaee88b7fc16e2f0?s=96&d=mm&r=g","contentUrl":"https:\/\/secure.gravatar.com\/avatar\/c7850e06d3ff63cdbaee88b7fc16e2f0?s=96&d=mm&r=g","caption":"Damien Dellerba"},"url":"https:\/\/www.ladiagonale.net\/index.php\/author\/damien\/"}]}},"_links":{"self":[{"href":"https:\/\/www.ladiagonale.net\/index.php\/wp-json\/wp\/v2\/posts\/18290"}],"collection":[{"href":"https:\/\/www.ladiagonale.net\/index.php\/wp-json\/wp\/v2\/posts"}],"about":[{"href":"https:\/\/www.ladiagonale.net\/index.php\/wp-json\/wp\/v2\/types\/post"}],"author":[{"embeddable":true,"href":"https:\/\/www.ladiagonale.net\/index.php\/wp-json\/wp\/v2\/users\/2"}],"replies":[{"embeddable":true,"href":"https:\/\/www.ladiagonale.net\/index.php\/wp-json\/wp\/v2\/comments?post=18290"}],"version-history":[{"count":2,"href":"https:\/\/www.ladiagonale.net\/index.php\/wp-json\/wp\/v2\/posts\/18290\/revisions"}],"predecessor-version":[{"id":18293,"href":"https:\/\/www.ladiagonale.net\/index.php\/wp-json\/wp\/v2\/posts\/18290\/revisions\/18293"}],"wp:attachment":[{"href":"https:\/\/www.ladiagonale.net\/index.php\/wp-json\/wp\/v2\/media?parent=18290"}],"wp:term":[{"taxonomy":"category","embeddable":true,"href":"https:\/\/www.ladiagonale.net\/index.php\/wp-json\/wp\/v2\/categories?post=18290"},{"taxonomy":"post_tag","embeddable":true,"href":"https:\/\/www.ladiagonale.net\/index.php\/wp-json\/wp\/v2\/tags?post=18290"}],"curies":[{"name":"wp","href":"https:\/\/api.w.org\/{rel}","templated":true}]}}