{"id":18309,"date":"2023-11-19T17:39:41","date_gmt":"2023-11-19T16:39:41","guid":{"rendered":"https:\/\/www.ladiagonale.net\/?p=18309"},"modified":"2023-11-19T17:39:45","modified_gmt":"2023-11-19T16:39:45","slug":"les-u17-repris-sur-le-fil-par-le-gazelec-ajaccio","status":"publish","type":"post","link":"https:\/\/www.ladiagonale.net\/index.php\/2023\/11\/19\/les-u17-repris-sur-le-fil-par-le-gazelec-ajaccio\/","title":{"rendered":"Les U17 repris sur le fil par le Gaz\u00e9lec Ajaccio"},"content":{"rendered":"\n\n\n<p>Les U17 n&rsquo;\u00e9taient pas loin de venger leurs a\u00een\u00e9s U19, <a href=\"https:\/\/www.ladiagonale.net\/index.php\/2023\/11\/19\/les-u19-craquent-sur-la-fin\/\">d\u00e9faits la veille par le Gaz\u00e9lec Ajaccio<\/a>, mais les hommes de Manu Dos Santos n&rsquo;y sont pas parvenus (1-1). Alors que les Rouge et Blanc ont rapidement men\u00e9 lors de cette rencontre de la 12<sup>e<\/sup> journ\u00e9e de championnat, gr\u00e2ce \u00e0 une r\u00e9alisation de Wassim Moussaoui (1-0, 16<sup>e<\/sup>), ils se sont finalement fait reprendre dans les derniers instants de la rencontre (1-1, 90e), ramenant de l&rsquo;\u00cele de Beaut\u00e9 le point du match nul.<\/p>\n\n\n\n<p>Un point qui renvoie les deux \u00e9quipes dos \u00e0 dos, puisqu&rsquo;elles comptent le m\u00eame nombre de points au championnat (20), l&rsquo;ASM gardant toutefois l&rsquo;avantage et la troisi\u00e8me place, m\u00eame si le Gaz\u00e9lec compte un match de moins. Mais les jeunes pousses as\u00e9mistes commencent \u00e0 accuser un retard important (7 points) sur le leader Saint-\u00c9tienne, qui a \u00e9trill\u00e9 son dauphin ni\u00e7ois (8-0).<\/p>\n\n\n\n<div class=\"wp-container-1 wp-block-buttons\">\n<div class=\"wp-block-button aligncenter is-style-outline\"><a class=\"wp-block-button__link has-very-light-gray-to-cyan-bluish-gray-gradient-background has-background\" href=\"https:\/\/www.ladiagonale.net\/index.php\/event\/gazelec-ajaccio-u17-monaco-u17-2\/\">Voir la feuille de match<\/a><\/div>\n<\/div>\n","protected":false},"excerpt":{"rendered":"<p>Les U17 n&rsquo;\u00e9taient pas loin de venger leurs a\u00een\u00e9s U19, d\u00e9faits la veille par le Gaz\u00e9lec Ajaccio, mais les hommes de Manu Dos Santos n&rsquo;y sont pas parvenus (1-1). Alors que les Rouge et Blanc ont rapidement men\u00e9 lors de cette rencontre de la 12e journ\u00e9e de championnat, gr\u00e2ce \u00e0 une r\u00e9alisation de Wassim Moussaoui [&#8230;]\n","protected":false},"author":2,"featured_media":0,"comment_status":"open","ping_status":"open","sticky":false,"template":"","format":"standard","meta":[],"categories":[6],"tags":[76,86,130],"yoast_head":"<!-- This site is optimized with the Yoast SEO plugin v19.8 - https:\/\/yoast.com\/wordpress\/plugins\/seo\/ -->\n<title>Les U17 repris sur le fil par le Gaz\u00e9lec Ajaccio - La Diagonale<\/title>\n<meta name=\"robots\" content=\"index, follow, max-snippet:-1, max-image-preview:large, max-video-preview:-1\" \/>\n<link rel=\"canonical\" href=\"https:\/\/www.ladiagonale.net\/index.php\/2023\/11\/19\/les-u17-repris-sur-le-fil-par-le-gazelec-ajaccio\/\" \/>\n<meta property=\"og:locale\" content=\"fr_FR\" \/>\n<meta property=\"og:type\" content=\"article\" \/>\n<meta property=\"og:title\" content=\"Les U17 repris sur le fil par le Gaz\u00e9lec Ajaccio - La Diagonale\" \/>\n<meta property=\"og:description\" content=\"Les U17 n&rsquo;\u00e9taient pas loin de venger leurs a\u00een\u00e9s U19, d\u00e9faits la veille par le Gaz\u00e9lec Ajaccio, mais les hommes de Manu Dos Santos n&rsquo;y sont pas parvenus (1-1). Alors que les Rouge et Blanc ont rapidement men\u00e9 lors de cette rencontre de la 12e journ\u00e9e de championnat, gr\u00e2ce \u00e0 une r\u00e9alisation de Wassim Moussaoui [...]\" \/>\n<meta property=\"og:url\" content=\"https:\/\/www.ladiagonale.net\/index.php\/2023\/11\/19\/les-u17-repris-sur-le-fil-par-le-gazelec-ajaccio\/\" \/>\n<meta property=\"og:site_name\" content=\"La Diagonale\" \/>\n<meta property=\"article:published_time\" content=\"2023-11-19T16:39:41+00:00\" \/>\n<meta property=\"article:modified_time\" content=\"2023-11-19T16:39:45+00:00\" \/>\n<meta property=\"og:image\" content=\"https:\/\/www.ladiagonale.net\/wp-content\/uploads\/2023\/09\/dodo.png\" \/>\n\t<meta property=\"og:image:width\" content=\"1160\" \/>\n\t<meta property=\"og:image:height\" content=\"650\" \/>\n\t<meta property=\"og:image:type\" content=\"image\/png\" \/>\n<meta name=\"author\" content=\"Damien Dellerba\" \/>\n<meta name=\"twitter:card\" content=\"summary_large_image\" \/>\n<meta name=\"twitter:image\" content=\"https:\/\/www.ladiagonale.net\/wp-content\/uploads\/2023\/09\/dodo.png\" \/>\n<meta name=\"twitter:label1\" content=\"\u00c9crit par\" \/>\n\t<meta name=\"twitter:data1\" content=\"Damien Dellerba\" \/>\n\t<meta name=\"twitter:label2\" content=\"Dur\u00e9e de lecture estim\u00e9e\" \/>\n\t<meta name=\"twitter:data2\" content=\"1 minute\" \/>\n<script type=\"application\/ld+json\" class=\"yoast-schema-graph\">{\"@context\":\"https:\/\/schema.org\",\"@graph\":[{\"@type\":\"WebPage\",\"@id\":\"https:\/\/www.ladiagonale.net\/index.php\/2023\/11\/19\/les-u17-repris-sur-le-fil-par-le-gazelec-ajaccio\/\",\"url\":\"https:\/\/www.ladiagonale.net\/index.php\/2023\/11\/19\/les-u17-repris-sur-le-fil-par-le-gazelec-ajaccio\/\",\"name\":\"Les U17 repris sur le fil par le Gaz\u00e9lec Ajaccio - La Diagonale\",\"isPartOf\":{\"@id\":\"https:\/\/www.ladiagonale.net\/#website\"},\"datePublished\":\"2023-11-19T16:39:41+00:00\",\"dateModified\":\"2023-11-19T16:39:45+00:00\",\"author\":{\"@id\":\"https:\/\/www.ladiagonale.net\/#\/schema\/person\/79ff1e7b0853ed01b2aa26e64ad300bf\"},\"breadcrumb\":{\"@id\":\"https:\/\/www.ladiagonale.net\/index.php\/2023\/11\/19\/les-u17-repris-sur-le-fil-par-le-gazelec-ajaccio\/#breadcrumb\"},\"inLanguage\":\"fr-FR\",\"potentialAction\":[{\"@type\":\"ReadAction\",\"target\":[\"https:\/\/www.ladiagonale.net\/index.php\/2023\/11\/19\/les-u17-repris-sur-le-fil-par-le-gazelec-ajaccio\/\"]}]},{\"@type\":\"BreadcrumbList\",\"@id\":\"https:\/\/www.ladiagonale.net\/index.php\/2023\/11\/19\/les-u17-repris-sur-le-fil-par-le-gazelec-ajaccio\/#breadcrumb\",\"itemListElement\":[{\"@type\":\"ListItem\",\"position\":1,\"name\":\"Accueil\",\"item\":\"https:\/\/www.ladiagonale.net\/\"},{\"@type\":\"ListItem\",\"position\":2,\"name\":\"Les U17 repris sur le fil par le Gaz\u00e9lec Ajaccio\"}]},{\"@type\":\"WebSite\",\"@id\":\"https:\/\/www.ladiagonale.net\/#website\",\"url\":\"https:\/\/www.ladiagonale.net\/\",\"name\":\"La Diagonale\",\"description\":\"Le site des supporters de l&#039;AS Monaco FC\",\"potentialAction\":[{\"@type\":\"SearchAction\",\"target\":{\"@type\":\"EntryPoint\",\"urlTemplate\":\"https:\/\/www.ladiagonale.net\/?s={search_term_string}\"},\"query-input\":\"required name=search_term_string\"}],\"inLanguage\":\"fr-FR\"},{\"@type\":\"Person\",\"@id\":\"https:\/\/www.ladiagonale.net\/#\/schema\/person\/79ff1e7b0853ed01b2aa26e64ad300bf\",\"name\":\"Damien Dellerba\",\"image\":{\"@type\":\"ImageObject\",\"inLanguage\":\"fr-FR\",\"@id\":\"https:\/\/www.ladiagonale.net\/#\/schema\/person\/image\/\",\"url\":\"https:\/\/secure.gravatar.com\/avatar\/c7850e06d3ff63cdbaee88b7fc16e2f0?s=96&d=mm&r=g\",\"contentUrl\":\"https:\/\/secure.gravatar.com\/avatar\/c7850e06d3ff63cdbaee88b7fc16e2f0?s=96&d=mm&r=g\",\"caption\":\"Damien Dellerba\"},\"url\":\"https:\/\/www.ladiagonale.net\/index.php\/author\/damien\/\"}]}<\/script>\n<!-- \/ Yoast SEO plugin. -->","yoast_head_json":{"title":"Les U17 repris sur le fil par le Gaz\u00e9lec Ajaccio - La Diagonale","robots":{"index":"index","follow":"follow","max-snippet":"max-snippet:-1","max-image-preview":"max-image-preview:large","max-video-preview":"max-video-preview:-1"},"canonical":"https:\/\/www.ladiagonale.net\/index.php\/2023\/11\/19\/les-u17-repris-sur-le-fil-par-le-gazelec-ajaccio\/","og_locale":"fr_FR","og_type":"article","og_title":"Les U17 repris sur le fil par le Gaz\u00e9lec Ajaccio - La Diagonale","og_description":"Les U17 n&rsquo;\u00e9taient pas loin de venger leurs a\u00een\u00e9s U19, d\u00e9faits la veille par le Gaz\u00e9lec Ajaccio, mais les hommes de Manu Dos Santos n&rsquo;y sont pas parvenus (1-1). Alors que les Rouge et Blanc ont rapidement men\u00e9 lors de cette rencontre de la 12e journ\u00e9e de championnat, gr\u00e2ce \u00e0 une r\u00e9alisation de Wassim Moussaoui [...]","og_url":"https:\/\/www.ladiagonale.net\/index.php\/2023\/11\/19\/les-u17-repris-sur-le-fil-par-le-gazelec-ajaccio\/","og_site_name":"La Diagonale","article_published_time":"2023-11-19T16:39:41+00:00","article_modified_time":"2023-11-19T16:39:45+00:00","og_image":[{"width":1160,"height":650,"url":"https:\/\/www.ladiagonale.net\/wp-content\/uploads\/2023\/09\/dodo.png","type":"image\/png"}],"author":"Damien Dellerba","twitter_card":"summary_large_image","twitter_image":"https:\/\/www.ladiagonale.net\/wp-content\/uploads\/2023\/09\/dodo.png","twitter_misc":{"\u00c9crit par":"Damien Dellerba","Dur\u00e9e de lecture estim\u00e9e":"1 minute"},"schema":{"@context":"https:\/\/schema.org","@graph":[{"@type":"WebPage","@id":"https:\/\/www.ladiagonale.net\/index.php\/2023\/11\/19\/les-u17-repris-sur-le-fil-par-le-gazelec-ajaccio\/","url":"https:\/\/www.ladiagonale.net\/index.php\/2023\/11\/19\/les-u17-repris-sur-le-fil-par-le-gazelec-ajaccio\/","name":"Les U17 repris sur le fil par le Gaz\u00e9lec Ajaccio - La Diagonale","isPartOf":{"@id":"https:\/\/www.ladiagonale.net\/#website"},"datePublished":"2023-11-19T16:39:41+00:00","dateModified":"2023-11-19T16:39:45+00:00","author":{"@id":"https:\/\/www.ladiagonale.net\/#\/schema\/person\/79ff1e7b0853ed01b2aa26e64ad300bf"},"breadcrumb":{"@id":"https:\/\/www.ladiagonale.net\/index.php\/2023\/11\/19\/les-u17-repris-sur-le-fil-par-le-gazelec-ajaccio\/#breadcrumb"},"inLanguage":"fr-FR","potentialAction":[{"@type":"ReadAction","target":["https:\/\/www.ladiagonale.net\/index.php\/2023\/11\/19\/les-u17-repris-sur-le-fil-par-le-gazelec-ajaccio\/"]}]},{"@type":"BreadcrumbList","@id":"https:\/\/www.ladiagonale.net\/index.php\/2023\/11\/19\/les-u17-repris-sur-le-fil-par-le-gazelec-ajaccio\/#breadcrumb","itemListElement":[{"@type":"ListItem","position":1,"name":"Accueil","item":"https:\/\/www.ladiagonale.net\/"},{"@type":"ListItem","position":2,"name":"Les U17 repris sur le fil par le Gaz\u00e9lec Ajaccio"}]},{"@type":"WebSite","@id":"https:\/\/www.ladiagonale.net\/#website","url":"https:\/\/www.ladiagonale.net\/","name":"La Diagonale","description":"Le site des supporters de l&#039;AS Monaco FC","potentialAction":[{"@type":"SearchAction","target":{"@type":"EntryPoint","urlTemplate":"https:\/\/www.ladiagonale.net\/?s={search_term_string}"},"query-input":"required name=search_term_string"}],"inLanguage":"fr-FR"},{"@type":"Person","@id":"https:\/\/www.ladiagonale.net\/#\/schema\/person\/79ff1e7b0853ed01b2aa26e64ad300bf","name":"Damien Dellerba","image":{"@type":"ImageObject","inLanguage":"fr-FR","@id":"https:\/\/www.ladiagonale.net\/#\/schema\/person\/image\/","url":"https:\/\/secure.gravatar.com\/avatar\/c7850e06d3ff63cdbaee88b7fc16e2f0?s=96&d=mm&r=g","contentUrl":"https:\/\/secure.gravatar.com\/avatar\/c7850e06d3ff63cdbaee88b7fc16e2f0?s=96&d=mm&r=g","caption":"Damien Dellerba"},"url":"https:\/\/www.ladiagonale.net\/index.php\/author\/damien\/"}]}},"_links":{"self":[{"href":"https:\/\/www.ladiagonale.net\/index.php\/wp-json\/wp\/v2\/posts\/18309"}],"collection":[{"href":"https:\/\/www.ladiagonale.net\/index.php\/wp-json\/wp\/v2\/posts"}],"about":[{"href":"https:\/\/www.ladiagonale.net\/index.php\/wp-json\/wp\/v2\/types\/post"}],"author":[{"embeddable":true,"href":"https:\/\/www.ladiagonale.net\/index.php\/wp-json\/wp\/v2\/users\/2"}],"replies":[{"embeddable":true,"href":"https:\/\/www.ladiagonale.net\/index.php\/wp-json\/wp\/v2\/comments?post=18309"}],"version-history":[{"count":1,"href":"https:\/\/www.ladiagonale.net\/index.php\/wp-json\/wp\/v2\/posts\/18309\/revisions"}],"predecessor-version":[{"id":18311,"href":"https:\/\/www.ladiagonale.net\/index.php\/wp-json\/wp\/v2\/posts\/18309\/revisions\/18311"}],"wp:attachment":[{"href":"https:\/\/www.ladiagonale.net\/index.php\/wp-json\/wp\/v2\/media?parent=18309"}],"wp:term":[{"taxonomy":"category","embeddable":true,"href":"https:\/\/www.ladiagonale.net\/index.php\/wp-json\/wp\/v2\/categories?post=18309"},{"taxonomy":"post_tag","embeddable":true,"href":"https:\/\/www.ladiagonale.net\/index.php\/wp-json\/wp\/v2\/tags?post=18309"}],"curies":[{"name":"wp","href":"https:\/\/api.w.org\/{rel}","templated":true}]}}