{"id":18337,"date":"2023-11-21T08:22:00","date_gmt":"2023-11-21T07:22:00","guid":{"rendered":"https:\/\/www.ladiagonale.net\/?p=18337"},"modified":"2023-11-21T14:40:26","modified_gmt":"2023-11-21T13:40:26","slug":"singo-remplacant-camara-absent","status":"publish","type":"post","link":"https:\/\/www.ladiagonale.net\/index.php\/2023\/11\/21\/singo-remplacant-camara-absent\/","title":{"rendered":"Singo rempla\u00e7ant, Camara absent"},"content":{"rendered":"\n\n\n<p>Wilfried Singo n&rsquo;aura pas beaucoup jou\u00e9 au cours de cette tr\u00eave internationale. Apr\u00e8s avoir regard\u00e9 ses co\u00e9quipiers \u00e9craser les Seychelles (9-0) depuis le banc de touche, il n&rsquo;est entr\u00e9 en jeu que dans les tout derniers instants de la rencontre entre la C\u00f4te d&rsquo;Ivoire et la Gambie (2-0), alors que Serge Aurier \u00e9tait titulaire. Les Ivoiriens comptent deux victoires en deux matches et sont en t\u00eate de leur groupe des \u00e9liminatoires de la Coupe du monde 2026, \u00e0 \u00e9galit\u00e9 avec le Gabon.<\/p>\n\n\n\n<p>Alors qu&rsquo;il avait pris part \u00e0 l&rsquo;enti\u00e8ret\u00e9 de la rencontre face au Tchad, Mohamed Camara n&rsquo;\u00e9tait pas sur la feuille de match contre la R\u00e9publique centrafricaine (1-1). Une absence dont la nature n&rsquo;a pas \u00e9t\u00e9 pr\u00e9cis\u00e9e et qui pourrait nourrir quelques inqui\u00e9tudes \u00e0 quelques jours de la rencontre face au PSG. Pour cette rencontre, l&rsquo;ASM sera d\u00e9j\u00e0 priv\u00e9e de Youssouf Fofana au milieu de terrain, suspendu.<\/p>\n","protected":false},"excerpt":{"rendered":"<p>Wilfried Singo n&rsquo;aura pas beaucoup jou\u00e9 au cours de cette tr\u00eave internationale. Apr\u00e8s avoir regard\u00e9 ses co\u00e9quipiers \u00e9craser les Seychelles (9-0) depuis le banc de touche, il n&rsquo;est entr\u00e9 en jeu que dans les tout derniers instants de la rencontre entre la C\u00f4te d&rsquo;Ivoire et la Gambie (2-0), alors que Serge Aurier \u00e9tait titulaire. Les [&#8230;]\n","protected":false},"author":2,"featured_media":0,"comment_status":"open","ping_status":"open","sticky":false,"template":"","format":"standard","meta":[],"categories":[6],"tags":[86,143,116,665],"yoast_head":"<!-- This site is optimized with the Yoast SEO plugin v19.8 - https:\/\/yoast.com\/wordpress\/plugins\/seo\/ -->\n<title>Singo rempla\u00e7ant, Camara absent - La Diagonale<\/title>\n<meta name=\"robots\" content=\"index, follow, max-snippet:-1, max-image-preview:large, max-video-preview:-1\" \/>\n<link rel=\"canonical\" href=\"https:\/\/www.ladiagonale.net\/index.php\/2023\/11\/21\/singo-remplacant-camara-absent\/\" \/>\n<meta property=\"og:locale\" content=\"fr_FR\" \/>\n<meta property=\"og:type\" content=\"article\" \/>\n<meta property=\"og:title\" content=\"Singo rempla\u00e7ant, Camara absent - La Diagonale\" \/>\n<meta property=\"og:description\" content=\"Wilfried Singo n&rsquo;aura pas beaucoup jou\u00e9 au cours de cette tr\u00eave internationale. Apr\u00e8s avoir regard\u00e9 ses co\u00e9quipiers \u00e9craser les Seychelles (9-0) depuis le banc de touche, il n&rsquo;est entr\u00e9 en jeu que dans les tout derniers instants de la rencontre entre la C\u00f4te d&rsquo;Ivoire et la Gambie (2-0), alors que Serge Aurier \u00e9tait titulaire. Les [...]\" \/>\n<meta property=\"og:url\" content=\"https:\/\/www.ladiagonale.net\/index.php\/2023\/11\/21\/singo-remplacant-camara-absent\/\" \/>\n<meta property=\"og:site_name\" content=\"La Diagonale\" \/>\n<meta property=\"article:published_time\" content=\"2023-11-21T07:22:00+00:00\" \/>\n<meta property=\"article:modified_time\" content=\"2023-11-21T13:40:26+00:00\" \/>\n<meta property=\"og:image\" content=\"https:\/\/www.ladiagonale.net\/wp-content\/uploads\/2023\/03\/camara-mali.png\" \/>\n\t<meta property=\"og:image:width\" content=\"1160\" \/>\n\t<meta property=\"og:image:height\" content=\"650\" \/>\n\t<meta property=\"og:image:type\" content=\"image\/png\" \/>\n<meta name=\"author\" content=\"Damien Dellerba\" \/>\n<meta name=\"twitter:card\" content=\"summary_large_image\" \/>\n<meta name=\"twitter:image\" content=\"https:\/\/www.ladiagonale.net\/wp-content\/uploads\/2023\/03\/camara-mali.png\" \/>\n<meta name=\"twitter:label1\" content=\"\u00c9crit par\" \/>\n\t<meta name=\"twitter:data1\" content=\"Damien Dellerba\" \/>\n\t<meta name=\"twitter:label2\" content=\"Dur\u00e9e de lecture estim\u00e9e\" \/>\n\t<meta name=\"twitter:data2\" content=\"1 minute\" \/>\n<script type=\"application\/ld+json\" class=\"yoast-schema-graph\">{\"@context\":\"https:\/\/schema.org\",\"@graph\":[{\"@type\":\"WebPage\",\"@id\":\"https:\/\/www.ladiagonale.net\/index.php\/2023\/11\/21\/singo-remplacant-camara-absent\/\",\"url\":\"https:\/\/www.ladiagonale.net\/index.php\/2023\/11\/21\/singo-remplacant-camara-absent\/\",\"name\":\"Singo rempla\u00e7ant, Camara absent - La Diagonale\",\"isPartOf\":{\"@id\":\"https:\/\/www.ladiagonale.net\/#website\"},\"datePublished\":\"2023-11-21T07:22:00+00:00\",\"dateModified\":\"2023-11-21T13:40:26+00:00\",\"author\":{\"@id\":\"https:\/\/www.ladiagonale.net\/#\/schema\/person\/79ff1e7b0853ed01b2aa26e64ad300bf\"},\"breadcrumb\":{\"@id\":\"https:\/\/www.ladiagonale.net\/index.php\/2023\/11\/21\/singo-remplacant-camara-absent\/#breadcrumb\"},\"inLanguage\":\"fr-FR\",\"potentialAction\":[{\"@type\":\"ReadAction\",\"target\":[\"https:\/\/www.ladiagonale.net\/index.php\/2023\/11\/21\/singo-remplacant-camara-absent\/\"]}]},{\"@type\":\"BreadcrumbList\",\"@id\":\"https:\/\/www.ladiagonale.net\/index.php\/2023\/11\/21\/singo-remplacant-camara-absent\/#breadcrumb\",\"itemListElement\":[{\"@type\":\"ListItem\",\"position\":1,\"name\":\"Accueil\",\"item\":\"https:\/\/www.ladiagonale.net\/\"},{\"@type\":\"ListItem\",\"position\":2,\"name\":\"Singo rempla\u00e7ant, Camara absent\"}]},{\"@type\":\"WebSite\",\"@id\":\"https:\/\/www.ladiagonale.net\/#website\",\"url\":\"https:\/\/www.ladiagonale.net\/\",\"name\":\"La Diagonale\",\"description\":\"Le site des supporters de l&#039;AS Monaco FC\",\"potentialAction\":[{\"@type\":\"SearchAction\",\"target\":{\"@type\":\"EntryPoint\",\"urlTemplate\":\"https:\/\/www.ladiagonale.net\/?s={search_term_string}\"},\"query-input\":\"required name=search_term_string\"}],\"inLanguage\":\"fr-FR\"},{\"@type\":\"Person\",\"@id\":\"https:\/\/www.ladiagonale.net\/#\/schema\/person\/79ff1e7b0853ed01b2aa26e64ad300bf\",\"name\":\"Damien Dellerba\",\"image\":{\"@type\":\"ImageObject\",\"inLanguage\":\"fr-FR\",\"@id\":\"https:\/\/www.ladiagonale.net\/#\/schema\/person\/image\/\",\"url\":\"https:\/\/secure.gravatar.com\/avatar\/c7850e06d3ff63cdbaee88b7fc16e2f0?s=96&d=mm&r=g\",\"contentUrl\":\"https:\/\/secure.gravatar.com\/avatar\/c7850e06d3ff63cdbaee88b7fc16e2f0?s=96&d=mm&r=g\",\"caption\":\"Damien Dellerba\"},\"url\":\"https:\/\/www.ladiagonale.net\/index.php\/author\/damien\/\"}]}<\/script>\n<!-- \/ Yoast SEO plugin. -->","yoast_head_json":{"title":"Singo rempla\u00e7ant, Camara absent - La Diagonale","robots":{"index":"index","follow":"follow","max-snippet":"max-snippet:-1","max-image-preview":"max-image-preview:large","max-video-preview":"max-video-preview:-1"},"canonical":"https:\/\/www.ladiagonale.net\/index.php\/2023\/11\/21\/singo-remplacant-camara-absent\/","og_locale":"fr_FR","og_type":"article","og_title":"Singo rempla\u00e7ant, Camara absent - La Diagonale","og_description":"Wilfried Singo n&rsquo;aura pas beaucoup jou\u00e9 au cours de cette tr\u00eave internationale. Apr\u00e8s avoir regard\u00e9 ses co\u00e9quipiers \u00e9craser les Seychelles (9-0) depuis le banc de touche, il n&rsquo;est entr\u00e9 en jeu que dans les tout derniers instants de la rencontre entre la C\u00f4te d&rsquo;Ivoire et la Gambie (2-0), alors que Serge Aurier \u00e9tait titulaire. Les [...]","og_url":"https:\/\/www.ladiagonale.net\/index.php\/2023\/11\/21\/singo-remplacant-camara-absent\/","og_site_name":"La Diagonale","article_published_time":"2023-11-21T07:22:00+00:00","article_modified_time":"2023-11-21T13:40:26+00:00","og_image":[{"width":1160,"height":650,"url":"https:\/\/www.ladiagonale.net\/wp-content\/uploads\/2023\/03\/camara-mali.png","type":"image\/png"}],"author":"Damien Dellerba","twitter_card":"summary_large_image","twitter_image":"https:\/\/www.ladiagonale.net\/wp-content\/uploads\/2023\/03\/camara-mali.png","twitter_misc":{"\u00c9crit par":"Damien Dellerba","Dur\u00e9e de lecture estim\u00e9e":"1 minute"},"schema":{"@context":"https:\/\/schema.org","@graph":[{"@type":"WebPage","@id":"https:\/\/www.ladiagonale.net\/index.php\/2023\/11\/21\/singo-remplacant-camara-absent\/","url":"https:\/\/www.ladiagonale.net\/index.php\/2023\/11\/21\/singo-remplacant-camara-absent\/","name":"Singo rempla\u00e7ant, Camara absent - La Diagonale","isPartOf":{"@id":"https:\/\/www.ladiagonale.net\/#website"},"datePublished":"2023-11-21T07:22:00+00:00","dateModified":"2023-11-21T13:40:26+00:00","author":{"@id":"https:\/\/www.ladiagonale.net\/#\/schema\/person\/79ff1e7b0853ed01b2aa26e64ad300bf"},"breadcrumb":{"@id":"https:\/\/www.ladiagonale.net\/index.php\/2023\/11\/21\/singo-remplacant-camara-absent\/#breadcrumb"},"inLanguage":"fr-FR","potentialAction":[{"@type":"ReadAction","target":["https:\/\/www.ladiagonale.net\/index.php\/2023\/11\/21\/singo-remplacant-camara-absent\/"]}]},{"@type":"BreadcrumbList","@id":"https:\/\/www.ladiagonale.net\/index.php\/2023\/11\/21\/singo-remplacant-camara-absent\/#breadcrumb","itemListElement":[{"@type":"ListItem","position":1,"name":"Accueil","item":"https:\/\/www.ladiagonale.net\/"},{"@type":"ListItem","position":2,"name":"Singo rempla\u00e7ant, Camara absent"}]},{"@type":"WebSite","@id":"https:\/\/www.ladiagonale.net\/#website","url":"https:\/\/www.ladiagonale.net\/","name":"La Diagonale","description":"Le site des supporters de l&#039;AS Monaco FC","potentialAction":[{"@type":"SearchAction","target":{"@type":"EntryPoint","urlTemplate":"https:\/\/www.ladiagonale.net\/?s={search_term_string}"},"query-input":"required name=search_term_string"}],"inLanguage":"fr-FR"},{"@type":"Person","@id":"https:\/\/www.ladiagonale.net\/#\/schema\/person\/79ff1e7b0853ed01b2aa26e64ad300bf","name":"Damien Dellerba","image":{"@type":"ImageObject","inLanguage":"fr-FR","@id":"https:\/\/www.ladiagonale.net\/#\/schema\/person\/image\/","url":"https:\/\/secure.gravatar.com\/avatar\/c7850e06d3ff63cdbaee88b7fc16e2f0?s=96&d=mm&r=g","contentUrl":"https:\/\/secure.gravatar.com\/avatar\/c7850e06d3ff63cdbaee88b7fc16e2f0?s=96&d=mm&r=g","caption":"Damien Dellerba"},"url":"https:\/\/www.ladiagonale.net\/index.php\/author\/damien\/"}]}},"_links":{"self":[{"href":"https:\/\/www.ladiagonale.net\/index.php\/wp-json\/wp\/v2\/posts\/18337"}],"collection":[{"href":"https:\/\/www.ladiagonale.net\/index.php\/wp-json\/wp\/v2\/posts"}],"about":[{"href":"https:\/\/www.ladiagonale.net\/index.php\/wp-json\/wp\/v2\/types\/post"}],"author":[{"embeddable":true,"href":"https:\/\/www.ladiagonale.net\/index.php\/wp-json\/wp\/v2\/users\/2"}],"replies":[{"embeddable":true,"href":"https:\/\/www.ladiagonale.net\/index.php\/wp-json\/wp\/v2\/comments?post=18337"}],"version-history":[{"count":2,"href":"https:\/\/www.ladiagonale.net\/index.php\/wp-json\/wp\/v2\/posts\/18337\/revisions"}],"predecessor-version":[{"id":18339,"href":"https:\/\/www.ladiagonale.net\/index.php\/wp-json\/wp\/v2\/posts\/18337\/revisions\/18339"}],"wp:attachment":[{"href":"https:\/\/www.ladiagonale.net\/index.php\/wp-json\/wp\/v2\/media?parent=18337"}],"wp:term":[{"taxonomy":"category","embeddable":true,"href":"https:\/\/www.ladiagonale.net\/index.php\/wp-json\/wp\/v2\/categories?post=18337"},{"taxonomy":"post_tag","embeddable":true,"href":"https:\/\/www.ladiagonale.net\/index.php\/wp-json\/wp\/v2\/tags?post=18337"}],"curies":[{"name":"wp","href":"https:\/\/api.w.org\/{rel}","templated":true}]}}