{"id":18372,"date":"2023-11-21T22:41:10","date_gmt":"2023-11-21T21:41:10","guid":{"rendered":"https:\/\/www.ladiagonale.net\/?p=18372"},"modified":"2023-11-22T01:53:58","modified_gmt":"2023-11-22T00:53:58","slug":"fofana-encore-buteur-en-bleu","status":"publish","type":"post","link":"https:\/\/www.ladiagonale.net\/index.php\/2023\/11\/21\/fofana-encore-buteur-en-bleu\/","title":{"rendered":"Fofana encore buteur en bleu"},"content":{"rendered":"\n<p>Il y a un peu plus d&rsquo;un an, Youssouf Fofana avait d\u00e9finitivement gagn\u00e9 sa place pour la Coupe du monde. Lors de cette tr\u00eave internationale, \u00e0 l&rsquo;occasion de la fin des qualifications \u00e0 l&rsquo;Euro 2024, le Mon\u00e9gasque a cette fois fait un grand pas vers la comp\u00e9tition continentale l&rsquo;\u00e9t\u00e9 prochain. Le milieu de 24 ans a de nouveau marqu\u00e9 lors du match nul de la France en Gr\u00e8ce (2-2) ce mardi.<\/p>\n\n\n\n<p>Alors que les Fran\u00e7ais avaient \u00e9t\u00e9 renvers\u00e9s par les Grecs en cinq minutes, Fofana a r\u00e9ussi \u00e0 \u00e9galiser d&rsquo;une frappe surpuissante des 25 m\u00e8tres, sous la transversale (74e). Muet lors de ses 13 premi\u00e8res s\u00e9lections, il a ainsi encha\u00een\u00e9 deux rencontres en marquant, apr\u00e8s l&rsquo;avoir d\u00e9j\u00e0 r\u00e9ussi samedi contre Gibraltar (14-0). Cette fois, le joueur de l&rsquo;AS Monaco \u00e9tait titulaire et a jou\u00e9 les 90 minutes, \u00e9copant par ailleurs d&rsquo;un avertissement pour un accrochage (55e).<\/p>\n\n\n\n<p>Au-del\u00e0 de sa r\u00e9alisation, Fofana a aussi \u00e9t\u00e9 int\u00e9ressant dans le jeu. Il a \u00e9t\u00e9 avant-dernier passeur sur le premier but (42e), avec une prise d&rsquo;initiative balle au pied, et deux de ses ouvertures auraient pu se transformer en passes d\u00e9cisives. Comme trois jours plus t\u00f4t, il a \u00e9t\u00e9 le joueur qui a touch\u00e9 le plus de ballons sur la pelouse (120). L&rsquo;ASM ne pourra malheureusement pas profiter de sa forme vendredi \u00e0 Paris, o\u00f9 il sera suspendu.<\/p>\n\n\n\n<p>Adi H\u00fctter pourra se consoler avec un Denis Zakaria un peu plus frais, puisque le milieu de terrain suisse n&rsquo;a pas jou\u00e9 ce mardi contre la Roumanie. La <em>Nati<\/em> s&rsquo;est inclin\u00e9e pour son dernier match des \u00e9liminatoires (0-1) et termine \u00e0 une deuxi\u00e8me place de groupe un poil d\u00e9cevante.  <\/p>\n\n\n","protected":false},"excerpt":{"rendered":"<p>Il y a un peu plus d&rsquo;un an, Youssouf Fofana avait d\u00e9finitivement gagn\u00e9 sa place pour la Coupe du monde. Lors de cette tr\u00eave internationale, \u00e0 l&rsquo;occasion de la fin des qualifications \u00e0 l&rsquo;Euro 2024, le Mon\u00e9gasque a cette fois fait un grand pas vers la comp\u00e9tition continentale l&rsquo;\u00e9t\u00e9 prochain. Le milieu de 24 ans [&#8230;]\n","protected":false},"author":1,"featured_media":0,"comment_status":"open","ping_status":"open","sticky":false,"template":"","format":"standard","meta":[],"categories":[6],"tags":[86,83,116,176],"yoast_head":"<!-- This site is optimized with the Yoast SEO plugin v19.8 - https:\/\/yoast.com\/wordpress\/plugins\/seo\/ -->\n<title>Fofana encore buteur en bleu - La Diagonale<\/title>\n<meta name=\"robots\" content=\"index, follow, max-snippet:-1, max-image-preview:large, max-video-preview:-1\" \/>\n<link rel=\"canonical\" href=\"https:\/\/www.ladiagonale.net\/index.php\/2023\/11\/21\/fofana-encore-buteur-en-bleu\/\" \/>\n<meta property=\"og:locale\" content=\"fr_FR\" \/>\n<meta property=\"og:type\" content=\"article\" \/>\n<meta property=\"og:title\" content=\"Fofana encore buteur en bleu - La Diagonale\" \/>\n<meta property=\"og:description\" content=\"Il y a un peu plus d&rsquo;un an, Youssouf Fofana avait d\u00e9finitivement gagn\u00e9 sa place pour la Coupe du monde. Lors de cette tr\u00eave internationale, \u00e0 l&rsquo;occasion de la fin des qualifications \u00e0 l&rsquo;Euro 2024, le Mon\u00e9gasque a cette fois fait un grand pas vers la comp\u00e9tition continentale l&rsquo;\u00e9t\u00e9 prochain. Le milieu de 24 ans [...]\" \/>\n<meta property=\"og:url\" content=\"https:\/\/www.ladiagonale.net\/index.php\/2023\/11\/21\/fofana-encore-buteur-en-bleu\/\" \/>\n<meta property=\"og:site_name\" content=\"La Diagonale\" \/>\n<meta property=\"article:published_time\" content=\"2023-11-21T21:41:10+00:00\" \/>\n<meta property=\"article:modified_time\" content=\"2023-11-22T00:53:58+00:00\" \/>\n<meta property=\"og:image\" content=\"https:\/\/www.ladiagonale.net\/wp-content\/uploads\/2022\/11\/fofana-edf.png\" \/>\n\t<meta property=\"og:image:width\" content=\"1160\" \/>\n\t<meta property=\"og:image:height\" content=\"650\" \/>\n\t<meta property=\"og:image:type\" content=\"image\/png\" \/>\n<meta name=\"author\" content=\"admin\" \/>\n<meta name=\"twitter:card\" content=\"summary_large_image\" \/>\n<meta name=\"twitter:image\" content=\"https:\/\/www.ladiagonale.net\/wp-content\/uploads\/2022\/11\/fofana-edf.png\" \/>\n<meta name=\"twitter:label1\" content=\"\u00c9crit par\" \/>\n\t<meta name=\"twitter:data1\" content=\"admin\" \/>\n\t<meta name=\"twitter:label2\" content=\"Dur\u00e9e de lecture estim\u00e9e\" \/>\n\t<meta name=\"twitter:data2\" content=\"2 minutes\" \/>\n<script type=\"application\/ld+json\" class=\"yoast-schema-graph\">{\"@context\":\"https:\/\/schema.org\",\"@graph\":[{\"@type\":\"WebPage\",\"@id\":\"https:\/\/www.ladiagonale.net\/index.php\/2023\/11\/21\/fofana-encore-buteur-en-bleu\/\",\"url\":\"https:\/\/www.ladiagonale.net\/index.php\/2023\/11\/21\/fofana-encore-buteur-en-bleu\/\",\"name\":\"Fofana encore buteur en bleu - La Diagonale\",\"isPartOf\":{\"@id\":\"https:\/\/www.ladiagonale.net\/#website\"},\"datePublished\":\"2023-11-21T21:41:10+00:00\",\"dateModified\":\"2023-11-22T00:53:58+00:00\",\"author\":{\"@id\":\"https:\/\/www.ladiagonale.net\/#\/schema\/person\/03fa041acd51875ece8bf97a37252a4d\"},\"breadcrumb\":{\"@id\":\"https:\/\/www.ladiagonale.net\/index.php\/2023\/11\/21\/fofana-encore-buteur-en-bleu\/#breadcrumb\"},\"inLanguage\":\"fr-FR\",\"potentialAction\":[{\"@type\":\"ReadAction\",\"target\":[\"https:\/\/www.ladiagonale.net\/index.php\/2023\/11\/21\/fofana-encore-buteur-en-bleu\/\"]}]},{\"@type\":\"BreadcrumbList\",\"@id\":\"https:\/\/www.ladiagonale.net\/index.php\/2023\/11\/21\/fofana-encore-buteur-en-bleu\/#breadcrumb\",\"itemListElement\":[{\"@type\":\"ListItem\",\"position\":1,\"name\":\"Accueil\",\"item\":\"https:\/\/www.ladiagonale.net\/\"},{\"@type\":\"ListItem\",\"position\":2,\"name\":\"Fofana encore buteur en bleu\"}]},{\"@type\":\"WebSite\",\"@id\":\"https:\/\/www.ladiagonale.net\/#website\",\"url\":\"https:\/\/www.ladiagonale.net\/\",\"name\":\"La Diagonale\",\"description\":\"Le site des supporters de l&#039;AS Monaco FC\",\"potentialAction\":[{\"@type\":\"SearchAction\",\"target\":{\"@type\":\"EntryPoint\",\"urlTemplate\":\"https:\/\/www.ladiagonale.net\/?s={search_term_string}\"},\"query-input\":\"required name=search_term_string\"}],\"inLanguage\":\"fr-FR\"},{\"@type\":\"Person\",\"@id\":\"https:\/\/www.ladiagonale.net\/#\/schema\/person\/03fa041acd51875ece8bf97a37252a4d\",\"name\":\"admin\",\"image\":{\"@type\":\"ImageObject\",\"inLanguage\":\"fr-FR\",\"@id\":\"https:\/\/www.ladiagonale.net\/#\/schema\/person\/image\/\",\"url\":\"https:\/\/secure.gravatar.com\/avatar\/894b9daaf19cc759b072b6bb09cac5f2?s=96&d=mm&r=g\",\"contentUrl\":\"https:\/\/secure.gravatar.com\/avatar\/894b9daaf19cc759b072b6bb09cac5f2?s=96&d=mm&r=g\",\"caption\":\"admin\"},\"sameAs\":[\"https:\/\/v2.ladiagonale.net\"],\"url\":\"https:\/\/www.ladiagonale.net\/index.php\/author\/admin\/\"}]}<\/script>\n<!-- \/ Yoast SEO plugin. -->","yoast_head_json":{"title":"Fofana encore buteur en bleu - La Diagonale","robots":{"index":"index","follow":"follow","max-snippet":"max-snippet:-1","max-image-preview":"max-image-preview:large","max-video-preview":"max-video-preview:-1"},"canonical":"https:\/\/www.ladiagonale.net\/index.php\/2023\/11\/21\/fofana-encore-buteur-en-bleu\/","og_locale":"fr_FR","og_type":"article","og_title":"Fofana encore buteur en bleu - La Diagonale","og_description":"Il y a un peu plus d&rsquo;un an, Youssouf Fofana avait d\u00e9finitivement gagn\u00e9 sa place pour la Coupe du monde. Lors de cette tr\u00eave internationale, \u00e0 l&rsquo;occasion de la fin des qualifications \u00e0 l&rsquo;Euro 2024, le Mon\u00e9gasque a cette fois fait un grand pas vers la comp\u00e9tition continentale l&rsquo;\u00e9t\u00e9 prochain. Le milieu de 24 ans [...]","og_url":"https:\/\/www.ladiagonale.net\/index.php\/2023\/11\/21\/fofana-encore-buteur-en-bleu\/","og_site_name":"La Diagonale","article_published_time":"2023-11-21T21:41:10+00:00","article_modified_time":"2023-11-22T00:53:58+00:00","og_image":[{"width":1160,"height":650,"url":"https:\/\/www.ladiagonale.net\/wp-content\/uploads\/2022\/11\/fofana-edf.png","type":"image\/png"}],"author":"admin","twitter_card":"summary_large_image","twitter_image":"https:\/\/www.ladiagonale.net\/wp-content\/uploads\/2022\/11\/fofana-edf.png","twitter_misc":{"\u00c9crit par":"admin","Dur\u00e9e de lecture estim\u00e9e":"2 minutes"},"schema":{"@context":"https:\/\/schema.org","@graph":[{"@type":"WebPage","@id":"https:\/\/www.ladiagonale.net\/index.php\/2023\/11\/21\/fofana-encore-buteur-en-bleu\/","url":"https:\/\/www.ladiagonale.net\/index.php\/2023\/11\/21\/fofana-encore-buteur-en-bleu\/","name":"Fofana encore buteur en bleu - La Diagonale","isPartOf":{"@id":"https:\/\/www.ladiagonale.net\/#website"},"datePublished":"2023-11-21T21:41:10+00:00","dateModified":"2023-11-22T00:53:58+00:00","author":{"@id":"https:\/\/www.ladiagonale.net\/#\/schema\/person\/03fa041acd51875ece8bf97a37252a4d"},"breadcrumb":{"@id":"https:\/\/www.ladiagonale.net\/index.php\/2023\/11\/21\/fofana-encore-buteur-en-bleu\/#breadcrumb"},"inLanguage":"fr-FR","potentialAction":[{"@type":"ReadAction","target":["https:\/\/www.ladiagonale.net\/index.php\/2023\/11\/21\/fofana-encore-buteur-en-bleu\/"]}]},{"@type":"BreadcrumbList","@id":"https:\/\/www.ladiagonale.net\/index.php\/2023\/11\/21\/fofana-encore-buteur-en-bleu\/#breadcrumb","itemListElement":[{"@type":"ListItem","position":1,"name":"Accueil","item":"https:\/\/www.ladiagonale.net\/"},{"@type":"ListItem","position":2,"name":"Fofana encore buteur en bleu"}]},{"@type":"WebSite","@id":"https:\/\/www.ladiagonale.net\/#website","url":"https:\/\/www.ladiagonale.net\/","name":"La Diagonale","description":"Le site des supporters de l&#039;AS Monaco FC","potentialAction":[{"@type":"SearchAction","target":{"@type":"EntryPoint","urlTemplate":"https:\/\/www.ladiagonale.net\/?s={search_term_string}"},"query-input":"required name=search_term_string"}],"inLanguage":"fr-FR"},{"@type":"Person","@id":"https:\/\/www.ladiagonale.net\/#\/schema\/person\/03fa041acd51875ece8bf97a37252a4d","name":"admin","image":{"@type":"ImageObject","inLanguage":"fr-FR","@id":"https:\/\/www.ladiagonale.net\/#\/schema\/person\/image\/","url":"https:\/\/secure.gravatar.com\/avatar\/894b9daaf19cc759b072b6bb09cac5f2?s=96&d=mm&r=g","contentUrl":"https:\/\/secure.gravatar.com\/avatar\/894b9daaf19cc759b072b6bb09cac5f2?s=96&d=mm&r=g","caption":"admin"},"sameAs":["https:\/\/v2.ladiagonale.net"],"url":"https:\/\/www.ladiagonale.net\/index.php\/author\/admin\/"}]}},"_links":{"self":[{"href":"https:\/\/www.ladiagonale.net\/index.php\/wp-json\/wp\/v2\/posts\/18372"}],"collection":[{"href":"https:\/\/www.ladiagonale.net\/index.php\/wp-json\/wp\/v2\/posts"}],"about":[{"href":"https:\/\/www.ladiagonale.net\/index.php\/wp-json\/wp\/v2\/types\/post"}],"author":[{"embeddable":true,"href":"https:\/\/www.ladiagonale.net\/index.php\/wp-json\/wp\/v2\/users\/1"}],"replies":[{"embeddable":true,"href":"https:\/\/www.ladiagonale.net\/index.php\/wp-json\/wp\/v2\/comments?post=18372"}],"version-history":[{"count":4,"href":"https:\/\/www.ladiagonale.net\/index.php\/wp-json\/wp\/v2\/posts\/18372\/revisions"}],"predecessor-version":[{"id":18377,"href":"https:\/\/www.ladiagonale.net\/index.php\/wp-json\/wp\/v2\/posts\/18372\/revisions\/18377"}],"wp:attachment":[{"href":"https:\/\/www.ladiagonale.net\/index.php\/wp-json\/wp\/v2\/media?parent=18372"}],"wp:term":[{"taxonomy":"category","embeddable":true,"href":"https:\/\/www.ladiagonale.net\/index.php\/wp-json\/wp\/v2\/categories?post=18372"},{"taxonomy":"post_tag","embeddable":true,"href":"https:\/\/www.ladiagonale.net\/index.php\/wp-json\/wp\/v2\/tags?post=18372"}],"curies":[{"name":"wp","href":"https:\/\/api.w.org\/{rel}","templated":true}]}}