{"id":18537,"date":"2023-11-25T08:48:00","date_gmt":"2023-11-25T07:48:00","guid":{"rendered":"https:\/\/www.ladiagonale.net\/?p=18537"},"modified":"2023-11-25T02:19:57","modified_gmt":"2023-11-25T01:19:57","slug":"les-notes-magassa-encore-trop-tendre","status":"publish","type":"post","link":"https:\/\/www.ladiagonale.net\/index.php\/2023\/11\/25\/les-notes-magassa-encore-trop-tendre\/","title":{"rendered":"Les notes : Magassa encore trop tendre"},"content":{"rendered":"\n\n\n<p><strong>Sans afficher un mauvais visage, Monaco est pass\u00e9 au travers et a \u00e9t\u00e9 puni par le PSG ce vendredi (2-5). Les Mon\u00e9gasques ont notamment fait trop d&rsquo;erreurs pour pouvoir esp\u00e9rer mieux et le c\u00f4t\u00e9 gauche de sa d\u00e9fense a souffert.<\/strong><\/p>\n\n\n\n<h4 class=\"wp-block-heading has-white-color has-vivid-red-background-color has-text-color has-background\">FLOPS<\/h4>\n\n\n\n<div class=\"wp-block-media-text alignwide is-stacked-on-mobile\" style=\"grid-template-columns:30% auto\"><figure class=\"wp-block-media-text__media\"><img loading=\"lazy\" width=\"400\" height=\"400\" src=\"https:\/\/www.ladiagonale.net\/wp-content\/uploads\/2023\/10\/Magassa3.png\" alt=\"\" class=\"wp-image-16892 size-full\" srcset=\"https:\/\/www.ladiagonale.net\/wp-content\/uploads\/2023\/10\/Magassa3.png 400w, https:\/\/www.ladiagonale.net\/wp-content\/uploads\/2023\/10\/Magassa3-300x300.png 300w, https:\/\/www.ladiagonale.net\/wp-content\/uploads\/2023\/10\/Magassa3-150x150.png 150w, https:\/\/www.ladiagonale.net\/wp-content\/uploads\/2023\/10\/Magassa3-128x128.png 128w, https:\/\/www.ladiagonale.net\/wp-content\/uploads\/2023\/10\/Magassa3-32x32.png 32w\" sizes=\"(max-width: 400px) 100vw, 400px\" \/><\/figure><div class=\"wp-block-media-text__content\">\n<p style=\"font-size:16px\"><strong>Soungoutou Magassa<\/strong><\/p>\n\n\n\n<p style=\"font-size:15px\">Son bon d\u00e9but de saison semble loin et le jeune Magassa est toujours \u00e0 la recherche d&rsquo;un second souffle. D\u00e8s l&rsquo;entame de match, il a \u00e9t\u00e9 en difficult\u00e9 dans les compensations lorsque les Parisiens ont jou\u00e9 entre lui et Jakobs et \u00e0 trop \u00eatre \u00e0 la limite, il a fini par craquer. Il est bien trop attentiste sur un ballon en pleine surface et provoque une faute sur Demb\u00e9l\u00e9 qui arrive derri\u00e8re lui. Il se fait aussi enrhumer sur le contr\u00f4le de l&rsquo;ancien Barcelonais qui am\u00e8ne le troisi\u00e8me but. L&rsquo;ouverture du score aurait pu se trouver au bout de la t\u00eate, alors qu&rsquo;il \u00e9tait seul dans la surface (10<sup>e<\/sup>). Le retour de Salisu dans les prochaines semaines devrait faire du bien \u00e0 la d\u00e9fense comme \u00e0 Magassa.<\/p>\n<\/div><\/div>\n\n\n\n<div style=\"height:50px\" aria-hidden=\"true\" class=\"wp-block-spacer\"><\/div>\n\n\n\n<div class=\"wp-block-media-text alignwide is-stacked-on-mobile\" style=\"grid-template-columns:30% auto\"><figure class=\"wp-block-media-text__media\"><img loading=\"lazy\" width=\"400\" height=\"400\" src=\"https:\/\/www.ladiagonale.net\/wp-content\/uploads\/2023\/10\/Jakobs3.png\" alt=\"\" class=\"wp-image-17654 size-full\" srcset=\"https:\/\/www.ladiagonale.net\/wp-content\/uploads\/2023\/10\/Jakobs3.png 400w, https:\/\/www.ladiagonale.net\/wp-content\/uploads\/2023\/10\/Jakobs3-300x300.png 300w, https:\/\/www.ladiagonale.net\/wp-content\/uploads\/2023\/10\/Jakobs3-150x150.png 150w, https:\/\/www.ladiagonale.net\/wp-content\/uploads\/2023\/10\/Jakobs3-128x128.png 128w, https:\/\/www.ladiagonale.net\/wp-content\/uploads\/2023\/10\/Jakobs3-32x32.png 32w\" sizes=\"(max-width: 400px) 100vw, 400px\" \/><\/figure><div class=\"wp-block-media-text__content\">\n<p style=\"font-size:16px\"><strong>Ismail Jakobs<\/strong><\/p>\n\n\n\n<p style=\"font-size:15px\">On pourrait dire qu&rsquo;avec Magassa, ils ne se sont rendu service ni \u00e0 l&rsquo;un ni \u00e0 l&rsquo;autre, mais la diff\u00e9rence avec le c\u00f4t\u00e9 droit, mieux verrouill\u00e9 par Singo et Vanderson pourtant confront\u00e9s aux d\u00e9centrages de Mbapp\u00e9, a \u00e9t\u00e9 criante. Demb\u00e9l\u00e9 et Hakimi ont attaqu\u00e9 r\u00e9guli\u00e8rement \u00e0 deux le c\u00f4t\u00e9 gauche de la d\u00e9fense mon\u00e9gasque et ils n\u2019ont pas rencontr\u00e9 une grande r\u00e9sistance. D\u00e9fensivement, Jakobs a laiss\u00e9 des boulevards dans son dos alors qu&rsquo;offensivement, ses rares centres n&rsquo;ont jamais \u00e9t\u00e9 dangereux.<\/p>\n<\/div><\/div>\n\n\n\n<div style=\"height:50px\" aria-hidden=\"true\" class=\"wp-block-spacer\"><\/div>\n\n\n\n<div class=\"wp-block-media-text alignwide is-stacked-on-mobile\" style=\"grid-template-columns:30% auto\"><figure class=\"wp-block-media-text__media\"><img loading=\"lazy\" width=\"400\" height=\"400\" src=\"https:\/\/www.ladiagonale.net\/wp-content\/uploads\/2023\/11\/Maripan4.png\" alt=\"\" class=\"wp-image-18538 size-full\" srcset=\"https:\/\/www.ladiagonale.net\/wp-content\/uploads\/2023\/11\/Maripan4.png 400w, https:\/\/www.ladiagonale.net\/wp-content\/uploads\/2023\/11\/Maripan4-300x300.png 300w, https:\/\/www.ladiagonale.net\/wp-content\/uploads\/2023\/11\/Maripan4-150x150.png 150w, https:\/\/www.ladiagonale.net\/wp-content\/uploads\/2023\/11\/Maripan4-128x128.png 128w, https:\/\/www.ladiagonale.net\/wp-content\/uploads\/2023\/11\/Maripan4-32x32.png 32w\" sizes=\"(max-width: 400px) 100vw, 400px\" \/><\/figure><div class=\"wp-block-media-text__content\">\n<p style=\"font-size:16px\"><strong>Guillermo Maripan<\/strong><\/p>\n\n\n\n<p style=\"font-size:15px\">Le Chilien avait beaucoup d&rsquo;heures de vol dans les pattes et sans doute pas beaucoup de jus. Cela s&rsquo;est vu, car il lui a manqu\u00e9 de tranchant dans les duels, qu&rsquo;il n&rsquo;a que tr\u00e8s peu remport\u00e9s (2\/8) y compris dans le domaine a\u00e9rien, son point fort (1\/4). Le quatri\u00e8me but parisien, qui a condamn\u00e9 l&rsquo;ASM, l&rsquo;illustre parfaitement puisqu&rsquo;il se fait avoir par Kolo Muani. Sur le dernier but, il rate totalement son d\u00e9gagement sur le centre d\u00e9vi\u00e9 par K\u00f6hn et qui aurait pu \u00e9viter une addition trop sal\u00e9e.<\/p>\n<\/div><\/div>\n\n\n\n<div style=\"height:50px\" aria-hidden=\"true\" class=\"wp-block-spacer\"><\/div>\n\n\n\n<div class=\"wp-block-media-text alignwide is-stacked-on-mobile\" style=\"grid-template-columns:30% auto\"><figure class=\"wp-block-media-text__media\"><img loading=\"lazy\" width=\"400\" height=\"400\" src=\"https:\/\/www.ladiagonale.net\/wp-content\/uploads\/2023\/10\/Camara4.png\" alt=\"\" class=\"wp-image-17382 size-full\" srcset=\"https:\/\/www.ladiagonale.net\/wp-content\/uploads\/2023\/10\/Camara4.png 400w, https:\/\/www.ladiagonale.net\/wp-content\/uploads\/2023\/10\/Camara4-300x300.png 300w, https:\/\/www.ladiagonale.net\/wp-content\/uploads\/2023\/10\/Camara4-150x150.png 150w, https:\/\/www.ladiagonale.net\/wp-content\/uploads\/2023\/10\/Camara4-128x128.png 128w, https:\/\/www.ladiagonale.net\/wp-content\/uploads\/2023\/10\/Camara4-32x32.png 32w\" sizes=\"(max-width: 400px) 100vw, 400px\" \/><\/figure><div class=\"wp-block-media-text__content\">\n<p style=\"font-size:16px\"><strong>Mohamed Camara<\/strong><\/p>\n\n\n\n<p style=\"font-size:15px\">Il a remplac\u00e9 Fofana suspendu et n&rsquo;a pas r\u00e9ussi \u00e0 combler le manque laiss\u00e9 par l&rsquo;international fran\u00e7ais. Le milieu de terrain malien a \u00e9t\u00e9 syst\u00e9matiquement mis en difficult\u00e9 balle au pied, avec de nombreuses pertes et ballons rendus \u00e0 l&rsquo;adversaire. Si tous les regards sont braqu\u00e9s sur Magassa pour le p\u00e9nalty conc\u00e9d\u00e9, c&rsquo;est aussi li\u00e9 \u00e0 un ballon renvoy\u00e9 que Camara ne parvient pas \u00e0 contr\u00f4ler. Dans les duels, il a \u00e9t\u00e9 plut\u00f4t correct (10\/15) mais l&rsquo;impression globale n&rsquo;est pas fameuse.<\/p>\n<\/div><\/div>\n\n\n\n<div style=\"height:50px\" aria-hidden=\"true\" class=\"wp-block-spacer\"><\/div>\n\n\n\n<div class=\"wp-block-media-text alignwide is-stacked-on-mobile\" style=\"grid-template-columns:30% auto\"><figure class=\"wp-block-media-text__media\"><img loading=\"lazy\" width=\"400\" height=\"400\" src=\"https:\/\/www.ladiagonale.net\/wp-content\/uploads\/2023\/08\/ko\u0308hn4.png\" alt=\"\" class=\"wp-image-15647 size-full\" srcset=\"https:\/\/www.ladiagonale.net\/wp-content\/uploads\/2023\/08\/ko\u0308hn4.png 400w, https:\/\/www.ladiagonale.net\/wp-content\/uploads\/2023\/08\/ko\u0308hn4-300x300.png 300w, https:\/\/www.ladiagonale.net\/wp-content\/uploads\/2023\/08\/ko\u0308hn4-150x150.png 150w, https:\/\/www.ladiagonale.net\/wp-content\/uploads\/2023\/08\/ko\u0308hn4-128x128.png 128w, https:\/\/www.ladiagonale.net\/wp-content\/uploads\/2023\/08\/ko\u0308hn4-32x32.png 32w\" sizes=\"(max-width: 400px) 100vw, 400px\" \/><\/figure><div class=\"wp-block-media-text__content\">\n<p style=\"font-size:16px\"><strong>Philpp K\u00f6hn<\/strong><\/p>\n\n\n\n<p style=\"font-size:15px\">Docteur Philipp et Mister K\u00f6hn. Dans la foul\u00e9e de son bon match au Havre, le portier suisse a r\u00e9alis\u00e9 des arr\u00eats spectaculaires devant Mbapp\u00e9 (8<sup>e<\/sup>) et Hakimi (17<sup>e<\/sup>). Mais il s&rsquo;est totalement trou\u00e9 sur l&rsquo;action suivante, sur une frappe de Demb\u00e9l\u00e9 qui a offert l&rsquo;ouverture du score \u00e0 Ramos (18<sup>e<\/sup>). Il a su se reprendre sur une autre tentative de Mbapp\u00e9 (33<sup>e<\/sup>) avant de l\u00e2cher \u00e0 son tour. Battu \u00e0 quatre reprises ensuite, o\u00f9 il ne pouvait pas faire grand-chose.<\/p>\n<\/div><\/div>\n\n\n\n<div style=\"height:50px\" aria-hidden=\"true\" class=\"wp-block-spacer\"><\/div>\n\n\n\n<div class=\"wp-block-media-text alignwide is-stacked-on-mobile\" style=\"grid-template-columns:30% auto\"><figure class=\"wp-block-media-text__media\"><img loading=\"lazy\" width=\"400\" height=\"400\" src=\"https:\/\/www.ladiagonale.net\/wp-content\/uploads\/2023\/11\/Hutter3.png\" alt=\"\" class=\"wp-image-18541 size-full\" srcset=\"https:\/\/www.ladiagonale.net\/wp-content\/uploads\/2023\/11\/Hutter3.png 400w, https:\/\/www.ladiagonale.net\/wp-content\/uploads\/2023\/11\/Hutter3-300x300.png 300w, https:\/\/www.ladiagonale.net\/wp-content\/uploads\/2023\/11\/Hutter3-150x150.png 150w, https:\/\/www.ladiagonale.net\/wp-content\/uploads\/2023\/11\/Hutter3-128x128.png 128w, https:\/\/www.ladiagonale.net\/wp-content\/uploads\/2023\/11\/Hutter3-32x32.png 32w\" sizes=\"(max-width: 400px) 100vw, 400px\" \/><\/figure><div class=\"wp-block-media-text__content\">\n<p style=\"font-size:16px\"><strong>Adi H\u00fctter<\/strong><\/p>\n\n\n\n<p style=\"font-size:15px\">Il ne voulait pas se cacher au Parc et l&rsquo;approche \u00e9tait \u00e9videmment courageuse, car Paris a souvent eu du mal face \u00e0 des \u00e9quipes qui pressaient haut. Mais celui de son \u00e9quipe n&rsquo;a pas \u00e9t\u00e9 aussi intense qu&rsquo;esp\u00e9r\u00e9, et certainement que le manque de pr\u00e9paration a \u00e9t\u00e9 pr\u00e9judiciable. C&rsquo;est surtout qu&rsquo;il n&rsquo;a surtout pas senti le moment opportun pour changer les choses, lorsque Paris commen\u00e7ait \u00e0 ronronner et que Monaco avait la ma\u00eetrise. Une inaction qui a finalement co\u00fbt\u00e9 cher.<\/p>\n<\/div><\/div>\n\n\n\n<div style=\"height:50px\" aria-hidden=\"true\" class=\"wp-block-spacer\"><\/div>\n\n\n\n<h4 class=\"wp-block-heading has-white-color has-text-color has-background\" style=\"background-color:#4cae47\">TOPS<\/h4>\n\n\n\n<div class=\"wp-block-media-text alignwide is-stacked-on-mobile\" style=\"grid-template-columns:30% auto\"><figure class=\"wp-block-media-text__media\"><img loading=\"lazy\" width=\"400\" height=\"400\" src=\"https:\/\/www.ladiagonale.net\/wp-content\/uploads\/2023\/09\/Zakaria6.png\" alt=\"\" class=\"wp-image-16508 size-full\" srcset=\"https:\/\/www.ladiagonale.net\/wp-content\/uploads\/2023\/09\/Zakaria6.png 400w, https:\/\/www.ladiagonale.net\/wp-content\/uploads\/2023\/09\/Zakaria6-300x300.png 300w, https:\/\/www.ladiagonale.net\/wp-content\/uploads\/2023\/09\/Zakaria6-150x150.png 150w, https:\/\/www.ladiagonale.net\/wp-content\/uploads\/2023\/09\/Zakaria6-128x128.png 128w, https:\/\/www.ladiagonale.net\/wp-content\/uploads\/2023\/09\/Zakaria6-32x32.png 32w\" sizes=\"(max-width: 400px) 100vw, 400px\" \/><\/figure><div class=\"wp-block-media-text__content\">\n<p style=\"font-size:16px\"><strong>Denis Zakaria<\/strong><\/p>\n\n\n\n<p style=\"font-size:15px\">M\u00eame quand il n\u2019est pas toujours mis dans les meilleures dispositions par ses co\u00e9quipiers ou press\u00e9 par les adversaires, il parvient \u00e0 obtenir quelque chose. Par sa qualit\u00e9 technique, il a r\u00e9alis\u00e9 quelques gestes d\u2019exceptions qui lui ont permis de rayonner au milieu de terrain. La s\u00e9r\u00e9nit\u00e9 qui se d\u00e9gage de lui fait beaucoup de bien \u00e0 son \u00e9quipe, tout comme ses pr\u00e9cieuses relances. Une t\u00eate qui n&rsquo;a pas fini loin du cadre en fin de match (90<sup>e<\/sup>).<\/p>\n<\/div><\/div>\n\n\n\n<div style=\"height:50px\" aria-hidden=\"true\" class=\"wp-block-spacer\"><\/div>\n\n\n\n<div class=\"wp-block-media-text alignwide is-stacked-on-mobile\" style=\"grid-template-columns:30% auto\"><figure class=\"wp-block-media-text__media\"><img loading=\"lazy\" width=\"400\" height=\"400\" src=\"https:\/\/www.ladiagonale.net\/wp-content\/uploads\/2023\/11\/Minamino6.png\" alt=\"\" class=\"wp-image-18542 size-full\" srcset=\"https:\/\/www.ladiagonale.net\/wp-content\/uploads\/2023\/11\/Minamino6.png 400w, https:\/\/www.ladiagonale.net\/wp-content\/uploads\/2023\/11\/Minamino6-300x300.png 300w, https:\/\/www.ladiagonale.net\/wp-content\/uploads\/2023\/11\/Minamino6-150x150.png 150w, https:\/\/www.ladiagonale.net\/wp-content\/uploads\/2023\/11\/Minamino6-128x128.png 128w, https:\/\/www.ladiagonale.net\/wp-content\/uploads\/2023\/11\/Minamino6-32x32.png 32w\" sizes=\"(max-width: 400px) 100vw, 400px\" \/><\/figure><div class=\"wp-block-media-text__content\">\n<p style=\"font-size:16px\"><strong>Takumi Minamino<\/strong><\/p>\n\n\n\n<p style=\"font-size:15px\">Auteur du premier but mon\u00e9gasque, il a marqu\u00e9 pour la premi\u00e8re fois depuis huit rencontres, profitant de la mauvaise relance de Donnarumma, bien press\u00e9 par Balogun. Il lui a en quelque sorte renvoy\u00e9 l&rsquo;ascenseur en le lan\u00e7ant id\u00e9alement dans la profondeur pour aller marquer. D\u00e9cisif sur chaque but, il n&rsquo;a jamais h\u00e9sit\u00e9 \u00e0 prendre sa chance, mais il aurait pu mieux faire sur certaines situations, comme sur ce face-\u00e0-face perdu devant le portier parisien (45<sup>e<\/sup>) ou cette frappe directement sur lui au retour des vestiaires (47<sup>e<\/sup>). <\/p>\n<\/div><\/div>\n\n\n\n<div style=\"height:50px\" aria-hidden=\"true\" class=\"wp-block-spacer\"><\/div>\n\n\n\n<h4 class=\"wp-block-heading has-white-color has-text-color has-background\" style=\"background-color:#303030\">Les autres notes<\/h4>\n\n\n<div class=\"wp-block-image\">\n<figure class=\"aligncenter size-large is-resized\"><img loading=\"lazy\" src=\"https:\/\/www.ladiagonale.net\/wp-content\/uploads\/2023\/11\/terrain-Paris-741x1024.png\" alt=\"\" class=\"wp-image-18546\" width=\"556\" height=\"768\" srcset=\"https:\/\/www.ladiagonale.net\/wp-content\/uploads\/2023\/11\/terrain-Paris-741x1024.png 741w, https:\/\/www.ladiagonale.net\/wp-content\/uploads\/2023\/11\/terrain-Paris-217x300.png 217w, https:\/\/www.ladiagonale.net\/wp-content\/uploads\/2023\/11\/terrain-Paris-768x1061.png 768w, https:\/\/www.ladiagonale.net\/wp-content\/uploads\/2023\/11\/terrain-Paris-1112x1536.png 1112w, https:\/\/www.ladiagonale.net\/wp-content\/uploads\/2023\/11\/terrain-Paris-93x128.png 93w, https:\/\/www.ladiagonale.net\/wp-content\/uploads\/2023\/11\/terrain-Paris-23x32.png 23w, https:\/\/www.ladiagonale.net\/wp-content\/uploads\/2023\/11\/terrain-Paris.png 1200w\" sizes=\"(max-width: 556px) 100vw, 556px\" \/><\/figure><\/div>","protected":false},"excerpt":{"rendered":"<p>Sans afficher un mauvais visage, Monaco est pass\u00e9 au travers et a \u00e9t\u00e9 puni par le PSG ce vendredi (2-5). Les Mon\u00e9gasques ont notamment fait trop d&rsquo;erreurs pour pouvoir esp\u00e9rer mieux et le c\u00f4t\u00e9 gauche de sa d\u00e9fense a souffert. FLOPS Soungoutou Magassa Son bon d\u00e9but de saison semble loin et le jeune Magassa est [&#8230;]\n","protected":false},"author":2,"featured_media":18544,"comment_status":"open","ping_status":"open","sticky":false,"template":"","format":"standard","meta":[],"categories":[5,6],"tags":[86,94,248,720],"yoast_head":"<!-- This site is optimized with the Yoast SEO plugin v19.8 - https:\/\/yoast.com\/wordpress\/plugins\/seo\/ -->\n<title>Les notes : Magassa encore trop tendre - La Diagonale<\/title>\n<meta name=\"robots\" content=\"index, follow, max-snippet:-1, max-image-preview:large, max-video-preview:-1\" \/>\n<link rel=\"canonical\" href=\"https:\/\/www.ladiagonale.net\/index.php\/2023\/11\/25\/les-notes-magassa-encore-trop-tendre\/\" \/>\n<meta property=\"og:locale\" content=\"fr_FR\" \/>\n<meta property=\"og:type\" content=\"article\" \/>\n<meta property=\"og:title\" content=\"Les notes : Magassa encore trop tendre - La Diagonale\" \/>\n<meta property=\"og:description\" content=\"Sans afficher un mauvais visage, Monaco est pass\u00e9 au travers et a \u00e9t\u00e9 puni par le PSG ce vendredi (2-5). Les Mon\u00e9gasques ont notamment fait trop d&rsquo;erreurs pour pouvoir esp\u00e9rer mieux et le c\u00f4t\u00e9 gauche de sa d\u00e9fense a souffert. FLOPS Soungoutou Magassa Son bon d\u00e9but de saison semble loin et le jeune Magassa est [...]\" \/>\n<meta property=\"og:url\" content=\"https:\/\/www.ladiagonale.net\/index.php\/2023\/11\/25\/les-notes-magassa-encore-trop-tendre\/\" \/>\n<meta property=\"og:site_name\" content=\"La Diagonale\" \/>\n<meta property=\"article:published_time\" content=\"2023-11-25T07:48:00+00:00\" \/>\n<meta property=\"article:modified_time\" content=\"2023-11-25T01:19:57+00:00\" \/>\n<meta property=\"og:image\" content=\"https:\/\/www.ladiagonale.net\/wp-content\/uploads\/2023\/11\/Paris.png\" \/>\n\t<meta property=\"og:image:width\" content=\"1160\" \/>\n\t<meta property=\"og:image:height\" content=\"650\" \/>\n\t<meta property=\"og:image:type\" content=\"image\/png\" \/>\n<meta name=\"author\" content=\"Damien Dellerba\" \/>\n<meta name=\"twitter:card\" content=\"summary_large_image\" \/>\n<meta name=\"twitter:image\" content=\"https:\/\/www.ladiagonale.net\/wp-content\/uploads\/2023\/11\/Paris.png\" \/>\n<meta name=\"twitter:label1\" content=\"\u00c9crit par\" \/>\n\t<meta name=\"twitter:data1\" content=\"Damien Dellerba\" \/>\n\t<meta name=\"twitter:label2\" content=\"Dur\u00e9e de lecture estim\u00e9e\" \/>\n\t<meta name=\"twitter:data2\" content=\"6 minutes\" \/>\n<script type=\"application\/ld+json\" class=\"yoast-schema-graph\">{\"@context\":\"https:\/\/schema.org\",\"@graph\":[{\"@type\":\"WebPage\",\"@id\":\"https:\/\/www.ladiagonale.net\/index.php\/2023\/11\/25\/les-notes-magassa-encore-trop-tendre\/\",\"url\":\"https:\/\/www.ladiagonale.net\/index.php\/2023\/11\/25\/les-notes-magassa-encore-trop-tendre\/\",\"name\":\"Les notes : Magassa encore trop tendre - La Diagonale\",\"isPartOf\":{\"@id\":\"https:\/\/www.ladiagonale.net\/#website\"},\"datePublished\":\"2023-11-25T07:48:00+00:00\",\"dateModified\":\"2023-11-25T01:19:57+00:00\",\"author\":{\"@id\":\"https:\/\/www.ladiagonale.net\/#\/schema\/person\/79ff1e7b0853ed01b2aa26e64ad300bf\"},\"breadcrumb\":{\"@id\":\"https:\/\/www.ladiagonale.net\/index.php\/2023\/11\/25\/les-notes-magassa-encore-trop-tendre\/#breadcrumb\"},\"inLanguage\":\"fr-FR\",\"potentialAction\":[{\"@type\":\"ReadAction\",\"target\":[\"https:\/\/www.ladiagonale.net\/index.php\/2023\/11\/25\/les-notes-magassa-encore-trop-tendre\/\"]}]},{\"@type\":\"BreadcrumbList\",\"@id\":\"https:\/\/www.ladiagonale.net\/index.php\/2023\/11\/25\/les-notes-magassa-encore-trop-tendre\/#breadcrumb\",\"itemListElement\":[{\"@type\":\"ListItem\",\"position\":1,\"name\":\"Accueil\",\"item\":\"https:\/\/www.ladiagonale.net\/\"},{\"@type\":\"ListItem\",\"position\":2,\"name\":\"Les notes : Magassa encore trop tendre\"}]},{\"@type\":\"WebSite\",\"@id\":\"https:\/\/www.ladiagonale.net\/#website\",\"url\":\"https:\/\/www.ladiagonale.net\/\",\"name\":\"La Diagonale\",\"description\":\"Le site des supporters de l&#039;AS Monaco FC\",\"potentialAction\":[{\"@type\":\"SearchAction\",\"target\":{\"@type\":\"EntryPoint\",\"urlTemplate\":\"https:\/\/www.ladiagonale.net\/?s={search_term_string}\"},\"query-input\":\"required name=search_term_string\"}],\"inLanguage\":\"fr-FR\"},{\"@type\":\"Person\",\"@id\":\"https:\/\/www.ladiagonale.net\/#\/schema\/person\/79ff1e7b0853ed01b2aa26e64ad300bf\",\"name\":\"Damien Dellerba\",\"image\":{\"@type\":\"ImageObject\",\"inLanguage\":\"fr-FR\",\"@id\":\"https:\/\/www.ladiagonale.net\/#\/schema\/person\/image\/\",\"url\":\"https:\/\/secure.gravatar.com\/avatar\/c7850e06d3ff63cdbaee88b7fc16e2f0?s=96&d=mm&r=g\",\"contentUrl\":\"https:\/\/secure.gravatar.com\/avatar\/c7850e06d3ff63cdbaee88b7fc16e2f0?s=96&d=mm&r=g\",\"caption\":\"Damien Dellerba\"},\"url\":\"https:\/\/www.ladiagonale.net\/index.php\/author\/damien\/\"}]}<\/script>\n<!-- \/ Yoast SEO plugin. -->","yoast_head_json":{"title":"Les notes : Magassa encore trop tendre - La Diagonale","robots":{"index":"index","follow":"follow","max-snippet":"max-snippet:-1","max-image-preview":"max-image-preview:large","max-video-preview":"max-video-preview:-1"},"canonical":"https:\/\/www.ladiagonale.net\/index.php\/2023\/11\/25\/les-notes-magassa-encore-trop-tendre\/","og_locale":"fr_FR","og_type":"article","og_title":"Les notes : Magassa encore trop tendre - La Diagonale","og_description":"Sans afficher un mauvais visage, Monaco est pass\u00e9 au travers et a \u00e9t\u00e9 puni par le PSG ce vendredi (2-5). Les Mon\u00e9gasques ont notamment fait trop d&rsquo;erreurs pour pouvoir esp\u00e9rer mieux et le c\u00f4t\u00e9 gauche de sa d\u00e9fense a souffert. FLOPS Soungoutou Magassa Son bon d\u00e9but de saison semble loin et le jeune Magassa est [...]","og_url":"https:\/\/www.ladiagonale.net\/index.php\/2023\/11\/25\/les-notes-magassa-encore-trop-tendre\/","og_site_name":"La Diagonale","article_published_time":"2023-11-25T07:48:00+00:00","article_modified_time":"2023-11-25T01:19:57+00:00","og_image":[{"width":1160,"height":650,"url":"https:\/\/www.ladiagonale.net\/wp-content\/uploads\/2023\/11\/Paris.png","type":"image\/png"}],"author":"Damien Dellerba","twitter_card":"summary_large_image","twitter_image":"https:\/\/www.ladiagonale.net\/wp-content\/uploads\/2023\/11\/Paris.png","twitter_misc":{"\u00c9crit par":"Damien Dellerba","Dur\u00e9e de lecture estim\u00e9e":"6 minutes"},"schema":{"@context":"https:\/\/schema.org","@graph":[{"@type":"WebPage","@id":"https:\/\/www.ladiagonale.net\/index.php\/2023\/11\/25\/les-notes-magassa-encore-trop-tendre\/","url":"https:\/\/www.ladiagonale.net\/index.php\/2023\/11\/25\/les-notes-magassa-encore-trop-tendre\/","name":"Les notes : Magassa encore trop tendre - La Diagonale","isPartOf":{"@id":"https:\/\/www.ladiagonale.net\/#website"},"datePublished":"2023-11-25T07:48:00+00:00","dateModified":"2023-11-25T01:19:57+00:00","author":{"@id":"https:\/\/www.ladiagonale.net\/#\/schema\/person\/79ff1e7b0853ed01b2aa26e64ad300bf"},"breadcrumb":{"@id":"https:\/\/www.ladiagonale.net\/index.php\/2023\/11\/25\/les-notes-magassa-encore-trop-tendre\/#breadcrumb"},"inLanguage":"fr-FR","potentialAction":[{"@type":"ReadAction","target":["https:\/\/www.ladiagonale.net\/index.php\/2023\/11\/25\/les-notes-magassa-encore-trop-tendre\/"]}]},{"@type":"BreadcrumbList","@id":"https:\/\/www.ladiagonale.net\/index.php\/2023\/11\/25\/les-notes-magassa-encore-trop-tendre\/#breadcrumb","itemListElement":[{"@type":"ListItem","position":1,"name":"Accueil","item":"https:\/\/www.ladiagonale.net\/"},{"@type":"ListItem","position":2,"name":"Les notes : Magassa encore trop tendre"}]},{"@type":"WebSite","@id":"https:\/\/www.ladiagonale.net\/#website","url":"https:\/\/www.ladiagonale.net\/","name":"La Diagonale","description":"Le site des supporters de l&#039;AS Monaco FC","potentialAction":[{"@type":"SearchAction","target":{"@type":"EntryPoint","urlTemplate":"https:\/\/www.ladiagonale.net\/?s={search_term_string}"},"query-input":"required name=search_term_string"}],"inLanguage":"fr-FR"},{"@type":"Person","@id":"https:\/\/www.ladiagonale.net\/#\/schema\/person\/79ff1e7b0853ed01b2aa26e64ad300bf","name":"Damien Dellerba","image":{"@type":"ImageObject","inLanguage":"fr-FR","@id":"https:\/\/www.ladiagonale.net\/#\/schema\/person\/image\/","url":"https:\/\/secure.gravatar.com\/avatar\/c7850e06d3ff63cdbaee88b7fc16e2f0?s=96&d=mm&r=g","contentUrl":"https:\/\/secure.gravatar.com\/avatar\/c7850e06d3ff63cdbaee88b7fc16e2f0?s=96&d=mm&r=g","caption":"Damien Dellerba"},"url":"https:\/\/www.ladiagonale.net\/index.php\/author\/damien\/"}]}},"_links":{"self":[{"href":"https:\/\/www.ladiagonale.net\/index.php\/wp-json\/wp\/v2\/posts\/18537"}],"collection":[{"href":"https:\/\/www.ladiagonale.net\/index.php\/wp-json\/wp\/v2\/posts"}],"about":[{"href":"https:\/\/www.ladiagonale.net\/index.php\/wp-json\/wp\/v2\/types\/post"}],"author":[{"embeddable":true,"href":"https:\/\/www.ladiagonale.net\/index.php\/wp-json\/wp\/v2\/users\/2"}],"replies":[{"embeddable":true,"href":"https:\/\/www.ladiagonale.net\/index.php\/wp-json\/wp\/v2\/comments?post=18537"}],"version-history":[{"count":2,"href":"https:\/\/www.ladiagonale.net\/index.php\/wp-json\/wp\/v2\/posts\/18537\/revisions"}],"predecessor-version":[{"id":18547,"href":"https:\/\/www.ladiagonale.net\/index.php\/wp-json\/wp\/v2\/posts\/18537\/revisions\/18547"}],"wp:featuredmedia":[{"embeddable":true,"href":"https:\/\/www.ladiagonale.net\/index.php\/wp-json\/wp\/v2\/media\/18544"}],"wp:attachment":[{"href":"https:\/\/www.ladiagonale.net\/index.php\/wp-json\/wp\/v2\/media?parent=18537"}],"wp:term":[{"taxonomy":"category","embeddable":true,"href":"https:\/\/www.ladiagonale.net\/index.php\/wp-json\/wp\/v2\/categories?post=18537"},{"taxonomy":"post_tag","embeddable":true,"href":"https:\/\/www.ladiagonale.net\/index.php\/wp-json\/wp\/v2\/tags?post=18537"}],"curies":[{"name":"wp","href":"https:\/\/api.w.org\/{rel}","templated":true}]}}