{"id":18551,"date":"2023-11-25T09:42:00","date_gmt":"2023-11-25T08:42:00","guid":{"rendered":"https:\/\/www.ladiagonale.net\/?p=18551"},"modified":"2023-11-25T02:45:38","modified_gmt":"2023-11-25T01:45:38","slug":"podcast-le-debrief-de-paris-sg-monaco","status":"publish","type":"post","link":"https:\/\/www.ladiagonale.net\/index.php\/2023\/11\/25\/podcast-le-debrief-de-paris-sg-monaco\/","title":{"rendered":"Podcast : Le D\u00e9brief de Paris SG-Monaco"},"content":{"rendered":"\n<p>Lourd revers au Parc pour Monaco (2-5) qui n&rsquo;aura jamais \u00e9t\u00e9 en position de d\u00e9stabiliser une \u00e9quipe parisienne sup\u00e9rieure.<\/p>\n\n\n\n<p> <strong>Radio Diagonale<\/strong> analyse cette rencontre dans un nouvel \u00e9pisode du D\u00e9brief.<\/p>\n\n\n\n<p>Avec Rom et Adrien<\/p>\n\n\n\n<p>Vous pouvez \u00e9couter le podcast en audio directement sur notre <a href=\"https:\/\/www.ladiagonale.net\/index.php\/le-debrief\/\">player<\/a>, en page d\u2019accueil ou sur la page d\u00e9di\u00e9e, ou bien en vid\u00e9o sur Youtube. Le D\u00e9brief est aussi disponible sur Spotify. <\/p>\n\n\n\n<iframe style=\"border-radius:12px\" src=\"https:\/\/open.spotify.com\/embed\/show\/1JIaR9W2layJ0ZN9Y32AQq?utm_source=generator\" width=\"100%\" height=\"352\" frameBorder=\"0\" allowfullscreen=\"\" allow=\"autoplay; clipboard-write; encrypted-media; fullscreen; picture-in-picture\" loading=\"lazy\"><\/iframe>\n\n\n\n<figure class=\"wp-block-embed is-type-video is-provider-youtube wp-block-embed-youtube wp-embed-aspect-16-9 wp-has-aspect-ratio\"><div class=\"wp-block-embed__wrapper\">\n<iframe loading=\"lazy\" title=\"Le D\u00e9brief - Ligue 1 - J13 PSG\/Monaco (5-2)\" width=\"1020\" height=\"574\" src=\"https:\/\/www.youtube.com\/embed\/piPy6PKSPJU?feature=oembed\" frameborder=\"0\" allow=\"accelerometer; autoplay; clipboard-write; encrypted-media; gyroscope; picture-in-picture; web-share\" allowfullscreen><\/iframe>\n<\/div><\/figure>\n","protected":false},"excerpt":{"rendered":"<p>Lourd revers au Parc pour Monaco (2-5) qui n&rsquo;aura jamais \u00e9t\u00e9 en position de d\u00e9stabiliser une \u00e9quipe parisienne sup\u00e9rieure. Radio Diagonale analyse cette rencontre dans un nouvel \u00e9pisode du D\u00e9brief. Avec Rom et Adrien Vous pouvez \u00e9couter le podcast en audio directement sur notre player, en page d\u2019accueil ou sur la page d\u00e9di\u00e9e, ou bien [&#8230;]\n","protected":false},"author":2,"featured_media":0,"comment_status":"open","ping_status":"open","sticky":false,"template":"","format":"standard","meta":[],"categories":[4,6],"tags":[86,234,94,720,211,292],"yoast_head":"<!-- This site is optimized with the Yoast SEO plugin v19.8 - https:\/\/yoast.com\/wordpress\/plugins\/seo\/ -->\n<title>Podcast : Le D\u00e9brief de Paris SG-Monaco - La Diagonale<\/title>\n<meta name=\"robots\" content=\"index, follow, max-snippet:-1, max-image-preview:large, max-video-preview:-1\" \/>\n<link rel=\"canonical\" href=\"https:\/\/www.ladiagonale.net\/index.php\/2023\/11\/25\/podcast-le-debrief-de-paris-sg-monaco\/\" \/>\n<meta property=\"og:locale\" content=\"fr_FR\" \/>\n<meta property=\"og:type\" content=\"article\" \/>\n<meta property=\"og:title\" content=\"Podcast : Le D\u00e9brief de Paris SG-Monaco - La Diagonale\" \/>\n<meta property=\"og:description\" content=\"Lourd revers au Parc pour Monaco (2-5) qui n&rsquo;aura jamais \u00e9t\u00e9 en position de d\u00e9stabiliser une \u00e9quipe parisienne sup\u00e9rieure. Radio Diagonale analyse cette rencontre dans un nouvel \u00e9pisode du D\u00e9brief. Avec Rom et Adrien Vous pouvez \u00e9couter le podcast en audio directement sur notre player, en page d\u2019accueil ou sur la page d\u00e9di\u00e9e, ou bien [...]\" \/>\n<meta property=\"og:url\" content=\"https:\/\/www.ladiagonale.net\/index.php\/2023\/11\/25\/podcast-le-debrief-de-paris-sg-monaco\/\" \/>\n<meta property=\"og:site_name\" content=\"La Diagonale\" \/>\n<meta property=\"article:published_time\" content=\"2023-11-25T08:42:00+00:00\" \/>\n<meta property=\"article:modified_time\" content=\"2023-11-25T01:45:38+00:00\" \/>\n<meta property=\"og:image\" content=\"https:\/\/www.ladiagonale.net\/wp-content\/uploads\/2023\/11\/maxresdefault.webp\" \/>\n\t<meta property=\"og:image:width\" content=\"1280\" \/>\n\t<meta property=\"og:image:height\" content=\"720\" \/>\n\t<meta property=\"og:image:type\" content=\"image\/webp\" \/>\n<meta name=\"author\" content=\"Damien Dellerba\" \/>\n<meta name=\"twitter:card\" content=\"summary_large_image\" \/>\n<meta name=\"twitter:image\" content=\"https:\/\/www.ladiagonale.net\/wp-content\/uploads\/2023\/11\/maxresdefault-1.webp\" \/>\n<meta name=\"twitter:label1\" content=\"\u00c9crit par\" \/>\n\t<meta name=\"twitter:data1\" content=\"Damien Dellerba\" \/>\n\t<meta name=\"twitter:label2\" content=\"Dur\u00e9e de lecture estim\u00e9e\" \/>\n\t<meta name=\"twitter:data2\" content=\"1 minute\" \/>\n<script type=\"application\/ld+json\" class=\"yoast-schema-graph\">{\"@context\":\"https:\/\/schema.org\",\"@graph\":[{\"@type\":\"WebPage\",\"@id\":\"https:\/\/www.ladiagonale.net\/index.php\/2023\/11\/25\/podcast-le-debrief-de-paris-sg-monaco\/\",\"url\":\"https:\/\/www.ladiagonale.net\/index.php\/2023\/11\/25\/podcast-le-debrief-de-paris-sg-monaco\/\",\"name\":\"Podcast : Le D\u00e9brief de Paris SG-Monaco - La Diagonale\",\"isPartOf\":{\"@id\":\"https:\/\/www.ladiagonale.net\/#website\"},\"datePublished\":\"2023-11-25T08:42:00+00:00\",\"dateModified\":\"2023-11-25T01:45:38+00:00\",\"author\":{\"@id\":\"https:\/\/www.ladiagonale.net\/#\/schema\/person\/79ff1e7b0853ed01b2aa26e64ad300bf\"},\"breadcrumb\":{\"@id\":\"https:\/\/www.ladiagonale.net\/index.php\/2023\/11\/25\/podcast-le-debrief-de-paris-sg-monaco\/#breadcrumb\"},\"inLanguage\":\"fr-FR\",\"potentialAction\":[{\"@type\":\"ReadAction\",\"target\":[\"https:\/\/www.ladiagonale.net\/index.php\/2023\/11\/25\/podcast-le-debrief-de-paris-sg-monaco\/\"]}]},{\"@type\":\"BreadcrumbList\",\"@id\":\"https:\/\/www.ladiagonale.net\/index.php\/2023\/11\/25\/podcast-le-debrief-de-paris-sg-monaco\/#breadcrumb\",\"itemListElement\":[{\"@type\":\"ListItem\",\"position\":1,\"name\":\"Accueil\",\"item\":\"https:\/\/www.ladiagonale.net\/\"},{\"@type\":\"ListItem\",\"position\":2,\"name\":\"Podcast : Le D\u00e9brief de Paris SG-Monaco\"}]},{\"@type\":\"WebSite\",\"@id\":\"https:\/\/www.ladiagonale.net\/#website\",\"url\":\"https:\/\/www.ladiagonale.net\/\",\"name\":\"La Diagonale\",\"description\":\"Le site des supporters de l&#039;AS Monaco FC\",\"potentialAction\":[{\"@type\":\"SearchAction\",\"target\":{\"@type\":\"EntryPoint\",\"urlTemplate\":\"https:\/\/www.ladiagonale.net\/?s={search_term_string}\"},\"query-input\":\"required name=search_term_string\"}],\"inLanguage\":\"fr-FR\"},{\"@type\":\"Person\",\"@id\":\"https:\/\/www.ladiagonale.net\/#\/schema\/person\/79ff1e7b0853ed01b2aa26e64ad300bf\",\"name\":\"Damien Dellerba\",\"image\":{\"@type\":\"ImageObject\",\"inLanguage\":\"fr-FR\",\"@id\":\"https:\/\/www.ladiagonale.net\/#\/schema\/person\/image\/\",\"url\":\"https:\/\/secure.gravatar.com\/avatar\/c7850e06d3ff63cdbaee88b7fc16e2f0?s=96&d=mm&r=g\",\"contentUrl\":\"https:\/\/secure.gravatar.com\/avatar\/c7850e06d3ff63cdbaee88b7fc16e2f0?s=96&d=mm&r=g\",\"caption\":\"Damien Dellerba\"},\"url\":\"https:\/\/www.ladiagonale.net\/index.php\/author\/damien\/\"}]}<\/script>\n<!-- \/ Yoast SEO plugin. -->","yoast_head_json":{"title":"Podcast : Le D\u00e9brief de Paris SG-Monaco - La Diagonale","robots":{"index":"index","follow":"follow","max-snippet":"max-snippet:-1","max-image-preview":"max-image-preview:large","max-video-preview":"max-video-preview:-1"},"canonical":"https:\/\/www.ladiagonale.net\/index.php\/2023\/11\/25\/podcast-le-debrief-de-paris-sg-monaco\/","og_locale":"fr_FR","og_type":"article","og_title":"Podcast : Le D\u00e9brief de Paris SG-Monaco - La Diagonale","og_description":"Lourd revers au Parc pour Monaco (2-5) qui n&rsquo;aura jamais \u00e9t\u00e9 en position de d\u00e9stabiliser une \u00e9quipe parisienne sup\u00e9rieure. Radio Diagonale analyse cette rencontre dans un nouvel \u00e9pisode du D\u00e9brief. Avec Rom et Adrien Vous pouvez \u00e9couter le podcast en audio directement sur notre player, en page d\u2019accueil ou sur la page d\u00e9di\u00e9e, ou bien [...]","og_url":"https:\/\/www.ladiagonale.net\/index.php\/2023\/11\/25\/podcast-le-debrief-de-paris-sg-monaco\/","og_site_name":"La Diagonale","article_published_time":"2023-11-25T08:42:00+00:00","article_modified_time":"2023-11-25T01:45:38+00:00","og_image":[{"width":1280,"height":720,"url":"https:\/\/www.ladiagonale.net\/wp-content\/uploads\/2023\/11\/maxresdefault.webp","type":"image\/webp"}],"author":"Damien Dellerba","twitter_card":"summary_large_image","twitter_image":"https:\/\/www.ladiagonale.net\/wp-content\/uploads\/2023\/11\/maxresdefault-1.webp","twitter_misc":{"\u00c9crit par":"Damien Dellerba","Dur\u00e9e de lecture estim\u00e9e":"1 minute"},"schema":{"@context":"https:\/\/schema.org","@graph":[{"@type":"WebPage","@id":"https:\/\/www.ladiagonale.net\/index.php\/2023\/11\/25\/podcast-le-debrief-de-paris-sg-monaco\/","url":"https:\/\/www.ladiagonale.net\/index.php\/2023\/11\/25\/podcast-le-debrief-de-paris-sg-monaco\/","name":"Podcast : Le D\u00e9brief de Paris SG-Monaco - La Diagonale","isPartOf":{"@id":"https:\/\/www.ladiagonale.net\/#website"},"datePublished":"2023-11-25T08:42:00+00:00","dateModified":"2023-11-25T01:45:38+00:00","author":{"@id":"https:\/\/www.ladiagonale.net\/#\/schema\/person\/79ff1e7b0853ed01b2aa26e64ad300bf"},"breadcrumb":{"@id":"https:\/\/www.ladiagonale.net\/index.php\/2023\/11\/25\/podcast-le-debrief-de-paris-sg-monaco\/#breadcrumb"},"inLanguage":"fr-FR","potentialAction":[{"@type":"ReadAction","target":["https:\/\/www.ladiagonale.net\/index.php\/2023\/11\/25\/podcast-le-debrief-de-paris-sg-monaco\/"]}]},{"@type":"BreadcrumbList","@id":"https:\/\/www.ladiagonale.net\/index.php\/2023\/11\/25\/podcast-le-debrief-de-paris-sg-monaco\/#breadcrumb","itemListElement":[{"@type":"ListItem","position":1,"name":"Accueil","item":"https:\/\/www.ladiagonale.net\/"},{"@type":"ListItem","position":2,"name":"Podcast : Le D\u00e9brief de Paris SG-Monaco"}]},{"@type":"WebSite","@id":"https:\/\/www.ladiagonale.net\/#website","url":"https:\/\/www.ladiagonale.net\/","name":"La Diagonale","description":"Le site des supporters de l&#039;AS Monaco FC","potentialAction":[{"@type":"SearchAction","target":{"@type":"EntryPoint","urlTemplate":"https:\/\/www.ladiagonale.net\/?s={search_term_string}"},"query-input":"required name=search_term_string"}],"inLanguage":"fr-FR"},{"@type":"Person","@id":"https:\/\/www.ladiagonale.net\/#\/schema\/person\/79ff1e7b0853ed01b2aa26e64ad300bf","name":"Damien Dellerba","image":{"@type":"ImageObject","inLanguage":"fr-FR","@id":"https:\/\/www.ladiagonale.net\/#\/schema\/person\/image\/","url":"https:\/\/secure.gravatar.com\/avatar\/c7850e06d3ff63cdbaee88b7fc16e2f0?s=96&d=mm&r=g","contentUrl":"https:\/\/secure.gravatar.com\/avatar\/c7850e06d3ff63cdbaee88b7fc16e2f0?s=96&d=mm&r=g","caption":"Damien Dellerba"},"url":"https:\/\/www.ladiagonale.net\/index.php\/author\/damien\/"}]}},"_links":{"self":[{"href":"https:\/\/www.ladiagonale.net\/index.php\/wp-json\/wp\/v2\/posts\/18551"}],"collection":[{"href":"https:\/\/www.ladiagonale.net\/index.php\/wp-json\/wp\/v2\/posts"}],"about":[{"href":"https:\/\/www.ladiagonale.net\/index.php\/wp-json\/wp\/v2\/types\/post"}],"author":[{"embeddable":true,"href":"https:\/\/www.ladiagonale.net\/index.php\/wp-json\/wp\/v2\/users\/2"}],"replies":[{"embeddable":true,"href":"https:\/\/www.ladiagonale.net\/index.php\/wp-json\/wp\/v2\/comments?post=18551"}],"version-history":[{"count":1,"href":"https:\/\/www.ladiagonale.net\/index.php\/wp-json\/wp\/v2\/posts\/18551\/revisions"}],"predecessor-version":[{"id":18554,"href":"https:\/\/www.ladiagonale.net\/index.php\/wp-json\/wp\/v2\/posts\/18551\/revisions\/18554"}],"wp:attachment":[{"href":"https:\/\/www.ladiagonale.net\/index.php\/wp-json\/wp\/v2\/media?parent=18551"}],"wp:term":[{"taxonomy":"category","embeddable":true,"href":"https:\/\/www.ladiagonale.net\/index.php\/wp-json\/wp\/v2\/categories?post=18551"},{"taxonomy":"post_tag","embeddable":true,"href":"https:\/\/www.ladiagonale.net\/index.php\/wp-json\/wp\/v2\/tags?post=18551"}],"curies":[{"name":"wp","href":"https:\/\/api.w.org\/{rel}","templated":true}]}}