{"id":18662,"date":"2023-12-03T17:01:34","date_gmt":"2023-12-03T16:01:34","guid":{"rendered":"https:\/\/www.ladiagonale.net\/?p=18662"},"modified":"2024-09-26T16:12:32","modified_gmt":"2024-09-26T14:12:32","slug":"monaco-se-relance-contre-montpellier-2-0","status":"publish","type":"post","link":"https:\/\/www.ladiagonale.net\/index.php\/2023\/12\/03\/monaco-se-relance-contre-montpellier-2-0\/","title":{"rendered":"Monaco se relance contre Montpellier (2-0)"},"content":{"rendered":"\n<p><strong>Contre Montpellier (2-0), l\u2019AS Monaco a renou\u00e9 avec le succ\u00e8s apr\u00e8s deux rencontres sans gagner. Poussifs, les Rouge ont assur\u00e9 l&rsquo;essentiel pour conserver leur place sur le podium et reprendre du terrain \u00e0 Nice.<\/strong><\/p>\n\n\n\n<p>Si Adi H\u00fctter tente de conserver son sourire et sa bonhomie devant les cam\u00e9ras, son discours s&rsquo;est quelque peu durci depuis plusieurs semaines, en m\u00eame temps que la production de son \u00e9quipe a commenc\u00e9 \u00e0 faiblir. Satisfait d&rsquo;avoir pris trois points ce dimanche contre Montpellier, il n&rsquo;a pas h\u00e9sit\u00e9 \u00e0 qualifier la prestation des siens d&rsquo;\u00ab&nbsp;<em>horrible<\/em>&nbsp;\u00bb en premi\u00e8re p\u00e9riode et a affirm\u00e9 que les discussions allaient avoir cours \u00e0 La Turbie dans la semaine. Ce qui a g\u00ean\u00e9 le technicien autrichien, principalement, c&rsquo;est la porosit\u00e9 d\u00e9fensive de son \u00e9quipe, qui a conc\u00e9d\u00e9 trois grosses situations en contre au cours du premier acte, et qui s&rsquo;en est tir\u00e9e presque miraculeusement sans encaisser le moindre but. <\/p>\n\n\n\n<p>Ce qui aurait aussi pu d\u00e9plaire \u00e0 l&rsquo;entra\u00eeneur mon\u00e9gasque, c&rsquo;est le train de s\u00e9nateur imprim\u00e9 par son \u00e9quipe sur la rencontre. Mais ce n&rsquo;est pas pour autant que celle-ci a \u00e9t\u00e9 d\u00e9pourvue en occasions de but. Apr\u00e8s une premi\u00e8re banderille pos\u00e9e par Balogun (6<sup>e<\/sup>), les Mon\u00e9gasques ont rapidement ouvert le score dans cette rencontre, gr\u00e2ce \u00e0 un Minamino opportuniste pour reprendre une frappe puissante de Vanderson repouss\u00e9e par Lecomte (9<sup>e<\/sup>). La r\u00e9ponse montpelli\u00e9raine, en contre, ne s\u2019est pas fait attendre avec un face-\u00e0-face remport\u00e9 par K\u00f6hn devant d\u2019Al-Tamari, qui avait d\u00e9jou\u00e9 la couverture de Vanderson (15<sup>e<\/sup>). Une minute plus tard, la d\u00e9fense as\u00e9miste prenait de nouveau feu avant que Maripan ne r\u00e9alise un retour salutaire (16<sup>e<\/sup>).<\/p>\n\n\n\n<div class=\"wp-container-1 wp-block-buttons\">\n<div class=\"wp-block-button aligncenter is-style-outline\"><a class=\"wp-block-button__link has-very-light-gray-to-cyan-bluish-gray-gradient-background has-background\" href=\"https:\/\/www.ladiagonale.net\/index.php\/event\/monaco-montpellier-2\/\">Voir la feuille de match<\/a><\/div>\n<\/div>\n\n\n\n<div style=\"height:30px\" aria-hidden=\"true\" class=\"wp-block-spacer\"><\/div>\n\n\n\n<p>\u00c0 plusieurs reprises, les Mon\u00e9gasques n&rsquo;\u00e9taient pas loin de se faire rejoindre au tableau d&rsquo;affichage, mais il y a toujours eu une jambe ou un pied pour annihiler les tentatives adverses (30<sup>e<\/sup>, 34<sup>e<\/sup>). Une fois la menace \u00e9loign\u00e9e du but de Philipp K\u00f6hn, les Mon\u00e9gasques sont revenus des vestiaires avec l&rsquo;envie de faire le break, mais les tentatives as\u00e9mistes, notamment celle de Golovin sur le poteau (60<sup>e<\/sup>), se sont r\u00e9v\u00e9l\u00e9es infructueuses. L&rsquo;expulsion de Kouyat\u00e9 (69<sup>e<\/sup>) pour une semelle sur la cheville de Minamino n&rsquo;a pas particuli\u00e8rement aid\u00e9 les Mon\u00e9gasques \u00e0 conforter leur avance. Ce sont m\u00eame les Montpelli\u00e9rains qui auraient pu revenir, mais Al-Tamari n&rsquo;a pas obtenu de p\u00e9nalty (78<sup>e<\/sup>), pas plus qu&rsquo;il n&rsquo;a vu sa frappe aller inqui\u00e9ter K\u00f6hn, renvoy\u00e9e par la t\u00eate de Singo (86<sup>e<\/sup>).<\/p>\n\n\n\n<p>La d\u00e9livrance est arriv\u00e9e \u00e0 la toute fin, avec un Ben Yedder qui a profit\u00e9 d&rsquo;une passe maladroite en retrait pour subtiliser le ballon \u00e0 Savanier et aller tromper Lecomte (90<sup>e<\/sup>+2). La deuxi\u00e8me p\u00e9riode a davantage plu \u00e0 H\u00fctter, et il est plut\u00f4t regrettable de n&rsquo;avoir pas vu Monaco prendre le large plus t\u00f4t et se rassurer. Car c&rsquo;est bien de \u00e7a dont il s&rsquo;agit : retrouver des certitudes dans le jeu pour pouvoir le d\u00e9ployer. H\u00fctter en a bien conscience depuis plusieurs semaines et ses conf\u00e9rences ont tendance \u00e0 pointer de plus en plus fr\u00e9quemment les difficult\u00e9s rencontr\u00e9es en match. Mais un peu moins les solutions mises en places pour changer la donne. Assur\u00e9ment un axe pour progresser.<\/p>\n\n\n","protected":false},"excerpt":{"rendered":"<p>Contre Montpellier (2-0), l\u2019AS Monaco a renou\u00e9 avec le succ\u00e8s apr\u00e8s deux rencontres sans gagner. Poussifs, les Rouge ont assur\u00e9 l&rsquo;essentiel pour conserver leur place sur le podium et reprendre du terrain \u00e0 Nice. Si Adi H\u00fctter tente de conserver son sourire et sa bonhomie devant les cam\u00e9ras, son discours s&rsquo;est quelque peu durci depuis [&#8230;]\n","protected":false},"author":2,"featured_media":18689,"comment_status":"open","ping_status":"open","sticky":false,"template":"","format":"standard","meta":[],"categories":[5,6],"tags":[86,94,478],"yoast_head":"<!-- This site is optimized with the Yoast SEO plugin v19.8 - https:\/\/yoast.com\/wordpress\/plugins\/seo\/ -->\n<title>Monaco se relance contre Montpellier (2-0) - La Diagonale<\/title>\n<meta name=\"robots\" content=\"index, follow, max-snippet:-1, max-image-preview:large, max-video-preview:-1\" \/>\n<link rel=\"canonical\" href=\"https:\/\/www.ladiagonale.net\/index.php\/2023\/12\/03\/monaco-se-relance-contre-montpellier-2-0\/\" \/>\n<meta property=\"og:locale\" content=\"fr_FR\" \/>\n<meta property=\"og:type\" content=\"article\" \/>\n<meta property=\"og:title\" content=\"Monaco se relance contre Montpellier (2-0) - La Diagonale\" \/>\n<meta property=\"og:description\" content=\"Contre Montpellier (2-0), l\u2019AS Monaco a renou\u00e9 avec le succ\u00e8s apr\u00e8s deux rencontres sans gagner. Poussifs, les Rouge ont assur\u00e9 l&rsquo;essentiel pour conserver leur place sur le podium et reprendre du terrain \u00e0 Nice. Si Adi H\u00fctter tente de conserver son sourire et sa bonhomie devant les cam\u00e9ras, son discours s&rsquo;est quelque peu durci depuis [...]\" \/>\n<meta property=\"og:url\" content=\"https:\/\/www.ladiagonale.net\/index.php\/2023\/12\/03\/monaco-se-relance-contre-montpellier-2-0\/\" \/>\n<meta property=\"og:site_name\" content=\"La Diagonale\" \/>\n<meta property=\"article:published_time\" content=\"2023-12-03T16:01:34+00:00\" \/>\n<meta property=\"article:modified_time\" content=\"2024-09-26T14:12:32+00:00\" \/>\n<meta property=\"og:image\" content=\"https:\/\/www.ladiagonale.net\/wp-content\/uploads\/2023\/08\/minamino4.png\" \/>\n\t<meta property=\"og:image:width\" content=\"1160\" \/>\n\t<meta property=\"og:image:height\" content=\"650\" \/>\n\t<meta property=\"og:image:type\" content=\"image\/png\" \/>\n<meta name=\"author\" content=\"Damien Dellerba\" \/>\n<meta name=\"twitter:card\" content=\"summary_large_image\" \/>\n<meta name=\"twitter:image\" content=\"https:\/\/www.ladiagonale.net\/wp-content\/uploads\/2023\/08\/minamino4.png\" \/>\n<meta name=\"twitter:label1\" content=\"\u00c9crit par\" \/>\n\t<meta name=\"twitter:data1\" content=\"Damien Dellerba\" \/>\n\t<meta name=\"twitter:label2\" content=\"Dur\u00e9e de lecture estim\u00e9e\" \/>\n\t<meta name=\"twitter:data2\" content=\"3 minutes\" \/>\n<script type=\"application\/ld+json\" class=\"yoast-schema-graph\">{\"@context\":\"https:\/\/schema.org\",\"@graph\":[{\"@type\":\"WebPage\",\"@id\":\"https:\/\/www.ladiagonale.net\/index.php\/2023\/12\/03\/monaco-se-relance-contre-montpellier-2-0\/\",\"url\":\"https:\/\/www.ladiagonale.net\/index.php\/2023\/12\/03\/monaco-se-relance-contre-montpellier-2-0\/\",\"name\":\"Monaco se relance contre Montpellier (2-0) - La Diagonale\",\"isPartOf\":{\"@id\":\"https:\/\/www.ladiagonale.net\/#website\"},\"datePublished\":\"2023-12-03T16:01:34+00:00\",\"dateModified\":\"2024-09-26T14:12:32+00:00\",\"author\":{\"@id\":\"https:\/\/www.ladiagonale.net\/#\/schema\/person\/79ff1e7b0853ed01b2aa26e64ad300bf\"},\"breadcrumb\":{\"@id\":\"https:\/\/www.ladiagonale.net\/index.php\/2023\/12\/03\/monaco-se-relance-contre-montpellier-2-0\/#breadcrumb\"},\"inLanguage\":\"fr-FR\",\"potentialAction\":[{\"@type\":\"ReadAction\",\"target\":[\"https:\/\/www.ladiagonale.net\/index.php\/2023\/12\/03\/monaco-se-relance-contre-montpellier-2-0\/\"]}]},{\"@type\":\"BreadcrumbList\",\"@id\":\"https:\/\/www.ladiagonale.net\/index.php\/2023\/12\/03\/monaco-se-relance-contre-montpellier-2-0\/#breadcrumb\",\"itemListElement\":[{\"@type\":\"ListItem\",\"position\":1,\"name\":\"Accueil\",\"item\":\"https:\/\/www.ladiagonale.net\/\"},{\"@type\":\"ListItem\",\"position\":2,\"name\":\"Monaco se relance contre Montpellier (2-0)\"}]},{\"@type\":\"WebSite\",\"@id\":\"https:\/\/www.ladiagonale.net\/#website\",\"url\":\"https:\/\/www.ladiagonale.net\/\",\"name\":\"La Diagonale\",\"description\":\"Le site des supporters de l&#039;AS Monaco FC\",\"potentialAction\":[{\"@type\":\"SearchAction\",\"target\":{\"@type\":\"EntryPoint\",\"urlTemplate\":\"https:\/\/www.ladiagonale.net\/?s={search_term_string}\"},\"query-input\":\"required name=search_term_string\"}],\"inLanguage\":\"fr-FR\"},{\"@type\":\"Person\",\"@id\":\"https:\/\/www.ladiagonale.net\/#\/schema\/person\/79ff1e7b0853ed01b2aa26e64ad300bf\",\"name\":\"Damien Dellerba\",\"image\":{\"@type\":\"ImageObject\",\"inLanguage\":\"fr-FR\",\"@id\":\"https:\/\/www.ladiagonale.net\/#\/schema\/person\/image\/\",\"url\":\"https:\/\/secure.gravatar.com\/avatar\/c7850e06d3ff63cdbaee88b7fc16e2f0?s=96&d=mm&r=g\",\"contentUrl\":\"https:\/\/secure.gravatar.com\/avatar\/c7850e06d3ff63cdbaee88b7fc16e2f0?s=96&d=mm&r=g\",\"caption\":\"Damien Dellerba\"},\"url\":\"https:\/\/www.ladiagonale.net\/index.php\/author\/damien\/\"}]}<\/script>\n<!-- \/ Yoast SEO plugin. -->","yoast_head_json":{"title":"Monaco se relance contre Montpellier (2-0) - La Diagonale","robots":{"index":"index","follow":"follow","max-snippet":"max-snippet:-1","max-image-preview":"max-image-preview:large","max-video-preview":"max-video-preview:-1"},"canonical":"https:\/\/www.ladiagonale.net\/index.php\/2023\/12\/03\/monaco-se-relance-contre-montpellier-2-0\/","og_locale":"fr_FR","og_type":"article","og_title":"Monaco se relance contre Montpellier (2-0) - La Diagonale","og_description":"Contre Montpellier (2-0), l\u2019AS Monaco a renou\u00e9 avec le succ\u00e8s apr\u00e8s deux rencontres sans gagner. Poussifs, les Rouge ont assur\u00e9 l&rsquo;essentiel pour conserver leur place sur le podium et reprendre du terrain \u00e0 Nice. Si Adi H\u00fctter tente de conserver son sourire et sa bonhomie devant les cam\u00e9ras, son discours s&rsquo;est quelque peu durci depuis [...]","og_url":"https:\/\/www.ladiagonale.net\/index.php\/2023\/12\/03\/monaco-se-relance-contre-montpellier-2-0\/","og_site_name":"La Diagonale","article_published_time":"2023-12-03T16:01:34+00:00","article_modified_time":"2024-09-26T14:12:32+00:00","og_image":[{"width":1160,"height":650,"url":"https:\/\/www.ladiagonale.net\/wp-content\/uploads\/2023\/08\/minamino4.png","type":"image\/png"}],"author":"Damien Dellerba","twitter_card":"summary_large_image","twitter_image":"https:\/\/www.ladiagonale.net\/wp-content\/uploads\/2023\/08\/minamino4.png","twitter_misc":{"\u00c9crit par":"Damien Dellerba","Dur\u00e9e de lecture estim\u00e9e":"3 minutes"},"schema":{"@context":"https:\/\/schema.org","@graph":[{"@type":"WebPage","@id":"https:\/\/www.ladiagonale.net\/index.php\/2023\/12\/03\/monaco-se-relance-contre-montpellier-2-0\/","url":"https:\/\/www.ladiagonale.net\/index.php\/2023\/12\/03\/monaco-se-relance-contre-montpellier-2-0\/","name":"Monaco se relance contre Montpellier (2-0) - La Diagonale","isPartOf":{"@id":"https:\/\/www.ladiagonale.net\/#website"},"datePublished":"2023-12-03T16:01:34+00:00","dateModified":"2024-09-26T14:12:32+00:00","author":{"@id":"https:\/\/www.ladiagonale.net\/#\/schema\/person\/79ff1e7b0853ed01b2aa26e64ad300bf"},"breadcrumb":{"@id":"https:\/\/www.ladiagonale.net\/index.php\/2023\/12\/03\/monaco-se-relance-contre-montpellier-2-0\/#breadcrumb"},"inLanguage":"fr-FR","potentialAction":[{"@type":"ReadAction","target":["https:\/\/www.ladiagonale.net\/index.php\/2023\/12\/03\/monaco-se-relance-contre-montpellier-2-0\/"]}]},{"@type":"BreadcrumbList","@id":"https:\/\/www.ladiagonale.net\/index.php\/2023\/12\/03\/monaco-se-relance-contre-montpellier-2-0\/#breadcrumb","itemListElement":[{"@type":"ListItem","position":1,"name":"Accueil","item":"https:\/\/www.ladiagonale.net\/"},{"@type":"ListItem","position":2,"name":"Monaco se relance contre Montpellier (2-0)"}]},{"@type":"WebSite","@id":"https:\/\/www.ladiagonale.net\/#website","url":"https:\/\/www.ladiagonale.net\/","name":"La Diagonale","description":"Le site des supporters de l&#039;AS Monaco FC","potentialAction":[{"@type":"SearchAction","target":{"@type":"EntryPoint","urlTemplate":"https:\/\/www.ladiagonale.net\/?s={search_term_string}"},"query-input":"required name=search_term_string"}],"inLanguage":"fr-FR"},{"@type":"Person","@id":"https:\/\/www.ladiagonale.net\/#\/schema\/person\/79ff1e7b0853ed01b2aa26e64ad300bf","name":"Damien Dellerba","image":{"@type":"ImageObject","inLanguage":"fr-FR","@id":"https:\/\/www.ladiagonale.net\/#\/schema\/person\/image\/","url":"https:\/\/secure.gravatar.com\/avatar\/c7850e06d3ff63cdbaee88b7fc16e2f0?s=96&d=mm&r=g","contentUrl":"https:\/\/secure.gravatar.com\/avatar\/c7850e06d3ff63cdbaee88b7fc16e2f0?s=96&d=mm&r=g","caption":"Damien Dellerba"},"url":"https:\/\/www.ladiagonale.net\/index.php\/author\/damien\/"}]}},"_links":{"self":[{"href":"https:\/\/www.ladiagonale.net\/index.php\/wp-json\/wp\/v2\/posts\/18662"}],"collection":[{"href":"https:\/\/www.ladiagonale.net\/index.php\/wp-json\/wp\/v2\/posts"}],"about":[{"href":"https:\/\/www.ladiagonale.net\/index.php\/wp-json\/wp\/v2\/types\/post"}],"author":[{"embeddable":true,"href":"https:\/\/www.ladiagonale.net\/index.php\/wp-json\/wp\/v2\/users\/2"}],"replies":[{"embeddable":true,"href":"https:\/\/www.ladiagonale.net\/index.php\/wp-json\/wp\/v2\/comments?post=18662"}],"version-history":[{"count":7,"href":"https:\/\/www.ladiagonale.net\/index.php\/wp-json\/wp\/v2\/posts\/18662\/revisions"}],"predecessor-version":[{"id":26102,"href":"https:\/\/www.ladiagonale.net\/index.php\/wp-json\/wp\/v2\/posts\/18662\/revisions\/26102"}],"wp:featuredmedia":[{"embeddable":true,"href":"https:\/\/www.ladiagonale.net\/index.php\/wp-json\/wp\/v2\/media\/18689"}],"wp:attachment":[{"href":"https:\/\/www.ladiagonale.net\/index.php\/wp-json\/wp\/v2\/media?parent=18662"}],"wp:term":[{"taxonomy":"category","embeddable":true,"href":"https:\/\/www.ladiagonale.net\/index.php\/wp-json\/wp\/v2\/categories?post=18662"},{"taxonomy":"post_tag","embeddable":true,"href":"https:\/\/www.ladiagonale.net\/index.php\/wp-json\/wp\/v2\/tags?post=18662"}],"curies":[{"name":"wp","href":"https:\/\/api.w.org\/{rel}","templated":true}]}}