{"id":18713,"date":"2023-12-06T15:17:07","date_gmt":"2023-12-06T14:17:07","guid":{"rendered":"https:\/\/www.ladiagonale.net\/?p=18713"},"modified":"2023-12-06T22:37:41","modified_gmt":"2023-12-06T21:37:41","slug":"monaco-discuterait-avec-adidas","status":"publish","type":"post","link":"https:\/\/www.ladiagonale.net\/index.php\/2023\/12\/06\/monaco-discuterait-avec-adidas\/","title":{"rendered":"Monaco discuterait avec Adidas"},"content":{"rendered":"\n\n\n<p>Le contrat qui lie l&rsquo;AS Monaco \u00e0 l&rsquo;\u00e9quipementier italien <em>Kappa<\/em> arrivera \u00e0 son terme en juin 2025. S&rsquo;il n&rsquo;est pas impossible que celui soit renouvel\u00e9, le club de la Principaut\u00e9 avait indiqu\u00e9, par l&rsquo;interm\u00e9diaire de son directeur marketing et des revenus Thibaut Chatelard, qu&rsquo;une consultation serait men\u00e9e pour \u00ab\u00a0<em>ouvrir la possibilit\u00e9 \u00e0 d\u2019autres \u00e9quipementiers de s\u2019associer \u00e0 l\u2019image de marque de l\u2019AS Monaco<\/em>\u00a0\u00bb. D&rsquo;apr\u00e8s <em>Foot Mercato<\/em>, des discussions auraient d\u00e9j\u00e0 cours entre l&rsquo;ASM et plusieurs \u00e9quipementiers, dont <em>Adidas<\/em>, qui s&rsquo;interrogerait sur la suite de son partenariat avec Lyon. Ce ne serait pas la premi\u00e8re fois que Monaco et Adidas seraient associ\u00e9s, puisque cela a d\u00e9j\u00e0 eu lieu \u00e0 deux reprises dans l&rsquo;histoire du club (1985-1988, 1990-1998).<\/p>\n\n\n\n<p>Pour l&rsquo;heure, il n&rsquo;est pas dit qu&rsquo;un changement aura lieu. L&rsquo;ASM a admis avoir \u00ab <em>une excellente relation<\/em> \u00bb avec Kappa et s&rsquo;\u00e9tait notamment f\u00e9licit\u00e9e de cette collaboration et des maillots attractifs propos\u00e9s par l&rsquo;\u00e9quipementier italien, participant de <a href=\"https:\/\/www.ladiagonale.net\/index.php\/2023\/12\/03\/monaco-a-vu-ses-revenus-marketing-augmenter-de-20\/\">l&rsquo;augmentation de ses revenus marketing<\/a>. Thibaut Chatelard avait en outre pris soin de pr\u00e9ciser que la consultation avec d&rsquo;autres \u00e9quipementiers serait faite de fa\u00e7on transparente avec Kappa.<\/p>\n","protected":false},"excerpt":{"rendered":"<p>Le contrat qui lie l&rsquo;AS Monaco \u00e0 l&rsquo;\u00e9quipementier italien Kappa arrivera \u00e0 son terme en juin 2025. S&rsquo;il n&rsquo;est pas impossible que celui soit renouvel\u00e9, le club de la Principaut\u00e9 avait indiqu\u00e9, par l&rsquo;interm\u00e9diaire de son directeur marketing et des revenus Thibaut Chatelard, qu&rsquo;une consultation serait men\u00e9e pour \u00ab\u00a0ouvrir la possibilit\u00e9 \u00e0 d\u2019autres \u00e9quipementiers de [&#8230;]\n","protected":false},"author":2,"featured_media":0,"comment_status":"open","ping_status":"open","sticky":false,"template":"","format":"standard","meta":[],"categories":[6],"tags":[737,86,736,258],"yoast_head":"<!-- This site is optimized with the Yoast SEO plugin v19.8 - https:\/\/yoast.com\/wordpress\/plugins\/seo\/ -->\n<title>Monaco discuterait avec Adidas - La Diagonale<\/title>\n<meta name=\"robots\" content=\"index, follow, max-snippet:-1, max-image-preview:large, max-video-preview:-1\" \/>\n<link rel=\"canonical\" href=\"https:\/\/www.ladiagonale.net\/index.php\/2023\/12\/06\/monaco-discuterait-avec-adidas\/\" \/>\n<meta property=\"og:locale\" content=\"fr_FR\" \/>\n<meta property=\"og:type\" content=\"article\" \/>\n<meta property=\"og:title\" content=\"Monaco discuterait avec Adidas - La Diagonale\" \/>\n<meta property=\"og:description\" content=\"Le contrat qui lie l&rsquo;AS Monaco \u00e0 l&rsquo;\u00e9quipementier italien Kappa arrivera \u00e0 son terme en juin 2025. S&rsquo;il n&rsquo;est pas impossible que celui soit renouvel\u00e9, le club de la Principaut\u00e9 avait indiqu\u00e9, par l&rsquo;interm\u00e9diaire de son directeur marketing et des revenus Thibaut Chatelard, qu&rsquo;une consultation serait men\u00e9e pour \u00ab\u00a0ouvrir la possibilit\u00e9 \u00e0 d\u2019autres \u00e9quipementiers de [...]\" \/>\n<meta property=\"og:url\" content=\"https:\/\/www.ladiagonale.net\/index.php\/2023\/12\/06\/monaco-discuterait-avec-adidas\/\" \/>\n<meta property=\"og:site_name\" content=\"La Diagonale\" \/>\n<meta property=\"article:published_time\" content=\"2023-12-06T14:17:07+00:00\" \/>\n<meta property=\"article:modified_time\" content=\"2023-12-06T21:37:41+00:00\" \/>\n<meta property=\"og:image\" content=\"https:\/\/www.ladiagonale.net\/wp-content\/uploads\/2023\/12\/djoarkaeff.png\" \/>\n\t<meta property=\"og:image:width\" content=\"1160\" \/>\n\t<meta property=\"og:image:height\" content=\"650\" \/>\n\t<meta property=\"og:image:type\" content=\"image\/png\" \/>\n<meta name=\"author\" content=\"Damien Dellerba\" \/>\n<meta name=\"twitter:card\" content=\"summary_large_image\" \/>\n<meta name=\"twitter:image\" content=\"https:\/\/www.ladiagonale.net\/wp-content\/uploads\/2023\/12\/djoarkaeff.png\" \/>\n<meta name=\"twitter:label1\" content=\"\u00c9crit par\" \/>\n\t<meta name=\"twitter:data1\" content=\"Damien Dellerba\" \/>\n\t<meta name=\"twitter:label2\" content=\"Dur\u00e9e de lecture estim\u00e9e\" \/>\n\t<meta name=\"twitter:data2\" content=\"1 minute\" \/>\n<script type=\"application\/ld+json\" class=\"yoast-schema-graph\">{\"@context\":\"https:\/\/schema.org\",\"@graph\":[{\"@type\":\"WebPage\",\"@id\":\"https:\/\/www.ladiagonale.net\/index.php\/2023\/12\/06\/monaco-discuterait-avec-adidas\/\",\"url\":\"https:\/\/www.ladiagonale.net\/index.php\/2023\/12\/06\/monaco-discuterait-avec-adidas\/\",\"name\":\"Monaco discuterait avec Adidas - La Diagonale\",\"isPartOf\":{\"@id\":\"https:\/\/www.ladiagonale.net\/#website\"},\"datePublished\":\"2023-12-06T14:17:07+00:00\",\"dateModified\":\"2023-12-06T21:37:41+00:00\",\"author\":{\"@id\":\"https:\/\/www.ladiagonale.net\/#\/schema\/person\/79ff1e7b0853ed01b2aa26e64ad300bf\"},\"breadcrumb\":{\"@id\":\"https:\/\/www.ladiagonale.net\/index.php\/2023\/12\/06\/monaco-discuterait-avec-adidas\/#breadcrumb\"},\"inLanguage\":\"fr-FR\",\"potentialAction\":[{\"@type\":\"ReadAction\",\"target\":[\"https:\/\/www.ladiagonale.net\/index.php\/2023\/12\/06\/monaco-discuterait-avec-adidas\/\"]}]},{\"@type\":\"BreadcrumbList\",\"@id\":\"https:\/\/www.ladiagonale.net\/index.php\/2023\/12\/06\/monaco-discuterait-avec-adidas\/#breadcrumb\",\"itemListElement\":[{\"@type\":\"ListItem\",\"position\":1,\"name\":\"Accueil\",\"item\":\"https:\/\/www.ladiagonale.net\/\"},{\"@type\":\"ListItem\",\"position\":2,\"name\":\"Monaco discuterait avec Adidas\"}]},{\"@type\":\"WebSite\",\"@id\":\"https:\/\/www.ladiagonale.net\/#website\",\"url\":\"https:\/\/www.ladiagonale.net\/\",\"name\":\"La Diagonale\",\"description\":\"Le site des supporters de l&#039;AS Monaco FC\",\"potentialAction\":[{\"@type\":\"SearchAction\",\"target\":{\"@type\":\"EntryPoint\",\"urlTemplate\":\"https:\/\/www.ladiagonale.net\/?s={search_term_string}\"},\"query-input\":\"required name=search_term_string\"}],\"inLanguage\":\"fr-FR\"},{\"@type\":\"Person\",\"@id\":\"https:\/\/www.ladiagonale.net\/#\/schema\/person\/79ff1e7b0853ed01b2aa26e64ad300bf\",\"name\":\"Damien Dellerba\",\"image\":{\"@type\":\"ImageObject\",\"inLanguage\":\"fr-FR\",\"@id\":\"https:\/\/www.ladiagonale.net\/#\/schema\/person\/image\/\",\"url\":\"https:\/\/secure.gravatar.com\/avatar\/c7850e06d3ff63cdbaee88b7fc16e2f0?s=96&d=mm&r=g\",\"contentUrl\":\"https:\/\/secure.gravatar.com\/avatar\/c7850e06d3ff63cdbaee88b7fc16e2f0?s=96&d=mm&r=g\",\"caption\":\"Damien Dellerba\"},\"url\":\"https:\/\/www.ladiagonale.net\/index.php\/author\/damien\/\"}]}<\/script>\n<!-- \/ Yoast SEO plugin. -->","yoast_head_json":{"title":"Monaco discuterait avec Adidas - La Diagonale","robots":{"index":"index","follow":"follow","max-snippet":"max-snippet:-1","max-image-preview":"max-image-preview:large","max-video-preview":"max-video-preview:-1"},"canonical":"https:\/\/www.ladiagonale.net\/index.php\/2023\/12\/06\/monaco-discuterait-avec-adidas\/","og_locale":"fr_FR","og_type":"article","og_title":"Monaco discuterait avec Adidas - La Diagonale","og_description":"Le contrat qui lie l&rsquo;AS Monaco \u00e0 l&rsquo;\u00e9quipementier italien Kappa arrivera \u00e0 son terme en juin 2025. S&rsquo;il n&rsquo;est pas impossible que celui soit renouvel\u00e9, le club de la Principaut\u00e9 avait indiqu\u00e9, par l&rsquo;interm\u00e9diaire de son directeur marketing et des revenus Thibaut Chatelard, qu&rsquo;une consultation serait men\u00e9e pour \u00ab\u00a0ouvrir la possibilit\u00e9 \u00e0 d\u2019autres \u00e9quipementiers de [...]","og_url":"https:\/\/www.ladiagonale.net\/index.php\/2023\/12\/06\/monaco-discuterait-avec-adidas\/","og_site_name":"La Diagonale","article_published_time":"2023-12-06T14:17:07+00:00","article_modified_time":"2023-12-06T21:37:41+00:00","og_image":[{"width":1160,"height":650,"url":"https:\/\/www.ladiagonale.net\/wp-content\/uploads\/2023\/12\/djoarkaeff.png","type":"image\/png"}],"author":"Damien Dellerba","twitter_card":"summary_large_image","twitter_image":"https:\/\/www.ladiagonale.net\/wp-content\/uploads\/2023\/12\/djoarkaeff.png","twitter_misc":{"\u00c9crit par":"Damien Dellerba","Dur\u00e9e de lecture estim\u00e9e":"1 minute"},"schema":{"@context":"https:\/\/schema.org","@graph":[{"@type":"WebPage","@id":"https:\/\/www.ladiagonale.net\/index.php\/2023\/12\/06\/monaco-discuterait-avec-adidas\/","url":"https:\/\/www.ladiagonale.net\/index.php\/2023\/12\/06\/monaco-discuterait-avec-adidas\/","name":"Monaco discuterait avec Adidas - La Diagonale","isPartOf":{"@id":"https:\/\/www.ladiagonale.net\/#website"},"datePublished":"2023-12-06T14:17:07+00:00","dateModified":"2023-12-06T21:37:41+00:00","author":{"@id":"https:\/\/www.ladiagonale.net\/#\/schema\/person\/79ff1e7b0853ed01b2aa26e64ad300bf"},"breadcrumb":{"@id":"https:\/\/www.ladiagonale.net\/index.php\/2023\/12\/06\/monaco-discuterait-avec-adidas\/#breadcrumb"},"inLanguage":"fr-FR","potentialAction":[{"@type":"ReadAction","target":["https:\/\/www.ladiagonale.net\/index.php\/2023\/12\/06\/monaco-discuterait-avec-adidas\/"]}]},{"@type":"BreadcrumbList","@id":"https:\/\/www.ladiagonale.net\/index.php\/2023\/12\/06\/monaco-discuterait-avec-adidas\/#breadcrumb","itemListElement":[{"@type":"ListItem","position":1,"name":"Accueil","item":"https:\/\/www.ladiagonale.net\/"},{"@type":"ListItem","position":2,"name":"Monaco discuterait avec Adidas"}]},{"@type":"WebSite","@id":"https:\/\/www.ladiagonale.net\/#website","url":"https:\/\/www.ladiagonale.net\/","name":"La Diagonale","description":"Le site des supporters de l&#039;AS Monaco FC","potentialAction":[{"@type":"SearchAction","target":{"@type":"EntryPoint","urlTemplate":"https:\/\/www.ladiagonale.net\/?s={search_term_string}"},"query-input":"required name=search_term_string"}],"inLanguage":"fr-FR"},{"@type":"Person","@id":"https:\/\/www.ladiagonale.net\/#\/schema\/person\/79ff1e7b0853ed01b2aa26e64ad300bf","name":"Damien Dellerba","image":{"@type":"ImageObject","inLanguage":"fr-FR","@id":"https:\/\/www.ladiagonale.net\/#\/schema\/person\/image\/","url":"https:\/\/secure.gravatar.com\/avatar\/c7850e06d3ff63cdbaee88b7fc16e2f0?s=96&d=mm&r=g","contentUrl":"https:\/\/secure.gravatar.com\/avatar\/c7850e06d3ff63cdbaee88b7fc16e2f0?s=96&d=mm&r=g","caption":"Damien Dellerba"},"url":"https:\/\/www.ladiagonale.net\/index.php\/author\/damien\/"}]}},"_links":{"self":[{"href":"https:\/\/www.ladiagonale.net\/index.php\/wp-json\/wp\/v2\/posts\/18713"}],"collection":[{"href":"https:\/\/www.ladiagonale.net\/index.php\/wp-json\/wp\/v2\/posts"}],"about":[{"href":"https:\/\/www.ladiagonale.net\/index.php\/wp-json\/wp\/v2\/types\/post"}],"author":[{"embeddable":true,"href":"https:\/\/www.ladiagonale.net\/index.php\/wp-json\/wp\/v2\/users\/2"}],"replies":[{"embeddable":true,"href":"https:\/\/www.ladiagonale.net\/index.php\/wp-json\/wp\/v2\/comments?post=18713"}],"version-history":[{"count":3,"href":"https:\/\/www.ladiagonale.net\/index.php\/wp-json\/wp\/v2\/posts\/18713\/revisions"}],"predecessor-version":[{"id":18719,"href":"https:\/\/www.ladiagonale.net\/index.php\/wp-json\/wp\/v2\/posts\/18713\/revisions\/18719"}],"wp:attachment":[{"href":"https:\/\/www.ladiagonale.net\/index.php\/wp-json\/wp\/v2\/media?parent=18713"}],"wp:term":[{"taxonomy":"category","embeddable":true,"href":"https:\/\/www.ladiagonale.net\/index.php\/wp-json\/wp\/v2\/categories?post=18713"},{"taxonomy":"post_tag","embeddable":true,"href":"https:\/\/www.ladiagonale.net\/index.php\/wp-json\/wp\/v2\/tags?post=18713"}],"curies":[{"name":"wp","href":"https:\/\/api.w.org\/{rel}","templated":true}]}}