{"id":18775,"date":"2023-12-09T15:15:15","date_gmt":"2023-12-09T14:15:15","guid":{"rendered":"https:\/\/www.ladiagonale.net\/?p=18775"},"modified":"2023-12-11T03:52:51","modified_gmt":"2023-12-11T02:52:51","slug":"lemarechal-voir-mes-potes-du-centre-en-equipe-premiere-me-donne-de-lambition","status":"publish","type":"post","link":"https:\/\/www.ladiagonale.net\/index.php\/2023\/12\/09\/lemarechal-voir-mes-potes-du-centre-en-equipe-premiere-me-donne-de-lambition\/","title":{"rendered":"Lemarechal : \u00ab\u00a0Voir mes potes du centre en \u00e9quipe premi\u00e8re me donne de l&rsquo;ambition\u00a0\u00bb"},"content":{"rendered":"\n\n\n<p>Avec 9 rencontres disput\u00e9es au sein du Cercle Bruges, o\u00f9 il est pr\u00eat\u00e9 cette saison, F\u00e9lix Lemarechal s\u2019impose progressivement au sein du club satellite de l\u2019AS Monaco. Barr\u00e9 dans l\u2019entre-jeu en Principaut\u00e9, le milieu form\u00e9 au club a accord\u00e9 un entretien \u00e0<em> Foot Mercato<\/em> pour \u00e9voquer ses premiers mois en Belgique : \u00ab&nbsp;<em>Je suis un jeune joueur donc quand je suis arriv\u00e9 ici, j\u2019avais comme principal comme objectif de me d\u00e9velopper au maximum<\/em>, a-t-il expliqu\u00e9. <em>J\u2019esp\u00e9rais forc\u00e9ment \u00eatre titulaire. Le projet de jeu, je le connaissais d\u00e9j\u00e0 avant de venir, et je savais que j\u2019aurais des opportunit\u00e9s pour jouer et montrer mes qualit\u00e9s.<\/em>&nbsp;\u00bb<\/p>\n\n\n\n<p>Lemarechal profite au maximum de cette opportunit\u00e9 qui lui est donn\u00e9e en pr\u00eat pour engranger de l\u2019exp\u00e9rience, m\u00eame s\u2019il aurait souhait\u00e9 jouer davantage \u00e0 Monaco : \u00ab&nbsp;<em>Tout le monde, \u00e0 cet \u00e2ge (20 ans), n\u2019a pas fait 20 matches en Ligue 1 et \u00e0 l\u2019\u00e9tranger, m\u00eame si d\u2019autres joueurs plus jeunes en ont jou\u00e9 plus. Au-del\u00e0 du nombre de matchs, j\u2019ai pris de l\u2019exp\u00e9rience en 3 ans. J\u2019ai commenc\u00e9 en pro \u00e0 Monaco, je n\u2019avais que 17 ans. C\u2019est s\u00fbr que j\u2019aurais aim\u00e9 jouer plus. Mais c\u2019est peut-\u00eatre aussi parce que je n\u2019\u00e9tais pas pr\u00eat. C\u2019est peut-\u00eatre maintenant le bon moment et j\u2019essaye de le saisir.<\/em>&nbsp;\u00bb<\/p>\n\n\n\n<p>Le bon d\u00e9but de saison de l\u2019ASM a \u00e9t\u00e9 \u00e9videmment observ\u00e9 attentivement par Lemarechal : \u00ab\u00a0J<em>e suis content pour eux avec ce d\u00e9but de saison, car j\u2019ai grandi avec eux. Voir jouer mes potes du centre de formation avec l\u2019\u00e9quipe premi\u00e8re, \u00e7a me donne de l\u2019ambition et je me dis pourquoi pas moi.<\/em>\u00a0\u00bb Mais pour l\u2019instant, il se concentre sur son aventure au Cercle Bruges avant de penser \u00e0 la suite \u00e0 Monaco, o\u00f9 son contrat court jusqu&rsquo;en 2027 : \u00ab\u00a0<em>Je me donne \u00e0 fond pour le Cercle, pour d\u00e9fendre ses couleurs et \u00eatre le plus performant possible ici. Apr\u00e8s, je ne me suis pas encore pos\u00e9 la question, mais oui, je vais forc\u00e9ment devoir y r\u00e9fl\u00e9chir d\u2019ici la fin de saison.<\/em> \u00bb<\/p>\n","protected":false},"excerpt":{"rendered":"<p>Avec 9 rencontres disput\u00e9es au sein du Cercle Bruges, o\u00f9 il est pr\u00eat\u00e9 cette saison, F\u00e9lix Lemarechal s\u2019impose progressivement au sein du club satellite de l\u2019AS Monaco. Barr\u00e9 dans l\u2019entre-jeu en Principaut\u00e9, le milieu form\u00e9 au club a accord\u00e9 un entretien \u00e0 Foot Mercato pour \u00e9voquer ses premiers mois en Belgique : \u00ab&nbsp;Je suis un [&#8230;]\n","protected":false},"author":2,"featured_media":0,"comment_status":"open","ping_status":"open","sticky":false,"template":"","format":"standard","meta":[],"categories":[6],"tags":[86,309],"yoast_head":"<!-- This site is optimized with the Yoast SEO plugin v19.8 - https:\/\/yoast.com\/wordpress\/plugins\/seo\/ -->\n<title>Lemarechal : \u00ab\u00a0Voir mes potes du centre en \u00e9quipe premi\u00e8re me donne de l&#039;ambition\u00a0\u00bb - La Diagonale<\/title>\n<meta name=\"robots\" content=\"index, follow, max-snippet:-1, max-image-preview:large, max-video-preview:-1\" \/>\n<link rel=\"canonical\" href=\"https:\/\/www.ladiagonale.net\/index.php\/2023\/12\/09\/lemarechal-voir-mes-potes-du-centre-en-equipe-premiere-me-donne-de-lambition\/\" \/>\n<meta property=\"og:locale\" content=\"fr_FR\" \/>\n<meta property=\"og:type\" content=\"article\" \/>\n<meta property=\"og:title\" content=\"Lemarechal : \u00ab\u00a0Voir mes potes du centre en \u00e9quipe premi\u00e8re me donne de l&#039;ambition\u00a0\u00bb - La Diagonale\" \/>\n<meta property=\"og:description\" content=\"Avec 9 rencontres disput\u00e9es au sein du Cercle Bruges, o\u00f9 il est pr\u00eat\u00e9 cette saison, F\u00e9lix Lemarechal s\u2019impose progressivement au sein du club satellite de l\u2019AS Monaco. Barr\u00e9 dans l\u2019entre-jeu en Principaut\u00e9, le milieu form\u00e9 au club a accord\u00e9 un entretien \u00e0 Foot Mercato pour \u00e9voquer ses premiers mois en Belgique : \u00ab&nbsp;Je suis un [...]\" \/>\n<meta property=\"og:url\" content=\"https:\/\/www.ladiagonale.net\/index.php\/2023\/12\/09\/lemarechal-voir-mes-potes-du-centre-en-equipe-premiere-me-donne-de-lambition\/\" \/>\n<meta property=\"og:site_name\" content=\"La Diagonale\" \/>\n<meta property=\"article:published_time\" content=\"2023-12-09T14:15:15+00:00\" \/>\n<meta property=\"article:modified_time\" content=\"2023-12-11T02:52:51+00:00\" \/>\n<meta property=\"og:image\" content=\"https:\/\/www.ladiagonale.net\/wp-content\/uploads\/2023\/12\/lemarechal-cercle.png\" \/>\n\t<meta property=\"og:image:width\" content=\"1160\" \/>\n\t<meta property=\"og:image:height\" content=\"650\" \/>\n\t<meta property=\"og:image:type\" content=\"image\/png\" \/>\n<meta name=\"author\" content=\"Damien Dellerba\" \/>\n<meta name=\"twitter:card\" content=\"summary_large_image\" \/>\n<meta name=\"twitter:image\" content=\"https:\/\/www.ladiagonale.net\/wp-content\/uploads\/2023\/12\/lemarechal-cercle.png\" \/>\n<meta name=\"twitter:label1\" content=\"\u00c9crit par\" \/>\n\t<meta name=\"twitter:data1\" content=\"Damien Dellerba\" \/>\n\t<meta name=\"twitter:label2\" content=\"Dur\u00e9e de lecture estim\u00e9e\" \/>\n\t<meta name=\"twitter:data2\" content=\"2 minutes\" \/>\n<script type=\"application\/ld+json\" class=\"yoast-schema-graph\">{\"@context\":\"https:\/\/schema.org\",\"@graph\":[{\"@type\":\"WebPage\",\"@id\":\"https:\/\/www.ladiagonale.net\/index.php\/2023\/12\/09\/lemarechal-voir-mes-potes-du-centre-en-equipe-premiere-me-donne-de-lambition\/\",\"url\":\"https:\/\/www.ladiagonale.net\/index.php\/2023\/12\/09\/lemarechal-voir-mes-potes-du-centre-en-equipe-premiere-me-donne-de-lambition\/\",\"name\":\"Lemarechal : \u00ab\u00a0Voir mes potes du centre en \u00e9quipe premi\u00e8re me donne de l'ambition\u00a0\u00bb - La Diagonale\",\"isPartOf\":{\"@id\":\"https:\/\/www.ladiagonale.net\/#website\"},\"datePublished\":\"2023-12-09T14:15:15+00:00\",\"dateModified\":\"2023-12-11T02:52:51+00:00\",\"author\":{\"@id\":\"https:\/\/www.ladiagonale.net\/#\/schema\/person\/79ff1e7b0853ed01b2aa26e64ad300bf\"},\"breadcrumb\":{\"@id\":\"https:\/\/www.ladiagonale.net\/index.php\/2023\/12\/09\/lemarechal-voir-mes-potes-du-centre-en-equipe-premiere-me-donne-de-lambition\/#breadcrumb\"},\"inLanguage\":\"fr-FR\",\"potentialAction\":[{\"@type\":\"ReadAction\",\"target\":[\"https:\/\/www.ladiagonale.net\/index.php\/2023\/12\/09\/lemarechal-voir-mes-potes-du-centre-en-equipe-premiere-me-donne-de-lambition\/\"]}]},{\"@type\":\"BreadcrumbList\",\"@id\":\"https:\/\/www.ladiagonale.net\/index.php\/2023\/12\/09\/lemarechal-voir-mes-potes-du-centre-en-equipe-premiere-me-donne-de-lambition\/#breadcrumb\",\"itemListElement\":[{\"@type\":\"ListItem\",\"position\":1,\"name\":\"Accueil\",\"item\":\"https:\/\/www.ladiagonale.net\/\"},{\"@type\":\"ListItem\",\"position\":2,\"name\":\"Lemarechal : \u00ab\u00a0Voir mes potes du centre en \u00e9quipe premi\u00e8re me donne de l&rsquo;ambition\u00a0\u00bb\"}]},{\"@type\":\"WebSite\",\"@id\":\"https:\/\/www.ladiagonale.net\/#website\",\"url\":\"https:\/\/www.ladiagonale.net\/\",\"name\":\"La Diagonale\",\"description\":\"Le site des supporters de l&#039;AS Monaco FC\",\"potentialAction\":[{\"@type\":\"SearchAction\",\"target\":{\"@type\":\"EntryPoint\",\"urlTemplate\":\"https:\/\/www.ladiagonale.net\/?s={search_term_string}\"},\"query-input\":\"required name=search_term_string\"}],\"inLanguage\":\"fr-FR\"},{\"@type\":\"Person\",\"@id\":\"https:\/\/www.ladiagonale.net\/#\/schema\/person\/79ff1e7b0853ed01b2aa26e64ad300bf\",\"name\":\"Damien Dellerba\",\"image\":{\"@type\":\"ImageObject\",\"inLanguage\":\"fr-FR\",\"@id\":\"https:\/\/www.ladiagonale.net\/#\/schema\/person\/image\/\",\"url\":\"https:\/\/secure.gravatar.com\/avatar\/c7850e06d3ff63cdbaee88b7fc16e2f0?s=96&d=mm&r=g\",\"contentUrl\":\"https:\/\/secure.gravatar.com\/avatar\/c7850e06d3ff63cdbaee88b7fc16e2f0?s=96&d=mm&r=g\",\"caption\":\"Damien Dellerba\"},\"url\":\"https:\/\/www.ladiagonale.net\/index.php\/author\/damien\/\"}]}<\/script>\n<!-- \/ Yoast SEO plugin. -->","yoast_head_json":{"title":"Lemarechal : \u00ab\u00a0Voir mes potes du centre en \u00e9quipe premi\u00e8re me donne de l'ambition\u00a0\u00bb - La Diagonale","robots":{"index":"index","follow":"follow","max-snippet":"max-snippet:-1","max-image-preview":"max-image-preview:large","max-video-preview":"max-video-preview:-1"},"canonical":"https:\/\/www.ladiagonale.net\/index.php\/2023\/12\/09\/lemarechal-voir-mes-potes-du-centre-en-equipe-premiere-me-donne-de-lambition\/","og_locale":"fr_FR","og_type":"article","og_title":"Lemarechal : \u00ab\u00a0Voir mes potes du centre en \u00e9quipe premi\u00e8re me donne de l'ambition\u00a0\u00bb - La Diagonale","og_description":"Avec 9 rencontres disput\u00e9es au sein du Cercle Bruges, o\u00f9 il est pr\u00eat\u00e9 cette saison, F\u00e9lix Lemarechal s\u2019impose progressivement au sein du club satellite de l\u2019AS Monaco. Barr\u00e9 dans l\u2019entre-jeu en Principaut\u00e9, le milieu form\u00e9 au club a accord\u00e9 un entretien \u00e0 Foot Mercato pour \u00e9voquer ses premiers mois en Belgique : \u00ab&nbsp;Je suis un [...]","og_url":"https:\/\/www.ladiagonale.net\/index.php\/2023\/12\/09\/lemarechal-voir-mes-potes-du-centre-en-equipe-premiere-me-donne-de-lambition\/","og_site_name":"La Diagonale","article_published_time":"2023-12-09T14:15:15+00:00","article_modified_time":"2023-12-11T02:52:51+00:00","og_image":[{"width":1160,"height":650,"url":"https:\/\/www.ladiagonale.net\/wp-content\/uploads\/2023\/12\/lemarechal-cercle.png","type":"image\/png"}],"author":"Damien Dellerba","twitter_card":"summary_large_image","twitter_image":"https:\/\/www.ladiagonale.net\/wp-content\/uploads\/2023\/12\/lemarechal-cercle.png","twitter_misc":{"\u00c9crit par":"Damien Dellerba","Dur\u00e9e de lecture estim\u00e9e":"2 minutes"},"schema":{"@context":"https:\/\/schema.org","@graph":[{"@type":"WebPage","@id":"https:\/\/www.ladiagonale.net\/index.php\/2023\/12\/09\/lemarechal-voir-mes-potes-du-centre-en-equipe-premiere-me-donne-de-lambition\/","url":"https:\/\/www.ladiagonale.net\/index.php\/2023\/12\/09\/lemarechal-voir-mes-potes-du-centre-en-equipe-premiere-me-donne-de-lambition\/","name":"Lemarechal : \u00ab\u00a0Voir mes potes du centre en \u00e9quipe premi\u00e8re me donne de l'ambition\u00a0\u00bb - La Diagonale","isPartOf":{"@id":"https:\/\/www.ladiagonale.net\/#website"},"datePublished":"2023-12-09T14:15:15+00:00","dateModified":"2023-12-11T02:52:51+00:00","author":{"@id":"https:\/\/www.ladiagonale.net\/#\/schema\/person\/79ff1e7b0853ed01b2aa26e64ad300bf"},"breadcrumb":{"@id":"https:\/\/www.ladiagonale.net\/index.php\/2023\/12\/09\/lemarechal-voir-mes-potes-du-centre-en-equipe-premiere-me-donne-de-lambition\/#breadcrumb"},"inLanguage":"fr-FR","potentialAction":[{"@type":"ReadAction","target":["https:\/\/www.ladiagonale.net\/index.php\/2023\/12\/09\/lemarechal-voir-mes-potes-du-centre-en-equipe-premiere-me-donne-de-lambition\/"]}]},{"@type":"BreadcrumbList","@id":"https:\/\/www.ladiagonale.net\/index.php\/2023\/12\/09\/lemarechal-voir-mes-potes-du-centre-en-equipe-premiere-me-donne-de-lambition\/#breadcrumb","itemListElement":[{"@type":"ListItem","position":1,"name":"Accueil","item":"https:\/\/www.ladiagonale.net\/"},{"@type":"ListItem","position":2,"name":"Lemarechal : \u00ab\u00a0Voir mes potes du centre en \u00e9quipe premi\u00e8re me donne de l&rsquo;ambition\u00a0\u00bb"}]},{"@type":"WebSite","@id":"https:\/\/www.ladiagonale.net\/#website","url":"https:\/\/www.ladiagonale.net\/","name":"La Diagonale","description":"Le site des supporters de l&#039;AS Monaco FC","potentialAction":[{"@type":"SearchAction","target":{"@type":"EntryPoint","urlTemplate":"https:\/\/www.ladiagonale.net\/?s={search_term_string}"},"query-input":"required name=search_term_string"}],"inLanguage":"fr-FR"},{"@type":"Person","@id":"https:\/\/www.ladiagonale.net\/#\/schema\/person\/79ff1e7b0853ed01b2aa26e64ad300bf","name":"Damien Dellerba","image":{"@type":"ImageObject","inLanguage":"fr-FR","@id":"https:\/\/www.ladiagonale.net\/#\/schema\/person\/image\/","url":"https:\/\/secure.gravatar.com\/avatar\/c7850e06d3ff63cdbaee88b7fc16e2f0?s=96&d=mm&r=g","contentUrl":"https:\/\/secure.gravatar.com\/avatar\/c7850e06d3ff63cdbaee88b7fc16e2f0?s=96&d=mm&r=g","caption":"Damien Dellerba"},"url":"https:\/\/www.ladiagonale.net\/index.php\/author\/damien\/"}]}},"_links":{"self":[{"href":"https:\/\/www.ladiagonale.net\/index.php\/wp-json\/wp\/v2\/posts\/18775"}],"collection":[{"href":"https:\/\/www.ladiagonale.net\/index.php\/wp-json\/wp\/v2\/posts"}],"about":[{"href":"https:\/\/www.ladiagonale.net\/index.php\/wp-json\/wp\/v2\/types\/post"}],"author":[{"embeddable":true,"href":"https:\/\/www.ladiagonale.net\/index.php\/wp-json\/wp\/v2\/users\/2"}],"replies":[{"embeddable":true,"href":"https:\/\/www.ladiagonale.net\/index.php\/wp-json\/wp\/v2\/comments?post=18775"}],"version-history":[{"count":3,"href":"https:\/\/www.ladiagonale.net\/index.php\/wp-json\/wp\/v2\/posts\/18775\/revisions"}],"predecessor-version":[{"id":18857,"href":"https:\/\/www.ladiagonale.net\/index.php\/wp-json\/wp\/v2\/posts\/18775\/revisions\/18857"}],"wp:attachment":[{"href":"https:\/\/www.ladiagonale.net\/index.php\/wp-json\/wp\/v2\/media?parent=18775"}],"wp:term":[{"taxonomy":"category","embeddable":true,"href":"https:\/\/www.ladiagonale.net\/index.php\/wp-json\/wp\/v2\/categories?post=18775"},{"taxonomy":"post_tag","embeddable":true,"href":"https:\/\/www.ladiagonale.net\/index.php\/wp-json\/wp\/v2\/tags?post=18775"}],"curies":[{"name":"wp","href":"https:\/\/api.w.org\/{rel}","templated":true}]}}