{"id":18816,"date":"2023-12-09T19:13:50","date_gmt":"2023-12-09T18:13:50","guid":{"rendered":"https:\/\/www.ladiagonale.net\/?p=18816"},"modified":"2023-12-09T19:42:02","modified_gmt":"2023-12-09T18:42:02","slug":"dans-la-douleur-monaco-simpose-a-rennes-2-1","status":"publish","type":"post","link":"https:\/\/www.ladiagonale.net\/index.php\/2023\/12\/09\/dans-la-douleur-monaco-simpose-a-rennes-2-1\/","title":{"rendered":"Dans la douleur, Monaco s\u2019impose \u00e0 Rennes (2-1)"},"content":{"rendered":"\n\n\n<p><strong>L\u2019AS Monaco est venue \u00e0 bout de Rennes (2-1) lors de cette 15<sup>e<\/sup> journ\u00e9e de Ligue 1, apr\u00e8s un match, et tout particuli\u00e8rement une seconde p\u00e9riode tr\u00e8s incertaine. Vanderson et Fofana ont marqu\u00e9 pour l\u2019ASM&nbsp;tandis que Bourigeaud a r\u00e9duit l&rsquo;\u00e9cart sur p\u00e9nalty.<\/strong><\/p>\n\n\n\n<p>Adi H\u00fctter a gard\u00e9 la surprise jusqu&rsquo;au bout. S&rsquo;il avait annonc\u00e9 qu&rsquo;il ne savait pas si Mohammed Salisu jouerait lors des trois derni\u00e8res rencontres de la phase aller, l&rsquo;entra\u00eeneur autrichien a finalement titularis\u00e9 le d\u00e9fenseur ghan\u00e9en dans une d\u00e9fense \u00e0 trois sans Maripan mais avec Zakaria. Retour donc a un syst\u00e8me plus connu et mieux ma\u00eetris\u00e9, apr\u00e8s l&rsquo;interm\u00e8de peu convaincant de la d\u00e9fense \u00e0 quatre contre Montpellier. Face \u00e0 un 3-4-3 rennais qui a surtout ressembl\u00e9 \u00e0 un 5-4-1 en phase d\u00e9fensive, Monaco a essay\u00e9 de prendre les choses en main en d\u00e9but de match.<\/p>\n\n\n\n<p>La premi\u00e8re p\u00e9riode n\u2019a pas \u00e9t\u00e9 tr\u00e8s exaltante, avec deux \u00e9quipes qui n\u2019ont toutefois pas cherch\u00e9 \u00e0 prendre tous les risques. Les Mon\u00e9gasques ont \u00e9t\u00e9 les plus actifs et se sont procur\u00e9 plusieurs situations sans pour autant pousser Mandanda \u00e0 r\u00e9aliser des exploits. Le portier rennais s\u2019est bien couch\u00e9 sur la premi\u00e8re banderille pos\u00e9e par Wilfried Singo (5<sup>e<\/sup>), tout comme sur celle de Folarin Balogun (41<sup>e<\/sup>), bien lanc\u00e9 en profondeur par Youssouf Fofana. Mais les Rennais ont aussi eu quelques occasions, de la t\u00eate sur corner, par Theate (10<sup>e<\/sup>) et Gouiri (25<sup>e<\/sup>), m\u00eame s\u2019ils ont rejoint les vestiaires sans le moindre tir cadr\u00e9.<\/p>\n\n\n\n<div class=\"wp-container-1 wp-block-buttons\">\n<div class=\"wp-block-button is-style-outline aligncenter\"><a class=\"wp-block-button__link has-very-light-gray-to-cyan-bluish-gray-gradient-background has-background wp-element-button\" href=\"https:\/\/www.ladiagonale.net\/index.php\/event\/rennes-monaco-2\/\">Voir la feuille de match<\/a><\/div>\n<\/div>\n\n\n\n<p>Le manque de vitesse et de spontan\u00e9it\u00e9 a probablement refroidi ceux qui s\u2019attendaient \u00e0 une partie un peu plus spectaculaire. \u00c0 la mi-temps, Fofana annon\u00e7ait qu\u2019il suffisait de concr\u00e9tiser une action pour voir la rencontre se d\u00e9brider. Le but de Vanderson, inscrit \u00e0 la 51<sup>e<\/sup> minute pour donner l&rsquo;avantage \u00e0 l&rsquo;ASM (1-0), lui a donn\u00e9 raison, puisque les Rennais sont imm\u00e9diatement partis \u00e0 l\u2019abordage par la suite, et Monaco a bien r\u00e9sist\u00e9, non sans qu\u2019il y ait une peu de casse, avec de nombreux cartons jaunes et m\u00eame un carton rouge (75<sup>e<\/sup>) re\u00e7u par&nbsp;le premier buteur de la rencontre, Vanderson, s\u00e9v\u00e8rement averti par Cl\u00e9ment Turpin par deux fois en moins de 20 minutes.<\/p>\n\n\n\n<p>C&rsquo;est pourtant un Monaco \u00e0 dix et en inf\u00e9riorit\u00e9 num\u00e9rique qui pourtant r\u00e9ussi \u00e0 faire le break. Fofana, pas attaqu\u00e9 par Theate, a tromp\u00e9 un Mandanda trop lent pour aller au sol (2-0, 85<sup>e<\/sup>). Ce n&rsquo;est pas pour autant que l&rsquo;ASM a termin\u00e9 cette rencontre tranquillement. La mal\u00e9diction des buteurs s&rsquo;est poursuivie puisque Fofana a conc\u00e9d\u00e9 ensuite un p\u00e9nalty, transform\u00e9 par Bourigeaud \u00e0 l&rsquo;entr\u00e9e du temps additionnel (2-1, 90<sup>e<\/sup>). Avec toutes ces p\u00e9rip\u00e9ties, le temps additionnel rallong\u00e9 pouvait faire craindre le pire pour l&rsquo;ASM, qui a finalement tenu jusqu&rsquo;au bout, avec notamment une ultime parade K\u00f6hn sur Theate, et rapporte trois points pr\u00e9cieux de Bretagne. Les Mon\u00e9gasques prennent provisoirement la place de dauphin \u00e0 Nice et reviennent \u00e0 trois points du PSG qui re\u00e7oit Nantes ce samedi soir.<\/p>\n","protected":false},"excerpt":{"rendered":"<p>L\u2019AS Monaco est venue \u00e0 bout de Rennes (2-1) lors de cette 15e journ\u00e9e de Ligue 1, apr\u00e8s un match, et tout particuli\u00e8rement une seconde p\u00e9riode tr\u00e8s incertaine. Vanderson et Fofana ont marqu\u00e9 pour l\u2019ASM&nbsp;tandis que Bourigeaud a r\u00e9duit l&rsquo;\u00e9cart sur p\u00e9nalty. Adi H\u00fctter a gard\u00e9 la surprise jusqu&rsquo;au bout. S&rsquo;il avait annonc\u00e9 qu&rsquo;il ne [&#8230;]\n","protected":false},"author":2,"featured_media":18817,"comment_status":"open","ping_status":"open","sticky":false,"template":"","format":"standard","meta":[],"categories":[5,6],"tags":[86,94,464],"yoast_head":"<!-- This site is optimized with the Yoast SEO plugin v19.8 - https:\/\/yoast.com\/wordpress\/plugins\/seo\/ -->\n<title>Dans la douleur, Monaco s\u2019impose \u00e0 Rennes (2-1) - La Diagonale<\/title>\n<meta name=\"robots\" content=\"index, follow, max-snippet:-1, max-image-preview:large, max-video-preview:-1\" \/>\n<link rel=\"canonical\" href=\"https:\/\/www.ladiagonale.net\/index.php\/2023\/12\/09\/dans-la-douleur-monaco-simpose-a-rennes-2-1\/\" \/>\n<meta property=\"og:locale\" content=\"fr_FR\" \/>\n<meta property=\"og:type\" content=\"article\" \/>\n<meta property=\"og:title\" content=\"Dans la douleur, Monaco s\u2019impose \u00e0 Rennes (2-1) - La Diagonale\" \/>\n<meta property=\"og:description\" content=\"L\u2019AS Monaco est venue \u00e0 bout de Rennes (2-1) lors de cette 15e journ\u00e9e de Ligue 1, apr\u00e8s un match, et tout particuli\u00e8rement une seconde p\u00e9riode tr\u00e8s incertaine. Vanderson et Fofana ont marqu\u00e9 pour l\u2019ASM&nbsp;tandis que Bourigeaud a r\u00e9duit l&rsquo;\u00e9cart sur p\u00e9nalty. Adi H\u00fctter a gard\u00e9 la surprise jusqu&rsquo;au bout. S&rsquo;il avait annonc\u00e9 qu&rsquo;il ne [...]\" \/>\n<meta property=\"og:url\" content=\"https:\/\/www.ladiagonale.net\/index.php\/2023\/12\/09\/dans-la-douleur-monaco-simpose-a-rennes-2-1\/\" \/>\n<meta property=\"og:site_name\" content=\"La Diagonale\" \/>\n<meta property=\"article:published_time\" content=\"2023-12-09T18:13:50+00:00\" \/>\n<meta property=\"article:modified_time\" content=\"2023-12-09T18:42:02+00:00\" \/>\n<meta property=\"og:image\" content=\"https:\/\/www.ladiagonale.net\/wp-content\/uploads\/2023\/12\/vanderson-rennes.png\" \/>\n\t<meta property=\"og:image:width\" content=\"1160\" \/>\n\t<meta property=\"og:image:height\" content=\"650\" \/>\n\t<meta property=\"og:image:type\" content=\"image\/png\" \/>\n<meta name=\"author\" content=\"Damien Dellerba\" \/>\n<meta name=\"twitter:card\" content=\"summary_large_image\" \/>\n<meta name=\"twitter:image\" content=\"https:\/\/www.ladiagonale.net\/wp-content\/uploads\/2023\/12\/vanderson-rennes.png\" \/>\n<meta name=\"twitter:label1\" content=\"\u00c9crit par\" \/>\n\t<meta name=\"twitter:data1\" content=\"Damien Dellerba\" \/>\n\t<meta name=\"twitter:label2\" content=\"Dur\u00e9e de lecture estim\u00e9e\" \/>\n\t<meta name=\"twitter:data2\" content=\"3 minutes\" \/>\n<script type=\"application\/ld+json\" class=\"yoast-schema-graph\">{\"@context\":\"https:\/\/schema.org\",\"@graph\":[{\"@type\":\"WebPage\",\"@id\":\"https:\/\/www.ladiagonale.net\/index.php\/2023\/12\/09\/dans-la-douleur-monaco-simpose-a-rennes-2-1\/\",\"url\":\"https:\/\/www.ladiagonale.net\/index.php\/2023\/12\/09\/dans-la-douleur-monaco-simpose-a-rennes-2-1\/\",\"name\":\"Dans la douleur, Monaco s\u2019impose \u00e0 Rennes (2-1) - La Diagonale\",\"isPartOf\":{\"@id\":\"https:\/\/www.ladiagonale.net\/#website\"},\"datePublished\":\"2023-12-09T18:13:50+00:00\",\"dateModified\":\"2023-12-09T18:42:02+00:00\",\"author\":{\"@id\":\"https:\/\/www.ladiagonale.net\/#\/schema\/person\/79ff1e7b0853ed01b2aa26e64ad300bf\"},\"breadcrumb\":{\"@id\":\"https:\/\/www.ladiagonale.net\/index.php\/2023\/12\/09\/dans-la-douleur-monaco-simpose-a-rennes-2-1\/#breadcrumb\"},\"inLanguage\":\"fr-FR\",\"potentialAction\":[{\"@type\":\"ReadAction\",\"target\":[\"https:\/\/www.ladiagonale.net\/index.php\/2023\/12\/09\/dans-la-douleur-monaco-simpose-a-rennes-2-1\/\"]}]},{\"@type\":\"BreadcrumbList\",\"@id\":\"https:\/\/www.ladiagonale.net\/index.php\/2023\/12\/09\/dans-la-douleur-monaco-simpose-a-rennes-2-1\/#breadcrumb\",\"itemListElement\":[{\"@type\":\"ListItem\",\"position\":1,\"name\":\"Accueil\",\"item\":\"https:\/\/www.ladiagonale.net\/\"},{\"@type\":\"ListItem\",\"position\":2,\"name\":\"Dans la douleur, Monaco s\u2019impose \u00e0 Rennes (2-1)\"}]},{\"@type\":\"WebSite\",\"@id\":\"https:\/\/www.ladiagonale.net\/#website\",\"url\":\"https:\/\/www.ladiagonale.net\/\",\"name\":\"La Diagonale\",\"description\":\"Le site des supporters de l&#039;AS Monaco FC\",\"potentialAction\":[{\"@type\":\"SearchAction\",\"target\":{\"@type\":\"EntryPoint\",\"urlTemplate\":\"https:\/\/www.ladiagonale.net\/?s={search_term_string}\"},\"query-input\":\"required name=search_term_string\"}],\"inLanguage\":\"fr-FR\"},{\"@type\":\"Person\",\"@id\":\"https:\/\/www.ladiagonale.net\/#\/schema\/person\/79ff1e7b0853ed01b2aa26e64ad300bf\",\"name\":\"Damien Dellerba\",\"image\":{\"@type\":\"ImageObject\",\"inLanguage\":\"fr-FR\",\"@id\":\"https:\/\/www.ladiagonale.net\/#\/schema\/person\/image\/\",\"url\":\"https:\/\/secure.gravatar.com\/avatar\/c7850e06d3ff63cdbaee88b7fc16e2f0?s=96&d=mm&r=g\",\"contentUrl\":\"https:\/\/secure.gravatar.com\/avatar\/c7850e06d3ff63cdbaee88b7fc16e2f0?s=96&d=mm&r=g\",\"caption\":\"Damien Dellerba\"},\"url\":\"https:\/\/www.ladiagonale.net\/index.php\/author\/damien\/\"}]}<\/script>\n<!-- \/ Yoast SEO plugin. -->","yoast_head_json":{"title":"Dans la douleur, Monaco s\u2019impose \u00e0 Rennes (2-1) - La Diagonale","robots":{"index":"index","follow":"follow","max-snippet":"max-snippet:-1","max-image-preview":"max-image-preview:large","max-video-preview":"max-video-preview:-1"},"canonical":"https:\/\/www.ladiagonale.net\/index.php\/2023\/12\/09\/dans-la-douleur-monaco-simpose-a-rennes-2-1\/","og_locale":"fr_FR","og_type":"article","og_title":"Dans la douleur, Monaco s\u2019impose \u00e0 Rennes (2-1) - La Diagonale","og_description":"L\u2019AS Monaco est venue \u00e0 bout de Rennes (2-1) lors de cette 15e journ\u00e9e de Ligue 1, apr\u00e8s un match, et tout particuli\u00e8rement une seconde p\u00e9riode tr\u00e8s incertaine. Vanderson et Fofana ont marqu\u00e9 pour l\u2019ASM&nbsp;tandis que Bourigeaud a r\u00e9duit l&rsquo;\u00e9cart sur p\u00e9nalty. Adi H\u00fctter a gard\u00e9 la surprise jusqu&rsquo;au bout. S&rsquo;il avait annonc\u00e9 qu&rsquo;il ne [...]","og_url":"https:\/\/www.ladiagonale.net\/index.php\/2023\/12\/09\/dans-la-douleur-monaco-simpose-a-rennes-2-1\/","og_site_name":"La Diagonale","article_published_time":"2023-12-09T18:13:50+00:00","article_modified_time":"2023-12-09T18:42:02+00:00","og_image":[{"width":1160,"height":650,"url":"https:\/\/www.ladiagonale.net\/wp-content\/uploads\/2023\/12\/vanderson-rennes.png","type":"image\/png"}],"author":"Damien Dellerba","twitter_card":"summary_large_image","twitter_image":"https:\/\/www.ladiagonale.net\/wp-content\/uploads\/2023\/12\/vanderson-rennes.png","twitter_misc":{"\u00c9crit par":"Damien Dellerba","Dur\u00e9e de lecture estim\u00e9e":"3 minutes"},"schema":{"@context":"https:\/\/schema.org","@graph":[{"@type":"WebPage","@id":"https:\/\/www.ladiagonale.net\/index.php\/2023\/12\/09\/dans-la-douleur-monaco-simpose-a-rennes-2-1\/","url":"https:\/\/www.ladiagonale.net\/index.php\/2023\/12\/09\/dans-la-douleur-monaco-simpose-a-rennes-2-1\/","name":"Dans la douleur, Monaco s\u2019impose \u00e0 Rennes (2-1) - La Diagonale","isPartOf":{"@id":"https:\/\/www.ladiagonale.net\/#website"},"datePublished":"2023-12-09T18:13:50+00:00","dateModified":"2023-12-09T18:42:02+00:00","author":{"@id":"https:\/\/www.ladiagonale.net\/#\/schema\/person\/79ff1e7b0853ed01b2aa26e64ad300bf"},"breadcrumb":{"@id":"https:\/\/www.ladiagonale.net\/index.php\/2023\/12\/09\/dans-la-douleur-monaco-simpose-a-rennes-2-1\/#breadcrumb"},"inLanguage":"fr-FR","potentialAction":[{"@type":"ReadAction","target":["https:\/\/www.ladiagonale.net\/index.php\/2023\/12\/09\/dans-la-douleur-monaco-simpose-a-rennes-2-1\/"]}]},{"@type":"BreadcrumbList","@id":"https:\/\/www.ladiagonale.net\/index.php\/2023\/12\/09\/dans-la-douleur-monaco-simpose-a-rennes-2-1\/#breadcrumb","itemListElement":[{"@type":"ListItem","position":1,"name":"Accueil","item":"https:\/\/www.ladiagonale.net\/"},{"@type":"ListItem","position":2,"name":"Dans la douleur, Monaco s\u2019impose \u00e0 Rennes (2-1)"}]},{"@type":"WebSite","@id":"https:\/\/www.ladiagonale.net\/#website","url":"https:\/\/www.ladiagonale.net\/","name":"La Diagonale","description":"Le site des supporters de l&#039;AS Monaco FC","potentialAction":[{"@type":"SearchAction","target":{"@type":"EntryPoint","urlTemplate":"https:\/\/www.ladiagonale.net\/?s={search_term_string}"},"query-input":"required name=search_term_string"}],"inLanguage":"fr-FR"},{"@type":"Person","@id":"https:\/\/www.ladiagonale.net\/#\/schema\/person\/79ff1e7b0853ed01b2aa26e64ad300bf","name":"Damien Dellerba","image":{"@type":"ImageObject","inLanguage":"fr-FR","@id":"https:\/\/www.ladiagonale.net\/#\/schema\/person\/image\/","url":"https:\/\/secure.gravatar.com\/avatar\/c7850e06d3ff63cdbaee88b7fc16e2f0?s=96&d=mm&r=g","contentUrl":"https:\/\/secure.gravatar.com\/avatar\/c7850e06d3ff63cdbaee88b7fc16e2f0?s=96&d=mm&r=g","caption":"Damien Dellerba"},"url":"https:\/\/www.ladiagonale.net\/index.php\/author\/damien\/"}]}},"_links":{"self":[{"href":"https:\/\/www.ladiagonale.net\/index.php\/wp-json\/wp\/v2\/posts\/18816"}],"collection":[{"href":"https:\/\/www.ladiagonale.net\/index.php\/wp-json\/wp\/v2\/posts"}],"about":[{"href":"https:\/\/www.ladiagonale.net\/index.php\/wp-json\/wp\/v2\/types\/post"}],"author":[{"embeddable":true,"href":"https:\/\/www.ladiagonale.net\/index.php\/wp-json\/wp\/v2\/users\/2"}],"replies":[{"embeddable":true,"href":"https:\/\/www.ladiagonale.net\/index.php\/wp-json\/wp\/v2\/comments?post=18816"}],"version-history":[{"count":6,"href":"https:\/\/www.ladiagonale.net\/index.php\/wp-json\/wp\/v2\/posts\/18816\/revisions"}],"predecessor-version":[{"id":18827,"href":"https:\/\/www.ladiagonale.net\/index.php\/wp-json\/wp\/v2\/posts\/18816\/revisions\/18827"}],"wp:featuredmedia":[{"embeddable":true,"href":"https:\/\/www.ladiagonale.net\/index.php\/wp-json\/wp\/v2\/media\/18817"}],"wp:attachment":[{"href":"https:\/\/www.ladiagonale.net\/index.php\/wp-json\/wp\/v2\/media?parent=18816"}],"wp:term":[{"taxonomy":"category","embeddable":true,"href":"https:\/\/www.ladiagonale.net\/index.php\/wp-json\/wp\/v2\/categories?post=18816"},{"taxonomy":"post_tag","embeddable":true,"href":"https:\/\/www.ladiagonale.net\/index.php\/wp-json\/wp\/v2\/tags?post=18816"}],"curies":[{"name":"wp","href":"https:\/\/api.w.org\/{rel}","templated":true}]}}