{"id":19080,"date":"2023-12-19T14:17:48","date_gmt":"2023-12-19T13:17:48","guid":{"rendered":"https:\/\/www.ladiagonale.net\/?p=19080"},"modified":"2023-12-19T18:06:02","modified_gmt":"2023-12-19T17:06:02","slug":"camara-forfait-pour-toulouse","status":"publish","type":"post","link":"https:\/\/www.ladiagonale.net\/index.php\/2023\/12\/19\/camara-forfait-pour-toulouse\/","title":{"rendered":"Camara forfait pour Toulouse"},"content":{"rendered":"\n\n\n<p>Monaco ne pourra pas compter sur Denis Zakaria et Wilfried Singo, suspendus pour cette rencontre de la 17e journ\u00e9e contre Toulouse, mais il faudra \u00e9galement faire sans Mohamed Camara. Le milieu de terrain malien, qui avait commenc\u00e9 \u00e0 encha\u00eener les rencontres ces derni\u00e8res semaines, est sorti sur blessure \u00e0 la 70<sup>e<\/sup> minute face \u00e0 Lyon, remplac\u00e9 par Edan Diop. En conf\u00e9rence de presse, Adi H\u00fctter a indiqu\u00e9 qu\u2019il \u00e9tait touch\u00e9 \u00e0 une cuisse : \u00ab\u00a0<em>Mo\u2019(Camara) est forfait, il est bless\u00e9 \u00e0 un ischio.<\/em>\u00a0\u00bb<\/p>\n\n\n\n<p>Un coup dur pour Monaco, qui se voit donc priv\u00e9 de trois milieux de terrain, puisque Eliot Matazo est lui aussi sur le flanc pour plusieurs semaines, bless\u00e9 \u00e0 un quadriceps. Cela pourrait pousser Adi H\u00fctter a aligner Edan Diop au milieu de terrain pour accompagner Youssouf Fofana : \u00ab\u00a0<em>Je ne pense pas que Maghnes (Akliouche) soit la solution pour jouer au c\u00f4t\u00e9 de Youssouf.\u00a0Nous pouvons faire le choix de jouer avec deux num\u00e9ros 6 avec Edan Diop, pour accompagner les transitions. Mais Youssouf aura une grande responsabilit\u00e9 sur cette rencontre.<\/em> \u00bb<\/p>\n\n\n\n<p>L&rsquo;entra\u00eeneur autrichien attendra beaucoup de Fofana au milieu face aux Violets : \u00ab <em>Il aura une plus grande responsabilit\u00e9 comme plaque tournante, ou comme un quarterback. Quand il recevra le ballon il faudra qu\u2019il l\u2019apporte haut sur le terrain et il devra trouver un \u00e9quilibre entre l&rsquo;attaque et la d\u00e9fense.<\/em> \u00bb<\/p>\n","protected":false},"excerpt":{"rendered":"<p>Monaco ne pourra pas compter sur Denis Zakaria et Wilfried Singo, suspendus pour cette rencontre de la 17e journ\u00e9e contre Toulouse, mais il faudra \u00e9galement faire sans Mohamed Camara. Le milieu de terrain malien, qui avait commenc\u00e9 \u00e0 encha\u00eener les rencontres ces derni\u00e8res semaines, est sorti sur blessure \u00e0 la 70e minute face \u00e0 Lyon, [&#8230;]\n","protected":false},"author":2,"featured_media":0,"comment_status":"open","ping_status":"open","sticky":false,"template":"","format":"standard","meta":[],"categories":[4,6],"tags":[86,196,143,230],"yoast_head":"<!-- This site is optimized with the Yoast SEO plugin v19.8 - https:\/\/yoast.com\/wordpress\/plugins\/seo\/ -->\n<title>Camara forfait pour Toulouse - La Diagonale<\/title>\n<meta name=\"robots\" content=\"index, follow, max-snippet:-1, max-image-preview:large, max-video-preview:-1\" \/>\n<link rel=\"canonical\" href=\"https:\/\/www.ladiagonale.net\/index.php\/2023\/12\/19\/camara-forfait-pour-toulouse\/\" \/>\n<meta property=\"og:locale\" content=\"fr_FR\" \/>\n<meta property=\"og:type\" content=\"article\" \/>\n<meta property=\"og:title\" content=\"Camara forfait pour Toulouse - La Diagonale\" \/>\n<meta property=\"og:description\" content=\"Monaco ne pourra pas compter sur Denis Zakaria et Wilfried Singo, suspendus pour cette rencontre de la 17e journ\u00e9e contre Toulouse, mais il faudra \u00e9galement faire sans Mohamed Camara. Le milieu de terrain malien, qui avait commenc\u00e9 \u00e0 encha\u00eener les rencontres ces derni\u00e8res semaines, est sorti sur blessure \u00e0 la 70e minute face \u00e0 Lyon, [...]\" \/>\n<meta property=\"og:url\" content=\"https:\/\/www.ladiagonale.net\/index.php\/2023\/12\/19\/camara-forfait-pour-toulouse\/\" \/>\n<meta property=\"og:site_name\" content=\"La Diagonale\" \/>\n<meta property=\"article:published_time\" content=\"2023-12-19T13:17:48+00:00\" \/>\n<meta property=\"article:modified_time\" content=\"2023-12-19T17:06:02+00:00\" \/>\n<meta property=\"og:image\" content=\"https:\/\/www.ladiagonale.net\/wp-content\/uploads\/2023\/11\/CamaraAM.png\" \/>\n\t<meta property=\"og:image:width\" content=\"1160\" \/>\n\t<meta property=\"og:image:height\" content=\"650\" \/>\n\t<meta property=\"og:image:type\" content=\"image\/png\" \/>\n<meta name=\"author\" content=\"Damien Dellerba\" \/>\n<meta name=\"twitter:card\" content=\"summary_large_image\" \/>\n<meta name=\"twitter:image\" content=\"https:\/\/www.ladiagonale.net\/wp-content\/uploads\/2023\/11\/CamaraAM.png\" \/>\n<meta name=\"twitter:label1\" content=\"\u00c9crit par\" \/>\n\t<meta name=\"twitter:data1\" content=\"Damien Dellerba\" \/>\n\t<meta name=\"twitter:label2\" content=\"Dur\u00e9e de lecture estim\u00e9e\" \/>\n\t<meta name=\"twitter:data2\" content=\"2 minutes\" \/>\n<script type=\"application\/ld+json\" class=\"yoast-schema-graph\">{\"@context\":\"https:\/\/schema.org\",\"@graph\":[{\"@type\":\"WebPage\",\"@id\":\"https:\/\/www.ladiagonale.net\/index.php\/2023\/12\/19\/camara-forfait-pour-toulouse\/\",\"url\":\"https:\/\/www.ladiagonale.net\/index.php\/2023\/12\/19\/camara-forfait-pour-toulouse\/\",\"name\":\"Camara forfait pour Toulouse - La Diagonale\",\"isPartOf\":{\"@id\":\"https:\/\/www.ladiagonale.net\/#website\"},\"datePublished\":\"2023-12-19T13:17:48+00:00\",\"dateModified\":\"2023-12-19T17:06:02+00:00\",\"author\":{\"@id\":\"https:\/\/www.ladiagonale.net\/#\/schema\/person\/79ff1e7b0853ed01b2aa26e64ad300bf\"},\"breadcrumb\":{\"@id\":\"https:\/\/www.ladiagonale.net\/index.php\/2023\/12\/19\/camara-forfait-pour-toulouse\/#breadcrumb\"},\"inLanguage\":\"fr-FR\",\"potentialAction\":[{\"@type\":\"ReadAction\",\"target\":[\"https:\/\/www.ladiagonale.net\/index.php\/2023\/12\/19\/camara-forfait-pour-toulouse\/\"]}]},{\"@type\":\"BreadcrumbList\",\"@id\":\"https:\/\/www.ladiagonale.net\/index.php\/2023\/12\/19\/camara-forfait-pour-toulouse\/#breadcrumb\",\"itemListElement\":[{\"@type\":\"ListItem\",\"position\":1,\"name\":\"Accueil\",\"item\":\"https:\/\/www.ladiagonale.net\/\"},{\"@type\":\"ListItem\",\"position\":2,\"name\":\"Camara forfait pour Toulouse\"}]},{\"@type\":\"WebSite\",\"@id\":\"https:\/\/www.ladiagonale.net\/#website\",\"url\":\"https:\/\/www.ladiagonale.net\/\",\"name\":\"La Diagonale\",\"description\":\"Le site des supporters de l&#039;AS Monaco FC\",\"potentialAction\":[{\"@type\":\"SearchAction\",\"target\":{\"@type\":\"EntryPoint\",\"urlTemplate\":\"https:\/\/www.ladiagonale.net\/?s={search_term_string}\"},\"query-input\":\"required name=search_term_string\"}],\"inLanguage\":\"fr-FR\"},{\"@type\":\"Person\",\"@id\":\"https:\/\/www.ladiagonale.net\/#\/schema\/person\/79ff1e7b0853ed01b2aa26e64ad300bf\",\"name\":\"Damien Dellerba\",\"image\":{\"@type\":\"ImageObject\",\"inLanguage\":\"fr-FR\",\"@id\":\"https:\/\/www.ladiagonale.net\/#\/schema\/person\/image\/\",\"url\":\"https:\/\/secure.gravatar.com\/avatar\/c7850e06d3ff63cdbaee88b7fc16e2f0?s=96&d=mm&r=g\",\"contentUrl\":\"https:\/\/secure.gravatar.com\/avatar\/c7850e06d3ff63cdbaee88b7fc16e2f0?s=96&d=mm&r=g\",\"caption\":\"Damien Dellerba\"},\"url\":\"https:\/\/www.ladiagonale.net\/index.php\/author\/damien\/\"}]}<\/script>\n<!-- \/ Yoast SEO plugin. -->","yoast_head_json":{"title":"Camara forfait pour Toulouse - La Diagonale","robots":{"index":"index","follow":"follow","max-snippet":"max-snippet:-1","max-image-preview":"max-image-preview:large","max-video-preview":"max-video-preview:-1"},"canonical":"https:\/\/www.ladiagonale.net\/index.php\/2023\/12\/19\/camara-forfait-pour-toulouse\/","og_locale":"fr_FR","og_type":"article","og_title":"Camara forfait pour Toulouse - La Diagonale","og_description":"Monaco ne pourra pas compter sur Denis Zakaria et Wilfried Singo, suspendus pour cette rencontre de la 17e journ\u00e9e contre Toulouse, mais il faudra \u00e9galement faire sans Mohamed Camara. Le milieu de terrain malien, qui avait commenc\u00e9 \u00e0 encha\u00eener les rencontres ces derni\u00e8res semaines, est sorti sur blessure \u00e0 la 70e minute face \u00e0 Lyon, [...]","og_url":"https:\/\/www.ladiagonale.net\/index.php\/2023\/12\/19\/camara-forfait-pour-toulouse\/","og_site_name":"La Diagonale","article_published_time":"2023-12-19T13:17:48+00:00","article_modified_time":"2023-12-19T17:06:02+00:00","og_image":[{"width":1160,"height":650,"url":"https:\/\/www.ladiagonale.net\/wp-content\/uploads\/2023\/11\/CamaraAM.png","type":"image\/png"}],"author":"Damien Dellerba","twitter_card":"summary_large_image","twitter_image":"https:\/\/www.ladiagonale.net\/wp-content\/uploads\/2023\/11\/CamaraAM.png","twitter_misc":{"\u00c9crit par":"Damien Dellerba","Dur\u00e9e de lecture estim\u00e9e":"2 minutes"},"schema":{"@context":"https:\/\/schema.org","@graph":[{"@type":"WebPage","@id":"https:\/\/www.ladiagonale.net\/index.php\/2023\/12\/19\/camara-forfait-pour-toulouse\/","url":"https:\/\/www.ladiagonale.net\/index.php\/2023\/12\/19\/camara-forfait-pour-toulouse\/","name":"Camara forfait pour Toulouse - La Diagonale","isPartOf":{"@id":"https:\/\/www.ladiagonale.net\/#website"},"datePublished":"2023-12-19T13:17:48+00:00","dateModified":"2023-12-19T17:06:02+00:00","author":{"@id":"https:\/\/www.ladiagonale.net\/#\/schema\/person\/79ff1e7b0853ed01b2aa26e64ad300bf"},"breadcrumb":{"@id":"https:\/\/www.ladiagonale.net\/index.php\/2023\/12\/19\/camara-forfait-pour-toulouse\/#breadcrumb"},"inLanguage":"fr-FR","potentialAction":[{"@type":"ReadAction","target":["https:\/\/www.ladiagonale.net\/index.php\/2023\/12\/19\/camara-forfait-pour-toulouse\/"]}]},{"@type":"BreadcrumbList","@id":"https:\/\/www.ladiagonale.net\/index.php\/2023\/12\/19\/camara-forfait-pour-toulouse\/#breadcrumb","itemListElement":[{"@type":"ListItem","position":1,"name":"Accueil","item":"https:\/\/www.ladiagonale.net\/"},{"@type":"ListItem","position":2,"name":"Camara forfait pour Toulouse"}]},{"@type":"WebSite","@id":"https:\/\/www.ladiagonale.net\/#website","url":"https:\/\/www.ladiagonale.net\/","name":"La Diagonale","description":"Le site des supporters de l&#039;AS Monaco FC","potentialAction":[{"@type":"SearchAction","target":{"@type":"EntryPoint","urlTemplate":"https:\/\/www.ladiagonale.net\/?s={search_term_string}"},"query-input":"required name=search_term_string"}],"inLanguage":"fr-FR"},{"@type":"Person","@id":"https:\/\/www.ladiagonale.net\/#\/schema\/person\/79ff1e7b0853ed01b2aa26e64ad300bf","name":"Damien Dellerba","image":{"@type":"ImageObject","inLanguage":"fr-FR","@id":"https:\/\/www.ladiagonale.net\/#\/schema\/person\/image\/","url":"https:\/\/secure.gravatar.com\/avatar\/c7850e06d3ff63cdbaee88b7fc16e2f0?s=96&d=mm&r=g","contentUrl":"https:\/\/secure.gravatar.com\/avatar\/c7850e06d3ff63cdbaee88b7fc16e2f0?s=96&d=mm&r=g","caption":"Damien Dellerba"},"url":"https:\/\/www.ladiagonale.net\/index.php\/author\/damien\/"}]}},"_links":{"self":[{"href":"https:\/\/www.ladiagonale.net\/index.php\/wp-json\/wp\/v2\/posts\/19080"}],"collection":[{"href":"https:\/\/www.ladiagonale.net\/index.php\/wp-json\/wp\/v2\/posts"}],"about":[{"href":"https:\/\/www.ladiagonale.net\/index.php\/wp-json\/wp\/v2\/types\/post"}],"author":[{"embeddable":true,"href":"https:\/\/www.ladiagonale.net\/index.php\/wp-json\/wp\/v2\/users\/2"}],"replies":[{"embeddable":true,"href":"https:\/\/www.ladiagonale.net\/index.php\/wp-json\/wp\/v2\/comments?post=19080"}],"version-history":[{"count":6,"href":"https:\/\/www.ladiagonale.net\/index.php\/wp-json\/wp\/v2\/posts\/19080\/revisions"}],"predecessor-version":[{"id":19100,"href":"https:\/\/www.ladiagonale.net\/index.php\/wp-json\/wp\/v2\/posts\/19080\/revisions\/19100"}],"wp:attachment":[{"href":"https:\/\/www.ladiagonale.net\/index.php\/wp-json\/wp\/v2\/media?parent=19080"}],"wp:term":[{"taxonomy":"category","embeddable":true,"href":"https:\/\/www.ladiagonale.net\/index.php\/wp-json\/wp\/v2\/categories?post=19080"},{"taxonomy":"post_tag","embeddable":true,"href":"https:\/\/www.ladiagonale.net\/index.php\/wp-json\/wp\/v2\/tags?post=19080"}],"curies":[{"name":"wp","href":"https:\/\/api.w.org\/{rel}","templated":true}]}}