{"id":19082,"date":"2023-12-19T15:23:28","date_gmt":"2023-12-19T14:23:28","guid":{"rendered":"https:\/\/www.ladiagonale.net\/?p=19082"},"modified":"2023-12-19T15:23:43","modified_gmt":"2023-12-19T14:23:43","slug":"monaco-ne-retiendra-pas-salisu-pour-la-can","status":"publish","type":"post","link":"https:\/\/www.ladiagonale.net\/index.php\/2023\/12\/19\/monaco-ne-retiendra-pas-salisu-pour-la-can\/","title":{"rendered":"Monaco ne retiendra pas Salisu pour la CAN"},"content":{"rendered":"\n<p>Recrut\u00e9 pour un peu plus de 15 millions d\u2019euros cet \u00e9t\u00e9 \u00e0 Southampton, Mohammed Salisu n\u2019a v\u00e9cu ses premi\u00e8res minutes avec l\u2019AS Monaco que tr\u00e8s r\u00e9cemment, titularis\u00e9 face \u00e0 Rennes et Lyon, lors des deux derni\u00e8res journ\u00e9es de championnat. D\u00e9sormais remis de sa pubalgie, le d\u00e9fenseur central ghan\u00e9en peut postuler pour une place \u00e0 la CAN avec sa s\u00e9lection et Monaco n\u2019emp\u00eachera pas Salisu d\u2019y participer.<\/p>\n\n\n\n<p>\u00ab\u00a0<em>Nous sommes heureux qu\u2019il puisse rejouer car \u00e7a a \u00e9t\u00e9 difficile depuis son arriv\u00e9e cet \u00e9t\u00e9<\/em>, a indiqu\u00e9 Adi H\u00fctter en conf\u00e9rence de presse. <em>Mais quand un joueur est s\u00e9lectionn\u00e9 nous ne pouvons pas le retenir, j\u2019en ai parl\u00e9 avec lui. C\u2019est la m\u00eame chose pour nous Europ\u00e9ens avec l\u2019Euro. Tout le monde veut jouer cette comp\u00e9tition et il veut jouer pour le Ghana. S\u2019il joue pour l\u2019AS Monaco et qu\u2019il ne joue pas pour son pays, c\u2019est dur.. S\u2019il n\u2019avait jou\u00e9 aucun match, \u00e7a aurait \u00e9t\u00e9 compliqu\u00e9 de rejoindre la s\u00e9lection mais il aura fait trois matches avec nous car il devrait \u00eatre titulaire mercredi.<\/em>\u00a0\u00bb<\/p>\n\n\n\n<p>Mohamed Camara est actuellement bless\u00e9, <a href=\"https:\/\/www.ladiagonale.net\/index.php\/2023\/12\/19\/camara-forfait-pour-toulouse\/\">touch\u00e9 \u00e0 un ischio<\/a>, mais sa participation \u00e0 la CAN n\u2019est en principe pas menac\u00e9e. H\u00fctter enjoint toutefois \u00e0 la prudence : \u00ab\u00a0<em>Cela d\u00e9pendra de la dur\u00e9e de son indisponibilit\u00e9. Quand vous parlez avec lui, il se sent pr\u00eat \u00e0 jouer le premier match mais nous devons faire attention avec ce genre de blessure. Apr\u00e8s 10-15 jours, tu penses \u00eatre pr\u00eat alors que tu ne l&rsquo;es pas forc\u00e9ment.<\/em> \u00bb<\/p>\n\n\n\n<p>D\u00e9but janvier, Monaco devrait voir six joueurs quitter le Rocher pour aller disputer des comp\u00e9titions internationales. Cinq d\u2019entre eux (Salisu, Camara, Singo, Diatta et Jakobs) sont concern\u00e9s par la CAN tandis que Takumi Minamino devrait quant \u00e0 lui participer \u00e0 la Coupe d\u2019Asie avec le Japon : \u00ab\u00a0<em>C\u2019est beaucoup<\/em>, a souffl\u00e9 l\u2019Autrichien. <em>C\u2019est une situation assez nouvelle pour moi, d\u2019avoir autant de joueurs absents, mais d\u2019autres \u00e9quipes seront aussi concern\u00e9es. Nous devrons travailler sur cela pour aligner une bonne \u00e9quipe sur le terrain.<\/em> \u00bb<\/p>\n\n\n","protected":false},"excerpt":{"rendered":"<p>Recrut\u00e9 pour un peu plus de 15 millions d\u2019euros cet \u00e9t\u00e9 \u00e0 Southampton, Mohammed Salisu n\u2019a v\u00e9cu ses premi\u00e8res minutes avec l\u2019AS Monaco que tr\u00e8s r\u00e9cemment, titularis\u00e9 face \u00e0 Rennes et Lyon, lors des deux derni\u00e8res journ\u00e9es de championnat. D\u00e9sormais remis de sa pubalgie, le d\u00e9fenseur central ghan\u00e9en peut postuler pour une place \u00e0 la [&#8230;]\n","protected":false},"author":2,"featured_media":0,"comment_status":"open","ping_status":"open","sticky":false,"template":"","format":"standard","meta":[],"categories":[6],"tags":[86,745,143,618],"yoast_head":"<!-- This site is optimized with the Yoast SEO plugin v19.8 - https:\/\/yoast.com\/wordpress\/plugins\/seo\/ -->\n<title>Monaco ne retiendra pas Salisu pour la CAN - La Diagonale<\/title>\n<meta name=\"robots\" content=\"index, follow, max-snippet:-1, max-image-preview:large, max-video-preview:-1\" \/>\n<link rel=\"canonical\" href=\"https:\/\/www.ladiagonale.net\/index.php\/2023\/12\/19\/monaco-ne-retiendra-pas-salisu-pour-la-can\/\" \/>\n<meta property=\"og:locale\" content=\"fr_FR\" \/>\n<meta property=\"og:type\" content=\"article\" \/>\n<meta property=\"og:title\" content=\"Monaco ne retiendra pas Salisu pour la CAN - La Diagonale\" \/>\n<meta property=\"og:description\" content=\"Recrut\u00e9 pour un peu plus de 15 millions d\u2019euros cet \u00e9t\u00e9 \u00e0 Southampton, Mohammed Salisu n\u2019a v\u00e9cu ses premi\u00e8res minutes avec l\u2019AS Monaco que tr\u00e8s r\u00e9cemment, titularis\u00e9 face \u00e0 Rennes et Lyon, lors des deux derni\u00e8res journ\u00e9es de championnat. D\u00e9sormais remis de sa pubalgie, le d\u00e9fenseur central ghan\u00e9en peut postuler pour une place \u00e0 la [...]\" \/>\n<meta property=\"og:url\" content=\"https:\/\/www.ladiagonale.net\/index.php\/2023\/12\/19\/monaco-ne-retiendra-pas-salisu-pour-la-can\/\" \/>\n<meta property=\"og:site_name\" content=\"La Diagonale\" \/>\n<meta property=\"article:published_time\" content=\"2023-12-19T14:23:28+00:00\" \/>\n<meta property=\"article:modified_time\" content=\"2023-12-19T14:23:43+00:00\" \/>\n<meta property=\"og:image\" content=\"https:\/\/www.ladiagonale.net\/wp-content\/uploads\/2023\/12\/salisu.png\" \/>\n\t<meta property=\"og:image:width\" content=\"1160\" \/>\n\t<meta property=\"og:image:height\" content=\"650\" \/>\n\t<meta property=\"og:image:type\" content=\"image\/png\" \/>\n<meta name=\"author\" content=\"Damien Dellerba\" \/>\n<meta name=\"twitter:card\" content=\"summary_large_image\" \/>\n<meta name=\"twitter:image\" content=\"https:\/\/www.ladiagonale.net\/wp-content\/uploads\/2023\/12\/salisu.png\" \/>\n<meta name=\"twitter:label1\" content=\"\u00c9crit par\" \/>\n\t<meta name=\"twitter:data1\" content=\"Damien Dellerba\" \/>\n\t<meta name=\"twitter:label2\" content=\"Dur\u00e9e de lecture estim\u00e9e\" \/>\n\t<meta name=\"twitter:data2\" content=\"2 minutes\" \/>\n<script type=\"application\/ld+json\" class=\"yoast-schema-graph\">{\"@context\":\"https:\/\/schema.org\",\"@graph\":[{\"@type\":\"WebPage\",\"@id\":\"https:\/\/www.ladiagonale.net\/index.php\/2023\/12\/19\/monaco-ne-retiendra-pas-salisu-pour-la-can\/\",\"url\":\"https:\/\/www.ladiagonale.net\/index.php\/2023\/12\/19\/monaco-ne-retiendra-pas-salisu-pour-la-can\/\",\"name\":\"Monaco ne retiendra pas Salisu pour la CAN - La Diagonale\",\"isPartOf\":{\"@id\":\"https:\/\/www.ladiagonale.net\/#website\"},\"datePublished\":\"2023-12-19T14:23:28+00:00\",\"dateModified\":\"2023-12-19T14:23:43+00:00\",\"author\":{\"@id\":\"https:\/\/www.ladiagonale.net\/#\/schema\/person\/79ff1e7b0853ed01b2aa26e64ad300bf\"},\"breadcrumb\":{\"@id\":\"https:\/\/www.ladiagonale.net\/index.php\/2023\/12\/19\/monaco-ne-retiendra-pas-salisu-pour-la-can\/#breadcrumb\"},\"inLanguage\":\"fr-FR\",\"potentialAction\":[{\"@type\":\"ReadAction\",\"target\":[\"https:\/\/www.ladiagonale.net\/index.php\/2023\/12\/19\/monaco-ne-retiendra-pas-salisu-pour-la-can\/\"]}]},{\"@type\":\"BreadcrumbList\",\"@id\":\"https:\/\/www.ladiagonale.net\/index.php\/2023\/12\/19\/monaco-ne-retiendra-pas-salisu-pour-la-can\/#breadcrumb\",\"itemListElement\":[{\"@type\":\"ListItem\",\"position\":1,\"name\":\"Accueil\",\"item\":\"https:\/\/www.ladiagonale.net\/\"},{\"@type\":\"ListItem\",\"position\":2,\"name\":\"Monaco ne retiendra pas Salisu pour la CAN\"}]},{\"@type\":\"WebSite\",\"@id\":\"https:\/\/www.ladiagonale.net\/#website\",\"url\":\"https:\/\/www.ladiagonale.net\/\",\"name\":\"La Diagonale\",\"description\":\"Le site des supporters de l&#039;AS Monaco FC\",\"potentialAction\":[{\"@type\":\"SearchAction\",\"target\":{\"@type\":\"EntryPoint\",\"urlTemplate\":\"https:\/\/www.ladiagonale.net\/?s={search_term_string}\"},\"query-input\":\"required name=search_term_string\"}],\"inLanguage\":\"fr-FR\"},{\"@type\":\"Person\",\"@id\":\"https:\/\/www.ladiagonale.net\/#\/schema\/person\/79ff1e7b0853ed01b2aa26e64ad300bf\",\"name\":\"Damien Dellerba\",\"image\":{\"@type\":\"ImageObject\",\"inLanguage\":\"fr-FR\",\"@id\":\"https:\/\/www.ladiagonale.net\/#\/schema\/person\/image\/\",\"url\":\"https:\/\/secure.gravatar.com\/avatar\/c7850e06d3ff63cdbaee88b7fc16e2f0?s=96&d=mm&r=g\",\"contentUrl\":\"https:\/\/secure.gravatar.com\/avatar\/c7850e06d3ff63cdbaee88b7fc16e2f0?s=96&d=mm&r=g\",\"caption\":\"Damien Dellerba\"},\"url\":\"https:\/\/www.ladiagonale.net\/index.php\/author\/damien\/\"}]}<\/script>\n<!-- \/ Yoast SEO plugin. -->","yoast_head_json":{"title":"Monaco ne retiendra pas Salisu pour la CAN - La Diagonale","robots":{"index":"index","follow":"follow","max-snippet":"max-snippet:-1","max-image-preview":"max-image-preview:large","max-video-preview":"max-video-preview:-1"},"canonical":"https:\/\/www.ladiagonale.net\/index.php\/2023\/12\/19\/monaco-ne-retiendra-pas-salisu-pour-la-can\/","og_locale":"fr_FR","og_type":"article","og_title":"Monaco ne retiendra pas Salisu pour la CAN - La Diagonale","og_description":"Recrut\u00e9 pour un peu plus de 15 millions d\u2019euros cet \u00e9t\u00e9 \u00e0 Southampton, Mohammed Salisu n\u2019a v\u00e9cu ses premi\u00e8res minutes avec l\u2019AS Monaco que tr\u00e8s r\u00e9cemment, titularis\u00e9 face \u00e0 Rennes et Lyon, lors des deux derni\u00e8res journ\u00e9es de championnat. D\u00e9sormais remis de sa pubalgie, le d\u00e9fenseur central ghan\u00e9en peut postuler pour une place \u00e0 la [...]","og_url":"https:\/\/www.ladiagonale.net\/index.php\/2023\/12\/19\/monaco-ne-retiendra-pas-salisu-pour-la-can\/","og_site_name":"La Diagonale","article_published_time":"2023-12-19T14:23:28+00:00","article_modified_time":"2023-12-19T14:23:43+00:00","og_image":[{"width":1160,"height":650,"url":"https:\/\/www.ladiagonale.net\/wp-content\/uploads\/2023\/12\/salisu.png","type":"image\/png"}],"author":"Damien Dellerba","twitter_card":"summary_large_image","twitter_image":"https:\/\/www.ladiagonale.net\/wp-content\/uploads\/2023\/12\/salisu.png","twitter_misc":{"\u00c9crit par":"Damien Dellerba","Dur\u00e9e de lecture estim\u00e9e":"2 minutes"},"schema":{"@context":"https:\/\/schema.org","@graph":[{"@type":"WebPage","@id":"https:\/\/www.ladiagonale.net\/index.php\/2023\/12\/19\/monaco-ne-retiendra-pas-salisu-pour-la-can\/","url":"https:\/\/www.ladiagonale.net\/index.php\/2023\/12\/19\/monaco-ne-retiendra-pas-salisu-pour-la-can\/","name":"Monaco ne retiendra pas Salisu pour la CAN - La Diagonale","isPartOf":{"@id":"https:\/\/www.ladiagonale.net\/#website"},"datePublished":"2023-12-19T14:23:28+00:00","dateModified":"2023-12-19T14:23:43+00:00","author":{"@id":"https:\/\/www.ladiagonale.net\/#\/schema\/person\/79ff1e7b0853ed01b2aa26e64ad300bf"},"breadcrumb":{"@id":"https:\/\/www.ladiagonale.net\/index.php\/2023\/12\/19\/monaco-ne-retiendra-pas-salisu-pour-la-can\/#breadcrumb"},"inLanguage":"fr-FR","potentialAction":[{"@type":"ReadAction","target":["https:\/\/www.ladiagonale.net\/index.php\/2023\/12\/19\/monaco-ne-retiendra-pas-salisu-pour-la-can\/"]}]},{"@type":"BreadcrumbList","@id":"https:\/\/www.ladiagonale.net\/index.php\/2023\/12\/19\/monaco-ne-retiendra-pas-salisu-pour-la-can\/#breadcrumb","itemListElement":[{"@type":"ListItem","position":1,"name":"Accueil","item":"https:\/\/www.ladiagonale.net\/"},{"@type":"ListItem","position":2,"name":"Monaco ne retiendra pas Salisu pour la CAN"}]},{"@type":"WebSite","@id":"https:\/\/www.ladiagonale.net\/#website","url":"https:\/\/www.ladiagonale.net\/","name":"La Diagonale","description":"Le site des supporters de l&#039;AS Monaco FC","potentialAction":[{"@type":"SearchAction","target":{"@type":"EntryPoint","urlTemplate":"https:\/\/www.ladiagonale.net\/?s={search_term_string}"},"query-input":"required name=search_term_string"}],"inLanguage":"fr-FR"},{"@type":"Person","@id":"https:\/\/www.ladiagonale.net\/#\/schema\/person\/79ff1e7b0853ed01b2aa26e64ad300bf","name":"Damien Dellerba","image":{"@type":"ImageObject","inLanguage":"fr-FR","@id":"https:\/\/www.ladiagonale.net\/#\/schema\/person\/image\/","url":"https:\/\/secure.gravatar.com\/avatar\/c7850e06d3ff63cdbaee88b7fc16e2f0?s=96&d=mm&r=g","contentUrl":"https:\/\/secure.gravatar.com\/avatar\/c7850e06d3ff63cdbaee88b7fc16e2f0?s=96&d=mm&r=g","caption":"Damien Dellerba"},"url":"https:\/\/www.ladiagonale.net\/index.php\/author\/damien\/"}]}},"_links":{"self":[{"href":"https:\/\/www.ladiagonale.net\/index.php\/wp-json\/wp\/v2\/posts\/19082"}],"collection":[{"href":"https:\/\/www.ladiagonale.net\/index.php\/wp-json\/wp\/v2\/posts"}],"about":[{"href":"https:\/\/www.ladiagonale.net\/index.php\/wp-json\/wp\/v2\/types\/post"}],"author":[{"embeddable":true,"href":"https:\/\/www.ladiagonale.net\/index.php\/wp-json\/wp\/v2\/users\/2"}],"replies":[{"embeddable":true,"href":"https:\/\/www.ladiagonale.net\/index.php\/wp-json\/wp\/v2\/comments?post=19082"}],"version-history":[{"count":2,"href":"https:\/\/www.ladiagonale.net\/index.php\/wp-json\/wp\/v2\/posts\/19082\/revisions"}],"predecessor-version":[{"id":19084,"href":"https:\/\/www.ladiagonale.net\/index.php\/wp-json\/wp\/v2\/posts\/19082\/revisions\/19084"}],"wp:attachment":[{"href":"https:\/\/www.ladiagonale.net\/index.php\/wp-json\/wp\/v2\/media?parent=19082"}],"wp:term":[{"taxonomy":"category","embeddable":true,"href":"https:\/\/www.ladiagonale.net\/index.php\/wp-json\/wp\/v2\/categories?post=19082"},{"taxonomy":"post_tag","embeddable":true,"href":"https:\/\/www.ladiagonale.net\/index.php\/wp-json\/wp\/v2\/tags?post=19082"}],"curies":[{"name":"wp","href":"https:\/\/api.w.org\/{rel}","templated":true}]}}