{"id":19191,"date":"2023-12-21T16:26:21","date_gmt":"2023-12-21T15:26:21","guid":{"rendered":"https:\/\/www.ladiagonale.net\/?p=19191"},"modified":"2023-12-22T13:05:39","modified_gmt":"2023-12-22T12:05:39","slug":"monaco-soppose-a-la-superligue","status":"publish","type":"post","link":"https:\/\/www.ladiagonale.net\/index.php\/2023\/12\/21\/monaco-soppose-a-la-superligue\/","title":{"rendered":"Monaco s&rsquo;oppose \u00e0 la Superligue"},"content":{"rendered":"\n\n\n<p>Sur ses r\u00e9seaux sociaux, l&rsquo;AS Monaco s&rsquo;est positionn\u00e9e dans le litige judiciaire qui oppose l&rsquo;UEFA au projet de Superligue, visant \u00e0 cr\u00e9er une ligue ferm\u00e9e entre clubs europ\u00e9ens tri\u00e9s sur le volet. Le club de la Principaut\u00e9 s&rsquo;oppose \u00e0 la d\u00e9cision rendue par la Cour de justice de l&rsquo;Union europ\u00e9enne, estimant que les r\u00e8gles \u00e9dict\u00e9es par la FIFA et l&rsquo;UEFA au sujet de l&rsquo;organisation d&rsquo;une autre comp\u00e9tition \u00e9taient contraires au droit europ\u00e9en et que les clubs participants \u00e0 la Superligue ne pouvaient \u00eatre sanctionn\u00e9s.<\/p>\n\n\n\n<p>Une d\u00e9cision qui a fait r\u00e9agir la plupart des acteurs du football, dont Monaco. L&rsquo;ASM, qui est en outre <a href=\"https:\/\/www.ladiagonale.net\/index.php\/2023\/09\/07\/sartori-elu-a-lassociation-europeenne-des-clubs\/\">largement repr\u00e9sent\u00e9e au sein de l&rsquo;ECA<\/a> (Association europ\u00e9enne des clubs), est pleinement align\u00e9e avec les autres clubs fran\u00e7ais tels que Paris et Marseille, ainsi que la Ligue de football professionnel, qui ont d\u00e9j\u00e0 fait savoir leur opposition \u00e0 ce projet \u00e0 travers des communiqu\u00e9s.<\/p>\n\n\n\n<p>\u00ab&nbsp;<em>Suite \u00e0 la d\u00e9cision de la Cour de justice de l\u2019Union europ\u00e9enne, l\u2019AS Monaco tient \u00e0 exprimer tout son attachement au principe de m\u00e9rite sportif qui r\u00e9git les comp\u00e9titions de l\u2019UEFA et du championnat de France, <\/em>peut-on lire sur le compte <em>X<\/em> <em>(ex-Twitter)<\/em> officiel du club.<em> L\u2019AS Monaco continuera de travailler avec les clubs de Ligue 1 au sein de la Ligue de Football Professionnel, et les autres clubs \u00e0 travers l\u2019ECA afin de participer, de fa\u00e7on progressive et collective, au d\u00e9veloppement du football.<\/em>&nbsp;\u00bb<\/p>\n\n\n\n<blockquote class=\"twitter-tweet\"><p lang=\"fr\" dir=\"ltr\">Suite \u00e0 la d\u00e9cision de la Cour de justice de l\u2019Union europ\u00e9enne, l\u2019AS Monaco tient \u00e0 exprimer tout son attachement au principe de m\u00e9rite sportif qui r\u00e9git les comp\u00e9titions de l\u2019UEFA et du championnat de France.<br><br>L\u2019AS Monaco continuera de travailler avec les clubs de Ligue 1 au\u2026 <a href=\"https:\/\/t.co\/49cQfeodqW\">pic.twitter.com\/49cQfeodqW<\/a><\/p>\u2014 AS Monaco \ud83c\uddf2\ud83c\udde8 (@AS_Monaco) <a href=\"https:\/\/twitter.com\/AS_Monaco\/status\/1737844752828215808?ref_src=twsrc%5Etfw\">December 21, 2023<\/a><\/blockquote> <script async=\"\" src=\"https:\/\/platform.twitter.com\/widgets.js\" charset=\"utf-8\"><\/script>\n","protected":false},"excerpt":{"rendered":"<p>Sur ses r\u00e9seaux sociaux, l&rsquo;AS Monaco s&rsquo;est positionn\u00e9e dans le litige judiciaire qui oppose l&rsquo;UEFA au projet de Superligue, visant \u00e0 cr\u00e9er une ligue ferm\u00e9e entre clubs europ\u00e9ens tri\u00e9s sur le volet. Le club de la Principaut\u00e9 s&rsquo;oppose \u00e0 la d\u00e9cision rendue par la Cour de justice de l&rsquo;Union europ\u00e9enne, estimant que les r\u00e8gles \u00e9dict\u00e9es [&#8230;]\n","protected":false},"author":2,"featured_media":0,"comment_status":"open","ping_status":"open","sticky":false,"template":"","format":"standard","meta":[],"categories":[4,6],"tags":[86,747,434],"yoast_head":"<!-- This site is optimized with the Yoast SEO plugin v19.8 - https:\/\/yoast.com\/wordpress\/plugins\/seo\/ -->\n<title>Monaco s&#039;oppose \u00e0 la Superligue - La Diagonale<\/title>\n<meta name=\"robots\" content=\"index, follow, max-snippet:-1, max-image-preview:large, max-video-preview:-1\" \/>\n<link rel=\"canonical\" href=\"https:\/\/www.ladiagonale.net\/index.php\/2023\/12\/21\/monaco-soppose-a-la-superligue\/\" \/>\n<meta property=\"og:locale\" content=\"fr_FR\" \/>\n<meta property=\"og:type\" content=\"article\" \/>\n<meta property=\"og:title\" content=\"Monaco s&#039;oppose \u00e0 la Superligue - La Diagonale\" \/>\n<meta property=\"og:description\" content=\"Sur ses r\u00e9seaux sociaux, l&rsquo;AS Monaco s&rsquo;est positionn\u00e9e dans le litige judiciaire qui oppose l&rsquo;UEFA au projet de Superligue, visant \u00e0 cr\u00e9er une ligue ferm\u00e9e entre clubs europ\u00e9ens tri\u00e9s sur le volet. Le club de la Principaut\u00e9 s&rsquo;oppose \u00e0 la d\u00e9cision rendue par la Cour de justice de l&rsquo;Union europ\u00e9enne, estimant que les r\u00e8gles \u00e9dict\u00e9es [...]\" \/>\n<meta property=\"og:url\" content=\"https:\/\/www.ladiagonale.net\/index.php\/2023\/12\/21\/monaco-soppose-a-la-superligue\/\" \/>\n<meta property=\"og:site_name\" content=\"La Diagonale\" \/>\n<meta property=\"article:published_time\" content=\"2023-12-21T15:26:21+00:00\" \/>\n<meta property=\"article:modified_time\" content=\"2023-12-22T12:05:39+00:00\" \/>\n<meta property=\"og:image\" content=\"https:\/\/www.ladiagonale.net\/wp-content\/uploads\/2023\/03\/uefa-1.png\" \/>\n\t<meta property=\"og:image:width\" content=\"1160\" \/>\n\t<meta property=\"og:image:height\" content=\"650\" \/>\n\t<meta property=\"og:image:type\" content=\"image\/png\" \/>\n<meta name=\"author\" content=\"Damien Dellerba\" \/>\n<meta name=\"twitter:card\" content=\"summary_large_image\" \/>\n<meta name=\"twitter:image\" content=\"https:\/\/www.ladiagonale.net\/wp-content\/uploads\/2023\/03\/uefa-1.png\" \/>\n<meta name=\"twitter:label1\" content=\"\u00c9crit par\" \/>\n\t<meta name=\"twitter:data1\" content=\"Damien Dellerba\" \/>\n\t<meta name=\"twitter:label2\" content=\"Dur\u00e9e de lecture estim\u00e9e\" \/>\n\t<meta name=\"twitter:data2\" content=\"2 minutes\" \/>\n<script type=\"application\/ld+json\" class=\"yoast-schema-graph\">{\"@context\":\"https:\/\/schema.org\",\"@graph\":[{\"@type\":\"WebPage\",\"@id\":\"https:\/\/www.ladiagonale.net\/index.php\/2023\/12\/21\/monaco-soppose-a-la-superligue\/\",\"url\":\"https:\/\/www.ladiagonale.net\/index.php\/2023\/12\/21\/monaco-soppose-a-la-superligue\/\",\"name\":\"Monaco s'oppose \u00e0 la Superligue - La Diagonale\",\"isPartOf\":{\"@id\":\"https:\/\/www.ladiagonale.net\/#website\"},\"datePublished\":\"2023-12-21T15:26:21+00:00\",\"dateModified\":\"2023-12-22T12:05:39+00:00\",\"author\":{\"@id\":\"https:\/\/www.ladiagonale.net\/#\/schema\/person\/79ff1e7b0853ed01b2aa26e64ad300bf\"},\"breadcrumb\":{\"@id\":\"https:\/\/www.ladiagonale.net\/index.php\/2023\/12\/21\/monaco-soppose-a-la-superligue\/#breadcrumb\"},\"inLanguage\":\"fr-FR\",\"potentialAction\":[{\"@type\":\"ReadAction\",\"target\":[\"https:\/\/www.ladiagonale.net\/index.php\/2023\/12\/21\/monaco-soppose-a-la-superligue\/\"]}]},{\"@type\":\"BreadcrumbList\",\"@id\":\"https:\/\/www.ladiagonale.net\/index.php\/2023\/12\/21\/monaco-soppose-a-la-superligue\/#breadcrumb\",\"itemListElement\":[{\"@type\":\"ListItem\",\"position\":1,\"name\":\"Accueil\",\"item\":\"https:\/\/www.ladiagonale.net\/\"},{\"@type\":\"ListItem\",\"position\":2,\"name\":\"Monaco s&rsquo;oppose \u00e0 la Superligue\"}]},{\"@type\":\"WebSite\",\"@id\":\"https:\/\/www.ladiagonale.net\/#website\",\"url\":\"https:\/\/www.ladiagonale.net\/\",\"name\":\"La Diagonale\",\"description\":\"Le site des supporters de l&#039;AS Monaco FC\",\"potentialAction\":[{\"@type\":\"SearchAction\",\"target\":{\"@type\":\"EntryPoint\",\"urlTemplate\":\"https:\/\/www.ladiagonale.net\/?s={search_term_string}\"},\"query-input\":\"required name=search_term_string\"}],\"inLanguage\":\"fr-FR\"},{\"@type\":\"Person\",\"@id\":\"https:\/\/www.ladiagonale.net\/#\/schema\/person\/79ff1e7b0853ed01b2aa26e64ad300bf\",\"name\":\"Damien Dellerba\",\"image\":{\"@type\":\"ImageObject\",\"inLanguage\":\"fr-FR\",\"@id\":\"https:\/\/www.ladiagonale.net\/#\/schema\/person\/image\/\",\"url\":\"https:\/\/secure.gravatar.com\/avatar\/c7850e06d3ff63cdbaee88b7fc16e2f0?s=96&d=mm&r=g\",\"contentUrl\":\"https:\/\/secure.gravatar.com\/avatar\/c7850e06d3ff63cdbaee88b7fc16e2f0?s=96&d=mm&r=g\",\"caption\":\"Damien Dellerba\"},\"url\":\"https:\/\/www.ladiagonale.net\/index.php\/author\/damien\/\"}]}<\/script>\n<!-- \/ Yoast SEO plugin. -->","yoast_head_json":{"title":"Monaco s'oppose \u00e0 la Superligue - La Diagonale","robots":{"index":"index","follow":"follow","max-snippet":"max-snippet:-1","max-image-preview":"max-image-preview:large","max-video-preview":"max-video-preview:-1"},"canonical":"https:\/\/www.ladiagonale.net\/index.php\/2023\/12\/21\/monaco-soppose-a-la-superligue\/","og_locale":"fr_FR","og_type":"article","og_title":"Monaco s'oppose \u00e0 la Superligue - La Diagonale","og_description":"Sur ses r\u00e9seaux sociaux, l&rsquo;AS Monaco s&rsquo;est positionn\u00e9e dans le litige judiciaire qui oppose l&rsquo;UEFA au projet de Superligue, visant \u00e0 cr\u00e9er une ligue ferm\u00e9e entre clubs europ\u00e9ens tri\u00e9s sur le volet. Le club de la Principaut\u00e9 s&rsquo;oppose \u00e0 la d\u00e9cision rendue par la Cour de justice de l&rsquo;Union europ\u00e9enne, estimant que les r\u00e8gles \u00e9dict\u00e9es [...]","og_url":"https:\/\/www.ladiagonale.net\/index.php\/2023\/12\/21\/monaco-soppose-a-la-superligue\/","og_site_name":"La Diagonale","article_published_time":"2023-12-21T15:26:21+00:00","article_modified_time":"2023-12-22T12:05:39+00:00","og_image":[{"width":1160,"height":650,"url":"https:\/\/www.ladiagonale.net\/wp-content\/uploads\/2023\/03\/uefa-1.png","type":"image\/png"}],"author":"Damien Dellerba","twitter_card":"summary_large_image","twitter_image":"https:\/\/www.ladiagonale.net\/wp-content\/uploads\/2023\/03\/uefa-1.png","twitter_misc":{"\u00c9crit par":"Damien Dellerba","Dur\u00e9e de lecture estim\u00e9e":"2 minutes"},"schema":{"@context":"https:\/\/schema.org","@graph":[{"@type":"WebPage","@id":"https:\/\/www.ladiagonale.net\/index.php\/2023\/12\/21\/monaco-soppose-a-la-superligue\/","url":"https:\/\/www.ladiagonale.net\/index.php\/2023\/12\/21\/monaco-soppose-a-la-superligue\/","name":"Monaco s'oppose \u00e0 la Superligue - La Diagonale","isPartOf":{"@id":"https:\/\/www.ladiagonale.net\/#website"},"datePublished":"2023-12-21T15:26:21+00:00","dateModified":"2023-12-22T12:05:39+00:00","author":{"@id":"https:\/\/www.ladiagonale.net\/#\/schema\/person\/79ff1e7b0853ed01b2aa26e64ad300bf"},"breadcrumb":{"@id":"https:\/\/www.ladiagonale.net\/index.php\/2023\/12\/21\/monaco-soppose-a-la-superligue\/#breadcrumb"},"inLanguage":"fr-FR","potentialAction":[{"@type":"ReadAction","target":["https:\/\/www.ladiagonale.net\/index.php\/2023\/12\/21\/monaco-soppose-a-la-superligue\/"]}]},{"@type":"BreadcrumbList","@id":"https:\/\/www.ladiagonale.net\/index.php\/2023\/12\/21\/monaco-soppose-a-la-superligue\/#breadcrumb","itemListElement":[{"@type":"ListItem","position":1,"name":"Accueil","item":"https:\/\/www.ladiagonale.net\/"},{"@type":"ListItem","position":2,"name":"Monaco s&rsquo;oppose \u00e0 la Superligue"}]},{"@type":"WebSite","@id":"https:\/\/www.ladiagonale.net\/#website","url":"https:\/\/www.ladiagonale.net\/","name":"La Diagonale","description":"Le site des supporters de l&#039;AS Monaco FC","potentialAction":[{"@type":"SearchAction","target":{"@type":"EntryPoint","urlTemplate":"https:\/\/www.ladiagonale.net\/?s={search_term_string}"},"query-input":"required name=search_term_string"}],"inLanguage":"fr-FR"},{"@type":"Person","@id":"https:\/\/www.ladiagonale.net\/#\/schema\/person\/79ff1e7b0853ed01b2aa26e64ad300bf","name":"Damien Dellerba","image":{"@type":"ImageObject","inLanguage":"fr-FR","@id":"https:\/\/www.ladiagonale.net\/#\/schema\/person\/image\/","url":"https:\/\/secure.gravatar.com\/avatar\/c7850e06d3ff63cdbaee88b7fc16e2f0?s=96&d=mm&r=g","contentUrl":"https:\/\/secure.gravatar.com\/avatar\/c7850e06d3ff63cdbaee88b7fc16e2f0?s=96&d=mm&r=g","caption":"Damien Dellerba"},"url":"https:\/\/www.ladiagonale.net\/index.php\/author\/damien\/"}]}},"_links":{"self":[{"href":"https:\/\/www.ladiagonale.net\/index.php\/wp-json\/wp\/v2\/posts\/19191"}],"collection":[{"href":"https:\/\/www.ladiagonale.net\/index.php\/wp-json\/wp\/v2\/posts"}],"about":[{"href":"https:\/\/www.ladiagonale.net\/index.php\/wp-json\/wp\/v2\/types\/post"}],"author":[{"embeddable":true,"href":"https:\/\/www.ladiagonale.net\/index.php\/wp-json\/wp\/v2\/users\/2"}],"replies":[{"embeddable":true,"href":"https:\/\/www.ladiagonale.net\/index.php\/wp-json\/wp\/v2\/comments?post=19191"}],"version-history":[{"count":4,"href":"https:\/\/www.ladiagonale.net\/index.php\/wp-json\/wp\/v2\/posts\/19191\/revisions"}],"predecessor-version":[{"id":19218,"href":"https:\/\/www.ladiagonale.net\/index.php\/wp-json\/wp\/v2\/posts\/19191\/revisions\/19218"}],"wp:attachment":[{"href":"https:\/\/www.ladiagonale.net\/index.php\/wp-json\/wp\/v2\/media?parent=19191"}],"wp:term":[{"taxonomy":"category","embeddable":true,"href":"https:\/\/www.ladiagonale.net\/index.php\/wp-json\/wp\/v2\/categories?post=19191"},{"taxonomy":"post_tag","embeddable":true,"href":"https:\/\/www.ladiagonale.net\/index.php\/wp-json\/wp\/v2\/tags?post=19191"}],"curies":[{"name":"wp","href":"https:\/\/api.w.org\/{rel}","templated":true}]}}