{"id":19425,"date":"2024-01-05T15:03:17","date_gmt":"2024-01-05T14:03:17","guid":{"rendered":"https:\/\/www.ladiagonale.net\/?p=19425"},"modified":"2024-01-05T15:03:20","modified_gmt":"2024-01-05T14:03:20","slug":"monaco-jamais-elimine-par-lens-en-coupe-de-france","status":"publish","type":"post","link":"https:\/\/www.ladiagonale.net\/index.php\/2024\/01\/05\/monaco-jamais-elimine-par-lens-en-coupe-de-france\/","title":{"rendered":"Monaco jamais \u00e9limin\u00e9 par Lens en Coupe de France"},"content":{"rendered":"\n<p>Ces derni\u00e8res ann\u00e9es, l\u2019AS Monaco a \u00e9t\u00e9 r\u00e9guli\u00e8rement malmen\u00e9e en championnat par Lens, avec plusieurs lourdes d\u00e9faites. C\u2019est dire \u00e0 quel point la victoire acquise sur la pelouse de F\u00e9lix-Bollaert en 8<sup>es<\/sup> de finale de la Coupe de France lors de la saison 2021-2022 avait de quoi surprendre. Elle s\u2019inscrivait toutefois dans la lign\u00e9e des pr\u00e9c\u00e9dents affrontements entre les deux \u00e9quipes en Coupe et qui ont vu l\u2019ASM syst\u00e9matiquement se qualifier aux d\u00e9pens du club art\u00e9sien. Sur quatre confrontations dans l\u2019histoire de la Coupe, Monaco a gagn\u00e9 deux fois avant la fin du temps additionnel, tandis que deux rencontres se sont jou\u00e9es en prolongation,\u00a0mais en tournant \u00e0 chaque fois en faveur des Rouge et Blanc.<\/p>\n\n\n\n<p>La derni\u00e8re opposition entre les deux \u00e9quipes avait \u00e9t\u00e9 assez spectaculaire (4-2) avec 6 buts inscrits, soit autant que lors de la pr\u00e9c\u00e9dente confrontation, m\u00eame si cette fois les six buts n&rsquo;avaient pas \u00e9t\u00e9 \u00e0 la faveur d\u2019une formation princi\u00e8re en tenue de gala. Monaco avait men\u00e9 3-0 en moins d&rsquo;une demi-heure de jeu gr\u00e2ce \u00e0 des r\u00e9alisations de Ben Yedder, Jean Lucas, et Diop, mais s&rsquo;\u00e9tait fait peur avec un retour des Sang et Or \u00e0 3-2. Dans les cages, Vito Manonne avait notamment r\u00e9alis\u00e9 de grandes prouesses et multipli\u00e9 les arr\u00eats pour emp\u00eacher l&rsquo;\u00e9galisation lensoise, avant que Ben Yedder ne s&rsquo;offre un doubl\u00e9 et ent\u00e9rine le succ\u00e8s as\u00e9miste.<\/p>\n\n\n\n<figure class=\"wp-block-embed is-type-video is-provider-youtube wp-block-embed-youtube wp-embed-aspect-16-9 wp-has-aspect-ratio\"><div class=\"wp-block-embed__wrapper\">\n<iframe loading=\"lazy\" title=\"RC Lens 2-4 AS Monaco | all goals and highlights | Coupe de france\" width=\"1020\" height=\"574\" src=\"https:\/\/www.youtube.com\/embed\/VOhY2Aqep-4?feature=oembed\" frameborder=\"0\" allow=\"accelerometer; autoplay; clipboard-write; encrypted-media; gyroscope; picture-in-picture; web-share\" allowfullscreen><\/iframe>\n<\/div><\/figure>\n\n\n\n<h3>Toutes les confrontations contre Lens en Coupe de France<\/h3>\n\n\n\n<figure class=\"wp-block-table\"><table><tbody><tr><td class=\"has-text-align-center\" data-align=\"center\">Saison 2021-2022<\/td><td class=\"has-text-align-center\" data-align=\"center\">1\/8<sup>e<\/sup><\/td><td class=\"has-text-align-right\" data-align=\"right\">Lens<\/td><td class=\"has-text-align-center\" data-align=\"center\">2-4<\/td><td><strong>Monaco<\/strong><\/td><td class=\"has-text-align-center\" data-align=\"center\">\ud83d\udfe2<\/td><\/tr><tr><td class=\"has-text-align-center\" data-align=\"center\">Saison 2013-2014<\/td><td class=\"has-text-align-center\" data-align=\"center\">1\/4 de finale<\/td><td class=\"has-text-align-right\" data-align=\"right\"><strong>Monaco<\/strong><\/td><td class=\"has-text-align-center\" data-align=\"center\">6-0<\/td><td>Lens<\/td><td class=\"has-text-align-center\" data-align=\"center\">\ud83d\udfe2<\/td><\/tr><tr><td class=\"has-text-align-center\" data-align=\"center\">Saison 2009-2010<\/td><td class=\"has-text-align-center\" data-align=\"center\">Demi-finale<\/td><td class=\"has-text-align-right\" data-align=\"right\"><strong>Monaco<\/strong><\/td><td class=\"has-text-align-center\" data-align=\"center\">1-0 a.p.<\/td><td>Lens<\/td><td class=\"has-text-align-center\" data-align=\"center\">\ud83d\udfe2<\/td><\/tr><tr><td class=\"has-text-align-center\" data-align=\"center\">Saison 1995-1996<\/td><td class=\"has-text-align-center\" data-align=\"center\">1\/32<sup>e<\/sup><\/td><td class=\"has-text-align-right\" data-align=\"right\"><strong>Monaco<\/strong><\/td><td class=\"has-text-align-center\" data-align=\"center\">1-0 a.p.<\/td><td>Lens<\/td><td class=\"has-text-align-center\" data-align=\"center\">\ud83d\udfe2<\/td><\/tr><\/tbody><\/table><\/figure>\n\n\n","protected":false},"excerpt":{"rendered":"<p>Ces derni\u00e8res ann\u00e9es, l\u2019AS Monaco a \u00e9t\u00e9 r\u00e9guli\u00e8rement malmen\u00e9e en championnat par Lens, avec plusieurs lourdes d\u00e9faites. C\u2019est dire \u00e0 quel point la victoire acquise sur la pelouse de F\u00e9lix-Bollaert en 8es de finale de la Coupe de France lors de la saison 2021-2022 avait de quoi surprendre. Elle s\u2019inscrivait toutefois dans la lign\u00e9e des [&#8230;]\n","protected":false},"author":2,"featured_media":0,"comment_status":"open","ping_status":"open","sticky":false,"template":"","format":"standard","meta":[],"categories":[6],"tags":[86,232,261,499],"yoast_head":"<!-- This site is optimized with the Yoast SEO plugin v19.8 - https:\/\/yoast.com\/wordpress\/plugins\/seo\/ -->\n<title>Monaco jamais \u00e9limin\u00e9 par Lens en Coupe de France - La Diagonale<\/title>\n<meta name=\"robots\" content=\"index, follow, max-snippet:-1, max-image-preview:large, max-video-preview:-1\" \/>\n<link rel=\"canonical\" href=\"https:\/\/www.ladiagonale.net\/index.php\/2024\/01\/05\/monaco-jamais-elimine-par-lens-en-coupe-de-france\/\" \/>\n<meta property=\"og:locale\" content=\"fr_FR\" \/>\n<meta property=\"og:type\" content=\"article\" \/>\n<meta property=\"og:title\" content=\"Monaco jamais \u00e9limin\u00e9 par Lens en Coupe de France - La Diagonale\" \/>\n<meta property=\"og:description\" content=\"Ces derni\u00e8res ann\u00e9es, l\u2019AS Monaco a \u00e9t\u00e9 r\u00e9guli\u00e8rement malmen\u00e9e en championnat par Lens, avec plusieurs lourdes d\u00e9faites. C\u2019est dire \u00e0 quel point la victoire acquise sur la pelouse de F\u00e9lix-Bollaert en 8es de finale de la Coupe de France lors de la saison 2021-2022 avait de quoi surprendre. Elle s\u2019inscrivait toutefois dans la lign\u00e9e des [...]\" \/>\n<meta property=\"og:url\" content=\"https:\/\/www.ladiagonale.net\/index.php\/2024\/01\/05\/monaco-jamais-elimine-par-lens-en-coupe-de-france\/\" \/>\n<meta property=\"og:site_name\" content=\"La Diagonale\" \/>\n<meta property=\"article:published_time\" content=\"2024-01-05T14:03:17+00:00\" \/>\n<meta property=\"article:modified_time\" content=\"2024-01-05T14:03:20+00:00\" \/>\n<meta property=\"og:image\" content=\"https:\/\/www.ladiagonale.net\/wp-content\/uploads\/2024\/01\/lens-cdf.png\" \/>\n\t<meta property=\"og:image:width\" content=\"1160\" \/>\n\t<meta property=\"og:image:height\" content=\"650\" \/>\n\t<meta property=\"og:image:type\" content=\"image\/png\" \/>\n<meta name=\"author\" content=\"Damien Dellerba\" \/>\n<meta name=\"twitter:card\" content=\"summary_large_image\" \/>\n<meta name=\"twitter:image\" content=\"https:\/\/www.ladiagonale.net\/wp-content\/uploads\/2024\/01\/lens-cdf.png\" \/>\n<meta name=\"twitter:label1\" content=\"\u00c9crit par\" \/>\n\t<meta name=\"twitter:data1\" content=\"Damien Dellerba\" \/>\n\t<meta name=\"twitter:label2\" content=\"Dur\u00e9e de lecture estim\u00e9e\" \/>\n\t<meta name=\"twitter:data2\" content=\"2 minutes\" \/>\n<script type=\"application\/ld+json\" class=\"yoast-schema-graph\">{\"@context\":\"https:\/\/schema.org\",\"@graph\":[{\"@type\":\"WebPage\",\"@id\":\"https:\/\/www.ladiagonale.net\/index.php\/2024\/01\/05\/monaco-jamais-elimine-par-lens-en-coupe-de-france\/\",\"url\":\"https:\/\/www.ladiagonale.net\/index.php\/2024\/01\/05\/monaco-jamais-elimine-par-lens-en-coupe-de-france\/\",\"name\":\"Monaco jamais \u00e9limin\u00e9 par Lens en Coupe de France - La Diagonale\",\"isPartOf\":{\"@id\":\"https:\/\/www.ladiagonale.net\/#website\"},\"datePublished\":\"2024-01-05T14:03:17+00:00\",\"dateModified\":\"2024-01-05T14:03:20+00:00\",\"author\":{\"@id\":\"https:\/\/www.ladiagonale.net\/#\/schema\/person\/79ff1e7b0853ed01b2aa26e64ad300bf\"},\"breadcrumb\":{\"@id\":\"https:\/\/www.ladiagonale.net\/index.php\/2024\/01\/05\/monaco-jamais-elimine-par-lens-en-coupe-de-france\/#breadcrumb\"},\"inLanguage\":\"fr-FR\",\"potentialAction\":[{\"@type\":\"ReadAction\",\"target\":[\"https:\/\/www.ladiagonale.net\/index.php\/2024\/01\/05\/monaco-jamais-elimine-par-lens-en-coupe-de-france\/\"]}]},{\"@type\":\"BreadcrumbList\",\"@id\":\"https:\/\/www.ladiagonale.net\/index.php\/2024\/01\/05\/monaco-jamais-elimine-par-lens-en-coupe-de-france\/#breadcrumb\",\"itemListElement\":[{\"@type\":\"ListItem\",\"position\":1,\"name\":\"Accueil\",\"item\":\"https:\/\/www.ladiagonale.net\/\"},{\"@type\":\"ListItem\",\"position\":2,\"name\":\"Monaco jamais \u00e9limin\u00e9 par Lens en Coupe de France\"}]},{\"@type\":\"WebSite\",\"@id\":\"https:\/\/www.ladiagonale.net\/#website\",\"url\":\"https:\/\/www.ladiagonale.net\/\",\"name\":\"La Diagonale\",\"description\":\"Le site des supporters de l&#039;AS Monaco FC\",\"potentialAction\":[{\"@type\":\"SearchAction\",\"target\":{\"@type\":\"EntryPoint\",\"urlTemplate\":\"https:\/\/www.ladiagonale.net\/?s={search_term_string}\"},\"query-input\":\"required name=search_term_string\"}],\"inLanguage\":\"fr-FR\"},{\"@type\":\"Person\",\"@id\":\"https:\/\/www.ladiagonale.net\/#\/schema\/person\/79ff1e7b0853ed01b2aa26e64ad300bf\",\"name\":\"Damien Dellerba\",\"image\":{\"@type\":\"ImageObject\",\"inLanguage\":\"fr-FR\",\"@id\":\"https:\/\/www.ladiagonale.net\/#\/schema\/person\/image\/\",\"url\":\"https:\/\/secure.gravatar.com\/avatar\/c7850e06d3ff63cdbaee88b7fc16e2f0?s=96&d=mm&r=g\",\"contentUrl\":\"https:\/\/secure.gravatar.com\/avatar\/c7850e06d3ff63cdbaee88b7fc16e2f0?s=96&d=mm&r=g\",\"caption\":\"Damien Dellerba\"},\"url\":\"https:\/\/www.ladiagonale.net\/index.php\/author\/damien\/\"}]}<\/script>\n<!-- \/ Yoast SEO plugin. -->","yoast_head_json":{"title":"Monaco jamais \u00e9limin\u00e9 par Lens en Coupe de France - La Diagonale","robots":{"index":"index","follow":"follow","max-snippet":"max-snippet:-1","max-image-preview":"max-image-preview:large","max-video-preview":"max-video-preview:-1"},"canonical":"https:\/\/www.ladiagonale.net\/index.php\/2024\/01\/05\/monaco-jamais-elimine-par-lens-en-coupe-de-france\/","og_locale":"fr_FR","og_type":"article","og_title":"Monaco jamais \u00e9limin\u00e9 par Lens en Coupe de France - La Diagonale","og_description":"Ces derni\u00e8res ann\u00e9es, l\u2019AS Monaco a \u00e9t\u00e9 r\u00e9guli\u00e8rement malmen\u00e9e en championnat par Lens, avec plusieurs lourdes d\u00e9faites. C\u2019est dire \u00e0 quel point la victoire acquise sur la pelouse de F\u00e9lix-Bollaert en 8es de finale de la Coupe de France lors de la saison 2021-2022 avait de quoi surprendre. Elle s\u2019inscrivait toutefois dans la lign\u00e9e des [...]","og_url":"https:\/\/www.ladiagonale.net\/index.php\/2024\/01\/05\/monaco-jamais-elimine-par-lens-en-coupe-de-france\/","og_site_name":"La Diagonale","article_published_time":"2024-01-05T14:03:17+00:00","article_modified_time":"2024-01-05T14:03:20+00:00","og_image":[{"width":1160,"height":650,"url":"https:\/\/www.ladiagonale.net\/wp-content\/uploads\/2024\/01\/lens-cdf.png","type":"image\/png"}],"author":"Damien Dellerba","twitter_card":"summary_large_image","twitter_image":"https:\/\/www.ladiagonale.net\/wp-content\/uploads\/2024\/01\/lens-cdf.png","twitter_misc":{"\u00c9crit par":"Damien Dellerba","Dur\u00e9e de lecture estim\u00e9e":"2 minutes"},"schema":{"@context":"https:\/\/schema.org","@graph":[{"@type":"WebPage","@id":"https:\/\/www.ladiagonale.net\/index.php\/2024\/01\/05\/monaco-jamais-elimine-par-lens-en-coupe-de-france\/","url":"https:\/\/www.ladiagonale.net\/index.php\/2024\/01\/05\/monaco-jamais-elimine-par-lens-en-coupe-de-france\/","name":"Monaco jamais \u00e9limin\u00e9 par Lens en Coupe de France - La Diagonale","isPartOf":{"@id":"https:\/\/www.ladiagonale.net\/#website"},"datePublished":"2024-01-05T14:03:17+00:00","dateModified":"2024-01-05T14:03:20+00:00","author":{"@id":"https:\/\/www.ladiagonale.net\/#\/schema\/person\/79ff1e7b0853ed01b2aa26e64ad300bf"},"breadcrumb":{"@id":"https:\/\/www.ladiagonale.net\/index.php\/2024\/01\/05\/monaco-jamais-elimine-par-lens-en-coupe-de-france\/#breadcrumb"},"inLanguage":"fr-FR","potentialAction":[{"@type":"ReadAction","target":["https:\/\/www.ladiagonale.net\/index.php\/2024\/01\/05\/monaco-jamais-elimine-par-lens-en-coupe-de-france\/"]}]},{"@type":"BreadcrumbList","@id":"https:\/\/www.ladiagonale.net\/index.php\/2024\/01\/05\/monaco-jamais-elimine-par-lens-en-coupe-de-france\/#breadcrumb","itemListElement":[{"@type":"ListItem","position":1,"name":"Accueil","item":"https:\/\/www.ladiagonale.net\/"},{"@type":"ListItem","position":2,"name":"Monaco jamais \u00e9limin\u00e9 par Lens en Coupe de France"}]},{"@type":"WebSite","@id":"https:\/\/www.ladiagonale.net\/#website","url":"https:\/\/www.ladiagonale.net\/","name":"La Diagonale","description":"Le site des supporters de l&#039;AS Monaco FC","potentialAction":[{"@type":"SearchAction","target":{"@type":"EntryPoint","urlTemplate":"https:\/\/www.ladiagonale.net\/?s={search_term_string}"},"query-input":"required name=search_term_string"}],"inLanguage":"fr-FR"},{"@type":"Person","@id":"https:\/\/www.ladiagonale.net\/#\/schema\/person\/79ff1e7b0853ed01b2aa26e64ad300bf","name":"Damien Dellerba","image":{"@type":"ImageObject","inLanguage":"fr-FR","@id":"https:\/\/www.ladiagonale.net\/#\/schema\/person\/image\/","url":"https:\/\/secure.gravatar.com\/avatar\/c7850e06d3ff63cdbaee88b7fc16e2f0?s=96&d=mm&r=g","contentUrl":"https:\/\/secure.gravatar.com\/avatar\/c7850e06d3ff63cdbaee88b7fc16e2f0?s=96&d=mm&r=g","caption":"Damien Dellerba"},"url":"https:\/\/www.ladiagonale.net\/index.php\/author\/damien\/"}]}},"_links":{"self":[{"href":"https:\/\/www.ladiagonale.net\/index.php\/wp-json\/wp\/v2\/posts\/19425"}],"collection":[{"href":"https:\/\/www.ladiagonale.net\/index.php\/wp-json\/wp\/v2\/posts"}],"about":[{"href":"https:\/\/www.ladiagonale.net\/index.php\/wp-json\/wp\/v2\/types\/post"}],"author":[{"embeddable":true,"href":"https:\/\/www.ladiagonale.net\/index.php\/wp-json\/wp\/v2\/users\/2"}],"replies":[{"embeddable":true,"href":"https:\/\/www.ladiagonale.net\/index.php\/wp-json\/wp\/v2\/comments?post=19425"}],"version-history":[{"count":4,"href":"https:\/\/www.ladiagonale.net\/index.php\/wp-json\/wp\/v2\/posts\/19425\/revisions"}],"predecessor-version":[{"id":19439,"href":"https:\/\/www.ladiagonale.net\/index.php\/wp-json\/wp\/v2\/posts\/19425\/revisions\/19439"}],"wp:attachment":[{"href":"https:\/\/www.ladiagonale.net\/index.php\/wp-json\/wp\/v2\/media?parent=19425"}],"wp:term":[{"taxonomy":"category","embeddable":true,"href":"https:\/\/www.ladiagonale.net\/index.php\/wp-json\/wp\/v2\/categories?post=19425"},{"taxonomy":"post_tag","embeddable":true,"href":"https:\/\/www.ladiagonale.net\/index.php\/wp-json\/wp\/v2\/tags?post=19425"}],"curies":[{"name":"wp","href":"https:\/\/api.w.org\/{rel}","templated":true}]}}