{"id":19430,"date":"2024-01-05T13:26:45","date_gmt":"2024-01-05T12:26:45","guid":{"rendered":"https:\/\/www.ladiagonale.net\/?p=19430"},"modified":"2024-01-05T13:26:50","modified_gmt":"2024-01-05T12:26:50","slug":"officiel-kehrer-prete-a-monaco","status":"publish","type":"post","link":"https:\/\/www.ladiagonale.net\/index.php\/2024\/01\/05\/officiel-kehrer-prete-a-monaco\/","title":{"rendered":"Officiel : Kehrer pr\u00eat\u00e9 \u00e0 Monaco"},"content":{"rendered":"\n\n\n<p>L&rsquo;AS Monaco tient sa premi\u00e8re recrue du mercato hivernal en la personne de Thilo Kehrer. Le d\u00e9fenseur de West Ham est pr\u00eat\u00e9 jusqu&rsquo;\u00e0 la fin de la saison, avec option d&rsquo;achat. Selon les derni\u00e8res informations r\u00e9v\u00e9l\u00e9es \u00e0 ce sujet, l&rsquo;ASM aurait d\u00e9bours\u00e9 500.000 euros pour obtenir le pr\u00eat de Kehrer, sous contrat avec les <em>Hammers<\/em> jusqu&rsquo;en 2026, et son option d&rsquo;achat, estim\u00e9e \u00e0 11,5 millions d&rsquo;euros, serait soumise \u00e0 des clauses \u00ab\u00a0faciles\u00a0\u00bb \u00e0 atteindre. <\/p>\n\n\n\n<p>Peu utilis\u00e9 en Angleterre cette saison (12 apparitions pour 4 titularisations), l&rsquo;international allemand de 27 ans fait son retour en Ligue 1, apr\u00e8s avoir pass\u00e9 quatre saisons au PSG entre 2018 et 2022. Il rejoint la Principaut\u00e9 pour renforcer un secteur d\u00e9fensif d\u00e9cri\u00e9 et qui sera en outre d\u00e9cim\u00e9 entre janvier et f\u00e9vrier avec les d\u00e9parts \u00e0 la CAN de Salisu, Singo et Jakobs. Il arborera le num\u00e9ro 5.<\/p>\n","protected":false},"excerpt":{"rendered":"<p>L&rsquo;AS Monaco tient sa premi\u00e8re recrue du mercato hivernal en la personne de Thilo Kehrer. Le d\u00e9fenseur de West Ham est pr\u00eat\u00e9 jusqu&rsquo;\u00e0 la fin de la saison, avec option d&rsquo;achat. Selon les derni\u00e8res informations r\u00e9v\u00e9l\u00e9es \u00e0 ce sujet, l&rsquo;ASM aurait d\u00e9bours\u00e9 500.000 euros pour obtenir le pr\u00eat de Kehrer, sous contrat avec les Hammers [&#8230;]\n","protected":false},"author":1,"featured_media":0,"comment_status":"open","ping_status":"open","sticky":false,"template":"","format":"standard","meta":[],"categories":[4,6],"tags":[86,111,756,110],"yoast_head":"<!-- This site is optimized with the Yoast SEO plugin v19.8 - https:\/\/yoast.com\/wordpress\/plugins\/seo\/ -->\n<title>Officiel : Kehrer pr\u00eat\u00e9 \u00e0 Monaco - La Diagonale<\/title>\n<meta name=\"robots\" content=\"index, follow, max-snippet:-1, max-image-preview:large, max-video-preview:-1\" \/>\n<link rel=\"canonical\" href=\"https:\/\/www.ladiagonale.net\/index.php\/2024\/01\/05\/officiel-kehrer-prete-a-monaco\/\" \/>\n<meta property=\"og:locale\" content=\"fr_FR\" \/>\n<meta property=\"og:type\" content=\"article\" \/>\n<meta property=\"og:title\" content=\"Officiel : Kehrer pr\u00eat\u00e9 \u00e0 Monaco - La Diagonale\" \/>\n<meta property=\"og:description\" content=\"L&rsquo;AS Monaco tient sa premi\u00e8re recrue du mercato hivernal en la personne de Thilo Kehrer. Le d\u00e9fenseur de West Ham est pr\u00eat\u00e9 jusqu&rsquo;\u00e0 la fin de la saison, avec option d&rsquo;achat. Selon les derni\u00e8res informations r\u00e9v\u00e9l\u00e9es \u00e0 ce sujet, l&rsquo;ASM aurait d\u00e9bours\u00e9 500.000 euros pour obtenir le pr\u00eat de Kehrer, sous contrat avec les Hammers [...]\" \/>\n<meta property=\"og:url\" content=\"https:\/\/www.ladiagonale.net\/index.php\/2024\/01\/05\/officiel-kehrer-prete-a-monaco\/\" \/>\n<meta property=\"og:site_name\" content=\"La Diagonale\" \/>\n<meta property=\"article:published_time\" content=\"2024-01-05T12:26:45+00:00\" \/>\n<meta property=\"article:modified_time\" content=\"2024-01-05T12:26:50+00:00\" \/>\n<meta property=\"og:image\" content=\"https:\/\/www.ladiagonale.net\/wp-content\/uploads\/2024\/01\/Photo-01-scaled.jpg\" \/>\n\t<meta property=\"og:image:width\" content=\"2560\" \/>\n\t<meta property=\"og:image:height\" content=\"1707\" \/>\n\t<meta property=\"og:image:type\" content=\"image\/jpeg\" \/>\n<meta name=\"author\" content=\"admin\" \/>\n<meta name=\"twitter:card\" content=\"summary_large_image\" \/>\n<meta name=\"twitter:image\" content=\"https:\/\/www.ladiagonale.net\/wp-content\/uploads\/2024\/01\/Photo-01-scaled.jpg\" \/>\n<meta name=\"twitter:label1\" content=\"\u00c9crit par\" \/>\n\t<meta name=\"twitter:data1\" content=\"admin\" \/>\n\t<meta name=\"twitter:label2\" content=\"Dur\u00e9e de lecture estim\u00e9e\" \/>\n\t<meta name=\"twitter:data2\" content=\"1 minute\" \/>\n<script type=\"application\/ld+json\" class=\"yoast-schema-graph\">{\"@context\":\"https:\/\/schema.org\",\"@graph\":[{\"@type\":\"WebPage\",\"@id\":\"https:\/\/www.ladiagonale.net\/index.php\/2024\/01\/05\/officiel-kehrer-prete-a-monaco\/\",\"url\":\"https:\/\/www.ladiagonale.net\/index.php\/2024\/01\/05\/officiel-kehrer-prete-a-monaco\/\",\"name\":\"Officiel : Kehrer pr\u00eat\u00e9 \u00e0 Monaco - La Diagonale\",\"isPartOf\":{\"@id\":\"https:\/\/www.ladiagonale.net\/#website\"},\"datePublished\":\"2024-01-05T12:26:45+00:00\",\"dateModified\":\"2024-01-05T12:26:50+00:00\",\"author\":{\"@id\":\"https:\/\/www.ladiagonale.net\/#\/schema\/person\/03fa041acd51875ece8bf97a37252a4d\"},\"breadcrumb\":{\"@id\":\"https:\/\/www.ladiagonale.net\/index.php\/2024\/01\/05\/officiel-kehrer-prete-a-monaco\/#breadcrumb\"},\"inLanguage\":\"fr-FR\",\"potentialAction\":[{\"@type\":\"ReadAction\",\"target\":[\"https:\/\/www.ladiagonale.net\/index.php\/2024\/01\/05\/officiel-kehrer-prete-a-monaco\/\"]}]},{\"@type\":\"BreadcrumbList\",\"@id\":\"https:\/\/www.ladiagonale.net\/index.php\/2024\/01\/05\/officiel-kehrer-prete-a-monaco\/#breadcrumb\",\"itemListElement\":[{\"@type\":\"ListItem\",\"position\":1,\"name\":\"Accueil\",\"item\":\"https:\/\/www.ladiagonale.net\/\"},{\"@type\":\"ListItem\",\"position\":2,\"name\":\"Officiel : Kehrer pr\u00eat\u00e9 \u00e0 Monaco\"}]},{\"@type\":\"WebSite\",\"@id\":\"https:\/\/www.ladiagonale.net\/#website\",\"url\":\"https:\/\/www.ladiagonale.net\/\",\"name\":\"La Diagonale\",\"description\":\"Le site des supporters de l&#039;AS Monaco FC\",\"potentialAction\":[{\"@type\":\"SearchAction\",\"target\":{\"@type\":\"EntryPoint\",\"urlTemplate\":\"https:\/\/www.ladiagonale.net\/?s={search_term_string}\"},\"query-input\":\"required name=search_term_string\"}],\"inLanguage\":\"fr-FR\"},{\"@type\":\"Person\",\"@id\":\"https:\/\/www.ladiagonale.net\/#\/schema\/person\/03fa041acd51875ece8bf97a37252a4d\",\"name\":\"admin\",\"image\":{\"@type\":\"ImageObject\",\"inLanguage\":\"fr-FR\",\"@id\":\"https:\/\/www.ladiagonale.net\/#\/schema\/person\/image\/\",\"url\":\"https:\/\/secure.gravatar.com\/avatar\/894b9daaf19cc759b072b6bb09cac5f2?s=96&d=mm&r=g\",\"contentUrl\":\"https:\/\/secure.gravatar.com\/avatar\/894b9daaf19cc759b072b6bb09cac5f2?s=96&d=mm&r=g\",\"caption\":\"admin\"},\"sameAs\":[\"https:\/\/v2.ladiagonale.net\"],\"url\":\"https:\/\/www.ladiagonale.net\/index.php\/author\/admin\/\"}]}<\/script>\n<!-- \/ Yoast SEO plugin. -->","yoast_head_json":{"title":"Officiel : Kehrer pr\u00eat\u00e9 \u00e0 Monaco - La Diagonale","robots":{"index":"index","follow":"follow","max-snippet":"max-snippet:-1","max-image-preview":"max-image-preview:large","max-video-preview":"max-video-preview:-1"},"canonical":"https:\/\/www.ladiagonale.net\/index.php\/2024\/01\/05\/officiel-kehrer-prete-a-monaco\/","og_locale":"fr_FR","og_type":"article","og_title":"Officiel : Kehrer pr\u00eat\u00e9 \u00e0 Monaco - La Diagonale","og_description":"L&rsquo;AS Monaco tient sa premi\u00e8re recrue du mercato hivernal en la personne de Thilo Kehrer. Le d\u00e9fenseur de West Ham est pr\u00eat\u00e9 jusqu&rsquo;\u00e0 la fin de la saison, avec option d&rsquo;achat. Selon les derni\u00e8res informations r\u00e9v\u00e9l\u00e9es \u00e0 ce sujet, l&rsquo;ASM aurait d\u00e9bours\u00e9 500.000 euros pour obtenir le pr\u00eat de Kehrer, sous contrat avec les Hammers [...]","og_url":"https:\/\/www.ladiagonale.net\/index.php\/2024\/01\/05\/officiel-kehrer-prete-a-monaco\/","og_site_name":"La Diagonale","article_published_time":"2024-01-05T12:26:45+00:00","article_modified_time":"2024-01-05T12:26:50+00:00","og_image":[{"width":2560,"height":1707,"url":"https:\/\/www.ladiagonale.net\/wp-content\/uploads\/2024\/01\/Photo-01-scaled.jpg","type":"image\/jpeg"}],"author":"admin","twitter_card":"summary_large_image","twitter_image":"https:\/\/www.ladiagonale.net\/wp-content\/uploads\/2024\/01\/Photo-01-scaled.jpg","twitter_misc":{"\u00c9crit par":"admin","Dur\u00e9e de lecture estim\u00e9e":"1 minute"},"schema":{"@context":"https:\/\/schema.org","@graph":[{"@type":"WebPage","@id":"https:\/\/www.ladiagonale.net\/index.php\/2024\/01\/05\/officiel-kehrer-prete-a-monaco\/","url":"https:\/\/www.ladiagonale.net\/index.php\/2024\/01\/05\/officiel-kehrer-prete-a-monaco\/","name":"Officiel : Kehrer pr\u00eat\u00e9 \u00e0 Monaco - La Diagonale","isPartOf":{"@id":"https:\/\/www.ladiagonale.net\/#website"},"datePublished":"2024-01-05T12:26:45+00:00","dateModified":"2024-01-05T12:26:50+00:00","author":{"@id":"https:\/\/www.ladiagonale.net\/#\/schema\/person\/03fa041acd51875ece8bf97a37252a4d"},"breadcrumb":{"@id":"https:\/\/www.ladiagonale.net\/index.php\/2024\/01\/05\/officiel-kehrer-prete-a-monaco\/#breadcrumb"},"inLanguage":"fr-FR","potentialAction":[{"@type":"ReadAction","target":["https:\/\/www.ladiagonale.net\/index.php\/2024\/01\/05\/officiel-kehrer-prete-a-monaco\/"]}]},{"@type":"BreadcrumbList","@id":"https:\/\/www.ladiagonale.net\/index.php\/2024\/01\/05\/officiel-kehrer-prete-a-monaco\/#breadcrumb","itemListElement":[{"@type":"ListItem","position":1,"name":"Accueil","item":"https:\/\/www.ladiagonale.net\/"},{"@type":"ListItem","position":2,"name":"Officiel : Kehrer pr\u00eat\u00e9 \u00e0 Monaco"}]},{"@type":"WebSite","@id":"https:\/\/www.ladiagonale.net\/#website","url":"https:\/\/www.ladiagonale.net\/","name":"La Diagonale","description":"Le site des supporters de l&#039;AS Monaco FC","potentialAction":[{"@type":"SearchAction","target":{"@type":"EntryPoint","urlTemplate":"https:\/\/www.ladiagonale.net\/?s={search_term_string}"},"query-input":"required name=search_term_string"}],"inLanguage":"fr-FR"},{"@type":"Person","@id":"https:\/\/www.ladiagonale.net\/#\/schema\/person\/03fa041acd51875ece8bf97a37252a4d","name":"admin","image":{"@type":"ImageObject","inLanguage":"fr-FR","@id":"https:\/\/www.ladiagonale.net\/#\/schema\/person\/image\/","url":"https:\/\/secure.gravatar.com\/avatar\/894b9daaf19cc759b072b6bb09cac5f2?s=96&d=mm&r=g","contentUrl":"https:\/\/secure.gravatar.com\/avatar\/894b9daaf19cc759b072b6bb09cac5f2?s=96&d=mm&r=g","caption":"admin"},"sameAs":["https:\/\/v2.ladiagonale.net"],"url":"https:\/\/www.ladiagonale.net\/index.php\/author\/admin\/"}]}},"_links":{"self":[{"href":"https:\/\/www.ladiagonale.net\/index.php\/wp-json\/wp\/v2\/posts\/19430"}],"collection":[{"href":"https:\/\/www.ladiagonale.net\/index.php\/wp-json\/wp\/v2\/posts"}],"about":[{"href":"https:\/\/www.ladiagonale.net\/index.php\/wp-json\/wp\/v2\/types\/post"}],"author":[{"embeddable":true,"href":"https:\/\/www.ladiagonale.net\/index.php\/wp-json\/wp\/v2\/users\/1"}],"replies":[{"embeddable":true,"href":"https:\/\/www.ladiagonale.net\/index.php\/wp-json\/wp\/v2\/comments?post=19430"}],"version-history":[{"count":3,"href":"https:\/\/www.ladiagonale.net\/index.php\/wp-json\/wp\/v2\/posts\/19430\/revisions"}],"predecessor-version":[{"id":19438,"href":"https:\/\/www.ladiagonale.net\/index.php\/wp-json\/wp\/v2\/posts\/19430\/revisions\/19438"}],"wp:attachment":[{"href":"https:\/\/www.ladiagonale.net\/index.php\/wp-json\/wp\/v2\/media?parent=19430"}],"wp:term":[{"taxonomy":"category","embeddable":true,"href":"https:\/\/www.ladiagonale.net\/index.php\/wp-json\/wp\/v2\/categories?post=19430"},{"taxonomy":"post_tag","embeddable":true,"href":"https:\/\/www.ladiagonale.net\/index.php\/wp-json\/wp\/v2\/tags?post=19430"}],"curies":[{"name":"wp","href":"https:\/\/api.w.org\/{rel}","templated":true}]}}