{"id":19441,"date":"2024-01-05T17:08:56","date_gmt":"2024-01-05T16:08:56","guid":{"rendered":"https:\/\/www.ladiagonale.net\/?p=19441"},"modified":"2024-01-05T17:08:59","modified_gmt":"2024-01-05T16:08:59","slug":"majecki-sera-titulaire-contre-lens","status":"publish","type":"post","link":"https:\/\/www.ladiagonale.net\/index.php\/2024\/01\/05\/majecki-sera-titulaire-contre-lens\/","title":{"rendered":"Majecki sera titulaire contre Lens"},"content":{"rendered":"\n<p>Doublure de Philipp K\u00f6hn cette saison, Radoslaw Majecki aura l\u2019occasion de se montrer contre Lens dimanche (14h30), \u00e0 l\u2019occasion du 32<sup>e<\/sup> de finale de la Coupe de France. En conf\u00e9rence de presse, Adi H\u00fctter a indiqu\u00e9 que le portier polonais serait titulaire pour cette rencontre.<\/p>\n\n\n\n<p>\u00ab\u00a0<em>Il jouera<\/em>, a-t-il assur\u00e9. <em>Non pas parce que c\u2019est la tradition de faire jouer le second gardien en Coupe, mais plus parce que nous avons confiance en Radek et qu\u2019il m\u00e9rite de jouer. Nous sommes heureux de ses performances \u00e0 l\u2019entra\u00eenement. C\u2019est un bon gars, qui challenge Philipp.<\/em>\u00a0\u00bb<\/p>\n\n\n\n<p>Depuis son arriv\u00e9e sur le Rocher en 2020, Majecki a pris part \u00e0 11 rencontres avec l\u2019ASM, dont huit en Coupe de France. Le match face \u00e0 Lens sera donc le 12<sup>e<\/sup>, et il faudra esp\u00e9rer une qualification pour que le compteur ne s&rsquo;arr\u00eate pas subitement.<\/p>\n\n\n","protected":false},"excerpt":{"rendered":"<p>Doublure de Philipp K\u00f6hn cette saison, Radoslaw Majecki aura l\u2019occasion de se montrer contre Lens dimanche (14h30), \u00e0 l\u2019occasion du 32e de finale de la Coupe de France. En conf\u00e9rence de presse, Adi H\u00fctter a indiqu\u00e9 que le portier polonais serait titulaire pour cette rencontre. \u00ab\u00a0Il jouera, a-t-il assur\u00e9. Non pas parce que c\u2019est la [&#8230;]\n","protected":false},"author":2,"featured_media":0,"comment_status":"open","ping_status":"open","sticky":false,"template":"","format":"standard","meta":[],"categories":[6],"tags":[86,232,499,430],"yoast_head":"<!-- This site is optimized with the Yoast SEO plugin v19.8 - https:\/\/yoast.com\/wordpress\/plugins\/seo\/ -->\n<title>Majecki sera titulaire contre Lens - La Diagonale<\/title>\n<meta name=\"robots\" content=\"index, follow, max-snippet:-1, max-image-preview:large, max-video-preview:-1\" \/>\n<link rel=\"canonical\" href=\"https:\/\/www.ladiagonale.net\/index.php\/2024\/01\/05\/majecki-sera-titulaire-contre-lens\/\" \/>\n<meta property=\"og:locale\" content=\"fr_FR\" \/>\n<meta property=\"og:type\" content=\"article\" \/>\n<meta property=\"og:title\" content=\"Majecki sera titulaire contre Lens - La Diagonale\" \/>\n<meta property=\"og:description\" content=\"Doublure de Philipp K\u00f6hn cette saison, Radoslaw Majecki aura l\u2019occasion de se montrer contre Lens dimanche (14h30), \u00e0 l\u2019occasion du 32e de finale de la Coupe de France. En conf\u00e9rence de presse, Adi H\u00fctter a indiqu\u00e9 que le portier polonais serait titulaire pour cette rencontre. \u00ab\u00a0Il jouera, a-t-il assur\u00e9. Non pas parce que c\u2019est la [...]\" \/>\n<meta property=\"og:url\" content=\"https:\/\/www.ladiagonale.net\/index.php\/2024\/01\/05\/majecki-sera-titulaire-contre-lens\/\" \/>\n<meta property=\"og:site_name\" content=\"La Diagonale\" \/>\n<meta property=\"article:published_time\" content=\"2024-01-05T16:08:56+00:00\" \/>\n<meta property=\"article:modified_time\" content=\"2024-01-05T16:08:59+00:00\" \/>\n<meta property=\"og:image\" content=\"https:\/\/www.ladiagonale.net\/wp-content\/uploads\/2024\/01\/majecki.png\" \/>\n\t<meta property=\"og:image:width\" content=\"1160\" \/>\n\t<meta property=\"og:image:height\" content=\"650\" \/>\n\t<meta property=\"og:image:type\" content=\"image\/png\" \/>\n<meta name=\"author\" content=\"Damien Dellerba\" \/>\n<meta name=\"twitter:card\" content=\"summary_large_image\" \/>\n<meta name=\"twitter:image\" content=\"https:\/\/www.ladiagonale.net\/wp-content\/uploads\/2024\/01\/majecki.png\" \/>\n<meta name=\"twitter:label1\" content=\"\u00c9crit par\" \/>\n\t<meta name=\"twitter:data1\" content=\"Damien Dellerba\" \/>\n\t<meta name=\"twitter:label2\" content=\"Dur\u00e9e de lecture estim\u00e9e\" \/>\n\t<meta name=\"twitter:data2\" content=\"1 minute\" \/>\n<script type=\"application\/ld+json\" class=\"yoast-schema-graph\">{\"@context\":\"https:\/\/schema.org\",\"@graph\":[{\"@type\":\"WebPage\",\"@id\":\"https:\/\/www.ladiagonale.net\/index.php\/2024\/01\/05\/majecki-sera-titulaire-contre-lens\/\",\"url\":\"https:\/\/www.ladiagonale.net\/index.php\/2024\/01\/05\/majecki-sera-titulaire-contre-lens\/\",\"name\":\"Majecki sera titulaire contre Lens - La Diagonale\",\"isPartOf\":{\"@id\":\"https:\/\/www.ladiagonale.net\/#website\"},\"datePublished\":\"2024-01-05T16:08:56+00:00\",\"dateModified\":\"2024-01-05T16:08:59+00:00\",\"author\":{\"@id\":\"https:\/\/www.ladiagonale.net\/#\/schema\/person\/79ff1e7b0853ed01b2aa26e64ad300bf\"},\"breadcrumb\":{\"@id\":\"https:\/\/www.ladiagonale.net\/index.php\/2024\/01\/05\/majecki-sera-titulaire-contre-lens\/#breadcrumb\"},\"inLanguage\":\"fr-FR\",\"potentialAction\":[{\"@type\":\"ReadAction\",\"target\":[\"https:\/\/www.ladiagonale.net\/index.php\/2024\/01\/05\/majecki-sera-titulaire-contre-lens\/\"]}]},{\"@type\":\"BreadcrumbList\",\"@id\":\"https:\/\/www.ladiagonale.net\/index.php\/2024\/01\/05\/majecki-sera-titulaire-contre-lens\/#breadcrumb\",\"itemListElement\":[{\"@type\":\"ListItem\",\"position\":1,\"name\":\"Accueil\",\"item\":\"https:\/\/www.ladiagonale.net\/\"},{\"@type\":\"ListItem\",\"position\":2,\"name\":\"Majecki sera titulaire contre Lens\"}]},{\"@type\":\"WebSite\",\"@id\":\"https:\/\/www.ladiagonale.net\/#website\",\"url\":\"https:\/\/www.ladiagonale.net\/\",\"name\":\"La Diagonale\",\"description\":\"Le site des supporters de l&#039;AS Monaco FC\",\"potentialAction\":[{\"@type\":\"SearchAction\",\"target\":{\"@type\":\"EntryPoint\",\"urlTemplate\":\"https:\/\/www.ladiagonale.net\/?s={search_term_string}\"},\"query-input\":\"required name=search_term_string\"}],\"inLanguage\":\"fr-FR\"},{\"@type\":\"Person\",\"@id\":\"https:\/\/www.ladiagonale.net\/#\/schema\/person\/79ff1e7b0853ed01b2aa26e64ad300bf\",\"name\":\"Damien Dellerba\",\"image\":{\"@type\":\"ImageObject\",\"inLanguage\":\"fr-FR\",\"@id\":\"https:\/\/www.ladiagonale.net\/#\/schema\/person\/image\/\",\"url\":\"https:\/\/secure.gravatar.com\/avatar\/c7850e06d3ff63cdbaee88b7fc16e2f0?s=96&d=mm&r=g\",\"contentUrl\":\"https:\/\/secure.gravatar.com\/avatar\/c7850e06d3ff63cdbaee88b7fc16e2f0?s=96&d=mm&r=g\",\"caption\":\"Damien Dellerba\"},\"url\":\"https:\/\/www.ladiagonale.net\/index.php\/author\/damien\/\"}]}<\/script>\n<!-- \/ Yoast SEO plugin. -->","yoast_head_json":{"title":"Majecki sera titulaire contre Lens - La Diagonale","robots":{"index":"index","follow":"follow","max-snippet":"max-snippet:-1","max-image-preview":"max-image-preview:large","max-video-preview":"max-video-preview:-1"},"canonical":"https:\/\/www.ladiagonale.net\/index.php\/2024\/01\/05\/majecki-sera-titulaire-contre-lens\/","og_locale":"fr_FR","og_type":"article","og_title":"Majecki sera titulaire contre Lens - La Diagonale","og_description":"Doublure de Philipp K\u00f6hn cette saison, Radoslaw Majecki aura l\u2019occasion de se montrer contre Lens dimanche (14h30), \u00e0 l\u2019occasion du 32e de finale de la Coupe de France. En conf\u00e9rence de presse, Adi H\u00fctter a indiqu\u00e9 que le portier polonais serait titulaire pour cette rencontre. \u00ab\u00a0Il jouera, a-t-il assur\u00e9. Non pas parce que c\u2019est la [...]","og_url":"https:\/\/www.ladiagonale.net\/index.php\/2024\/01\/05\/majecki-sera-titulaire-contre-lens\/","og_site_name":"La Diagonale","article_published_time":"2024-01-05T16:08:56+00:00","article_modified_time":"2024-01-05T16:08:59+00:00","og_image":[{"width":1160,"height":650,"url":"https:\/\/www.ladiagonale.net\/wp-content\/uploads\/2024\/01\/majecki.png","type":"image\/png"}],"author":"Damien Dellerba","twitter_card":"summary_large_image","twitter_image":"https:\/\/www.ladiagonale.net\/wp-content\/uploads\/2024\/01\/majecki.png","twitter_misc":{"\u00c9crit par":"Damien Dellerba","Dur\u00e9e de lecture estim\u00e9e":"1 minute"},"schema":{"@context":"https:\/\/schema.org","@graph":[{"@type":"WebPage","@id":"https:\/\/www.ladiagonale.net\/index.php\/2024\/01\/05\/majecki-sera-titulaire-contre-lens\/","url":"https:\/\/www.ladiagonale.net\/index.php\/2024\/01\/05\/majecki-sera-titulaire-contre-lens\/","name":"Majecki sera titulaire contre Lens - La Diagonale","isPartOf":{"@id":"https:\/\/www.ladiagonale.net\/#website"},"datePublished":"2024-01-05T16:08:56+00:00","dateModified":"2024-01-05T16:08:59+00:00","author":{"@id":"https:\/\/www.ladiagonale.net\/#\/schema\/person\/79ff1e7b0853ed01b2aa26e64ad300bf"},"breadcrumb":{"@id":"https:\/\/www.ladiagonale.net\/index.php\/2024\/01\/05\/majecki-sera-titulaire-contre-lens\/#breadcrumb"},"inLanguage":"fr-FR","potentialAction":[{"@type":"ReadAction","target":["https:\/\/www.ladiagonale.net\/index.php\/2024\/01\/05\/majecki-sera-titulaire-contre-lens\/"]}]},{"@type":"BreadcrumbList","@id":"https:\/\/www.ladiagonale.net\/index.php\/2024\/01\/05\/majecki-sera-titulaire-contre-lens\/#breadcrumb","itemListElement":[{"@type":"ListItem","position":1,"name":"Accueil","item":"https:\/\/www.ladiagonale.net\/"},{"@type":"ListItem","position":2,"name":"Majecki sera titulaire contre Lens"}]},{"@type":"WebSite","@id":"https:\/\/www.ladiagonale.net\/#website","url":"https:\/\/www.ladiagonale.net\/","name":"La Diagonale","description":"Le site des supporters de l&#039;AS Monaco FC","potentialAction":[{"@type":"SearchAction","target":{"@type":"EntryPoint","urlTemplate":"https:\/\/www.ladiagonale.net\/?s={search_term_string}"},"query-input":"required name=search_term_string"}],"inLanguage":"fr-FR"},{"@type":"Person","@id":"https:\/\/www.ladiagonale.net\/#\/schema\/person\/79ff1e7b0853ed01b2aa26e64ad300bf","name":"Damien Dellerba","image":{"@type":"ImageObject","inLanguage":"fr-FR","@id":"https:\/\/www.ladiagonale.net\/#\/schema\/person\/image\/","url":"https:\/\/secure.gravatar.com\/avatar\/c7850e06d3ff63cdbaee88b7fc16e2f0?s=96&d=mm&r=g","contentUrl":"https:\/\/secure.gravatar.com\/avatar\/c7850e06d3ff63cdbaee88b7fc16e2f0?s=96&d=mm&r=g","caption":"Damien Dellerba"},"url":"https:\/\/www.ladiagonale.net\/index.php\/author\/damien\/"}]}},"_links":{"self":[{"href":"https:\/\/www.ladiagonale.net\/index.php\/wp-json\/wp\/v2\/posts\/19441"}],"collection":[{"href":"https:\/\/www.ladiagonale.net\/index.php\/wp-json\/wp\/v2\/posts"}],"about":[{"href":"https:\/\/www.ladiagonale.net\/index.php\/wp-json\/wp\/v2\/types\/post"}],"author":[{"embeddable":true,"href":"https:\/\/www.ladiagonale.net\/index.php\/wp-json\/wp\/v2\/users\/2"}],"replies":[{"embeddable":true,"href":"https:\/\/www.ladiagonale.net\/index.php\/wp-json\/wp\/v2\/comments?post=19441"}],"version-history":[{"count":1,"href":"https:\/\/www.ladiagonale.net\/index.php\/wp-json\/wp\/v2\/posts\/19441\/revisions"}],"predecessor-version":[{"id":19443,"href":"https:\/\/www.ladiagonale.net\/index.php\/wp-json\/wp\/v2\/posts\/19441\/revisions\/19443"}],"wp:attachment":[{"href":"https:\/\/www.ladiagonale.net\/index.php\/wp-json\/wp\/v2\/media?parent=19441"}],"wp:term":[{"taxonomy":"category","embeddable":true,"href":"https:\/\/www.ladiagonale.net\/index.php\/wp-json\/wp\/v2\/categories?post=19441"},{"taxonomy":"post_tag","embeddable":true,"href":"https:\/\/www.ladiagonale.net\/index.php\/wp-json\/wp\/v2\/tags?post=19441"}],"curies":[{"name":"wp","href":"https:\/\/api.w.org\/{rel}","templated":true}]}}