{"id":19444,"date":"2024-01-05T17:20:10","date_gmt":"2024-01-05T16:20:10","guid":{"rendered":"https:\/\/www.ladiagonale.net\/?p=19444"},"modified":"2024-01-05T17:21:20","modified_gmt":"2024-01-05T16:21:20","slug":"un-jeune-gardien-de-dijon-en-approche","status":"publish","type":"post","link":"https:\/\/www.ladiagonale.net\/index.php\/2024\/01\/05\/un-jeune-gardien-de-dijon-en-approche\/","title":{"rendered":"Un jeune gardien de Dijon en approche"},"content":{"rendered":"\n\n\n<p>L\u2019AS Monaco essaie de pr\u00e9voir l\u2019avenir au poste de gardien. Selon <em>L\u2019\u00c9quipe<\/em>, le club de la Principaut\u00e9 chercherait \u00e0 obtenir le transfert du jeune Jules Stawiecki (16 ans), qui \u00e9volue actuellement avec les U19 de Dijon mais aussi avec la r\u00e9serve du DFCO en N3 <em>(4 apparitions)<\/em>. D&rsquo;apr\u00e8s le quotidien, les n\u00e9gociations avanceraient bien pour l&rsquo;international fran\u00e7ais U17 <em>(3 s\u00e9lections)<\/em> puisque le transfert pourrait \u00eatre boucl\u00e9 dans les prochains jours.<\/p>\n\n\n\n<p>Au sein de son Academy, Monaco poss\u00e8de d\u00e9j\u00e0 plusieurs jeunes gardiens, tels que Yann Lienard (20 ans), Alain Zadi (19 ans), Ethan Schulz (18 ans) et Yanis Banchaouch (17 ans), sans oublier chez les plus jeunes Lo\u00efc Tiamuna-Lubaki (16 ans), mais cela ne semble pas suffire puisque Monaco voudrait donc enr\u00f4ler le jeune espoir dijonnais. Cet \u00e9t\u00e9, les dirigeants mon\u00e9gasques avaient \u00e9t\u00e9 contraints de laisser filer Lisandru Olmeta, qui avait pr\u00e9f\u00e9r\u00e9 s&rsquo;engager avec le LOSC plut\u00f4t que de signer pro \u00e0 l&rsquo;ASM.<\/p>\n","protected":false},"excerpt":{"rendered":"<p>L\u2019AS Monaco essaie de pr\u00e9voir l\u2019avenir au poste de gardien. Selon L\u2019\u00c9quipe, le club de la Principaut\u00e9 chercherait \u00e0 obtenir le transfert du jeune Jules Stawiecki (16 ans), qui \u00e9volue actuellement avec les U19 de Dijon mais aussi avec la r\u00e9serve du DFCO en N3 (4 apparitions). D&rsquo;apr\u00e8s le quotidien, les n\u00e9gociations avanceraient bien pour [&#8230;]\n","protected":false},"author":2,"featured_media":0,"comment_status":"open","ping_status":"open","sticky":false,"template":"","format":"standard","meta":[],"categories":[6],"tags":[76,86,762,110],"yoast_head":"<!-- This site is optimized with the Yoast SEO plugin v19.8 - https:\/\/yoast.com\/wordpress\/plugins\/seo\/ -->\n<title>Un jeune gardien de Dijon en approche - La Diagonale<\/title>\n<meta name=\"robots\" content=\"index, follow, max-snippet:-1, max-image-preview:large, max-video-preview:-1\" \/>\n<link rel=\"canonical\" href=\"https:\/\/www.ladiagonale.net\/index.php\/2024\/01\/05\/un-jeune-gardien-de-dijon-en-approche\/\" \/>\n<meta property=\"og:locale\" content=\"fr_FR\" \/>\n<meta property=\"og:type\" content=\"article\" \/>\n<meta property=\"og:title\" content=\"Un jeune gardien de Dijon en approche - La Diagonale\" \/>\n<meta property=\"og:description\" content=\"L\u2019AS Monaco essaie de pr\u00e9voir l\u2019avenir au poste de gardien. Selon L\u2019\u00c9quipe, le club de la Principaut\u00e9 chercherait \u00e0 obtenir le transfert du jeune Jules Stawiecki (16 ans), qui \u00e9volue actuellement avec les U19 de Dijon mais aussi avec la r\u00e9serve du DFCO en N3 (4 apparitions). D&rsquo;apr\u00e8s le quotidien, les n\u00e9gociations avanceraient bien pour [...]\" \/>\n<meta property=\"og:url\" content=\"https:\/\/www.ladiagonale.net\/index.php\/2024\/01\/05\/un-jeune-gardien-de-dijon-en-approche\/\" \/>\n<meta property=\"og:site_name\" content=\"La Diagonale\" \/>\n<meta property=\"article:published_time\" content=\"2024-01-05T16:20:10+00:00\" \/>\n<meta property=\"article:modified_time\" content=\"2024-01-05T16:21:20+00:00\" \/>\n<meta property=\"og:image\" content=\"https:\/\/www.ladiagonale.net\/wp-content\/uploads\/2024\/01\/stawiecki.png\" \/>\n\t<meta property=\"og:image:width\" content=\"1160\" \/>\n\t<meta property=\"og:image:height\" content=\"650\" \/>\n\t<meta property=\"og:image:type\" content=\"image\/png\" \/>\n<meta name=\"author\" content=\"Damien Dellerba\" \/>\n<meta name=\"twitter:card\" content=\"summary_large_image\" \/>\n<meta name=\"twitter:image\" content=\"https:\/\/www.ladiagonale.net\/wp-content\/uploads\/2024\/01\/stawiecki.png\" \/>\n<meta name=\"twitter:label1\" content=\"\u00c9crit par\" \/>\n\t<meta name=\"twitter:data1\" content=\"Damien Dellerba\" \/>\n\t<meta name=\"twitter:label2\" content=\"Dur\u00e9e de lecture estim\u00e9e\" \/>\n\t<meta name=\"twitter:data2\" content=\"1 minute\" \/>\n<script type=\"application\/ld+json\" class=\"yoast-schema-graph\">{\"@context\":\"https:\/\/schema.org\",\"@graph\":[{\"@type\":\"WebPage\",\"@id\":\"https:\/\/www.ladiagonale.net\/index.php\/2024\/01\/05\/un-jeune-gardien-de-dijon-en-approche\/\",\"url\":\"https:\/\/www.ladiagonale.net\/index.php\/2024\/01\/05\/un-jeune-gardien-de-dijon-en-approche\/\",\"name\":\"Un jeune gardien de Dijon en approche - La Diagonale\",\"isPartOf\":{\"@id\":\"https:\/\/www.ladiagonale.net\/#website\"},\"datePublished\":\"2024-01-05T16:20:10+00:00\",\"dateModified\":\"2024-01-05T16:21:20+00:00\",\"author\":{\"@id\":\"https:\/\/www.ladiagonale.net\/#\/schema\/person\/79ff1e7b0853ed01b2aa26e64ad300bf\"},\"breadcrumb\":{\"@id\":\"https:\/\/www.ladiagonale.net\/index.php\/2024\/01\/05\/un-jeune-gardien-de-dijon-en-approche\/#breadcrumb\"},\"inLanguage\":\"fr-FR\",\"potentialAction\":[{\"@type\":\"ReadAction\",\"target\":[\"https:\/\/www.ladiagonale.net\/index.php\/2024\/01\/05\/un-jeune-gardien-de-dijon-en-approche\/\"]}]},{\"@type\":\"BreadcrumbList\",\"@id\":\"https:\/\/www.ladiagonale.net\/index.php\/2024\/01\/05\/un-jeune-gardien-de-dijon-en-approche\/#breadcrumb\",\"itemListElement\":[{\"@type\":\"ListItem\",\"position\":1,\"name\":\"Accueil\",\"item\":\"https:\/\/www.ladiagonale.net\/\"},{\"@type\":\"ListItem\",\"position\":2,\"name\":\"Un jeune gardien de Dijon en approche\"}]},{\"@type\":\"WebSite\",\"@id\":\"https:\/\/www.ladiagonale.net\/#website\",\"url\":\"https:\/\/www.ladiagonale.net\/\",\"name\":\"La Diagonale\",\"description\":\"Le site des supporters de l&#039;AS Monaco FC\",\"potentialAction\":[{\"@type\":\"SearchAction\",\"target\":{\"@type\":\"EntryPoint\",\"urlTemplate\":\"https:\/\/www.ladiagonale.net\/?s={search_term_string}\"},\"query-input\":\"required name=search_term_string\"}],\"inLanguage\":\"fr-FR\"},{\"@type\":\"Person\",\"@id\":\"https:\/\/www.ladiagonale.net\/#\/schema\/person\/79ff1e7b0853ed01b2aa26e64ad300bf\",\"name\":\"Damien Dellerba\",\"image\":{\"@type\":\"ImageObject\",\"inLanguage\":\"fr-FR\",\"@id\":\"https:\/\/www.ladiagonale.net\/#\/schema\/person\/image\/\",\"url\":\"https:\/\/secure.gravatar.com\/avatar\/c7850e06d3ff63cdbaee88b7fc16e2f0?s=96&d=mm&r=g\",\"contentUrl\":\"https:\/\/secure.gravatar.com\/avatar\/c7850e06d3ff63cdbaee88b7fc16e2f0?s=96&d=mm&r=g\",\"caption\":\"Damien Dellerba\"},\"url\":\"https:\/\/www.ladiagonale.net\/index.php\/author\/damien\/\"}]}<\/script>\n<!-- \/ Yoast SEO plugin. -->","yoast_head_json":{"title":"Un jeune gardien de Dijon en approche - La Diagonale","robots":{"index":"index","follow":"follow","max-snippet":"max-snippet:-1","max-image-preview":"max-image-preview:large","max-video-preview":"max-video-preview:-1"},"canonical":"https:\/\/www.ladiagonale.net\/index.php\/2024\/01\/05\/un-jeune-gardien-de-dijon-en-approche\/","og_locale":"fr_FR","og_type":"article","og_title":"Un jeune gardien de Dijon en approche - La Diagonale","og_description":"L\u2019AS Monaco essaie de pr\u00e9voir l\u2019avenir au poste de gardien. Selon L\u2019\u00c9quipe, le club de la Principaut\u00e9 chercherait \u00e0 obtenir le transfert du jeune Jules Stawiecki (16 ans), qui \u00e9volue actuellement avec les U19 de Dijon mais aussi avec la r\u00e9serve du DFCO en N3 (4 apparitions). D&rsquo;apr\u00e8s le quotidien, les n\u00e9gociations avanceraient bien pour [...]","og_url":"https:\/\/www.ladiagonale.net\/index.php\/2024\/01\/05\/un-jeune-gardien-de-dijon-en-approche\/","og_site_name":"La Diagonale","article_published_time":"2024-01-05T16:20:10+00:00","article_modified_time":"2024-01-05T16:21:20+00:00","og_image":[{"width":1160,"height":650,"url":"https:\/\/www.ladiagonale.net\/wp-content\/uploads\/2024\/01\/stawiecki.png","type":"image\/png"}],"author":"Damien Dellerba","twitter_card":"summary_large_image","twitter_image":"https:\/\/www.ladiagonale.net\/wp-content\/uploads\/2024\/01\/stawiecki.png","twitter_misc":{"\u00c9crit par":"Damien Dellerba","Dur\u00e9e de lecture estim\u00e9e":"1 minute"},"schema":{"@context":"https:\/\/schema.org","@graph":[{"@type":"WebPage","@id":"https:\/\/www.ladiagonale.net\/index.php\/2024\/01\/05\/un-jeune-gardien-de-dijon-en-approche\/","url":"https:\/\/www.ladiagonale.net\/index.php\/2024\/01\/05\/un-jeune-gardien-de-dijon-en-approche\/","name":"Un jeune gardien de Dijon en approche - La Diagonale","isPartOf":{"@id":"https:\/\/www.ladiagonale.net\/#website"},"datePublished":"2024-01-05T16:20:10+00:00","dateModified":"2024-01-05T16:21:20+00:00","author":{"@id":"https:\/\/www.ladiagonale.net\/#\/schema\/person\/79ff1e7b0853ed01b2aa26e64ad300bf"},"breadcrumb":{"@id":"https:\/\/www.ladiagonale.net\/index.php\/2024\/01\/05\/un-jeune-gardien-de-dijon-en-approche\/#breadcrumb"},"inLanguage":"fr-FR","potentialAction":[{"@type":"ReadAction","target":["https:\/\/www.ladiagonale.net\/index.php\/2024\/01\/05\/un-jeune-gardien-de-dijon-en-approche\/"]}]},{"@type":"BreadcrumbList","@id":"https:\/\/www.ladiagonale.net\/index.php\/2024\/01\/05\/un-jeune-gardien-de-dijon-en-approche\/#breadcrumb","itemListElement":[{"@type":"ListItem","position":1,"name":"Accueil","item":"https:\/\/www.ladiagonale.net\/"},{"@type":"ListItem","position":2,"name":"Un jeune gardien de Dijon en approche"}]},{"@type":"WebSite","@id":"https:\/\/www.ladiagonale.net\/#website","url":"https:\/\/www.ladiagonale.net\/","name":"La Diagonale","description":"Le site des supporters de l&#039;AS Monaco FC","potentialAction":[{"@type":"SearchAction","target":{"@type":"EntryPoint","urlTemplate":"https:\/\/www.ladiagonale.net\/?s={search_term_string}"},"query-input":"required name=search_term_string"}],"inLanguage":"fr-FR"},{"@type":"Person","@id":"https:\/\/www.ladiagonale.net\/#\/schema\/person\/79ff1e7b0853ed01b2aa26e64ad300bf","name":"Damien Dellerba","image":{"@type":"ImageObject","inLanguage":"fr-FR","@id":"https:\/\/www.ladiagonale.net\/#\/schema\/person\/image\/","url":"https:\/\/secure.gravatar.com\/avatar\/c7850e06d3ff63cdbaee88b7fc16e2f0?s=96&d=mm&r=g","contentUrl":"https:\/\/secure.gravatar.com\/avatar\/c7850e06d3ff63cdbaee88b7fc16e2f0?s=96&d=mm&r=g","caption":"Damien Dellerba"},"url":"https:\/\/www.ladiagonale.net\/index.php\/author\/damien\/"}]}},"_links":{"self":[{"href":"https:\/\/www.ladiagonale.net\/index.php\/wp-json\/wp\/v2\/posts\/19444"}],"collection":[{"href":"https:\/\/www.ladiagonale.net\/index.php\/wp-json\/wp\/v2\/posts"}],"about":[{"href":"https:\/\/www.ladiagonale.net\/index.php\/wp-json\/wp\/v2\/types\/post"}],"author":[{"embeddable":true,"href":"https:\/\/www.ladiagonale.net\/index.php\/wp-json\/wp\/v2\/users\/2"}],"replies":[{"embeddable":true,"href":"https:\/\/www.ladiagonale.net\/index.php\/wp-json\/wp\/v2\/comments?post=19444"}],"version-history":[{"count":2,"href":"https:\/\/www.ladiagonale.net\/index.php\/wp-json\/wp\/v2\/posts\/19444\/revisions"}],"predecessor-version":[{"id":19448,"href":"https:\/\/www.ladiagonale.net\/index.php\/wp-json\/wp\/v2\/posts\/19444\/revisions\/19448"}],"wp:attachment":[{"href":"https:\/\/www.ladiagonale.net\/index.php\/wp-json\/wp\/v2\/media?parent=19444"}],"wp:term":[{"taxonomy":"category","embeddable":true,"href":"https:\/\/www.ladiagonale.net\/index.php\/wp-json\/wp\/v2\/categories?post=19444"},{"taxonomy":"post_tag","embeddable":true,"href":"https:\/\/www.ladiagonale.net\/index.php\/wp-json\/wp\/v2\/tags?post=19444"}],"curies":[{"name":"wp","href":"https:\/\/api.w.org\/{rel}","templated":true}]}}