{"id":19459,"date":"2024-01-06T09:38:00","date_gmt":"2024-01-06T08:38:00","guid":{"rendered":"https:\/\/www.ladiagonale.net\/?p=19459"},"modified":"2024-01-06T00:33:50","modified_gmt":"2024-01-05T23:33:50","slug":"magassa-devait-etre-prete-au-cercle-bruges-lete-dernier","status":"publish","type":"post","link":"https:\/\/www.ladiagonale.net\/index.php\/2024\/01\/06\/magassa-devait-etre-prete-au-cercle-bruges-lete-dernier\/","title":{"rendered":"Magassa devait \u00eatre pr\u00eat\u00e9 au Cercle Bruges l\u2019\u00e9t\u00e9 dernier"},"content":{"rendered":"\n<p>Milieu de terrain de formation, Soungoutou Magassa a constitu\u00e9 une belle surprise en d\u00e9but de saison lorsque Adi H\u00fctter l\u2019a align\u00e9 comme d\u00e9fenseur axial gauche. En conf\u00e9rence de presse, le technicien autrichien a pourtant r\u00e9v\u00e9l\u00e9 qu\u2019un pr\u00eat au sein du Cercle Bruges, le club satellite de l\u2019AS Monaco, avait notamment \u00e9t\u00e9 envisag\u00e9 par la direction pour Magassa, avant que la blessure de Salisu ne vienne brusquer tous les plans : \u00ab\u00a0<em>Au d\u00e9part, on avait envisag\u00e9 de le pr\u00eater au Cercle Bruges. Et puis nous avons vu que Salisu ne serait pas l\u00e0 pour les premi\u00e8res semaines de comp\u00e9tition et nous avons d\u00e9cid\u00e9 de le conserver.<\/em>\u00a0\u00bb<\/p>\n\n\n\n<p>S\u2019il a connu un trimestre automnal plus difficile, Magassa a \u00e9t\u00e9 d\u00e9fendu par son entra\u00eeneur : \u00ab\u00a0<em>Il a montr\u00e9 de belles choses. Faire des erreurs est normal pour un jeune joueur, cela fait partie du processus. Je suis heureux de sa premi\u00e8re moiti\u00e9 de saison. Normalement c\u2019est un num\u00e9ro 6 et il joue sa premi\u00e8re saison en Ligue 1 comme d\u00e9fenseur, et du mauvais c\u00f4t\u00e9 puisque c\u2019est un droitier qui \u00e9volue \u00e0 gauche. Certes il y a eu des erreurs mais j\u2019aime qu\u2019un joueur apprenne de ses erreurs.\u00a0\u00bb <\/em>Et H\u00fctter d\u2019estimer que<em> \u00ab\u00a0dans le futur, il pourrait devenir un bon d\u00e9fenseur<\/em>\u00a0\u00bb.<\/p>\n\n\n","protected":false},"excerpt":{"rendered":"<p>Milieu de terrain de formation, Soungoutou Magassa a constitu\u00e9 une belle surprise en d\u00e9but de saison lorsque Adi H\u00fctter l\u2019a align\u00e9 comme d\u00e9fenseur axial gauche. En conf\u00e9rence de presse, le technicien autrichien a pourtant r\u00e9v\u00e9l\u00e9 qu\u2019un pr\u00eat au sein du Cercle Bruges, le club satellite de l\u2019AS Monaco, avait notamment \u00e9t\u00e9 envisag\u00e9 par la direction [&#8230;]\n","protected":false},"author":2,"featured_media":0,"comment_status":"open","ping_status":"open","sticky":false,"template":"","format":"standard","meta":[],"categories":[6],"tags":[576,86,212,147],"yoast_head":"<!-- This site is optimized with the Yoast SEO plugin v19.8 - https:\/\/yoast.com\/wordpress\/plugins\/seo\/ -->\n<title>Magassa devait \u00eatre pr\u00eat\u00e9 au Cercle Bruges l\u2019\u00e9t\u00e9 dernier - La Diagonale<\/title>\n<meta name=\"robots\" content=\"index, follow, max-snippet:-1, max-image-preview:large, max-video-preview:-1\" \/>\n<link rel=\"canonical\" href=\"https:\/\/www.ladiagonale.net\/index.php\/2024\/01\/06\/magassa-devait-etre-prete-au-cercle-bruges-lete-dernier\/\" \/>\n<meta property=\"og:locale\" content=\"fr_FR\" \/>\n<meta property=\"og:type\" content=\"article\" \/>\n<meta property=\"og:title\" content=\"Magassa devait \u00eatre pr\u00eat\u00e9 au Cercle Bruges l\u2019\u00e9t\u00e9 dernier - La Diagonale\" \/>\n<meta property=\"og:description\" content=\"Milieu de terrain de formation, Soungoutou Magassa a constitu\u00e9 une belle surprise en d\u00e9but de saison lorsque Adi H\u00fctter l\u2019a align\u00e9 comme d\u00e9fenseur axial gauche. En conf\u00e9rence de presse, le technicien autrichien a pourtant r\u00e9v\u00e9l\u00e9 qu\u2019un pr\u00eat au sein du Cercle Bruges, le club satellite de l\u2019AS Monaco, avait notamment \u00e9t\u00e9 envisag\u00e9 par la direction [...]\" \/>\n<meta property=\"og:url\" content=\"https:\/\/www.ladiagonale.net\/index.php\/2024\/01\/06\/magassa-devait-etre-prete-au-cercle-bruges-lete-dernier\/\" \/>\n<meta property=\"og:site_name\" content=\"La Diagonale\" \/>\n<meta property=\"article:published_time\" content=\"2024-01-06T08:38:00+00:00\" \/>\n<meta property=\"article:modified_time\" content=\"2024-01-05T23:33:50+00:00\" \/>\n<meta property=\"og:image\" content=\"https:\/\/www.ladiagonale.net\/wp-content\/uploads\/2023\/09\/magassa.png\" \/>\n\t<meta property=\"og:image:width\" content=\"1160\" \/>\n\t<meta property=\"og:image:height\" content=\"650\" \/>\n\t<meta property=\"og:image:type\" content=\"image\/png\" \/>\n<meta name=\"author\" content=\"Damien Dellerba\" \/>\n<meta name=\"twitter:card\" content=\"summary_large_image\" \/>\n<meta name=\"twitter:image\" content=\"https:\/\/www.ladiagonale.net\/wp-content\/uploads\/2023\/09\/magassa.png\" \/>\n<meta name=\"twitter:label1\" content=\"\u00c9crit par\" \/>\n\t<meta name=\"twitter:data1\" content=\"Damien Dellerba\" \/>\n\t<meta name=\"twitter:label2\" content=\"Dur\u00e9e de lecture estim\u00e9e\" \/>\n\t<meta name=\"twitter:data2\" content=\"2 minutes\" \/>\n<script type=\"application\/ld+json\" class=\"yoast-schema-graph\">{\"@context\":\"https:\/\/schema.org\",\"@graph\":[{\"@type\":\"WebPage\",\"@id\":\"https:\/\/www.ladiagonale.net\/index.php\/2024\/01\/06\/magassa-devait-etre-prete-au-cercle-bruges-lete-dernier\/\",\"url\":\"https:\/\/www.ladiagonale.net\/index.php\/2024\/01\/06\/magassa-devait-etre-prete-au-cercle-bruges-lete-dernier\/\",\"name\":\"Magassa devait \u00eatre pr\u00eat\u00e9 au Cercle Bruges l\u2019\u00e9t\u00e9 dernier - La Diagonale\",\"isPartOf\":{\"@id\":\"https:\/\/www.ladiagonale.net\/#website\"},\"datePublished\":\"2024-01-06T08:38:00+00:00\",\"dateModified\":\"2024-01-05T23:33:50+00:00\",\"author\":{\"@id\":\"https:\/\/www.ladiagonale.net\/#\/schema\/person\/79ff1e7b0853ed01b2aa26e64ad300bf\"},\"breadcrumb\":{\"@id\":\"https:\/\/www.ladiagonale.net\/index.php\/2024\/01\/06\/magassa-devait-etre-prete-au-cercle-bruges-lete-dernier\/#breadcrumb\"},\"inLanguage\":\"fr-FR\",\"potentialAction\":[{\"@type\":\"ReadAction\",\"target\":[\"https:\/\/www.ladiagonale.net\/index.php\/2024\/01\/06\/magassa-devait-etre-prete-au-cercle-bruges-lete-dernier\/\"]}]},{\"@type\":\"BreadcrumbList\",\"@id\":\"https:\/\/www.ladiagonale.net\/index.php\/2024\/01\/06\/magassa-devait-etre-prete-au-cercle-bruges-lete-dernier\/#breadcrumb\",\"itemListElement\":[{\"@type\":\"ListItem\",\"position\":1,\"name\":\"Accueil\",\"item\":\"https:\/\/www.ladiagonale.net\/\"},{\"@type\":\"ListItem\",\"position\":2,\"name\":\"Magassa devait \u00eatre pr\u00eat\u00e9 au Cercle Bruges l\u2019\u00e9t\u00e9 dernier\"}]},{\"@type\":\"WebSite\",\"@id\":\"https:\/\/www.ladiagonale.net\/#website\",\"url\":\"https:\/\/www.ladiagonale.net\/\",\"name\":\"La Diagonale\",\"description\":\"Le site des supporters de l&#039;AS Monaco FC\",\"potentialAction\":[{\"@type\":\"SearchAction\",\"target\":{\"@type\":\"EntryPoint\",\"urlTemplate\":\"https:\/\/www.ladiagonale.net\/?s={search_term_string}\"},\"query-input\":\"required name=search_term_string\"}],\"inLanguage\":\"fr-FR\"},{\"@type\":\"Person\",\"@id\":\"https:\/\/www.ladiagonale.net\/#\/schema\/person\/79ff1e7b0853ed01b2aa26e64ad300bf\",\"name\":\"Damien Dellerba\",\"image\":{\"@type\":\"ImageObject\",\"inLanguage\":\"fr-FR\",\"@id\":\"https:\/\/www.ladiagonale.net\/#\/schema\/person\/image\/\",\"url\":\"https:\/\/secure.gravatar.com\/avatar\/c7850e06d3ff63cdbaee88b7fc16e2f0?s=96&d=mm&r=g\",\"contentUrl\":\"https:\/\/secure.gravatar.com\/avatar\/c7850e06d3ff63cdbaee88b7fc16e2f0?s=96&d=mm&r=g\",\"caption\":\"Damien Dellerba\"},\"url\":\"https:\/\/www.ladiagonale.net\/index.php\/author\/damien\/\"}]}<\/script>\n<!-- \/ Yoast SEO plugin. -->","yoast_head_json":{"title":"Magassa devait \u00eatre pr\u00eat\u00e9 au Cercle Bruges l\u2019\u00e9t\u00e9 dernier - La Diagonale","robots":{"index":"index","follow":"follow","max-snippet":"max-snippet:-1","max-image-preview":"max-image-preview:large","max-video-preview":"max-video-preview:-1"},"canonical":"https:\/\/www.ladiagonale.net\/index.php\/2024\/01\/06\/magassa-devait-etre-prete-au-cercle-bruges-lete-dernier\/","og_locale":"fr_FR","og_type":"article","og_title":"Magassa devait \u00eatre pr\u00eat\u00e9 au Cercle Bruges l\u2019\u00e9t\u00e9 dernier - La Diagonale","og_description":"Milieu de terrain de formation, Soungoutou Magassa a constitu\u00e9 une belle surprise en d\u00e9but de saison lorsque Adi H\u00fctter l\u2019a align\u00e9 comme d\u00e9fenseur axial gauche. En conf\u00e9rence de presse, le technicien autrichien a pourtant r\u00e9v\u00e9l\u00e9 qu\u2019un pr\u00eat au sein du Cercle Bruges, le club satellite de l\u2019AS Monaco, avait notamment \u00e9t\u00e9 envisag\u00e9 par la direction [...]","og_url":"https:\/\/www.ladiagonale.net\/index.php\/2024\/01\/06\/magassa-devait-etre-prete-au-cercle-bruges-lete-dernier\/","og_site_name":"La Diagonale","article_published_time":"2024-01-06T08:38:00+00:00","article_modified_time":"2024-01-05T23:33:50+00:00","og_image":[{"width":1160,"height":650,"url":"https:\/\/www.ladiagonale.net\/wp-content\/uploads\/2023\/09\/magassa.png","type":"image\/png"}],"author":"Damien Dellerba","twitter_card":"summary_large_image","twitter_image":"https:\/\/www.ladiagonale.net\/wp-content\/uploads\/2023\/09\/magassa.png","twitter_misc":{"\u00c9crit par":"Damien Dellerba","Dur\u00e9e de lecture estim\u00e9e":"2 minutes"},"schema":{"@context":"https:\/\/schema.org","@graph":[{"@type":"WebPage","@id":"https:\/\/www.ladiagonale.net\/index.php\/2024\/01\/06\/magassa-devait-etre-prete-au-cercle-bruges-lete-dernier\/","url":"https:\/\/www.ladiagonale.net\/index.php\/2024\/01\/06\/magassa-devait-etre-prete-au-cercle-bruges-lete-dernier\/","name":"Magassa devait \u00eatre pr\u00eat\u00e9 au Cercle Bruges l\u2019\u00e9t\u00e9 dernier - La Diagonale","isPartOf":{"@id":"https:\/\/www.ladiagonale.net\/#website"},"datePublished":"2024-01-06T08:38:00+00:00","dateModified":"2024-01-05T23:33:50+00:00","author":{"@id":"https:\/\/www.ladiagonale.net\/#\/schema\/person\/79ff1e7b0853ed01b2aa26e64ad300bf"},"breadcrumb":{"@id":"https:\/\/www.ladiagonale.net\/index.php\/2024\/01\/06\/magassa-devait-etre-prete-au-cercle-bruges-lete-dernier\/#breadcrumb"},"inLanguage":"fr-FR","potentialAction":[{"@type":"ReadAction","target":["https:\/\/www.ladiagonale.net\/index.php\/2024\/01\/06\/magassa-devait-etre-prete-au-cercle-bruges-lete-dernier\/"]}]},{"@type":"BreadcrumbList","@id":"https:\/\/www.ladiagonale.net\/index.php\/2024\/01\/06\/magassa-devait-etre-prete-au-cercle-bruges-lete-dernier\/#breadcrumb","itemListElement":[{"@type":"ListItem","position":1,"name":"Accueil","item":"https:\/\/www.ladiagonale.net\/"},{"@type":"ListItem","position":2,"name":"Magassa devait \u00eatre pr\u00eat\u00e9 au Cercle Bruges l\u2019\u00e9t\u00e9 dernier"}]},{"@type":"WebSite","@id":"https:\/\/www.ladiagonale.net\/#website","url":"https:\/\/www.ladiagonale.net\/","name":"La Diagonale","description":"Le site des supporters de l&#039;AS Monaco FC","potentialAction":[{"@type":"SearchAction","target":{"@type":"EntryPoint","urlTemplate":"https:\/\/www.ladiagonale.net\/?s={search_term_string}"},"query-input":"required name=search_term_string"}],"inLanguage":"fr-FR"},{"@type":"Person","@id":"https:\/\/www.ladiagonale.net\/#\/schema\/person\/79ff1e7b0853ed01b2aa26e64ad300bf","name":"Damien Dellerba","image":{"@type":"ImageObject","inLanguage":"fr-FR","@id":"https:\/\/www.ladiagonale.net\/#\/schema\/person\/image\/","url":"https:\/\/secure.gravatar.com\/avatar\/c7850e06d3ff63cdbaee88b7fc16e2f0?s=96&d=mm&r=g","contentUrl":"https:\/\/secure.gravatar.com\/avatar\/c7850e06d3ff63cdbaee88b7fc16e2f0?s=96&d=mm&r=g","caption":"Damien Dellerba"},"url":"https:\/\/www.ladiagonale.net\/index.php\/author\/damien\/"}]}},"_links":{"self":[{"href":"https:\/\/www.ladiagonale.net\/index.php\/wp-json\/wp\/v2\/posts\/19459"}],"collection":[{"href":"https:\/\/www.ladiagonale.net\/index.php\/wp-json\/wp\/v2\/posts"}],"about":[{"href":"https:\/\/www.ladiagonale.net\/index.php\/wp-json\/wp\/v2\/types\/post"}],"author":[{"embeddable":true,"href":"https:\/\/www.ladiagonale.net\/index.php\/wp-json\/wp\/v2\/users\/2"}],"replies":[{"embeddable":true,"href":"https:\/\/www.ladiagonale.net\/index.php\/wp-json\/wp\/v2\/comments?post=19459"}],"version-history":[{"count":1,"href":"https:\/\/www.ladiagonale.net\/index.php\/wp-json\/wp\/v2\/posts\/19459\/revisions"}],"predecessor-version":[{"id":19460,"href":"https:\/\/www.ladiagonale.net\/index.php\/wp-json\/wp\/v2\/posts\/19459\/revisions\/19460"}],"wp:attachment":[{"href":"https:\/\/www.ladiagonale.net\/index.php\/wp-json\/wp\/v2\/media?parent=19459"}],"wp:term":[{"taxonomy":"category","embeddable":true,"href":"https:\/\/www.ladiagonale.net\/index.php\/wp-json\/wp\/v2\/categories?post=19459"},{"taxonomy":"post_tag","embeddable":true,"href":"https:\/\/www.ladiagonale.net\/index.php\/wp-json\/wp\/v2\/tags?post=19459"}],"curies":[{"name":"wp","href":"https:\/\/api.w.org\/{rel}","templated":true}]}}