{"id":19464,"date":"2024-01-06T17:59:22","date_gmt":"2024-01-06T16:59:22","guid":{"rendered":"https:\/\/www.ladiagonale.net\/?p=19464"},"modified":"2024-01-06T17:59:43","modified_gmt":"2024-01-06T16:59:43","slug":"le-groupe-lensois-sans-de-nombreux-joueurs","status":"publish","type":"post","link":"https:\/\/www.ladiagonale.net\/index.php\/2024\/01\/06\/le-groupe-lensois-sans-de-nombreux-joueurs\/","title":{"rendered":"Le groupe lensois : de nombreuses absences chez les Sang et Or"},"content":{"rendered":"\n\n\n<p>Si le groupe mon\u00e9gasque sera fortement impact\u00e9 par les absences pour le mois qui vient, ce sera \u00e9galement le cas du RC Lens, qui compte pas moins de cinq joueurs en s\u00e9lection, que ce soit pour la CAN, la Coupe d&rsquo;Asie ou le tournoi pr\u00e9-olympique U23. Parmi les joueurs qui ont un v\u00e9ritable impact dans l&rsquo;\u00e9quipe art\u00e9sienne, on trouve notamment l&rsquo;ancien Mon\u00e9gasque Nampalys Mendy, qui a rejoint le club nordiste en fin de mercato, libre de tout contrat, et Salis Abdul Samed, soit deux milieux r\u00e9cup\u00e9rateurs.<\/p>\n\n\n\n<p>L&rsquo;axe d\u00e9fensif, d\u00e9j\u00e0 amput\u00e9 de ces deux joueurs, sera encore plus affaibli en r\u00e9alit\u00e9, car la d\u00e9fense ne pourra pas compter sur Jonathan Gradit, Massadio Ha\u00efdara ou Deiver Machado, tous trois bless\u00e9s. Des forfaits qui obligeront Franck Haise \u00e0 renoncer \u00e0 son 3-4-3 pour repasser tr\u00e8s probablement \u00e0 une d\u00e9fense \u00e0 quatre.<\/p>\n\n\n\n<h3>Le groupe lensois<\/h3>\n\n\n\n<ul><li><strong>Gardiens :<\/strong> Leca, Samba, Pandor.<\/li><li><strong>D\u00e9fenseurs :<\/strong> Aguilar, Danso, Frankowski, Medina, Maouassa, M&rsquo;Bala, Pouilly.<\/li><li><strong>Milieux :<\/strong> Diliberto, Diouf, El Aynaoui, Fulgini, Pereira Da Costa, Sylla, Thomasson.<\/li><li><strong>Attaquants :<\/strong> Sa\u00efd, Sishuba, Sotoca, Wahi.<\/li><\/ul>\n\n\n\n<p><em>Absents :<\/em> Cabot, Gradit, Ha\u00efdara, Machado (bless\u00e9s), Abdul Samed, Guilavogui, Mendy, Khusanov, Cortes (s\u00e9lection), Farinez (choix).<\/p>\n","protected":false},"excerpt":{"rendered":"<p>Si le groupe mon\u00e9gasque sera fortement impact\u00e9 par les absences pour le mois qui vient, ce sera \u00e9galement le cas du RC Lens, qui compte pas moins de cinq joueurs en s\u00e9lection, que ce soit pour la CAN, la Coupe d&rsquo;Asie ou le tournoi pr\u00e9-olympique U23. Parmi les joueurs qui ont un v\u00e9ritable impact dans [&#8230;]\n","protected":false},"author":2,"featured_media":0,"comment_status":"open","ping_status":"open","sticky":false,"template":"","format":"standard","meta":[],"categories":[4,6],"tags":[86,232,225,499],"yoast_head":"<!-- This site is optimized with the Yoast SEO plugin v19.8 - https:\/\/yoast.com\/wordpress\/plugins\/seo\/ -->\n<title>Le groupe lensois : de nombreuses absences chez les Sang et Or - La Diagonale<\/title>\n<meta name=\"robots\" content=\"index, follow, max-snippet:-1, max-image-preview:large, max-video-preview:-1\" \/>\n<link rel=\"canonical\" href=\"https:\/\/www.ladiagonale.net\/index.php\/2024\/01\/06\/le-groupe-lensois-sans-de-nombreux-joueurs\/\" \/>\n<meta property=\"og:locale\" content=\"fr_FR\" \/>\n<meta property=\"og:type\" content=\"article\" \/>\n<meta property=\"og:title\" content=\"Le groupe lensois : de nombreuses absences chez les Sang et Or - La Diagonale\" \/>\n<meta property=\"og:description\" content=\"Si le groupe mon\u00e9gasque sera fortement impact\u00e9 par les absences pour le mois qui vient, ce sera \u00e9galement le cas du RC Lens, qui compte pas moins de cinq joueurs en s\u00e9lection, que ce soit pour la CAN, la Coupe d&rsquo;Asie ou le tournoi pr\u00e9-olympique U23. Parmi les joueurs qui ont un v\u00e9ritable impact dans [...]\" \/>\n<meta property=\"og:url\" content=\"https:\/\/www.ladiagonale.net\/index.php\/2024\/01\/06\/le-groupe-lensois-sans-de-nombreux-joueurs\/\" \/>\n<meta property=\"og:site_name\" content=\"La Diagonale\" \/>\n<meta property=\"article:published_time\" content=\"2024-01-06T16:59:22+00:00\" \/>\n<meta property=\"article:modified_time\" content=\"2024-01-06T16:59:43+00:00\" \/>\n<meta property=\"og:image\" content=\"https:\/\/www.ladiagonale.net\/wp-content\/uploads\/2024\/01\/le-defenseur-du-rc-lens-jonathan-gradit-photo-sipa-1700838712.jpg\" \/>\n\t<meta property=\"og:image:width\" content=\"1600\" \/>\n\t<meta property=\"og:image:height\" content=\"1067\" \/>\n\t<meta property=\"og:image:type\" content=\"image\/jpeg\" \/>\n<meta name=\"author\" content=\"Damien Dellerba\" \/>\n<meta name=\"twitter:card\" content=\"summary_large_image\" \/>\n<meta name=\"twitter:image\" content=\"https:\/\/www.ladiagonale.net\/wp-content\/uploads\/2024\/01\/le-defenseur-du-rc-lens-jonathan-gradit-photo-sipa-1700838712.jpg\" \/>\n<meta name=\"twitter:label1\" content=\"\u00c9crit par\" \/>\n\t<meta name=\"twitter:data1\" content=\"Damien Dellerba\" \/>\n\t<meta name=\"twitter:label2\" content=\"Dur\u00e9e de lecture estim\u00e9e\" \/>\n\t<meta name=\"twitter:data2\" content=\"1 minute\" \/>\n<script type=\"application\/ld+json\" class=\"yoast-schema-graph\">{\"@context\":\"https:\/\/schema.org\",\"@graph\":[{\"@type\":\"WebPage\",\"@id\":\"https:\/\/www.ladiagonale.net\/index.php\/2024\/01\/06\/le-groupe-lensois-sans-de-nombreux-joueurs\/\",\"url\":\"https:\/\/www.ladiagonale.net\/index.php\/2024\/01\/06\/le-groupe-lensois-sans-de-nombreux-joueurs\/\",\"name\":\"Le groupe lensois : de nombreuses absences chez les Sang et Or - La Diagonale\",\"isPartOf\":{\"@id\":\"https:\/\/www.ladiagonale.net\/#website\"},\"datePublished\":\"2024-01-06T16:59:22+00:00\",\"dateModified\":\"2024-01-06T16:59:43+00:00\",\"author\":{\"@id\":\"https:\/\/www.ladiagonale.net\/#\/schema\/person\/79ff1e7b0853ed01b2aa26e64ad300bf\"},\"breadcrumb\":{\"@id\":\"https:\/\/www.ladiagonale.net\/index.php\/2024\/01\/06\/le-groupe-lensois-sans-de-nombreux-joueurs\/#breadcrumb\"},\"inLanguage\":\"fr-FR\",\"potentialAction\":[{\"@type\":\"ReadAction\",\"target\":[\"https:\/\/www.ladiagonale.net\/index.php\/2024\/01\/06\/le-groupe-lensois-sans-de-nombreux-joueurs\/\"]}]},{\"@type\":\"BreadcrumbList\",\"@id\":\"https:\/\/www.ladiagonale.net\/index.php\/2024\/01\/06\/le-groupe-lensois-sans-de-nombreux-joueurs\/#breadcrumb\",\"itemListElement\":[{\"@type\":\"ListItem\",\"position\":1,\"name\":\"Accueil\",\"item\":\"https:\/\/www.ladiagonale.net\/\"},{\"@type\":\"ListItem\",\"position\":2,\"name\":\"Le groupe lensois : de nombreuses absences chez les Sang et Or\"}]},{\"@type\":\"WebSite\",\"@id\":\"https:\/\/www.ladiagonale.net\/#website\",\"url\":\"https:\/\/www.ladiagonale.net\/\",\"name\":\"La Diagonale\",\"description\":\"Le site des supporters de l&#039;AS Monaco FC\",\"potentialAction\":[{\"@type\":\"SearchAction\",\"target\":{\"@type\":\"EntryPoint\",\"urlTemplate\":\"https:\/\/www.ladiagonale.net\/?s={search_term_string}\"},\"query-input\":\"required name=search_term_string\"}],\"inLanguage\":\"fr-FR\"},{\"@type\":\"Person\",\"@id\":\"https:\/\/www.ladiagonale.net\/#\/schema\/person\/79ff1e7b0853ed01b2aa26e64ad300bf\",\"name\":\"Damien Dellerba\",\"image\":{\"@type\":\"ImageObject\",\"inLanguage\":\"fr-FR\",\"@id\":\"https:\/\/www.ladiagonale.net\/#\/schema\/person\/image\/\",\"url\":\"https:\/\/secure.gravatar.com\/avatar\/c7850e06d3ff63cdbaee88b7fc16e2f0?s=96&d=mm&r=g\",\"contentUrl\":\"https:\/\/secure.gravatar.com\/avatar\/c7850e06d3ff63cdbaee88b7fc16e2f0?s=96&d=mm&r=g\",\"caption\":\"Damien Dellerba\"},\"url\":\"https:\/\/www.ladiagonale.net\/index.php\/author\/damien\/\"}]}<\/script>\n<!-- \/ Yoast SEO plugin. -->","yoast_head_json":{"title":"Le groupe lensois : de nombreuses absences chez les Sang et Or - La Diagonale","robots":{"index":"index","follow":"follow","max-snippet":"max-snippet:-1","max-image-preview":"max-image-preview:large","max-video-preview":"max-video-preview:-1"},"canonical":"https:\/\/www.ladiagonale.net\/index.php\/2024\/01\/06\/le-groupe-lensois-sans-de-nombreux-joueurs\/","og_locale":"fr_FR","og_type":"article","og_title":"Le groupe lensois : de nombreuses absences chez les Sang et Or - La Diagonale","og_description":"Si le groupe mon\u00e9gasque sera fortement impact\u00e9 par les absences pour le mois qui vient, ce sera \u00e9galement le cas du RC Lens, qui compte pas moins de cinq joueurs en s\u00e9lection, que ce soit pour la CAN, la Coupe d&rsquo;Asie ou le tournoi pr\u00e9-olympique U23. Parmi les joueurs qui ont un v\u00e9ritable impact dans [...]","og_url":"https:\/\/www.ladiagonale.net\/index.php\/2024\/01\/06\/le-groupe-lensois-sans-de-nombreux-joueurs\/","og_site_name":"La Diagonale","article_published_time":"2024-01-06T16:59:22+00:00","article_modified_time":"2024-01-06T16:59:43+00:00","og_image":[{"width":1600,"height":1067,"url":"https:\/\/www.ladiagonale.net\/wp-content\/uploads\/2024\/01\/le-defenseur-du-rc-lens-jonathan-gradit-photo-sipa-1700838712.jpg","type":"image\/jpeg"}],"author":"Damien Dellerba","twitter_card":"summary_large_image","twitter_image":"https:\/\/www.ladiagonale.net\/wp-content\/uploads\/2024\/01\/le-defenseur-du-rc-lens-jonathan-gradit-photo-sipa-1700838712.jpg","twitter_misc":{"\u00c9crit par":"Damien Dellerba","Dur\u00e9e de lecture estim\u00e9e":"1 minute"},"schema":{"@context":"https:\/\/schema.org","@graph":[{"@type":"WebPage","@id":"https:\/\/www.ladiagonale.net\/index.php\/2024\/01\/06\/le-groupe-lensois-sans-de-nombreux-joueurs\/","url":"https:\/\/www.ladiagonale.net\/index.php\/2024\/01\/06\/le-groupe-lensois-sans-de-nombreux-joueurs\/","name":"Le groupe lensois : de nombreuses absences chez les Sang et Or - La Diagonale","isPartOf":{"@id":"https:\/\/www.ladiagonale.net\/#website"},"datePublished":"2024-01-06T16:59:22+00:00","dateModified":"2024-01-06T16:59:43+00:00","author":{"@id":"https:\/\/www.ladiagonale.net\/#\/schema\/person\/79ff1e7b0853ed01b2aa26e64ad300bf"},"breadcrumb":{"@id":"https:\/\/www.ladiagonale.net\/index.php\/2024\/01\/06\/le-groupe-lensois-sans-de-nombreux-joueurs\/#breadcrumb"},"inLanguage":"fr-FR","potentialAction":[{"@type":"ReadAction","target":["https:\/\/www.ladiagonale.net\/index.php\/2024\/01\/06\/le-groupe-lensois-sans-de-nombreux-joueurs\/"]}]},{"@type":"BreadcrumbList","@id":"https:\/\/www.ladiagonale.net\/index.php\/2024\/01\/06\/le-groupe-lensois-sans-de-nombreux-joueurs\/#breadcrumb","itemListElement":[{"@type":"ListItem","position":1,"name":"Accueil","item":"https:\/\/www.ladiagonale.net\/"},{"@type":"ListItem","position":2,"name":"Le groupe lensois : de nombreuses absences chez les Sang et Or"}]},{"@type":"WebSite","@id":"https:\/\/www.ladiagonale.net\/#website","url":"https:\/\/www.ladiagonale.net\/","name":"La Diagonale","description":"Le site des supporters de l&#039;AS Monaco FC","potentialAction":[{"@type":"SearchAction","target":{"@type":"EntryPoint","urlTemplate":"https:\/\/www.ladiagonale.net\/?s={search_term_string}"},"query-input":"required name=search_term_string"}],"inLanguage":"fr-FR"},{"@type":"Person","@id":"https:\/\/www.ladiagonale.net\/#\/schema\/person\/79ff1e7b0853ed01b2aa26e64ad300bf","name":"Damien Dellerba","image":{"@type":"ImageObject","inLanguage":"fr-FR","@id":"https:\/\/www.ladiagonale.net\/#\/schema\/person\/image\/","url":"https:\/\/secure.gravatar.com\/avatar\/c7850e06d3ff63cdbaee88b7fc16e2f0?s=96&d=mm&r=g","contentUrl":"https:\/\/secure.gravatar.com\/avatar\/c7850e06d3ff63cdbaee88b7fc16e2f0?s=96&d=mm&r=g","caption":"Damien Dellerba"},"url":"https:\/\/www.ladiagonale.net\/index.php\/author\/damien\/"}]}},"_links":{"self":[{"href":"https:\/\/www.ladiagonale.net\/index.php\/wp-json\/wp\/v2\/posts\/19464"}],"collection":[{"href":"https:\/\/www.ladiagonale.net\/index.php\/wp-json\/wp\/v2\/posts"}],"about":[{"href":"https:\/\/www.ladiagonale.net\/index.php\/wp-json\/wp\/v2\/types\/post"}],"author":[{"embeddable":true,"href":"https:\/\/www.ladiagonale.net\/index.php\/wp-json\/wp\/v2\/users\/2"}],"replies":[{"embeddable":true,"href":"https:\/\/www.ladiagonale.net\/index.php\/wp-json\/wp\/v2\/comments?post=19464"}],"version-history":[{"count":2,"href":"https:\/\/www.ladiagonale.net\/index.php\/wp-json\/wp\/v2\/posts\/19464\/revisions"}],"predecessor-version":[{"id":19468,"href":"https:\/\/www.ladiagonale.net\/index.php\/wp-json\/wp\/v2\/posts\/19464\/revisions\/19468"}],"wp:attachment":[{"href":"https:\/\/www.ladiagonale.net\/index.php\/wp-json\/wp\/v2\/media?parent=19464"}],"wp:term":[{"taxonomy":"category","embeddable":true,"href":"https:\/\/www.ladiagonale.net\/index.php\/wp-json\/wp\/v2\/categories?post=19464"},{"taxonomy":"post_tag","embeddable":true,"href":"https:\/\/www.ladiagonale.net\/index.php\/wp-json\/wp\/v2\/tags?post=19464"}],"curies":[{"name":"wp","href":"https:\/\/api.w.org\/{rel}","templated":true}]}}