{"id":19486,"date":"2024-01-06T18:48:10","date_gmt":"2024-01-06T17:48:10","guid":{"rendered":"https:\/\/www.ladiagonale.net\/?p=19486"},"modified":"2024-01-06T18:49:10","modified_gmt":"2024-01-06T17:49:10","slug":"un-nul-encourageant-pour-le-groupe-elite-contre-bastia","status":"publish","type":"post","link":"https:\/\/www.ladiagonale.net\/index.php\/2024\/01\/06\/un-nul-encourageant-pour-le-groupe-elite-contre-bastia\/","title":{"rendered":"Un nul encourageant pour le Groupe \u00c9lite contre Bastia"},"content":{"rendered":"\n<p>Le Groupe \u00c9lite de l\u2019AS Monaco faisait sa rentr\u00e9e 2024 ce samedi avec une rencontre face au SC Bastia d\u2019Yllan Okou, pensionnaire de Ligue 2. Les joueurs de Damien Perrinelle ont bien r\u00e9sist\u00e9 \u00e0 leur adversaire, qui \u00e9volue chez les professionnels, en accrochant un match nul (1-1). Par l\u2019interm\u00e9diaire d\u2019Alfarela, auteur de quatre buts en deuxi\u00e8me division cette saison, les Corses ont pris l\u2019avantage tr\u00e8s t\u00f4t dans la rencontre (0-1, 10<sup>e<\/sup>), mais les Mon\u00e9gasques ont vite r\u00e9pondu avec une r\u00e9alisation \u00e0 bout portant de Baglieri (1-1, 21<sup>e<\/sup>).<\/p>\n\n\n\n<div class=\"wp-container-1 wp-block-buttons\">\n<div class=\"wp-block-button is-style-outline\"><a class=\"wp-block-button__link has-very-light-gray-to-cyan-bluish-gray-gradient-background has-background\" href=\"https:\/\/www.ladiagonale.net\/index.php\/event\/monaco-ii-bastia\/\">Voir la feuille de match<\/a><\/div>\n<\/div>\n\n\n\n<p>Romaric Etonde, qui revient r\u00e9guli\u00e8rement de son pr\u00eat au Cercle Bruges pour jouer avec le Groupe \u00c9lite, s\u2019est procur\u00e9 deux occasions lors du premier acte mais n\u2019a pas su se montrer efficace, de m\u00eame que Bamba et Baglieri voient leur tentative fuir le cadre. Au retour des vestiaires, Yann Lienard a r\u00e9alis\u00e9 quelques arr\u00eats pour pr\u00e9server le score. Apr\u00e8s ce nul encourageant, les Mon\u00e9gasques retrouveront la r\u00e9serve du Cercle Bruges qu\u2019ils avaient d\u00e9j\u00e0 affront\u00e9e\u00a0plus t\u00f4t dans la saison <em>(2-2, le 18 septembre)<\/em>.<\/p>\n\n\n","protected":false},"excerpt":{"rendered":"<p>Le Groupe \u00c9lite de l\u2019AS Monaco faisait sa rentr\u00e9e 2024 ce samedi avec une rencontre face au SC Bastia d\u2019Yllan Okou, pensionnaire de Ligue 2. Les joueurs de Damien Perrinelle ont bien r\u00e9sist\u00e9 \u00e0 leur adversaire, qui \u00e9volue chez les professionnels, en accrochant un match nul (1-1). Par l\u2019interm\u00e9diaire d\u2019Alfarela, auteur de quatre buts en [&#8230;]\n","protected":false},"author":2,"featured_media":0,"comment_status":"open","ping_status":"open","sticky":false,"template":"","format":"standard","meta":[],"categories":[6],"tags":[76,86,228],"yoast_head":"<!-- This site is optimized with the Yoast SEO plugin v19.8 - https:\/\/yoast.com\/wordpress\/plugins\/seo\/ -->\n<title>Un nul encourageant pour le Groupe \u00c9lite contre Bastia - La Diagonale<\/title>\n<meta name=\"robots\" content=\"index, follow, max-snippet:-1, max-image-preview:large, max-video-preview:-1\" \/>\n<link rel=\"canonical\" href=\"https:\/\/www.ladiagonale.net\/index.php\/2024\/01\/06\/un-nul-encourageant-pour-le-groupe-elite-contre-bastia\/\" \/>\n<meta property=\"og:locale\" content=\"fr_FR\" \/>\n<meta property=\"og:type\" content=\"article\" \/>\n<meta property=\"og:title\" content=\"Un nul encourageant pour le Groupe \u00c9lite contre Bastia - La Diagonale\" \/>\n<meta property=\"og:description\" content=\"Le Groupe \u00c9lite de l\u2019AS Monaco faisait sa rentr\u00e9e 2024 ce samedi avec une rencontre face au SC Bastia d\u2019Yllan Okou, pensionnaire de Ligue 2. Les joueurs de Damien Perrinelle ont bien r\u00e9sist\u00e9 \u00e0 leur adversaire, qui \u00e9volue chez les professionnels, en accrochant un match nul (1-1). Par l\u2019interm\u00e9diaire d\u2019Alfarela, auteur de quatre buts en [...]\" \/>\n<meta property=\"og:url\" content=\"https:\/\/www.ladiagonale.net\/index.php\/2024\/01\/06\/un-nul-encourageant-pour-le-groupe-elite-contre-bastia\/\" \/>\n<meta property=\"og:site_name\" content=\"La Diagonale\" \/>\n<meta property=\"article:published_time\" content=\"2024-01-06T17:48:10+00:00\" \/>\n<meta property=\"article:modified_time\" content=\"2024-01-06T17:49:10+00:00\" \/>\n<meta property=\"og:image\" content=\"https:\/\/www.ladiagonale.net\/wp-content\/uploads\/2023\/07\/baglieri2.png\" \/>\n\t<meta property=\"og:image:width\" content=\"1160\" \/>\n\t<meta property=\"og:image:height\" content=\"650\" \/>\n\t<meta property=\"og:image:type\" content=\"image\/png\" \/>\n<meta name=\"author\" content=\"Damien Dellerba\" \/>\n<meta name=\"twitter:card\" content=\"summary_large_image\" \/>\n<meta name=\"twitter:image\" content=\"https:\/\/www.ladiagonale.net\/wp-content\/uploads\/2023\/07\/baglieri2.png\" \/>\n<meta name=\"twitter:label1\" content=\"\u00c9crit par\" \/>\n\t<meta name=\"twitter:data1\" content=\"Damien Dellerba\" \/>\n\t<meta name=\"twitter:label2\" content=\"Dur\u00e9e de lecture estim\u00e9e\" \/>\n\t<meta name=\"twitter:data2\" content=\"1 minute\" \/>\n<script type=\"application\/ld+json\" class=\"yoast-schema-graph\">{\"@context\":\"https:\/\/schema.org\",\"@graph\":[{\"@type\":\"WebPage\",\"@id\":\"https:\/\/www.ladiagonale.net\/index.php\/2024\/01\/06\/un-nul-encourageant-pour-le-groupe-elite-contre-bastia\/\",\"url\":\"https:\/\/www.ladiagonale.net\/index.php\/2024\/01\/06\/un-nul-encourageant-pour-le-groupe-elite-contre-bastia\/\",\"name\":\"Un nul encourageant pour le Groupe \u00c9lite contre Bastia - La Diagonale\",\"isPartOf\":{\"@id\":\"https:\/\/www.ladiagonale.net\/#website\"},\"datePublished\":\"2024-01-06T17:48:10+00:00\",\"dateModified\":\"2024-01-06T17:49:10+00:00\",\"author\":{\"@id\":\"https:\/\/www.ladiagonale.net\/#\/schema\/person\/79ff1e7b0853ed01b2aa26e64ad300bf\"},\"breadcrumb\":{\"@id\":\"https:\/\/www.ladiagonale.net\/index.php\/2024\/01\/06\/un-nul-encourageant-pour-le-groupe-elite-contre-bastia\/#breadcrumb\"},\"inLanguage\":\"fr-FR\",\"potentialAction\":[{\"@type\":\"ReadAction\",\"target\":[\"https:\/\/www.ladiagonale.net\/index.php\/2024\/01\/06\/un-nul-encourageant-pour-le-groupe-elite-contre-bastia\/\"]}]},{\"@type\":\"BreadcrumbList\",\"@id\":\"https:\/\/www.ladiagonale.net\/index.php\/2024\/01\/06\/un-nul-encourageant-pour-le-groupe-elite-contre-bastia\/#breadcrumb\",\"itemListElement\":[{\"@type\":\"ListItem\",\"position\":1,\"name\":\"Accueil\",\"item\":\"https:\/\/www.ladiagonale.net\/\"},{\"@type\":\"ListItem\",\"position\":2,\"name\":\"Un nul encourageant pour le Groupe \u00c9lite contre Bastia\"}]},{\"@type\":\"WebSite\",\"@id\":\"https:\/\/www.ladiagonale.net\/#website\",\"url\":\"https:\/\/www.ladiagonale.net\/\",\"name\":\"La Diagonale\",\"description\":\"Le site des supporters de l&#039;AS Monaco FC\",\"potentialAction\":[{\"@type\":\"SearchAction\",\"target\":{\"@type\":\"EntryPoint\",\"urlTemplate\":\"https:\/\/www.ladiagonale.net\/?s={search_term_string}\"},\"query-input\":\"required name=search_term_string\"}],\"inLanguage\":\"fr-FR\"},{\"@type\":\"Person\",\"@id\":\"https:\/\/www.ladiagonale.net\/#\/schema\/person\/79ff1e7b0853ed01b2aa26e64ad300bf\",\"name\":\"Damien Dellerba\",\"image\":{\"@type\":\"ImageObject\",\"inLanguage\":\"fr-FR\",\"@id\":\"https:\/\/www.ladiagonale.net\/#\/schema\/person\/image\/\",\"url\":\"https:\/\/secure.gravatar.com\/avatar\/c7850e06d3ff63cdbaee88b7fc16e2f0?s=96&d=mm&r=g\",\"contentUrl\":\"https:\/\/secure.gravatar.com\/avatar\/c7850e06d3ff63cdbaee88b7fc16e2f0?s=96&d=mm&r=g\",\"caption\":\"Damien Dellerba\"},\"url\":\"https:\/\/www.ladiagonale.net\/index.php\/author\/damien\/\"}]}<\/script>\n<!-- \/ Yoast SEO plugin. -->","yoast_head_json":{"title":"Un nul encourageant pour le Groupe \u00c9lite contre Bastia - La Diagonale","robots":{"index":"index","follow":"follow","max-snippet":"max-snippet:-1","max-image-preview":"max-image-preview:large","max-video-preview":"max-video-preview:-1"},"canonical":"https:\/\/www.ladiagonale.net\/index.php\/2024\/01\/06\/un-nul-encourageant-pour-le-groupe-elite-contre-bastia\/","og_locale":"fr_FR","og_type":"article","og_title":"Un nul encourageant pour le Groupe \u00c9lite contre Bastia - La Diagonale","og_description":"Le Groupe \u00c9lite de l\u2019AS Monaco faisait sa rentr\u00e9e 2024 ce samedi avec une rencontre face au SC Bastia d\u2019Yllan Okou, pensionnaire de Ligue 2. Les joueurs de Damien Perrinelle ont bien r\u00e9sist\u00e9 \u00e0 leur adversaire, qui \u00e9volue chez les professionnels, en accrochant un match nul (1-1). Par l\u2019interm\u00e9diaire d\u2019Alfarela, auteur de quatre buts en [...]","og_url":"https:\/\/www.ladiagonale.net\/index.php\/2024\/01\/06\/un-nul-encourageant-pour-le-groupe-elite-contre-bastia\/","og_site_name":"La Diagonale","article_published_time":"2024-01-06T17:48:10+00:00","article_modified_time":"2024-01-06T17:49:10+00:00","og_image":[{"width":1160,"height":650,"url":"https:\/\/www.ladiagonale.net\/wp-content\/uploads\/2023\/07\/baglieri2.png","type":"image\/png"}],"author":"Damien Dellerba","twitter_card":"summary_large_image","twitter_image":"https:\/\/www.ladiagonale.net\/wp-content\/uploads\/2023\/07\/baglieri2.png","twitter_misc":{"\u00c9crit par":"Damien Dellerba","Dur\u00e9e de lecture estim\u00e9e":"1 minute"},"schema":{"@context":"https:\/\/schema.org","@graph":[{"@type":"WebPage","@id":"https:\/\/www.ladiagonale.net\/index.php\/2024\/01\/06\/un-nul-encourageant-pour-le-groupe-elite-contre-bastia\/","url":"https:\/\/www.ladiagonale.net\/index.php\/2024\/01\/06\/un-nul-encourageant-pour-le-groupe-elite-contre-bastia\/","name":"Un nul encourageant pour le Groupe \u00c9lite contre Bastia - La Diagonale","isPartOf":{"@id":"https:\/\/www.ladiagonale.net\/#website"},"datePublished":"2024-01-06T17:48:10+00:00","dateModified":"2024-01-06T17:49:10+00:00","author":{"@id":"https:\/\/www.ladiagonale.net\/#\/schema\/person\/79ff1e7b0853ed01b2aa26e64ad300bf"},"breadcrumb":{"@id":"https:\/\/www.ladiagonale.net\/index.php\/2024\/01\/06\/un-nul-encourageant-pour-le-groupe-elite-contre-bastia\/#breadcrumb"},"inLanguage":"fr-FR","potentialAction":[{"@type":"ReadAction","target":["https:\/\/www.ladiagonale.net\/index.php\/2024\/01\/06\/un-nul-encourageant-pour-le-groupe-elite-contre-bastia\/"]}]},{"@type":"BreadcrumbList","@id":"https:\/\/www.ladiagonale.net\/index.php\/2024\/01\/06\/un-nul-encourageant-pour-le-groupe-elite-contre-bastia\/#breadcrumb","itemListElement":[{"@type":"ListItem","position":1,"name":"Accueil","item":"https:\/\/www.ladiagonale.net\/"},{"@type":"ListItem","position":2,"name":"Un nul encourageant pour le Groupe \u00c9lite contre Bastia"}]},{"@type":"WebSite","@id":"https:\/\/www.ladiagonale.net\/#website","url":"https:\/\/www.ladiagonale.net\/","name":"La Diagonale","description":"Le site des supporters de l&#039;AS Monaco FC","potentialAction":[{"@type":"SearchAction","target":{"@type":"EntryPoint","urlTemplate":"https:\/\/www.ladiagonale.net\/?s={search_term_string}"},"query-input":"required name=search_term_string"}],"inLanguage":"fr-FR"},{"@type":"Person","@id":"https:\/\/www.ladiagonale.net\/#\/schema\/person\/79ff1e7b0853ed01b2aa26e64ad300bf","name":"Damien Dellerba","image":{"@type":"ImageObject","inLanguage":"fr-FR","@id":"https:\/\/www.ladiagonale.net\/#\/schema\/person\/image\/","url":"https:\/\/secure.gravatar.com\/avatar\/c7850e06d3ff63cdbaee88b7fc16e2f0?s=96&d=mm&r=g","contentUrl":"https:\/\/secure.gravatar.com\/avatar\/c7850e06d3ff63cdbaee88b7fc16e2f0?s=96&d=mm&r=g","caption":"Damien Dellerba"},"url":"https:\/\/www.ladiagonale.net\/index.php\/author\/damien\/"}]}},"_links":{"self":[{"href":"https:\/\/www.ladiagonale.net\/index.php\/wp-json\/wp\/v2\/posts\/19486"}],"collection":[{"href":"https:\/\/www.ladiagonale.net\/index.php\/wp-json\/wp\/v2\/posts"}],"about":[{"href":"https:\/\/www.ladiagonale.net\/index.php\/wp-json\/wp\/v2\/types\/post"}],"author":[{"embeddable":true,"href":"https:\/\/www.ladiagonale.net\/index.php\/wp-json\/wp\/v2\/users\/2"}],"replies":[{"embeddable":true,"href":"https:\/\/www.ladiagonale.net\/index.php\/wp-json\/wp\/v2\/comments?post=19486"}],"version-history":[{"count":2,"href":"https:\/\/www.ladiagonale.net\/index.php\/wp-json\/wp\/v2\/posts\/19486\/revisions"}],"predecessor-version":[{"id":19489,"href":"https:\/\/www.ladiagonale.net\/index.php\/wp-json\/wp\/v2\/posts\/19486\/revisions\/19489"}],"wp:attachment":[{"href":"https:\/\/www.ladiagonale.net\/index.php\/wp-json\/wp\/v2\/media?parent=19486"}],"wp:term":[{"taxonomy":"category","embeddable":true,"href":"https:\/\/www.ladiagonale.net\/index.php\/wp-json\/wp\/v2\/categories?post=19486"},{"taxonomy":"post_tag","embeddable":true,"href":"https:\/\/www.ladiagonale.net\/index.php\/wp-json\/wp\/v2\/tags?post=19486"}],"curies":[{"name":"wp","href":"https:\/\/api.w.org\/{rel}","templated":true}]}}