{"id":19490,"date":"2024-01-06T19:46:17","date_gmt":"2024-01-06T18:46:17","guid":{"rendered":"https:\/\/www.ladiagonale.net\/?p=19490"},"modified":"2024-01-06T19:46:20","modified_gmt":"2024-01-06T18:46:20","slug":"lens-a-bien-redresse-la-barre","status":"publish","type":"post","link":"https:\/\/www.ladiagonale.net\/index.php\/2024\/01\/06\/lens-a-bien-redresse-la-barre\/","title":{"rendered":"Lens a bien redress\u00e9 la barre"},"content":{"rendered":"\n<p>En ao\u00fbt dernier, l\u2019AS Monaco avait <a href=\"https:\/\/www.ladiagonale.net\/index.php\/2023\/09\/02\/monaco-surclasse-lens-3-0\/\" target=\"_blank\" rel=\"noreferrer noopener\">administr\u00e9 une v\u00e9ritable le\u00e7on<\/a> (3-0) au RC Lens en visite au stade Louis-II. Mais il semble peu probable de voir un tel sc\u00e9nario se reproduire ce dimanche, \u00e0 l\u2019occasion du 32e de finale de la Coupe de France qui opposera les deux \u00e9quipes. D\u2019abord parce que Monaco n\u2019affiche plus la m\u00eame verve qu\u2019\u00e0 l\u2019\u00e9t\u00e9 et surtout parce que les Lensois ne sont plus aussi moribonds qu\u2019ils ne l\u2019\u00e9taient. Les joueurs de Franck Haise, m\u00e9connaissables en d\u00e9but de saison par rapport \u00e0 leur exercice pr\u00e9c\u00e9dent, se sont bien repris, \u00e0 la faveur notamment d\u2019une belle campagne en phase de groupes de la Ligue des champions.<\/p>\n\n\n\n<p>Dans une groupe \u00e0 la fois ouvert et complexe, avec Arsenal, S\u00e9ville et le PSV Eindhoven, les Nordistes sont parvenus \u00e0 se qualifier pour les barrages de Ligue Europe en terminant \u00e0 la troisi\u00e8me place, en s&rsquo;offrant au passage le scalp d&rsquo;Arsenal \u00e0 la maison <em>(2-1, le 3 octobre)<\/em>. De quoi donner du baume au coeur des Art\u00e9siens, qui ont dans le m\u00eame temps r\u00e9alis\u00e9 une grosse s\u00e9rie d&rsquo;invincibilit\u00e9 en Ligue 1. Apr\u00e8s une quatri\u00e8me d\u00e9faite lors de la cinqui\u00e8me journ\u00e9e de championnat, Lens n&rsquo;a perdu que lors de la 17e journ\u00e9e face \u00e0 Nice, juste avant le tr\u00eave. Pas toujours s\u00e9duisants ni inspir\u00e9s, ils ont toute de m\u00eame effectu\u00e9 un retour aux fondamentaux d\u00e9fensifs salutaire.<\/p>\n\n\n\n<p>Mais celui-ci risque quand m\u00eame d&rsquo;\u00eatre mis \u00e0 mal en ce d\u00e9but d&rsquo;ann\u00e9e civile. Les pertes au milieu de terrain ou en d\u00e9fense seront nombreuses, que ce soit \u00e0 cause de blessures ou d&rsquo;absences pour les comp\u00e9titions internationales : pas moins de quatre titulaires ne seront pas la \u00e0 Bollaert dimanche apr\u00e8s-midi pour affronter l&rsquo;ASM, ce qui aura au moins le m\u00e9rite de r\u00e9\u00e9quilibrer les d\u00e9bats face \u00e0 une formation as\u00e9miste elle aussi amput\u00e9e de nombreux \u00e9l\u00e9ments essentiels.<\/p>\n\n\n\n<h3 class=\"has-vivid-red-background-color has-text-color has-background\" style=\"color:#ffdc3f\">Le joueur \u00e0 surveiller<\/h3>\n\n\n\n<div class=\"wp-block-media-text alignwide is-stacked-on-mobile\" style=\"grid-template-columns:35% auto\"><figure class=\"wp-block-media-text__media\"><img loading=\"lazy\" width=\"700\" height=\"700\" src=\"https:\/\/www.ladiagonale.net\/wp-content\/uploads\/2024\/01\/36344.jpg\" alt=\"\" class=\"wp-image-19491 size-full\" srcset=\"https:\/\/www.ladiagonale.net\/wp-content\/uploads\/2024\/01\/36344.jpg 700w, https:\/\/www.ladiagonale.net\/wp-content\/uploads\/2024\/01\/36344-300x300.jpg 300w, https:\/\/www.ladiagonale.net\/wp-content\/uploads\/2024\/01\/36344-150x150.jpg 150w, https:\/\/www.ladiagonale.net\/wp-content\/uploads\/2024\/01\/36344-128x128.jpg 128w, https:\/\/www.ladiagonale.net\/wp-content\/uploads\/2024\/01\/36344-32x32.jpg 32w\" sizes=\"(max-width: 700px) 100vw, 700px\" \/><\/figure><div class=\"wp-block-media-text__content\">\n<p style=\"font-size:16px\"><strong>Brice Samba &#8211; Gardien<\/strong><\/p>\n\n\n\n<p style=\"font-size:15px\">L&rsquo;axe d\u00e9fensif lensois sera nettement amoindri en raisons de plusieurs absences <em>(voir plus haut)<\/em>, et la pr\u00e9sence de Samba, dont la pr\u00e9sence dans les buts pour cette rencontre face \u00e0 l&rsquo;ASM a \u00e9t\u00e9 confirm\u00e9e par Franck Haise, va faire beaucoup de bien aux <em>Sang et Or<\/em> pour garder une certaine stabilit\u00e9. L&rsquo;ancien portier caennais a eu tendance \u00e0 souffler le chaud et le froid cette saison mais le bilan reste globalement positif pour lui et il est surtout mont\u00e9 en gamme depuis le mois d&rsquo;octobre, ce qui coincide avec la tr\u00e8s belle s\u00e9rie lensoise.<\/p>\n<\/div><\/div>\n","protected":false},"excerpt":{"rendered":"<p>En ao\u00fbt dernier, l\u2019AS Monaco avait administr\u00e9 une v\u00e9ritable le\u00e7on (3-0) au RC Lens en visite au stade Louis-II. Mais il semble peu probable de voir un tel sc\u00e9nario se reproduire ce dimanche, \u00e0 l\u2019occasion du 32e de finale de la Coupe de France qui opposera les deux \u00e9quipes. D\u2019abord parce que Monaco n\u2019affiche plus [&#8230;]\n","protected":false},"author":2,"featured_media":0,"comment_status":"open","ping_status":"open","sticky":false,"template":"","format":"standard","meta":[],"categories":[6],"tags":[86,232,499],"yoast_head":"<!-- This site is optimized with the Yoast SEO plugin v19.8 - https:\/\/yoast.com\/wordpress\/plugins\/seo\/ -->\n<title>Lens a bien redress\u00e9 la barre - La Diagonale<\/title>\n<meta name=\"robots\" content=\"index, follow, max-snippet:-1, max-image-preview:large, max-video-preview:-1\" \/>\n<link rel=\"canonical\" href=\"https:\/\/www.ladiagonale.net\/index.php\/2024\/01\/06\/lens-a-bien-redresse-la-barre\/\" \/>\n<meta property=\"og:locale\" content=\"fr_FR\" \/>\n<meta property=\"og:type\" content=\"article\" \/>\n<meta property=\"og:title\" content=\"Lens a bien redress\u00e9 la barre - La Diagonale\" \/>\n<meta property=\"og:description\" content=\"En ao\u00fbt dernier, l\u2019AS Monaco avait administr\u00e9 une v\u00e9ritable le\u00e7on (3-0) au RC Lens en visite au stade Louis-II. Mais il semble peu probable de voir un tel sc\u00e9nario se reproduire ce dimanche, \u00e0 l\u2019occasion du 32e de finale de la Coupe de France qui opposera les deux \u00e9quipes. D\u2019abord parce que Monaco n\u2019affiche plus [...]\" \/>\n<meta property=\"og:url\" content=\"https:\/\/www.ladiagonale.net\/index.php\/2024\/01\/06\/lens-a-bien-redresse-la-barre\/\" \/>\n<meta property=\"og:site_name\" content=\"La Diagonale\" \/>\n<meta property=\"article:published_time\" content=\"2024-01-06T18:46:17+00:00\" \/>\n<meta property=\"article:modified_time\" content=\"2024-01-06T18:46:20+00:00\" \/>\n<meta property=\"og:image\" content=\"https:\/\/www.ladiagonale.net\/wp-content\/uploads\/2024\/01\/20230424_stats_lens_monaco_samba.jpg\" \/>\n\t<meta property=\"og:image:width\" content=\"1920\" \/>\n\t<meta property=\"og:image:height\" content=\"1080\" \/>\n\t<meta property=\"og:image:type\" content=\"image\/jpeg\" \/>\n<meta name=\"author\" content=\"Damien Dellerba\" \/>\n<meta name=\"twitter:card\" content=\"summary_large_image\" \/>\n<meta name=\"twitter:image\" content=\"https:\/\/www.ladiagonale.net\/wp-content\/uploads\/2024\/01\/20230424_stats_lens_monaco_samba.jpg\" \/>\n<meta name=\"twitter:label1\" content=\"\u00c9crit par\" \/>\n\t<meta name=\"twitter:data1\" content=\"Damien Dellerba\" \/>\n\t<meta name=\"twitter:label2\" content=\"Dur\u00e9e de lecture estim\u00e9e\" \/>\n\t<meta name=\"twitter:data2\" content=\"3 minutes\" \/>\n<script type=\"application\/ld+json\" class=\"yoast-schema-graph\">{\"@context\":\"https:\/\/schema.org\",\"@graph\":[{\"@type\":\"WebPage\",\"@id\":\"https:\/\/www.ladiagonale.net\/index.php\/2024\/01\/06\/lens-a-bien-redresse-la-barre\/\",\"url\":\"https:\/\/www.ladiagonale.net\/index.php\/2024\/01\/06\/lens-a-bien-redresse-la-barre\/\",\"name\":\"Lens a bien redress\u00e9 la barre - La Diagonale\",\"isPartOf\":{\"@id\":\"https:\/\/www.ladiagonale.net\/#website\"},\"datePublished\":\"2024-01-06T18:46:17+00:00\",\"dateModified\":\"2024-01-06T18:46:20+00:00\",\"author\":{\"@id\":\"https:\/\/www.ladiagonale.net\/#\/schema\/person\/79ff1e7b0853ed01b2aa26e64ad300bf\"},\"breadcrumb\":{\"@id\":\"https:\/\/www.ladiagonale.net\/index.php\/2024\/01\/06\/lens-a-bien-redresse-la-barre\/#breadcrumb\"},\"inLanguage\":\"fr-FR\",\"potentialAction\":[{\"@type\":\"ReadAction\",\"target\":[\"https:\/\/www.ladiagonale.net\/index.php\/2024\/01\/06\/lens-a-bien-redresse-la-barre\/\"]}]},{\"@type\":\"BreadcrumbList\",\"@id\":\"https:\/\/www.ladiagonale.net\/index.php\/2024\/01\/06\/lens-a-bien-redresse-la-barre\/#breadcrumb\",\"itemListElement\":[{\"@type\":\"ListItem\",\"position\":1,\"name\":\"Accueil\",\"item\":\"https:\/\/www.ladiagonale.net\/\"},{\"@type\":\"ListItem\",\"position\":2,\"name\":\"Lens a bien redress\u00e9 la barre\"}]},{\"@type\":\"WebSite\",\"@id\":\"https:\/\/www.ladiagonale.net\/#website\",\"url\":\"https:\/\/www.ladiagonale.net\/\",\"name\":\"La Diagonale\",\"description\":\"Le site des supporters de l&#039;AS Monaco FC\",\"potentialAction\":[{\"@type\":\"SearchAction\",\"target\":{\"@type\":\"EntryPoint\",\"urlTemplate\":\"https:\/\/www.ladiagonale.net\/?s={search_term_string}\"},\"query-input\":\"required name=search_term_string\"}],\"inLanguage\":\"fr-FR\"},{\"@type\":\"Person\",\"@id\":\"https:\/\/www.ladiagonale.net\/#\/schema\/person\/79ff1e7b0853ed01b2aa26e64ad300bf\",\"name\":\"Damien Dellerba\",\"image\":{\"@type\":\"ImageObject\",\"inLanguage\":\"fr-FR\",\"@id\":\"https:\/\/www.ladiagonale.net\/#\/schema\/person\/image\/\",\"url\":\"https:\/\/secure.gravatar.com\/avatar\/c7850e06d3ff63cdbaee88b7fc16e2f0?s=96&d=mm&r=g\",\"contentUrl\":\"https:\/\/secure.gravatar.com\/avatar\/c7850e06d3ff63cdbaee88b7fc16e2f0?s=96&d=mm&r=g\",\"caption\":\"Damien Dellerba\"},\"url\":\"https:\/\/www.ladiagonale.net\/index.php\/author\/damien\/\"}]}<\/script>\n<!-- \/ Yoast SEO plugin. -->","yoast_head_json":{"title":"Lens a bien redress\u00e9 la barre - La Diagonale","robots":{"index":"index","follow":"follow","max-snippet":"max-snippet:-1","max-image-preview":"max-image-preview:large","max-video-preview":"max-video-preview:-1"},"canonical":"https:\/\/www.ladiagonale.net\/index.php\/2024\/01\/06\/lens-a-bien-redresse-la-barre\/","og_locale":"fr_FR","og_type":"article","og_title":"Lens a bien redress\u00e9 la barre - La Diagonale","og_description":"En ao\u00fbt dernier, l\u2019AS Monaco avait administr\u00e9 une v\u00e9ritable le\u00e7on (3-0) au RC Lens en visite au stade Louis-II. Mais il semble peu probable de voir un tel sc\u00e9nario se reproduire ce dimanche, \u00e0 l\u2019occasion du 32e de finale de la Coupe de France qui opposera les deux \u00e9quipes. D\u2019abord parce que Monaco n\u2019affiche plus [...]","og_url":"https:\/\/www.ladiagonale.net\/index.php\/2024\/01\/06\/lens-a-bien-redresse-la-barre\/","og_site_name":"La Diagonale","article_published_time":"2024-01-06T18:46:17+00:00","article_modified_time":"2024-01-06T18:46:20+00:00","og_image":[{"width":1920,"height":1080,"url":"https:\/\/www.ladiagonale.net\/wp-content\/uploads\/2024\/01\/20230424_stats_lens_monaco_samba.jpg","type":"image\/jpeg"}],"author":"Damien Dellerba","twitter_card":"summary_large_image","twitter_image":"https:\/\/www.ladiagonale.net\/wp-content\/uploads\/2024\/01\/20230424_stats_lens_monaco_samba.jpg","twitter_misc":{"\u00c9crit par":"Damien Dellerba","Dur\u00e9e de lecture estim\u00e9e":"3 minutes"},"schema":{"@context":"https:\/\/schema.org","@graph":[{"@type":"WebPage","@id":"https:\/\/www.ladiagonale.net\/index.php\/2024\/01\/06\/lens-a-bien-redresse-la-barre\/","url":"https:\/\/www.ladiagonale.net\/index.php\/2024\/01\/06\/lens-a-bien-redresse-la-barre\/","name":"Lens a bien redress\u00e9 la barre - La Diagonale","isPartOf":{"@id":"https:\/\/www.ladiagonale.net\/#website"},"datePublished":"2024-01-06T18:46:17+00:00","dateModified":"2024-01-06T18:46:20+00:00","author":{"@id":"https:\/\/www.ladiagonale.net\/#\/schema\/person\/79ff1e7b0853ed01b2aa26e64ad300bf"},"breadcrumb":{"@id":"https:\/\/www.ladiagonale.net\/index.php\/2024\/01\/06\/lens-a-bien-redresse-la-barre\/#breadcrumb"},"inLanguage":"fr-FR","potentialAction":[{"@type":"ReadAction","target":["https:\/\/www.ladiagonale.net\/index.php\/2024\/01\/06\/lens-a-bien-redresse-la-barre\/"]}]},{"@type":"BreadcrumbList","@id":"https:\/\/www.ladiagonale.net\/index.php\/2024\/01\/06\/lens-a-bien-redresse-la-barre\/#breadcrumb","itemListElement":[{"@type":"ListItem","position":1,"name":"Accueil","item":"https:\/\/www.ladiagonale.net\/"},{"@type":"ListItem","position":2,"name":"Lens a bien redress\u00e9 la barre"}]},{"@type":"WebSite","@id":"https:\/\/www.ladiagonale.net\/#website","url":"https:\/\/www.ladiagonale.net\/","name":"La Diagonale","description":"Le site des supporters de l&#039;AS Monaco FC","potentialAction":[{"@type":"SearchAction","target":{"@type":"EntryPoint","urlTemplate":"https:\/\/www.ladiagonale.net\/?s={search_term_string}"},"query-input":"required name=search_term_string"}],"inLanguage":"fr-FR"},{"@type":"Person","@id":"https:\/\/www.ladiagonale.net\/#\/schema\/person\/79ff1e7b0853ed01b2aa26e64ad300bf","name":"Damien Dellerba","image":{"@type":"ImageObject","inLanguage":"fr-FR","@id":"https:\/\/www.ladiagonale.net\/#\/schema\/person\/image\/","url":"https:\/\/secure.gravatar.com\/avatar\/c7850e06d3ff63cdbaee88b7fc16e2f0?s=96&d=mm&r=g","contentUrl":"https:\/\/secure.gravatar.com\/avatar\/c7850e06d3ff63cdbaee88b7fc16e2f0?s=96&d=mm&r=g","caption":"Damien Dellerba"},"url":"https:\/\/www.ladiagonale.net\/index.php\/author\/damien\/"}]}},"_links":{"self":[{"href":"https:\/\/www.ladiagonale.net\/index.php\/wp-json\/wp\/v2\/posts\/19490"}],"collection":[{"href":"https:\/\/www.ladiagonale.net\/index.php\/wp-json\/wp\/v2\/posts"}],"about":[{"href":"https:\/\/www.ladiagonale.net\/index.php\/wp-json\/wp\/v2\/types\/post"}],"author":[{"embeddable":true,"href":"https:\/\/www.ladiagonale.net\/index.php\/wp-json\/wp\/v2\/users\/2"}],"replies":[{"embeddable":true,"href":"https:\/\/www.ladiagonale.net\/index.php\/wp-json\/wp\/v2\/comments?post=19490"}],"version-history":[{"count":2,"href":"https:\/\/www.ladiagonale.net\/index.php\/wp-json\/wp\/v2\/posts\/19490\/revisions"}],"predecessor-version":[{"id":19498,"href":"https:\/\/www.ladiagonale.net\/index.php\/wp-json\/wp\/v2\/posts\/19490\/revisions\/19498"}],"wp:attachment":[{"href":"https:\/\/www.ladiagonale.net\/index.php\/wp-json\/wp\/v2\/media?parent=19490"}],"wp:term":[{"taxonomy":"category","embeddable":true,"href":"https:\/\/www.ladiagonale.net\/index.php\/wp-json\/wp\/v2\/categories?post=19490"},{"taxonomy":"post_tag","embeddable":true,"href":"https:\/\/www.ladiagonale.net\/index.php\/wp-json\/wp\/v2\/tags?post=19490"}],"curies":[{"name":"wp","href":"https:\/\/api.w.org\/{rel}","templated":true}]}}